{"id":106121,"date":"2025-08-11T07:18:49","date_gmt":"2025-08-11T11:18:49","guid":{"rendered":"https:\/\/lasprimeras.com.do\/?p=106121"},"modified":"2025-08-11T07:18:51","modified_gmt":"2025-08-11T11:18:51","slug":"deslave-masivo-mata-a-7-voluntarios-que-reparaban-danos-por-inundaciones-en-el-norte-de-pakistan","status":"publish","type":"post","link":"https:\/\/lasprimeras.com.do\/index.php\/2025\/08\/11\/deslave-masivo-mata-a-7-voluntarios-que-reparaban-danos-por-inundaciones-en-el-norte-de-pakistan\/","title":{"rendered":"Deslave masivo mata a 7 voluntarios que reparaban da\u00f1os por inundaciones en el norte de Pakist\u00e1n"},"content":{"rendered":"\n<p>POR ABDUL REHMAN<\/p>\n\n\n\n<p>GILGIT, Pakist\u00e1n (AP) \u2014 Un deslave masivo el lunes provoc\u00f3 la muerte de siete voluntarios mientras reparaban un canal de drenaje da\u00f1ado por inundaciones repentinas en el norte de Pakist\u00e1n, informaron autoridades, y otros tres resultaron heridos.<\/p>\n\n\n\n<p>Los rescatistas recuperaron los cuerpos despu\u00e9s de que el deslizamiento de tierra golpeara la localidad de Danyor en Gilgit-Baltist\u00e1n al amanecer, y transportaron a los heridos a un hospital, expres\u00f3 Faizullah Faraq, un portavoz del gobierno regional.<\/p>\n\n\n\n<p>Esto ocurri\u00f3 un d\u00eda despu\u00e9s de que una inundaci\u00f3n repentina provocada por el desbordamiento de un lago en un glaciar da\u00f1ara la crucial carretera del Karak\u00f3rum, que pasa por Danyor, interrumpiendo el tr\u00e1fico y el comercio entre Pakist\u00e1n y China.<\/p>\n\n\n\n<p>Se envi\u00f3 a ingenieros y trabajadores junto con maquinaria pesada para comenzar las reparaciones, indic\u00f3 Faraq.<\/p>\n\n\n\n<p>Mientras tanto, varios deslaves cerca de la carretera monta\u00f1osa afectada da\u00f1aron casas en Danyor y \u00e1reas cercanas, al tiempo que los socorristas evacuaban a los afectados por las inundaciones a \u00e1reas m\u00e1s seguras, inform\u00f3 Hassan Al\u00ed, un jefe local de polic\u00eda.<\/p>\n\n\n\n<p>Se les est\u00e1n proporcionando alimentos esenciales a los desplazados, agreg\u00f3.<\/p>\n\n\n\n<p>El desbordamiento del lago de origen glaciar el domingo fue enorme, narr\u00f3 Al\u00ed, provocando una crecida en el r\u00edo Hunza e inundaciones repentinas que arrasaron cultivos. Las autoridades a\u00fan eval\u00faan los da\u00f1os, apunt\u00f3.<\/p>\n\n\n\n<p>El jefe de ministros de la regi\u00f3n, Gulbar Khan, emiti\u00f3 un comunicado en el que llam\u00f3 a los siete que murieron \u201ch\u00e9roes que sacrificaron sus vidas por la comunidad\u201d.<\/p>\n\n\n\n<p>Gilgit-Baltist\u00e1n es conocido por sus glaciares esc\u00e9nicos que proporcionan el 75% del suministro de agua almacenada del pa\u00eds, seg\u00fan el sitio web oficial de la regi\u00f3n.<\/p>\n\n\n\n<p>El mes pasado fue afectado por deslizamientos de tierra, y 18 turistas murieron cuando inundaciones repentinas se llevaron sus veh\u00edculos.<\/p>\n\n\n\n<p>Los expertos dicen que las inundaciones por desbordamiento de lagos de origen glaciar ocurren cuando el agua contenida por un glaciar es liberada repentinamente, a menudo porque las barreras de hielo o escombros se desploman.<br>Los cient\u00edficos dicen que el aumento de las temperaturas vinculado al cambio clim\u00e1tico est\u00e1 acelerando el derretimiento de los glaciares en las monta\u00f1as del norte de Pakist\u00e1n, incrementando tanto el tama\u00f1o como el n\u00famero de estos lagos.<\/p>\n\n\n\n<p>Un estudio publicado la semana pasada por World Weather Attribution \u2014una red de cient\u00edficos internacionales\u2014 encontr\u00f3 que las lluvias del 24 de junio al 23 de julio fueron un 10% a 15% m\u00e1s intensas debido al calentamiento global.<\/p>\n\n\n\n<p>Pakist\u00e1n produce menos del 1% de los gases de efecto invernadero del mundo, pero la investigaci\u00f3n muestra que sufre desproporcionadamente de fen\u00f3menos meteorol\u00f3gicos extremos.<\/p>\n\n\n\n<p>En 2022, su peor temporada de monzones de que se tenga registro dej\u00f3 m\u00e1s de 1.700 muertos y caus\u00f3 un da\u00f1o estimado de 40 mil millones de d\u00f3lares.<\/p>\n\n\n\n<p>Las lluvias e inundaciones desde el 26 de junio han provocado m\u00e1s de 300 fallecimientos en todo Pakist\u00e1n.<\/p>\n","protected":false},"excerpt":{"rendered":"<p>POR ABDUL REHMAN GILGIT, Pakist\u00e1n (AP) \u2014 Un deslave masivo el lunes provoc\u00f3 la muerte de siete voluntarios mientras reparaban un canal de drenaje da\u00f1ado por inundaciones repentinas en el&hellip;<\/p>\n","protected":false},"author":10,"featured_media":106122,"comment_status":"open","ping_status":"open","sticky":false,"template":"","format":"standard","meta":{"content-type":"","jetpack_post_was_ever_published":false,"_jetpack_newsletter_access":"","_jetpack_dont_email_post_to_subs":false,"_jetpack_newsletter_tier_id":0,"_jetpack_memberships_contains_paywalled_content":false,"_jetpack_memberships_contains_paid_content":false,"footnotes":""},"categories":[16289],"tags":[23036,1516,908,4512,23035],"class_list":["post-106121","post","type-post","status-publish","format-standard","has-post-thumbnail","hentry","category-internacionales","tag-deslave-masivo-mata-a-7-voluntarios","tag-inundaciones","tag-norte","tag-pakistan","tag-reparaban-danos"],"jetpack_featured_media_url":"https:\/\/lasprimeras.com.do\/wp-content\/uploads\/2025\/08\/pakistan.jpg","jetpack-related-posts":[{"id":56322,"url":"https:\/\/lasprimeras.com.do\/index.php\/2023\/07\/30\/fallecen-50-personas-8-ninos-entre-ellas-por-lluvias-torrenciales-y-deslaves-en-pakistan\/","url_meta":{"origin":106121,"position":0},"title":"Fallecen 50 personas, 8 ni\u00f1os entre ellas, por lluvias torrenciales y deslaves en Pakist\u00e1n","author":"Nelson Feliz","date":"30 de julio de 2023","format":false,"excerpt":"Los 8 menores fueron hallados sepultados por un corrimiento de tierras en la provincia de Jaiber Pastunju\u00e1, al noroeste de Pakist\u00e1n. Al menos 50 personas, entre ellas ocho ni\u00f1os, murieron en inundaciones y deslaves causados por las lluvias monz\u00f3nicas que se abaten sobre Pakist\u00e1n desde hace un mes, informaron el\u2026","rel":"","context":"En \u00abSin categor\u00eda\u00bb","block_context":{"text":"Sin categor\u00eda","link":"https:\/\/lasprimeras.com.do\/index.php\/category\/sin-categoria\/"},"img":{"alt_text":"","src":"https:\/\/i0.wp.com\/lasprimeras.com.do\/wp-content\/uploads\/2023\/07\/64a84e4d1115781e4b395384.png?resize=350%2C200&ssl=1","width":350,"height":200,"srcset":"https:\/\/i0.wp.com\/lasprimeras.com.do\/wp-content\/uploads\/2023\/07\/64a84e4d1115781e4b395384.png?resize=350%2C200&ssl=1 1x, https:\/\/i0.wp.com\/lasprimeras.com.do\/wp-content\/uploads\/2023\/07\/64a84e4d1115781e4b395384.png?resize=525%2C300&ssl=1 1.5x"},"classes":[]},{"id":126656,"url":"https:\/\/lasprimeras.com.do\/index.php\/2026\/04\/04\/autoridades-de-afganistan-reportan-77-muertos-en-10-dias-por-inundaciones-y-deslaves\/","url_meta":{"origin":106121,"position":1},"title":"Autoridades de Afganist\u00e1n reportan 77 muertos en 10 d\u00edas por inundaciones y deslaves","author":"Nelson Feliz","date":"4 de abril de 2026","format":false,"excerpt":"POR ABDUL QAHAR AFGHAN KABUL (AP) \u2014 Las inundaciones generalizadas, los deslizamientos de tierra y los rayos provocados por las fuertes lluvias y tormentas en todo Afganist\u00e1n han dejado 77 muertos y 137 heridos en los \u00faltimos 10 d\u00edas, inform\u00f3 el s\u00e1bado la Autoridad de Gesti\u00f3n de Desastres del pa\u00eds.\u2026","rel":"","context":"En \u00abINTERNACIONALES\u00bb","block_context":{"text":"INTERNACIONALES","link":"https:\/\/lasprimeras.com.do\/index.php\/category\/sin-categoria\/internacionales\/"},"img":{"alt_text":"","src":"https:\/\/i0.wp.com\/lasprimeras.com.do\/wp-content\/uploads\/2026\/04\/muertos.jpg?resize=350%2C200&ssl=1","width":350,"height":200,"srcset":"https:\/\/i0.wp.com\/lasprimeras.com.do\/wp-content\/uploads\/2026\/04\/muertos.jpg?resize=350%2C200&ssl=1 1x, https:\/\/i0.wp.com\/lasprimeras.com.do\/wp-content\/uploads\/2026\/04\/muertos.jpg?resize=525%2C300&ssl=1 1.5x, https:\/\/i0.wp.com\/lasprimeras.com.do\/wp-content\/uploads\/2026\/04\/muertos.jpg?resize=700%2C400&ssl=1 2x"},"classes":[]},{"id":106476,"url":"https:\/\/lasprimeras.com.do\/index.php\/2025\/08\/15\/el-numero-de-muertos-por-las-inundaciones-repentinas-en-el-noroeste-de-pakistan-ha-aumentado-a-157-segun-las-autoridades\/","url_meta":{"origin":106121,"position":2},"title":"El n\u00famero de muertos por las inundaciones repentinas en el noroeste de Pakist\u00e1n ha aumentado a 157, seg\u00fan las autoridades","author":"Nelson Feliz","date":"15 de agosto de 2025","format":false,"excerpt":"Por CHANNI ANAND y RIAZ KHAN PESHAWAR, Pakist\u00e1n (AP) \u2014 Las inundaciones repentinas provocadas por lluvias torrenciales han matado a m\u00e1s de 280 personas y dejado a muchas m\u00e1s desaparecidas en India y Pakist\u00e1n en las \u00faltimas 24 horas, dijeron las autoridades el viernes, mientras los rescatistas pon\u00edan a salvo\u2026","rel":"","context":"En \u00abINTERNACIONALES\u00bb","block_context":{"text":"INTERNACIONALES","link":"https:\/\/lasprimeras.com.do\/index.php\/category\/sin-categoria\/internacionales\/"},"img":{"alt_text":"","src":"https:\/\/i0.wp.com\/lasprimeras.com.do\/wp-content\/uploads\/2025\/08\/derr.jpg?resize=350%2C200&ssl=1","width":350,"height":200,"srcset":"https:\/\/i0.wp.com\/lasprimeras.com.do\/wp-content\/uploads\/2025\/08\/derr.jpg?resize=350%2C200&ssl=1 1x, https:\/\/i0.wp.com\/lasprimeras.com.do\/wp-content\/uploads\/2025\/08\/derr.jpg?resize=525%2C300&ssl=1 1.5x, https:\/\/i0.wp.com\/lasprimeras.com.do\/wp-content\/uploads\/2025\/08\/derr.jpg?resize=700%2C400&ssl=1 2x"},"classes":[]},{"id":102633,"url":"https:\/\/lasprimeras.com.do\/index.php\/2025\/07\/07\/al-menos-72-muertos-en-pakistan-tras-varios-dias-de-lluvias-monzonicas-e-inundaciones-repentinas\/","url_meta":{"origin":106121,"position":3},"title":"Al menos 72 muertos en Pakist\u00e1n tras varios d\u00edas de lluvias monz\u00f3nicas e inundaciones repentinas","author":"Nelson Feliz","date":"7 de julio de 2025","format":false,"excerpt":"ISLAMABAD (AP) \u2014 Diez d\u00edas de intensas lluvias monz\u00f3nicas e inundaciones repentinas en Pakist\u00e1n han dejado al menos 72 muertos y m\u00e1s de 130 heridos, seg\u00fan informaron el lunes la Autoridad Nacional de Gesti\u00f3n de Desastres y funcionarios locales. Las muertes, registradas desde el 26 de junio, se reportaron en\u2026","rel":"","context":"En \u00abINTERNACIONALES\u00bb","block_context":{"text":"INTERNACIONALES","link":"https:\/\/lasprimeras.com.do\/index.php\/category\/sin-categoria\/internacionales\/"},"img":{"alt_text":"","src":"https:\/\/i0.wp.com\/lasprimeras.com.do\/wp-content\/uploads\/2025\/07\/Al-menos-72-muertos-en-Pakistan-tras-varios-dias-de-lluvias-monzonicas.jpg?resize=350%2C200&ssl=1","width":350,"height":200,"srcset":"https:\/\/i0.wp.com\/lasprimeras.com.do\/wp-content\/uploads\/2025\/07\/Al-menos-72-muertos-en-Pakistan-tras-varios-dias-de-lluvias-monzonicas.jpg?resize=350%2C200&ssl=1 1x, https:\/\/i0.wp.com\/lasprimeras.com.do\/wp-content\/uploads\/2025\/07\/Al-menos-72-muertos-en-Pakistan-tras-varios-dias-de-lluvias-monzonicas.jpg?resize=525%2C300&ssl=1 1.5x, https:\/\/i0.wp.com\/lasprimeras.com.do\/wp-content\/uploads\/2025\/07\/Al-menos-72-muertos-en-Pakistan-tras-varios-dias-de-lluvias-monzonicas.jpg?resize=700%2C400&ssl=1 2x, https:\/\/i0.wp.com\/lasprimeras.com.do\/wp-content\/uploads\/2025\/07\/Al-menos-72-muertos-en-Pakistan-tras-varios-dias-de-lluvias-monzonicas.jpg?resize=1050%2C600&ssl=1 3x, https:\/\/i0.wp.com\/lasprimeras.com.do\/wp-content\/uploads\/2025\/07\/Al-menos-72-muertos-en-Pakistan-tras-varios-dias-de-lluvias-monzonicas.jpg?resize=1400%2C800&ssl=1 4x"},"classes":[]},{"id":101831,"url":"https:\/\/lasprimeras.com.do\/index.php\/2025\/06\/27\/inundaciones-repentinas-dejan-al-menos-8-muertos-y-arrastran-a-decenas-en-pakistan\/","url_meta":{"origin":106121,"position":4},"title":"Inundaciones repentinas dejan al menos 8 muertos y arrastran a decenas en Pakist\u00e1n","author":"Nelson Feliz","date":"27 de junio de 2025","format":false,"excerpt":"POR RIAZ KHAN PESHAWAR, Pakist\u00e1n (AP) \u2014 Inundaciones repentinas provocadas por lluvias previas al monz\u00f3n arrastraron el viernes a decenas de turistas y causaron la muerte de al menos ocho personas en el noroeste de Pakist\u00e1n. La cifra total de muertos a nivel nacional por incidentes relacionados con las lluvias\u2026","rel":"","context":"En \u00abINTERNACIONALES\u00bb","block_context":{"text":"INTERNACIONALES","link":"https:\/\/lasprimeras.com.do\/index.php\/category\/sin-categoria\/internacionales\/"},"img":{"alt_text":"","src":"https:\/\/i0.wp.com\/lasprimeras.com.do\/wp-content\/uploads\/2025\/06\/Pakistan.jpg?resize=350%2C200&ssl=1","width":350,"height":200,"srcset":"https:\/\/i0.wp.com\/lasprimeras.com.do\/wp-content\/uploads\/2025\/06\/Pakistan.jpg?resize=350%2C200&ssl=1 1x, https:\/\/i0.wp.com\/lasprimeras.com.do\/wp-content\/uploads\/2025\/06\/Pakistan.jpg?resize=525%2C300&ssl=1 1.5x, https:\/\/i0.wp.com\/lasprimeras.com.do\/wp-content\/uploads\/2025\/06\/Pakistan.jpg?resize=700%2C400&ssl=1 2x"},"classes":[]},{"id":54364,"url":"https:\/\/lasprimeras.com.do\/index.php\/2023\/07\/10\/mas-de-70-muertos-y-133-heridos-desde-el-inicio-de-las-fuertes-lluvias-que-azotan-pakistan\/","url_meta":{"origin":106121,"position":5},"title":"M\u00e1s de 70 muertos y 133 heridos desde el inicio de las fuertes lluvias que azotan Pakist\u00e1n","author":"Nelson Feliz","date":"10 de julio de 2023","format":false,"excerpt":"Al menos 76 personas, incluidos 28 ni\u00f1os, murieron y 133 resultaron heridas por las inundaciones y deslizamientos de tierra provocados por las incesantes lluvias que azotan Islamabad, Pakist\u00e1n desde que comenz\u00f3 la temporada de monz\u00f3n. Nueve personas m\u00e1s murieron y otras ocho resultaron heridas en las \u00faltimas 24 horas en\u2026","rel":"","context":"En \u00abSin categor\u00eda\u00bb","block_context":{"text":"Sin categor\u00eda","link":"https:\/\/lasprimeras.com.do\/index.php\/category\/sin-categoria\/"},"img":{"alt_text":"","src":"https:\/\/i0.wp.com\/lasprimeras.com.do\/wp-content\/uploads\/2023\/07\/lluvias.jpg?resize=350%2C200&ssl=1","width":350,"height":200,"srcset":"https:\/\/i0.wp.com\/lasprimeras.com.do\/wp-content\/uploads\/2023\/07\/lluvias.jpg?resize=350%2C200&ssl=1 1x, https:\/\/i0.wp.com\/lasprimeras.com.do\/wp-content\/uploads\/2023\/07\/lluvias.jpg?resize=525%2C300&ssl=1 1.5x, https:\/\/i0.wp.com\/lasprimeras.com.do\/wp-content\/uploads\/2023\/07\/lluvias.jpg?resize=700%2C400&ssl=1 2x"},"classes":[]}],"jetpack_sharing_enabled":true,"_links":{"self":[{"href":"https:\/\/lasprimeras.com.do\/index.php\/wp-json\/wp\/v2\/posts\/106121","targetHints":{"allow":["GET"]}}],"collection":[{"href":"https:\/\/lasprimeras.com.do\/index.php\/wp-json\/wp\/v2\/posts"}],"about":[{"href":"https:\/\/lasprimeras.com.do\/index.php\/wp-json\/wp\/v2\/types\/post"}],"author":[{"embeddable":true,"href":"https:\/\/lasprimeras.com.do\/index.php\/wp-json\/wp\/v2\/users\/10"}],"replies":[{"embeddable":true,"href":"https:\/\/lasprimeras.com.do\/index.php\/wp-json\/wp\/v2\/comments?post=106121"}],"version-history":[{"count":1,"href":"https:\/\/lasprimeras.com.do\/index.php\/wp-json\/wp\/v2\/posts\/106121\/revisions"}],"predecessor-version":[{"id":106123,"href":"https:\/\/lasprimeras.com.do\/index.php\/wp-json\/wp\/v2\/posts\/106121\/revisions\/106123"}],"wp:featuredmedia":[{"embeddable":true,"href":"https:\/\/lasprimeras.com.do\/index.php\/wp-json\/wp\/v2\/media\/106122"}],"wp:attachment":[{"href":"https:\/\/lasprimeras.com.do\/index.php\/wp-json\/wp\/v2\/media?parent=106121"}],"wp:term":[{"taxonomy":"category","embeddable":true,"href":"https:\/\/lasprimeras.com.do\/index.php\/wp-json\/wp\/v2\/categories?post=106121"},{"taxonomy":"post_tag","embeddable":true,"href":"https:\/\/lasprimeras.com.do\/index.php\/wp-json\/wp\/v2\/tags?post=106121"}],"curies":[{"name":"wp","href":"https:\/\/api.w.org\/{rel}","templated":true}]}}