{"id":106124,"date":"2025-08-11T07:34:13","date_gmt":"2025-08-11T11:34:13","guid":{"rendered":"https:\/\/lasprimeras.com.do\/?p=106124"},"modified":"2025-08-11T07:34:14","modified_gmt":"2025-08-11T11:34:14","slug":"los-migrantes-que-regresan-a-venezuela-enfrentan-deudas-y-duras-condiciones-de-vida","status":"publish","type":"post","link":"https:\/\/lasprimeras.com.do\/index.php\/2025\/08\/11\/los-migrantes-que-regresan-a-venezuela-enfrentan-deudas-y-duras-condiciones-de-vida\/","title":{"rendered":"Los migrantes que regresan a Venezuela enfrentan deudas y duras condiciones de vida"},"content":{"rendered":"\n<p>Por REGINA GARCIA CANO<\/p>\n\n\n\n<p>MARACAIBO, Venezuela (AP) \u2014 Las manos de Yosbelin P\u00e9rez han fabricado decenas de miles de las planchas redondas de aluminio que las familias venezolanas calientan a diario para cocinar arepas.<\/p>\n\n\n\n<p>Se enorgullece de elaborar el venerado &#8220;budare&#8221;, el denominador com\u00fan entre las casas rurales con techo de l\u00e1mina y los apartamentos de la ciudad, pero no posee nada a su nombre a pesar de los a\u00f1os que lleva vendiendo utensilios de cocina.<\/p>\n\n\n\n<p>De hecho, P\u00e9rez debe unos 5.000 d\u00f3lares porque ella y su familia nunca llegaron a Estados Unidos, donde esperaban escapar de la profunda crisis pol\u00edtica, social y econ\u00f3mica de Venezuela.<\/p>\n\n\n\n<p>Ahora, al igual que miles de venezolanos que han regresado a su pa\u00eds este a\u00f1o, ya sea voluntaria o no, est\u00e1n empezando de cero mientras la crisis se agrava.<\/p>\n\n\n\n<p>\u201cCuando decid\u00ed irme en agosto, lo vend\u00ed todo: casa, pertenencias, auto, todo de mi f\u00e1brica: moldes, arena. Me qued\u00e9 sin nada\u201d, dijo P\u00e9rez, de 30 a\u00f1os, en casa de sus suegros en el oeste de Venezuela.<\/p>\n\n\n\n<p>\u201cLlegamos a M\u00e9xico, nos quedamos siete meses, y cuando el presidente (Donald Trump) lleg\u00f3 al poder en enero, dije: &#8216;\u00a1V\u00e1monos!&#8217;\u201d.<\/p>\n\n\n\n<p>La pandemia de COVID-19 empuj\u00f3 a los migrantes a Estados Unidos<\/p>\n\n\n\n<p>M\u00e1s de 7,7 millones de venezolanos han migrado desde 2013, cuando la econom\u00eda de su pa\u00eds, dependiente del petr\u00f3leo, se desmoron\u00f3.<\/p>\n\n\n\n<p>La mayor\u00eda se asent\u00f3 en Am\u00e9rica Latina y el Caribe, pero tras la pandemia de COVID-19, los migrantes vieron en Estados Unidos su mejor oportunidad para mejorar sus condiciones de vida.<\/p>\n\n\n\n<p>Muchos venezolanos ingresaron a Estados Unidos bajo programas que les permitieron obtener permisos de trabajo y los protegieron de la deportaci\u00f3n.<\/p>\n\n\n\n<p>Sin embargo, desde enero, la Casa Blanca ha eliminado las protecciones para los inmigrantes y ha buscado agresivamente su deportaci\u00f3n, mientras el presidente estadounidense Donald Trump cumple su promesa de campa\u00f1a de limitar la inmigraci\u00f3n a Estados Unidos.<\/p>\n\n\n\n<p>El presidente venezolano, Nicol\u00e1s Maduro, se hab\u00eda negado durante mucho tiempo a aceptar de vuelta a los venezolanos deportados, pero cambi\u00f3 de postura a principios de este a\u00f1o bajo presi\u00f3n de la Casa Blanca.<\/p>\n\n\n\n<p>Los inmigrantes ahora llegan regularmente al aeropuerto de las afueras de la capital, Caracas, en vuelos operados por un contratista del gobierno estadounidense o por la aerol\u00ednea estatal venezolana.<\/p>\n\n\n\n<p>El gobierno estadounidense ha defendido sus audaces medidas, incluyendo el env\u00edo de m\u00e1s de 200 venezolanos a una prisi\u00f3n en El Salvador durante cuatro meses, argumentando que muchos de los inmigrantes pertenec\u00edan a la violenta pandilla Tren de Aragua.<\/p>\n\n\n\n<p>El gobierno no present\u00f3 pruebas que respaldaran la acusaci\u00f3n general. Sin embargo, varios inmigrantes deportados recientemente han afirmado que las autoridades estadounidenses juzgaron err\u00f3neamente sus tatuajes y los utilizaron como excusa para deportarlos.<\/p>\n\n\n\n<p>Maduro declar\u00f3 &#8217;emergencia econ\u00f3mica&#8217;<\/p>\n\n\n\n<p>Muchos de quienes regresan a casa, como P\u00e9rez y su familia, se encuentran con condiciones de vida m\u00e1s duras que cuando se fueron, ya que la crisis monetaria, la inflaci\u00f3n de tres d\u00edgitos y los salarios miserables han hecho que la comida y otras necesidades b\u00e1sicas sean inasequibles, por no hablar del veh\u00edculo, la casa y los aparatos electr\u00f3nicos que vendieron antes de emigrar.<\/p>\n\n\n\n<p>El salario m\u00ednimo mensual de 130 bol\u00edvares, o 1,02 d\u00f3lares al lunes, no ha aumentado en Venezuela desde 2022. La gente suele tener dos, tres o m\u00e1s trabajos para reunir el dinero.<\/p>\n\n\n\n<p>Este \u00faltimo cap\u00edtulo de la crisis de 12 a\u00f1os incluso llev\u00f3 a Maduro a declarar una \u201cemergencia econ\u00f3mica\u201d en abril.<\/p>\n\n\n\n<p>David Rodr\u00edguez emigr\u00f3 dos veces a Colombia y Per\u00fa antes de intentar llegar a Estados Unidos.<\/p>\n\n\n\n<p>Sali\u00f3 de Venezuela el a\u00f1o pasado, cruz\u00f3 el peligroso Tap\u00f3n del Dari\u00e9n a pie, atraves\u00f3 Centroam\u00e9rica y camin\u00f3, se subi\u00f3 a un tren y tom\u00f3 autobuses por todo M\u00e9xico.<\/p>\n\n\n\n<p>Se entreg\u00f3 a las autoridades migratorias estadounidenses en diciembre, pero fue detenido durante 15 d\u00edas y deportado a M\u00e9xico.<\/p>\n\n\n\n<p>En quiebra, Rodr\u00edguez, de 33 a\u00f1os, trabaj\u00f3 como conductor de mototaxi en Ciudad de M\u00e9xico hasta que ahorr\u00f3 suficiente dinero para comprar su boleto de avi\u00f3n de regreso a Venezuela en marzo.<\/p>\n\n\n\n<p>\u201cIrme a Estados Unidos\u2026 fue un rev\u00e9s total\u201d, dijo sentado en casa de un familiar en Caracas. \u201cAhora mismo, no s\u00e9 qu\u00e9 hacer salvo salir de deudas primero\u201d.<\/p>\n\n\n\n<p>Debe pagar $50 a la semana por una motocicleta que compr\u00f3 para trabajar como mototaxista. En una buena semana, dijo, puede ganar $150, pero hay otras en las que solo gana lo suficiente para cubrir el pago de $50.<\/p>\n\n\n\n<p>Los migrantes buscan usureros<\/p>\n\n\n\n<p>Algunos migrantes se matricularon en escuelas de belleza y pasteler\u00eda o se convirtieron en repartidores de comida tras ser deportados. Otros ya hab\u00edan emigrado a Espa\u00f1a. Muchos recurrieron a usureros.<\/p>\n\n\n\n<p>El cu\u00f1ado de P\u00e9rez, quien tambi\u00e9n fabricaba utensilios de cocina de aluminio antes de emigrar el a\u00f1o pasado, le permite usar el horno y otros electrodom\u00e9sticos que dej\u00f3 en su casa de Maracaibo para que la familia pueda ganarse la vida.<\/p>\n\n\n\n<p>Pero la mayor parte de sus ganancias se destina a cubrir el 40% de inter\u00e9s mensual de un pr\u00e9stamo de $1,000.<\/p>\n\n\n\n<p>Si la deuda no fuera suficiente preocupaci\u00f3n, P\u00e9rez tambi\u00e9n tiene que preocuparse por la raz\u00f3n exacta que la alej\u00f3: la extorsi\u00f3n.<\/p>\n\n\n\n<p>P\u00e9rez dijo que ella y su familia huyeron de Maracaibo despu\u00e9s de que ella pasara varias horas bajo custodia policial en junio de 2024 por negarse a pagarle $1,000 a un oficial.<\/p>\n\n\n\n<p>El oficial, seg\u00fan P\u00e9rez, toc\u00f3 a su puerta y le exigi\u00f3 el dinero a cambio de permitirle seguir operando su negocio de utensilios de cocina sin permiso en su patio trasero.<\/p>\n\n\n\n<p>Dijo que los oficiales la rastrearon a su regreso y ya le exigieron dinero.<\/p>\n\n\n\n<p>\u201cTrabajo para ganarme la vida de un d\u00eda para otro\u2026 La semana pasada vinieron unos guardias. &#8216;Mira, tienes que apoyarme&#8217;\u201d, dijo P\u00e9rez que le dijeron a principios de julio.<\/p>\n\n\n\n<p>Entonces, si no les doy nada (dinero), aparecen otros tambi\u00e9n. Le transfer\u00ed $5. Tiene que ser m\u00e1s de $5 porque si no, te van a pelear.<\/p>\n","protected":false},"excerpt":{"rendered":"<p>Por REGINA GARCIA CANO MARACAIBO, Venezuela (AP) \u2014 Las manos de Yosbelin P\u00e9rez han fabricado decenas de miles de las planchas redondas de aluminio que las familias venezolanas calientan a&hellip;<\/p>\n","protected":false},"author":10,"featured_media":106125,"comment_status":"open","ping_status":"open","sticky":false,"template":"","format":"standard","meta":{"content-type":"","jetpack_post_was_ever_published":false,"_jetpack_newsletter_access":"","_jetpack_dont_email_post_to_subs":false,"_jetpack_newsletter_tier_id":0,"_jetpack_memberships_contains_paywalled_content":false,"_jetpack_memberships_contains_paid_content":false,"footnotes":""},"categories":[16289],"tags":[178,5240,2721,3007,23037,420,762],"class_list":["post-106124","post","type-post","status-publish","format-standard","has-post-thumbnail","hentry","category-internacionales","tag-condiciones","tag-deudas","tag-duras","tag-enfrentan","tag-los-migrantes","tag-venezuela","tag-vida"],"jetpack_featured_media_url":"https:\/\/lasprimeras.com.do\/wp-content\/uploads\/2025\/08\/vene-1.jpg","jetpack-related-posts":[{"id":89024,"url":"https:\/\/lasprimeras.com.do\/index.php\/2024\/09\/14\/venezolanos-en-rd-piden-a-abinader-no-pagar-deuda-al-regimen-de-nicolas-maduro\/","url_meta":{"origin":106124,"position":0},"title":"Venezolanos en RD piden a Abinader no pagar deuda al r\u00e9gimen de Nicolas Maduro","author":"Nelson Feliz","date":"14 de septiembre de 2024","format":false,"excerpt":"Demandan que esos recursos se destinen a desarrollar programas sociales que beneficien a familias venezolanos principalmente de escasos recursos que viven en RD. Miembros de la comunidad de venezolanos que residen en Rep\u00fablica Dominicana solicitaron al gobierno y al presidente Luis Abinader que no honre la deuda de 350 millones\u2026","rel":"","context":"En \u00abECONOM\u00cdA\u00bb","block_context":{"text":"ECONOM\u00cdA","link":"https:\/\/lasprimeras.com.do\/index.php\/category\/economia\/"},"img":{"alt_text":"","src":"https:\/\/i0.wp.com\/lasprimeras.com.do\/wp-content\/uploads\/2024\/09\/venezolanos.jpg?resize=350%2C200&ssl=1","width":350,"height":200,"srcset":"https:\/\/i0.wp.com\/lasprimeras.com.do\/wp-content\/uploads\/2024\/09\/venezolanos.jpg?resize=350%2C200&ssl=1 1x, https:\/\/i0.wp.com\/lasprimeras.com.do\/wp-content\/uploads\/2024\/09\/venezolanos.jpg?resize=525%2C300&ssl=1 1.5x, https:\/\/i0.wp.com\/lasprimeras.com.do\/wp-content\/uploads\/2024\/09\/venezolanos.jpg?resize=700%2C400&ssl=1 2x"},"classes":[]},{"id":98958,"url":"https:\/\/lasprimeras.com.do\/index.php\/2025\/05\/14\/llega-a-venezuela-nina-de-2-anos-separada-de-sus-padres-deportados-de-estados-unidos\/","url_meta":{"origin":106124,"position":1},"title":"Llega a Venezuela ni\u00f1a de 2 a\u00f1os separada de sus padres deportados de Estados Unidos","author":"Nelson Feliz","date":"14 de mayo de 2025","format":false,"excerpt":"CARACAS (AP) \u2014 La ni\u00f1a de dos a\u00f1os que permanec\u00eda en territorio estadounidense luego de que las autoridades deportaran a sus padres venezolanos lleg\u00f3 el mi\u00e9rcoles a Venezuela en un vuelo de migrantes deportados desde Estados Unidos. El gobierno del presidente Nicol\u00e1s Maduro hab\u00eda denunciado repetidamente que se trataba de\u2026","rel":"","context":"En \u00abINTERNACIONALES\u00bb","block_context":{"text":"INTERNACIONALES","link":"https:\/\/lasprimeras.com.do\/index.php\/category\/sin-categoria\/internacionales\/"},"img":{"alt_text":"","src":"https:\/\/i0.wp.com\/lasprimeras.com.do\/wp-content\/uploads\/2024\/09\/Nicolas-Maduro.jpg?resize=350%2C200&ssl=1","width":350,"height":200},"classes":[]},{"id":93836,"url":"https:\/\/lasprimeras.com.do\/index.php\/2025\/02\/21\/aterriza-en-venezuela-avion-con-177-migrantes-de-guantanamo\/","url_meta":{"origin":106124,"position":2},"title":"Aterriza en Venezuela avi\u00f3n con 177 migrantes de Guant\u00e1namo","author":"Nelson Feliz","date":"21 de febrero de 2025","format":false,"excerpt":"CARACAS.- Un grupo de 177 migrantes venezolanos retorn\u00f3 la noche de este jueves a su pa\u00eds en un avi\u00f3n procedente de Honduras, a donde hab\u00edan llegado desde la base militar estadounidense de Guant\u00e1namo (Cuba), en la que estuvieron retenidos. El avi\u00f3n de la aerol\u00ednea estatal venezolana Conviasa aterriz\u00f3 en el\u2026","rel":"","context":"En \u00abINTERNACIONALES\u00bb","block_context":{"text":"INTERNACIONALES","link":"https:\/\/lasprimeras.com.do\/index.php\/category\/sin-categoria\/internacionales\/"},"img":{"alt_text":"","src":"https:\/\/i0.wp.com\/lasprimeras.com.do\/wp-content\/uploads\/2025\/02\/Guantanamo.png?resize=350%2C200&ssl=1","width":350,"height":200,"srcset":"https:\/\/i0.wp.com\/lasprimeras.com.do\/wp-content\/uploads\/2025\/02\/Guantanamo.png?resize=350%2C200&ssl=1 1x, https:\/\/i0.wp.com\/lasprimeras.com.do\/wp-content\/uploads\/2025\/02\/Guantanamo.png?resize=525%2C300&ssl=1 1.5x, https:\/\/i0.wp.com\/lasprimeras.com.do\/wp-content\/uploads\/2025\/02\/Guantanamo.png?resize=700%2C400&ssl=1 2x"},"classes":[]},{"id":118245,"url":"https:\/\/lasprimeras.com.do\/index.php\/2025\/12\/25\/la-navidad-de-una-familia-venezolana-del-sueno-americano-a-la-pobreza\/","url_meta":{"origin":106124,"position":3},"title":"La Navidad de una familia venezolana: Del sue\u00f1o americano a la pobreza","author":"Nelson Feliz","date":"25 de diciembre de 2025","format":false,"excerpt":"POR MATIAS DELACROIXand REGINA GARCIA CANO MARACAY, Venezuela (AP) \u2014 Este no fue el tipo de Navidad que Mariela G\u00f3mez habr\u00eda imaginado hace un a\u00f1o. Ni la que habr\u00edan pensado miles de otros inmigrantes venezolanos. Pero Donald Trump regres\u00f3 a la Casa Blanca en enero y r\u00e1pidamente puso fin a\u2026","rel":"","context":"En \u00abINTERNACIONALES\u00bb","block_context":{"text":"INTERNACIONALES","link":"https:\/\/lasprimeras.com.do\/index.php\/category\/sin-categoria\/internacionales\/"},"img":{"alt_text":"FAMILIA VENEZOLANA","src":"https:\/\/i0.wp.com\/lasprimeras.com.do\/wp-content\/uploads\/2025\/12\/FAMILIA-VENEZOLANA.jpg?resize=350%2C200&ssl=1","width":350,"height":200,"srcset":"https:\/\/i0.wp.com\/lasprimeras.com.do\/wp-content\/uploads\/2025\/12\/FAMILIA-VENEZOLANA.jpg?resize=350%2C200&ssl=1 1x, https:\/\/i0.wp.com\/lasprimeras.com.do\/wp-content\/uploads\/2025\/12\/FAMILIA-VENEZOLANA.jpg?resize=525%2C300&ssl=1 1.5x, https:\/\/i0.wp.com\/lasprimeras.com.do\/wp-content\/uploads\/2025\/12\/FAMILIA-VENEZOLANA.jpg?resize=700%2C400&ssl=1 2x"},"classes":[]},{"id":95692,"url":"https:\/\/lasprimeras.com.do\/index.php\/2025\/03\/18\/machado-y-gonzalez-urrutia-piden-que-no-se-criminalice-a-los-migrantes-venezolanos\/","url_meta":{"origin":106124,"position":4},"title":"Machado y Gonz\u00e1lez Urrutia piden que no se criminalice a los migrantes venezolanos","author":"Nelson Feliz","date":"18 de marzo de 2025","format":false,"excerpt":"Mar\u00eda Corina Machado y Edmundo Gonz\u00e1lez Urrutia respaldaron los esfuerzos de Estados Unidos y otros pa\u00edses para combatir al Tren de Aragua. Los opositores venezolanos Mar\u00eda Corina Machado y Edmundo Gonz\u00e1lez Urrutia instaron este lunes a evitar la \u201cinjusta criminalizaci\u00f3n\u201d de los migrantes de su pa\u00eds, tras la decisi\u00f3n del\u2026","rel":"","context":"En \u00abINTERNACIONALES\u00bb","block_context":{"text":"INTERNACIONALES","link":"https:\/\/lasprimeras.com.do\/index.php\/category\/sin-categoria\/internacionales\/"},"img":{"alt_text":"Mar\u00eda Corina Machado y Edmundo Gonz\u00e1lez Urrutia","src":"https:\/\/i0.wp.com\/lasprimeras.com.do\/wp-content\/uploads\/2025\/03\/Maria-Corina-Machado-y-Edmundo-Gonzalez-Urrutia.png?resize=350%2C200&ssl=1","width":350,"height":200,"srcset":"https:\/\/i0.wp.com\/lasprimeras.com.do\/wp-content\/uploads\/2025\/03\/Maria-Corina-Machado-y-Edmundo-Gonzalez-Urrutia.png?resize=350%2C200&ssl=1 1x, https:\/\/i0.wp.com\/lasprimeras.com.do\/wp-content\/uploads\/2025\/03\/Maria-Corina-Machado-y-Edmundo-Gonzalez-Urrutia.png?resize=525%2C300&ssl=1 1.5x, https:\/\/i0.wp.com\/lasprimeras.com.do\/wp-content\/uploads\/2025\/03\/Maria-Corina-Machado-y-Edmundo-Gonzalez-Urrutia.png?resize=700%2C400&ssl=1 2x"},"classes":[]},{"id":93811,"url":"https:\/\/lasprimeras.com.do\/index.php\/2025\/02\/21\/trump-acuerda-con-honduras-y-venezuela-la-deportacion-de-venezolanos-en-guantanamo\/","url_meta":{"origin":106124,"position":5},"title":"Trump acuerda con Honduras y Venezuela la deportaci\u00f3n de venezolanos en Guant\u00e1namo","author":"Nelson Feliz","date":"21 de febrero de 2025","format":false,"excerpt":"La canciller\u00eda del r\u00e9gimen de Venezuela confirm\u00f3 la repatriaci\u00f3n de 177 migrantes venezolanos, asegurando que fueron \"injustamente llevados\" a Guant\u00e1namo. Por Ra\u00fal Castillo El Gobierno de Estados Unidos confirm\u00f3 este jueves que ha comenzado a trasladar a 177 migrantes venezolanos retenidos en la base militar de Guant\u00e1namo hacia su pa\u00eds\u2026","rel":"","context":"En \u00abINTERNACIONALES\u00bb","block_context":{"text":"INTERNACIONALES","link":"https:\/\/lasprimeras.com.do\/index.php\/category\/sin-categoria\/internacionales\/"},"img":{"alt_text":"","src":"https:\/\/i0.wp.com\/lasprimeras.com.do\/wp-content\/uploads\/2025\/02\/acuerda.png?resize=350%2C200&ssl=1","width":350,"height":200,"srcset":"https:\/\/i0.wp.com\/lasprimeras.com.do\/wp-content\/uploads\/2025\/02\/acuerda.png?resize=350%2C200&ssl=1 1x, https:\/\/i0.wp.com\/lasprimeras.com.do\/wp-content\/uploads\/2025\/02\/acuerda.png?resize=525%2C300&ssl=1 1.5x, https:\/\/i0.wp.com\/lasprimeras.com.do\/wp-content\/uploads\/2025\/02\/acuerda.png?resize=700%2C400&ssl=1 2x"},"classes":[]}],"jetpack_sharing_enabled":true,"_links":{"self":[{"href":"https:\/\/lasprimeras.com.do\/index.php\/wp-json\/wp\/v2\/posts\/106124","targetHints":{"allow":["GET"]}}],"collection":[{"href":"https:\/\/lasprimeras.com.do\/index.php\/wp-json\/wp\/v2\/posts"}],"about":[{"href":"https:\/\/lasprimeras.com.do\/index.php\/wp-json\/wp\/v2\/types\/post"}],"author":[{"embeddable":true,"href":"https:\/\/lasprimeras.com.do\/index.php\/wp-json\/wp\/v2\/users\/10"}],"replies":[{"embeddable":true,"href":"https:\/\/lasprimeras.com.do\/index.php\/wp-json\/wp\/v2\/comments?post=106124"}],"version-history":[{"count":1,"href":"https:\/\/lasprimeras.com.do\/index.php\/wp-json\/wp\/v2\/posts\/106124\/revisions"}],"predecessor-version":[{"id":106126,"href":"https:\/\/lasprimeras.com.do\/index.php\/wp-json\/wp\/v2\/posts\/106124\/revisions\/106126"}],"wp:featuredmedia":[{"embeddable":true,"href":"https:\/\/lasprimeras.com.do\/index.php\/wp-json\/wp\/v2\/media\/106125"}],"wp:attachment":[{"href":"https:\/\/lasprimeras.com.do\/index.php\/wp-json\/wp\/v2\/media?parent=106124"}],"wp:term":[{"taxonomy":"category","embeddable":true,"href":"https:\/\/lasprimeras.com.do\/index.php\/wp-json\/wp\/v2\/categories?post=106124"},{"taxonomy":"post_tag","embeddable":true,"href":"https:\/\/lasprimeras.com.do\/index.php\/wp-json\/wp\/v2\/tags?post=106124"}],"curies":[{"name":"wp","href":"https:\/\/api.w.org\/{rel}","templated":true}]}}