{"id":106127,"date":"2025-08-11T07:59:38","date_gmt":"2025-08-11T11:59:38","guid":{"rendered":"https:\/\/lasprimeras.com.do\/?p=106127"},"modified":"2025-08-11T07:59:40","modified_gmt":"2025-08-11T11:59:40","slug":"un-ataque-con-dron-ucraniano-mata-a-una-persona","status":"publish","type":"post","link":"https:\/\/lasprimeras.com.do\/index.php\/2025\/08\/11\/un-ataque-con-dron-ucraniano-mata-a-una-persona\/","title":{"rendered":"Un ataque con dron ucraniano mata a una persona"},"content":{"rendered":"\n<p><strong>Se intensifican los combates antes de la cumbre prevista entre Trump y Putin.<\/strong><\/p>\n\n\n\n<p>KIEV, Ucrania (AP) \u2014 Un ataque con un dron ucraniano mat\u00f3 a una persona e hiri\u00f3 a otras dos en Nizhny Novgorod, Rusia, dijo el lunes el gobernador de la regi\u00f3n, mientras continuaban los combates antes de una cumbre prevista en la que el presidente ruso, Vladimir Putin, espera persuadir a su hom\u00f3logo estadounidense para que respalde un acuerdo de paz que consolide los avances de Mosc\u00fa.<\/p>\n\n\n\n<p>El gobernador de Nizhny Novgorod, Gleb Nikitin, dijo en un comunicado en l\u00ednea que los drones atacaron dos &#8220;zonas industriales&#8221; que causaron da\u00f1os no especificados junto con tres v\u00edctimas.<\/p>\n\n\n\n<p>Un funcionario ucraniano dijo que al menos cuatro drones lanzados por los servicios de seguridad del pa\u00eds, o SBU, atacaron una planta en la ciudad de Arzamas que produc\u00eda componentes para los misiles Khinzal 32 y Khinzal 101.<\/p>\n\n\n\n<p>El funcionario, que habl\u00f3 bajo condici\u00f3n de anonimato para discutir las operaciones, dijo que la planta Plandin produce dispositivos girosc\u00f3picos, sistemas de control y computadoras de a bordo para los misiles y es un &#8220;objetivo absolutamente leg\u00edtimo&#8221; porque es parte del complejo militar-industrial ruso que trabaja para la guerra contra Ucrania.<\/p>\n\n\n\n<p>El Ministerio de Defensa de Rusia dijo que sus defensas a\u00e9reas interceptaron y destruyeron un total de 39 drones ucranianos durante la noche y el lunes por la ma\u00f1ana sobre varias regiones rusas, as\u00ed como sobre la pen\u00ednsula de Crimea que Rusia anex\u00f3 en 2014.<\/p>\n\n\n\n<p>La cumbre, que el presidente estadounidense Donald Trump organizar\u00e1 en Alaska a finales de esta semana, muestra a Putin firme en sus demandas maximalistas de mantener todo el territorio ucraniano que sus fuerzas ocupan ahora, pero tambi\u00e9n de evitar que Kiev se una a la OTAN con el objetivo a largo plazo de mantener al pa\u00eds bajo la esfera de influencia de Mosc\u00fa.<\/p>\n\n\n\n<p>Putin cree que disfruta de la ventaja sobre el terreno mientras las fuerzas ucranianas luchan por contener los avances rusos a lo largo del frente de 1.000 kil\u00f3metros (600 millas).<\/p>\n\n\n\n<p>Pero el presidente ucraniano, Volodymyr Zelenskyy, insiste en que nunca consentir\u00e1 ninguna anexi\u00f3n rusa de territorio ucraniano ni renunciar\u00e1 a la candidatura de su pa\u00eds para unirse a la OTAN. Los l\u00edderes europeos han apoyado a Ucrania , afirmando que la paz en la naci\u00f3n devastada por la guerra no puede resolverse sin Kiev.<\/p>\n\n\n\n<p>El canciller alem\u00e1n, Friedrich Merz, tambi\u00e9n habl\u00f3 con Trump el domingo, dijo el portavoz de Merz el lunes, pero no revel\u00f3 el contenido de las conversaciones.<\/p>\n\n\n\n<p>El portavoz Steffen Meyer reiter\u00f3 que el gobierno alem\u00e1n \u201csiempre ha enfatizado que las fronteras no deben ser trasladadas por la fuerza\u201d y que Ucrania debe decidir su propio destino \u201cde manera independiente y aut\u00f3noma\u201d.<\/p>\n\n\n\n<p>Mientras tanto, en el frente, pocos soldados ucranianos creen que se vislumbre un fin para la guerra , m\u00e1s all\u00e1 de un breve respiro antes de que Mosc\u00fa reanude sus ataques con a\u00fan mayor poder.<\/p>\n","protected":false},"excerpt":{"rendered":"<p>Se intensifican los combates antes de la cumbre prevista entre Trump y Putin. KIEV, Ucrania (AP) \u2014 Un ataque con un dron ucraniano mat\u00f3 a una persona e hiri\u00f3 a&hellip;<\/p>\n","protected":false},"author":10,"featured_media":106128,"comment_status":"open","ping_status":"open","sticky":false,"template":"","format":"standard","meta":{"content-type":"","jetpack_post_was_ever_published":false,"_jetpack_newsletter_access":"","_jetpack_dont_email_post_to_subs":false,"_jetpack_newsletter_tier_id":0,"_jetpack_memberships_contains_paywalled_content":false,"_jetpack_memberships_contains_paid_content":false,"footnotes":""},"categories":[16289],"tags":[23038,9393,1904,978,755,15246,421],"class_list":["post-106127","post","type-post","status-publish","format-standard","has-post-thumbnail","hentry","category-internacionales","tag-ataque-con-dron-ucraniano","tag-combates","tag-cumbre","tag-donald-trump","tag-mata","tag-una-persona","tag-vladimir-putin"],"jetpack_featured_media_url":"https:\/\/lasprimeras.com.do\/wp-content\/uploads\/2025\/08\/ATAQUE-1.jpg","jetpack-related-posts":[{"id":97649,"url":"https:\/\/lasprimeras.com.do\/index.php\/2025\/04\/25\/ucrania-reporta-3-muertos-en-otro-ataque-ruso-con-drones-tras-las-criticas-de-trump-a-putin\/","url_meta":{"origin":106127,"position":0},"title":"Ucrania reporta 3 muertos en otro ataque ruso con drones tras las cr\u00edticas de Trump a Putin","author":"Nelson Feliz","date":"25 de abril de 2025","format":false,"excerpt":"POR ILLIA NOVIKOV KIEV, Ucrania (AP) \u2014 Un dron ruso alcanz\u00f3 un edificio de apartamentos en una ciudad del sureste de Ucrania y caus\u00f3 tres muertos y 10 heridos, dijeron funcionarios el viernes, un d\u00eda despu\u00e9s de que el presidente de Estados Unidos, Donald Trump, reprendi\u00f3 a su hom\u00f3logo en\u2026","rel":"","context":"En \u00abINTERNACIONALES\u00bb","block_context":{"text":"INTERNACIONALES","link":"https:\/\/lasprimeras.com.do\/index.php\/category\/sin-categoria\/internacionales\/"},"img":{"alt_text":"","src":"https:\/\/i0.wp.com\/lasprimeras.com.do\/wp-content\/uploads\/2025\/04\/muertos-1.jpg?resize=350%2C200&ssl=1","width":350,"height":200,"srcset":"https:\/\/i0.wp.com\/lasprimeras.com.do\/wp-content\/uploads\/2025\/04\/muertos-1.jpg?resize=350%2C200&ssl=1 1x, https:\/\/i0.wp.com\/lasprimeras.com.do\/wp-content\/uploads\/2025\/04\/muertos-1.jpg?resize=525%2C300&ssl=1 1.5x, https:\/\/i0.wp.com\/lasprimeras.com.do\/wp-content\/uploads\/2025\/04\/muertos-1.jpg?resize=700%2C400&ssl=1 2x"},"classes":[]},{"id":98255,"url":"https:\/\/lasprimeras.com.do\/index.php\/2025\/05\/06\/suspenden-las-operaciones-aereas-en-4-aeropuertos-de-moscu-por-ataque-de-drones-ucranianos\/","url_meta":{"origin":106127,"position":1},"title":"Suspenden las operaciones a\u00e9reas en 4 aeropuertos de Mosc\u00fa por ataque de drones ucranianos","author":"Nelson Feliz","date":"6 de mayo de 2025","format":false,"excerpt":"POR THE ASSOCIATED PRESS Las fuerzas rusas interceptaron m\u00e1s de 100 drones ucranianos lanzados contra casi una docena de regiones de Rusia, dijo el martes el Ministerio ruso de Defensa, en un ataque que oblig\u00f3 a los cuatro aeropuertos en la regi\u00f3n de Mosc\u00fa a suspender temporalmente los vuelos. Otros\u2026","rel":"","context":"En \u00abINTERNACIONALES\u00bb","block_context":{"text":"INTERNACIONALES","link":"https:\/\/lasprimeras.com.do\/index.php\/category\/sin-categoria\/internacionales\/"},"img":{"alt_text":"","src":"https:\/\/i0.wp.com\/lasprimeras.com.do\/wp-content\/uploads\/2025\/05\/drones.jpg?resize=350%2C200&ssl=1","width":350,"height":200,"srcset":"https:\/\/i0.wp.com\/lasprimeras.com.do\/wp-content\/uploads\/2025\/05\/drones.jpg?resize=350%2C200&ssl=1 1x, https:\/\/i0.wp.com\/lasprimeras.com.do\/wp-content\/uploads\/2025\/05\/drones.jpg?resize=525%2C300&ssl=1 1.5x, https:\/\/i0.wp.com\/lasprimeras.com.do\/wp-content\/uploads\/2025\/05\/drones.jpg?resize=700%2C400&ssl=1 2x"},"classes":[]},{"id":95773,"url":"https:\/\/lasprimeras.com.do\/index.php\/2025\/03\/19\/zelenskyy-la-promesa-de-putin-de-no-atacar-la-red-energetica-de-ucrania-dista-de-la-realidad\/","url_meta":{"origin":106127,"position":2},"title":"Zelenskyy: la promesa de Putin de no atacar la red energ\u00e9tica de Ucrania \u201cdista de la realidad\u201d","author":"Nelson Feliz","date":"19 de marzo de 2025","format":false,"excerpt":"POR HANNA ARHIROVA KIEV, Ucrania (AP) \u2014 El presidente de Ucrania, Volodymyr Zelenskyy, dijo el mi\u00e9rcoles que la promesa de su hom\u00f3logo ruso, Vlad\u00edmir Putin, de no atacar la infraestructura energ\u00e9tica \u201cdista mucho de la realidad\u201d tras una serie de ataques nocturnos con drones en todo el pa\u00eds. Zelenskyy dijo\u2026","rel":"","context":"En \u00abINTERNACIONALES\u00bb","block_context":{"text":"INTERNACIONALES","link":"https:\/\/lasprimeras.com.do\/index.php\/category\/sin-categoria\/internacionales\/"},"img":{"alt_text":"","src":"https:\/\/i0.wp.com\/lasprimeras.com.do\/wp-content\/uploads\/2025\/03\/Volodymyr-Zelenskyy.jpg?resize=350%2C200&ssl=1","width":350,"height":200,"srcset":"https:\/\/i0.wp.com\/lasprimeras.com.do\/wp-content\/uploads\/2025\/03\/Volodymyr-Zelenskyy.jpg?resize=350%2C200&ssl=1 1x, https:\/\/i0.wp.com\/lasprimeras.com.do\/wp-content\/uploads\/2025\/03\/Volodymyr-Zelenskyy.jpg?resize=525%2C300&ssl=1 1.5x, https:\/\/i0.wp.com\/lasprimeras.com.do\/wp-content\/uploads\/2025\/03\/Volodymyr-Zelenskyy.jpg?resize=700%2C400&ssl=1 2x"},"classes":[]},{"id":104150,"url":"https:\/\/lasprimeras.com.do\/index.php\/2025\/07\/22\/zelenskyy-renueva-la-oferta-de-reunirse-con-putin\/","url_meta":{"origin":106127,"position":3},"title":"Zelenskyy renueva la oferta de reunirse con Putin","author":"Nelson Feliz","date":"22 de julio de 2025","format":false,"excerpt":"POR ILLIA NOVIKOV KIEV, Ucrania (AP) \u2014 El presidente de Ucrania, Volodymyr Zelenskyy, renov\u00f3 el martes su oferta de reunirse con el l\u00edder ruso, Vlad\u00edmir Putin y negociar el fin de la guerra en Ucrania, pero las esperanzas de progresos eran bajas mientras las delegaciones de ambos gobiernos se preparaban\u2026","rel":"","context":"En \u00abINTERNACIONALES\u00bb","block_context":{"text":"INTERNACIONALES","link":"https:\/\/lasprimeras.com.do\/index.php\/category\/sin-categoria\/internacionales\/"},"img":{"alt_text":"","src":"https:\/\/i0.wp.com\/lasprimeras.com.do\/wp-content\/uploads\/2025\/07\/ataque.jpg?resize=350%2C200&ssl=1","width":350,"height":200,"srcset":"https:\/\/i0.wp.com\/lasprimeras.com.do\/wp-content\/uploads\/2025\/07\/ataque.jpg?resize=350%2C200&ssl=1 1x, https:\/\/i0.wp.com\/lasprimeras.com.do\/wp-content\/uploads\/2025\/07\/ataque.jpg?resize=525%2C300&ssl=1 1.5x, https:\/\/i0.wp.com\/lasprimeras.com.do\/wp-content\/uploads\/2025\/07\/ataque.jpg?resize=700%2C400&ssl=1 2x"},"classes":[]},{"id":106021,"url":"https:\/\/lasprimeras.com.do\/index.php\/2025\/08\/10\/zelenskyy-rechaza-ceder-formalmente-territorio-ucraniano-y-exige-que-kiev-participe-en-negociaciones\/","url_meta":{"origin":106127,"position":4},"title":"Zelenskyy rechaza ceder formalmente territorio ucraniano y exige que Kiev participe en negociaciones","author":"Nelson Feliz","date":"10 de agosto de 2025","format":false,"excerpt":"POR SAMYA KULLAB, ELISE MORTON and ASSOCIATED PRESS KIEV, Ucrania (AP) \u2014 El presidente ucraniano Volodymyr Zelenskyy rechaz\u00f3 el s\u00e1bado la idea de que su pa\u00eds debe ceder territorio para poner fin a la guerra con Rusia, luego que su hom\u00f3logo estadounidense Donald Trump sugiri\u00f3 que un acuerdo de paz\u2026","rel":"","context":"En \u00abINTERNACIONALES\u00bb","block_context":{"text":"INTERNACIONALES","link":"https:\/\/lasprimeras.com.do\/index.php\/category\/sin-categoria\/internacionales\/"},"img":{"alt_text":"","src":"https:\/\/i0.wp.com\/lasprimeras.com.do\/wp-content\/uploads\/2025\/08\/Volodymyr-Zelenskyy.jpg?resize=350%2C200&ssl=1","width":350,"height":200,"srcset":"https:\/\/i0.wp.com\/lasprimeras.com.do\/wp-content\/uploads\/2025\/08\/Volodymyr-Zelenskyy.jpg?resize=350%2C200&ssl=1 1x, https:\/\/i0.wp.com\/lasprimeras.com.do\/wp-content\/uploads\/2025\/08\/Volodymyr-Zelenskyy.jpg?resize=525%2C300&ssl=1 1.5x, https:\/\/i0.wp.com\/lasprimeras.com.do\/wp-content\/uploads\/2025\/08\/Volodymyr-Zelenskyy.jpg?resize=700%2C400&ssl=1 2x"},"classes":[]},{"id":111214,"url":"https:\/\/lasprimeras.com.do\/index.php\/2025\/10\/06\/ucrania-afirma-que-ataco-planta-de-municiones-terminal-petrolera-y-arsenal-en-rusia\/","url_meta":{"origin":106127,"position":5},"title":"Ucrania afirma que atac\u00f3 planta de municiones, terminal petrolera y arsenal en Rusia","author":"Nelson Feliz","date":"6 de octubre de 2025","format":false,"excerpt":"POR ILLIA NOVIKOV KIEV, Ucrania (AP) \u2014 El presidente y el ej\u00e9rcito de Ucrania afirmaron que drones y misiles ucranianos de largo alcance impactaron una importante planta de municiones rusa, un terminal de petr\u00f3leo clave y un importante arsenal detr\u00e1s de la l\u00ednea del frente, aumentando la presi\u00f3n sobre la\u2026","rel":"","context":"En \u00abINTERNACIONALES\u00bb","block_context":{"text":"INTERNACIONALES","link":"https:\/\/lasprimeras.com.do\/index.php\/category\/sin-categoria\/internacionales\/"},"img":{"alt_text":"","src":"https:\/\/i0.wp.com\/lasprimeras.com.do\/wp-content\/uploads\/2025\/10\/GUARDIA.jpg?resize=350%2C200&ssl=1","width":350,"height":200,"srcset":"https:\/\/i0.wp.com\/lasprimeras.com.do\/wp-content\/uploads\/2025\/10\/GUARDIA.jpg?resize=350%2C200&ssl=1 1x, https:\/\/i0.wp.com\/lasprimeras.com.do\/wp-content\/uploads\/2025\/10\/GUARDIA.jpg?resize=525%2C300&ssl=1 1.5x, https:\/\/i0.wp.com\/lasprimeras.com.do\/wp-content\/uploads\/2025\/10\/GUARDIA.jpg?resize=700%2C400&ssl=1 2x"},"classes":[]}],"jetpack_sharing_enabled":true,"_links":{"self":[{"href":"https:\/\/lasprimeras.com.do\/index.php\/wp-json\/wp\/v2\/posts\/106127","targetHints":{"allow":["GET"]}}],"collection":[{"href":"https:\/\/lasprimeras.com.do\/index.php\/wp-json\/wp\/v2\/posts"}],"about":[{"href":"https:\/\/lasprimeras.com.do\/index.php\/wp-json\/wp\/v2\/types\/post"}],"author":[{"embeddable":true,"href":"https:\/\/lasprimeras.com.do\/index.php\/wp-json\/wp\/v2\/users\/10"}],"replies":[{"embeddable":true,"href":"https:\/\/lasprimeras.com.do\/index.php\/wp-json\/wp\/v2\/comments?post=106127"}],"version-history":[{"count":1,"href":"https:\/\/lasprimeras.com.do\/index.php\/wp-json\/wp\/v2\/posts\/106127\/revisions"}],"predecessor-version":[{"id":106129,"href":"https:\/\/lasprimeras.com.do\/index.php\/wp-json\/wp\/v2\/posts\/106127\/revisions\/106129"}],"wp:featuredmedia":[{"embeddable":true,"href":"https:\/\/lasprimeras.com.do\/index.php\/wp-json\/wp\/v2\/media\/106128"}],"wp:attachment":[{"href":"https:\/\/lasprimeras.com.do\/index.php\/wp-json\/wp\/v2\/media?parent=106127"}],"wp:term":[{"taxonomy":"category","embeddable":true,"href":"https:\/\/lasprimeras.com.do\/index.php\/wp-json\/wp\/v2\/categories?post=106127"},{"taxonomy":"post_tag","embeddable":true,"href":"https:\/\/lasprimeras.com.do\/index.php\/wp-json\/wp\/v2\/tags?post=106127"}],"curies":[{"name":"wp","href":"https:\/\/api.w.org\/{rel}","templated":true}]}}