{"id":106130,"date":"2025-08-11T08:25:43","date_gmt":"2025-08-11T12:25:43","guid":{"rendered":"https:\/\/lasprimeras.com.do\/?p=106130"},"modified":"2025-08-11T08:25:44","modified_gmt":"2025-08-11T12:25:44","slug":"un-tribunal-islamico-de-indonesia-condena-a-dos-hombres-a-azotes-publicos-por-actos-sexuales-besos-y-abrazos","status":"publish","type":"post","link":"https:\/\/lasprimeras.com.do\/index.php\/2025\/08\/11\/un-tribunal-islamico-de-indonesia-condena-a-dos-hombres-a-azotes-publicos-por-actos-sexuales-besos-y-abrazos\/","title":{"rendered":"Un tribunal isl\u00e1mico de Indonesia condena a dos hombres a azotes p\u00fablicos por actos sexuales: besos y abrazos"},"content":{"rendered":"\n<p>Por Yayan Zamzami<\/p>\n\n\n\n<p>BANDA ACEH, Indonesia (AP) \u2014 Un tribunal isl\u00e1mico en la conservadora provincia indonesia de Aceh conden\u00f3 el lunes a dos hombres a azotes p\u00fablicos, 80 veces cada uno, despu\u00e9s de que la polic\u00eda religiosa isl\u00e1mica los sorprendi\u00f3 realizando lo que el tribunal consider\u00f3 actos sexuales: abrazos y besos.<\/p>\n\n\n\n<p>El juicio en el Tribunal Distrital de la Sharia Isl\u00e1mica de Banda Aceh, la capital provincial, se celebr\u00f3 a puerta cerrada. En este tipo de casos, los jueces tienen la facultad de restringir el acceso del p\u00fablico y abrirlo solo para el veredicto.<\/p>\n\n\n\n<p>Los dos hombres, de 20 y 21 a\u00f1os, fueron arrestados en abril despu\u00e9s de que los residentes los vieran entrar al mismo ba\u00f1o en el parque municipal de Taman Sari y lo denunciaran a la polic\u00eda que patrullaba la zona. La polic\u00eda irrumpi\u00f3 en el ba\u00f1o y los sorprendi\u00f3 bes\u00e1ndose y abraz\u00e1ndose, lo que el tribunal consider\u00f3 un acto sexual.<\/p>\n\n\n\n<p>El juez principal, Rokhmadi M. Hum, declar\u00f3 que se hab\u00eda demostrado de forma legal y convincente que los dos estudiantes universitarios hab\u00edan violado la ley isl\u00e1mica al cometer actos que condujeron a relaciones sexuales homosexuales. El tribunal no identific\u00f3 p\u00fablicamente a los hombres.<\/p>\n\n\n\n<p>Los fiscales hab\u00edan solicitado previamente 85 azotes con bast\u00f3n para cada uno, pero el panel de tres jueces decidi\u00f3 aplicar lo que describieron como un castigo indulgente porque los hombres eran estudiantes destacados que eran educados en el tribunal, cooperaban con las autoridades y no ten\u00edan condenas previas.<\/p>\n\n\n\n<p>Los jueces tambi\u00e9n ordenaron que se les descontara de la condena el tiempo que ya hab\u00edan cumplido. Esto significa que el n\u00famero de latigazos se reducir\u00e1 en cuatro, ya que llevan cuatro meses detenidos.<\/p>\n\n\n\n<p>El fiscal, Alfian, quien, como muchos indonesios, solo usa un nombre, dijo no estar satisfecho con la sentencia m\u00e1s leve. Sin embargo, afirm\u00f3 que no apelar\u00e1.<\/p>\n\n\n\n<p>Aceh es la \u00fanica provincia de Indonesia, de mayor\u00eda musulmana, a la que se le permite observar una versi\u00f3n de la ley isl\u00e1mica. Esta permite hasta 100 latigazos por faltas a la moral, incluyendo el sexo homosexual.<\/p>\n\n\n\n<p>La flagelaci\u00f3n tambi\u00e9n se castiga por adulterio, juegos de azar, consumo de alcohol y para las mujeres que usan ropa ajustada y los hombres que no asisten a la oraci\u00f3n del viernes.<\/p>\n\n\n\n<p>El gobierno central laico de Indonesia otorg\u00f3 a Aceh el derecho a implementar la ley en 2006 como parte de un acuerdo de paz para poner fin a una guerra separatista.<\/p>\n\n\n\n<p>Aceh implement\u00f3 una ampliaci\u00f3n en 2015 que extendi\u00f3 la ley a los no musulmanes, quienes representan aproximadamente el 1% de la poblaci\u00f3n de la provincia.<\/p>\n\n\n\n<p>Grupos de derechos humanos han criticado la ley, alegando que viola los tratados internacionales firmados por Indonesia que protegen los derechos de las minor\u00edas. El c\u00f3digo penal nacional de Indonesia no regula la homosexualidad.<\/p>\n\n\n\n<p>El veredicto del lunes fue la quinta vez que Aceh condena a personas a azotes p\u00fablicos por homosexualidad desde que se implement\u00f3 la ley isl\u00e1mica.<\/p>\n\n\n\n<p>En febrero, el mismo tribunal conden\u00f3 a dos hombres a recibir hasta 85 azotes en p\u00fablico por mantener relaciones sexuales con otro hombre, despu\u00e9s de que unos vigilantes del barrio de Banda Aceh sospecharan que eran homosexuales e irrumpieran en su habitaci\u00f3n alquilada para encontrarlos desnudos y abraz\u00e1ndose.<\/p>\n","protected":false},"excerpt":{"rendered":"<p>Por Yayan Zamzami BANDA ACEH, Indonesia (AP) \u2014 Un tribunal isl\u00e1mico en la conservadora provincia indonesia de Aceh conden\u00f3 el lunes a dos hombres a azotes p\u00fablicos, 80 veces cada&hellip;<\/p>\n","protected":false},"author":10,"featured_media":106131,"comment_status":"open","ping_status":"open","sticky":false,"template":"","format":"standard","meta":{"content-type":"","jetpack_post_was_ever_published":false,"_jetpack_newsletter_access":"","_jetpack_dont_email_post_to_subs":false,"_jetpack_newsletter_tier_id":0,"_jetpack_memberships_contains_paywalled_content":false,"_jetpack_memberships_contains_paid_content":false,"footnotes":""},"categories":[16289],"tags":[],"class_list":["post-106130","post","type-post","status-publish","format-standard","has-post-thumbnail","hentry","category-internacionales"],"jetpack_featured_media_url":"https:\/\/lasprimeras.com.do\/wp-content\/uploads\/2025\/08\/tribunal-islamico.jpg","jetpack-related-posts":[{"id":76533,"url":"https:\/\/lasprimeras.com.do\/index.php\/2024\/02\/12\/un-ministro-de-defensa-y-dos-exgobernadores-compiten-por-la-presidencia-de-indonesia\/","url_meta":{"origin":106130,"position":0},"title":"Un ministro de Defensa y dos exgobernadores compiten por la presidencia de Indonesia","author":"Nelson Feliz","date":"12 de febrero de 2024","format":false,"excerpt":"POR EDNA TARIGAN YAKARTA, Indonesia (AP) \u2014 Los indonesios elegir\u00e1n el mi\u00e9rcoles al sucesor del popular presidente Joko Widodo , quien cumple su segundo y \u00faltimo mandato. Es una carrera a tres bandas por la presidencia entre el actual ministro de Defensa, Prabowo Subianto, y dos ex gobernadores provinciales, Anies\u2026","rel":"","context":"En \u00abSin categor\u00eda\u00bb","block_context":{"text":"Sin categor\u00eda","link":"https:\/\/lasprimeras.com.do\/index.php\/category\/sin-categoria\/"},"img":{"alt_text":"Prabowo Subianto, Anies Baswedan y Ganjar Pranowo","src":"https:\/\/i0.wp.com\/lasprimeras.com.do\/wp-content\/uploads\/2024\/02\/Candidatos-Indonesia.jpg?resize=350%2C200&ssl=1","width":350,"height":200,"srcset":"https:\/\/i0.wp.com\/lasprimeras.com.do\/wp-content\/uploads\/2024\/02\/Candidatos-Indonesia.jpg?resize=350%2C200&ssl=1 1x, https:\/\/i0.wp.com\/lasprimeras.com.do\/wp-content\/uploads\/2024\/02\/Candidatos-Indonesia.jpg?resize=525%2C300&ssl=1 1.5x, https:\/\/i0.wp.com\/lasprimeras.com.do\/wp-content\/uploads\/2024\/02\/Candidatos-Indonesia.jpg?resize=700%2C400&ssl=1 2x"},"classes":[]},{"id":94423,"url":"https:\/\/lasprimeras.com.do\/index.php\/2025\/02\/28\/millones-de-musulmanes-en-indonesia-celebran-el-comienzo-del-mes-sagrado-del-ramadan\/","url_meta":{"origin":106130,"position":1},"title":"Millones de musulmanes en Indonesia celebran el comienzo del mes sagrado del Ramad\u00e1n","author":"Nelson Feliz","date":"28 de febrero de 2025","format":false,"excerpt":"POR NINIEK KARMINI YAKARTA, Indonesia (AP) \u2014 Los musulmanes de Indonesia est\u00e1n comprando dulces y ropa nueva y participando en festividades tradicionales para celebrar el comienzo del mes sagrado del Ramad\u00e1n, previsto para el s\u00e1bado. Las celebraciones en el pa\u00eds de mayor\u00eda musulmana m\u00e1s poblado del mundo van desde coloridos\u2026","rel":"","context":"En \u00abINTERNACIONALES\u00bb","block_context":{"text":"INTERNACIONALES","link":"https:\/\/lasprimeras.com.do\/index.php\/category\/sin-categoria\/internacionales\/"},"img":{"alt_text":"","src":"https:\/\/i0.wp.com\/lasprimeras.com.do\/wp-content\/uploads\/2025\/02\/Ramadan.jpg?resize=350%2C200&ssl=1","width":350,"height":200,"srcset":"https:\/\/i0.wp.com\/lasprimeras.com.do\/wp-content\/uploads\/2025\/02\/Ramadan.jpg?resize=350%2C200&ssl=1 1x, https:\/\/i0.wp.com\/lasprimeras.com.do\/wp-content\/uploads\/2025\/02\/Ramadan.jpg?resize=525%2C300&ssl=1 1.5x, https:\/\/i0.wp.com\/lasprimeras.com.do\/wp-content\/uploads\/2025\/02\/Ramadan.jpg?resize=700%2C400&ssl=1 2x"},"classes":[]},{"id":116278,"url":"https:\/\/lasprimeras.com.do\/index.php\/2025\/11\/30\/indonesios-buscan-comida-y-agua-tras-inundaciones-mortales-sri-lanka-reporta-193-muertes\/","url_meta":{"origin":106130,"position":2},"title":"Indonesios buscan comida y agua tras inundaciones mortales. Sri Lanka reporta 193 muertes","author":"Nelson Feliz","date":"30 de noviembre de 2025","format":false,"excerpt":"MEDAN, Indonesia (AP) \u2014 Algunos residentes de la isla indonesia de Sumatra, afectada por inundaciones, han recurrido a robar comida y agua para sobrevivir, indicaron las autoridades, al tiempo que funcionarios de Sri Lanka informaron que las muertes por inundaciones y deslizamientos de tierra en la naci\u00f3n insular han aumentado\u2026","rel":"","context":"En \u00abINTERNACIONALES\u00bb","block_context":{"text":"INTERNACIONALES","link":"https:\/\/lasprimeras.com.do\/index.php\/category\/sin-categoria\/internacionales\/"},"img":{"alt_text":"","src":"https:\/\/i0.wp.com\/lasprimeras.com.do\/wp-content\/uploads\/2025\/11\/muertos-2.jpg?resize=350%2C200&ssl=1","width":350,"height":200,"srcset":"https:\/\/i0.wp.com\/lasprimeras.com.do\/wp-content\/uploads\/2025\/11\/muertos-2.jpg?resize=350%2C200&ssl=1 1x, https:\/\/i0.wp.com\/lasprimeras.com.do\/wp-content\/uploads\/2025\/11\/muertos-2.jpg?resize=525%2C300&ssl=1 1.5x, https:\/\/i0.wp.com\/lasprimeras.com.do\/wp-content\/uploads\/2025\/11\/muertos-2.jpg?resize=700%2C400&ssl=1 2x"},"classes":[]},{"id":116691,"url":"https:\/\/lasprimeras.com.do\/index.php\/2025\/12\/03\/suben-a-mas-de-1-400-los-muertos-por-inundaciones-en-indonesia-sri-lanka-tailandia-y-malasia\/","url_meta":{"origin":106130,"position":3},"title":"Suben a m\u00e1s de 1.400 los muertos por inundaciones en Indonesia, Sri Lanka, Tailandia y Malasia","author":"Nelson Feliz","date":"3 de diciembre de 2025","format":false,"excerpt":"POR BINSAR BAKKARA BATANG TORU, Indonesia (AP) \u2014 Partes de Asia estaban conmocionadas luego de que las lluvias torrenciales causaran inundaciones y deslaves catastr\u00f3ficos la semana pasada, matando a m\u00e1s de 1.400 personas en Indonesia, Sri Lanka, Tailandia y Malasia. El desastre tambi\u00e9n ha dejado al descubierto las marcadas disparidades\u2026","rel":"","context":"En \u00abCLIMA\u00bb","block_context":{"text":"CLIMA","link":"https:\/\/lasprimeras.com.do\/index.php\/category\/clima\/"},"img":{"alt_text":"","src":"https:\/\/i0.wp.com\/lasprimeras.com.do\/wp-content\/uploads\/2025\/12\/RESCATISTAS.jpg?resize=350%2C200&ssl=1","width":350,"height":200,"srcset":"https:\/\/i0.wp.com\/lasprimeras.com.do\/wp-content\/uploads\/2025\/12\/RESCATISTAS.jpg?resize=350%2C200&ssl=1 1x, https:\/\/i0.wp.com\/lasprimeras.com.do\/wp-content\/uploads\/2025\/12\/RESCATISTAS.jpg?resize=525%2C300&ssl=1 1.5x, https:\/\/i0.wp.com\/lasprimeras.com.do\/wp-content\/uploads\/2025\/12\/RESCATISTAS.jpg?resize=700%2C400&ssl=1 2x"},"classes":[]},{"id":49917,"url":"https:\/\/lasprimeras.com.do\/index.php\/2023\/05\/15\/condenan-a-15-anos-de-prision-hombre-que-abusaba-sexualmente-de-una-menor\/","url_meta":{"origin":106130,"position":4},"title":"Condenan a 15 a\u00f1os de prisi\u00f3n hombre que abusaba sexualmente de una menor","author":"prenxa100","date":"15 de mayo de 2023","format":false,"excerpt":"Por Martin Restituyo SANTO DOMINGO, NORTE (RD). \u2013 El Ministerio P\u00fablico de Santo Domingo Este obtuvo una condena de 15 a\u00f1os de prisi\u00f3n en contra de un hombre que abusaba sexualmente a una ni\u00f1a de 12 a\u00f1os en un hecho ocurrido en el a\u00f1o 2022, en Villa Mella de este\u2026","rel":"","context":"En \u00abJUSTICIA\u00bb","block_context":{"text":"JUSTICIA","link":"https:\/\/lasprimeras.com.do\/index.php\/category\/justicia\/"},"img":{"alt_text":"","src":"","width":0,"height":0},"classes":[]},{"id":95739,"url":"https:\/\/lasprimeras.com.do\/index.php\/2025\/03\/18\/condenan-a-20-anos-de-prision-tres-hombres-en-diferentes-casos-de-incesto-en-la-vega\/","url_meta":{"origin":106130,"position":5},"title":"Condenan a 20 a\u00f1os de prisi\u00f3n tres hombres en diferentes casos de incesto en La Vega","author":"Nelson Feliz","date":"18 de marzo de 2025","format":false,"excerpt":"El Ministerio P\u00fablico de esta jurisdicci\u00f3n logr\u00f3 que fueran sentenciados a 20 a\u00f1os de prisi\u00f3n tres hombres hallados culpables de cometer incesto en diferentes casos ocurridos en La Vega. Uno de los hombres fue condenado a 20 a\u00f1os de prisi\u00f3n tras ser hallado culpable de violar sexualmente a una sobrina\u2026","rel":"","context":"En \u00abJUSTICIA\u00bb","block_context":{"text":"JUSTICIA","link":"https:\/\/lasprimeras.com.do\/index.php\/category\/justicia\/"},"img":{"alt_text":"","src":"https:\/\/i0.wp.com\/lasprimeras.com.do\/wp-content\/uploads\/2025\/03\/PFLaVega-Header.jpg?resize=350%2C200&ssl=1","width":350,"height":200,"srcset":"https:\/\/i0.wp.com\/lasprimeras.com.do\/wp-content\/uploads\/2025\/03\/PFLaVega-Header.jpg?resize=350%2C200&ssl=1 1x, https:\/\/i0.wp.com\/lasprimeras.com.do\/wp-content\/uploads\/2025\/03\/PFLaVega-Header.jpg?resize=525%2C300&ssl=1 1.5x, https:\/\/i0.wp.com\/lasprimeras.com.do\/wp-content\/uploads\/2025\/03\/PFLaVega-Header.jpg?resize=700%2C400&ssl=1 2x, https:\/\/i0.wp.com\/lasprimeras.com.do\/wp-content\/uploads\/2025\/03\/PFLaVega-Header.jpg?resize=1050%2C600&ssl=1 3x, https:\/\/i0.wp.com\/lasprimeras.com.do\/wp-content\/uploads\/2025\/03\/PFLaVega-Header.jpg?resize=1400%2C800&ssl=1 4x"},"classes":[]}],"jetpack_sharing_enabled":true,"_links":{"self":[{"href":"https:\/\/lasprimeras.com.do\/index.php\/wp-json\/wp\/v2\/posts\/106130","targetHints":{"allow":["GET"]}}],"collection":[{"href":"https:\/\/lasprimeras.com.do\/index.php\/wp-json\/wp\/v2\/posts"}],"about":[{"href":"https:\/\/lasprimeras.com.do\/index.php\/wp-json\/wp\/v2\/types\/post"}],"author":[{"embeddable":true,"href":"https:\/\/lasprimeras.com.do\/index.php\/wp-json\/wp\/v2\/users\/10"}],"replies":[{"embeddable":true,"href":"https:\/\/lasprimeras.com.do\/index.php\/wp-json\/wp\/v2\/comments?post=106130"}],"version-history":[{"count":1,"href":"https:\/\/lasprimeras.com.do\/index.php\/wp-json\/wp\/v2\/posts\/106130\/revisions"}],"predecessor-version":[{"id":106132,"href":"https:\/\/lasprimeras.com.do\/index.php\/wp-json\/wp\/v2\/posts\/106130\/revisions\/106132"}],"wp:featuredmedia":[{"embeddable":true,"href":"https:\/\/lasprimeras.com.do\/index.php\/wp-json\/wp\/v2\/media\/106131"}],"wp:attachment":[{"href":"https:\/\/lasprimeras.com.do\/index.php\/wp-json\/wp\/v2\/media?parent=106130"}],"wp:term":[{"taxonomy":"category","embeddable":true,"href":"https:\/\/lasprimeras.com.do\/index.php\/wp-json\/wp\/v2\/categories?post=106130"},{"taxonomy":"post_tag","embeddable":true,"href":"https:\/\/lasprimeras.com.do\/index.php\/wp-json\/wp\/v2\/tags?post=106130"}],"curies":[{"name":"wp","href":"https:\/\/api.w.org\/{rel}","templated":true}]}}