{"id":106142,"date":"2025-08-11T09:18:24","date_gmt":"2025-08-11T13:18:24","guid":{"rendered":"https:\/\/lasprimeras.com.do\/?p=106142"},"modified":"2025-08-11T09:18:26","modified_gmt":"2025-08-11T13:18:26","slug":"dominguez-brito-es-imperdonable-la-improvisacion-del-gobierno-en-el-sistema-educativo-hay-que-planificar","status":"publish","type":"post","link":"https:\/\/lasprimeras.com.do\/index.php\/2025\/08\/11\/dominguez-brito-es-imperdonable-la-improvisacion-del-gobierno-en-el-sistema-educativo-hay-que-planificar\/","title":{"rendered":"Dom\u00ednguez Brito: \u201cEs imperdonable la improvisaci\u00f3n del gobierno en el sistema educativo. Hay que planificar\u201d"},"content":{"rendered":"\n<p>El miembro del Comit\u00e9 Pol\u00edtico del Partido de la Liberaci\u00f3n Dominicana (PLD) Francisco Dom\u00ednguez Brito, calific\u00f3 como \u201cimperdonable\u201d la improvisaci\u00f3n del gobierno en el sistema educativo nacional, se\u00f1alando que la falta de planificaci\u00f3n est\u00e1 afectando directamente el inicio del a\u00f1o escolar, la calidad de la ense\u00f1anza y las condiciones en las que miles de estudiantes reciben clases.<\/p>\n\n\n\n<p>\u201cEl pa\u00eds no puede seguir viviendo cada inicio de a\u00f1o escolar como si fuera una sorpresa. No se trata de improvisar, se trata de planificar. El d\u00e9ficit de aulas, la falta de docentes en zonas clave, la escasez de materiales y las escuelas en reparaci\u00f3n son problemas que debieron anticiparse y resolverse con tiempo\u201d, expres\u00f3.<\/p>\n\n\n\n<p>Francisco Dom\u00ednguez Brito enfatiz\u00f3 que la educaci\u00f3n requiere una hoja de ruta clara, consensuada con los actores del sistema, que garantice soluciones estructurales y no parches moment\u00e1neos.<\/p>\n\n\n\n<p>\u201cEs urgente sentarse a planificar. Si no lo hacemos, seguiremos condenando a nuestros ni\u00f1os y j\u00f3venes a un futuro limitado. La educaci\u00f3n es demasiado importante para dejarla a la improvisaci\u00f3n\u201d, advirti\u00f3.<\/p>\n\n\n\n<p>El dirigente pol\u00edtico reiter\u00f3 su llamado a un gran acuerdo nacional por la educaci\u00f3n, con metas medibles, inversi\u00f3n responsable y seguimiento permanente, que convierta las escuelas en verdaderos espacios de aprendizaje y oportunidad.<\/p>\n","protected":false},"excerpt":{"rendered":"<p>El miembro del Comit\u00e9 Pol\u00edtico del Partido de la Liberaci\u00f3n Dominicana (PLD) Francisco Dom\u00ednguez Brito, calific\u00f3 como \u201cimperdonable\u201d la improvisaci\u00f3n del gobierno en el sistema educativo nacional, se\u00f1alando que la&hellip;<\/p>\n","protected":false},"author":10,"featured_media":106143,"comment_status":"open","ping_status":"open","sticky":false,"template":"","format":"standard","meta":{"content-type":"","jetpack_post_was_ever_published":false,"_jetpack_newsletter_access":"","_jetpack_dont_email_post_to_subs":false,"_jetpack_newsletter_tier_id":0,"_jetpack_memberships_contains_paywalled_content":false,"_jetpack_memberships_contains_paid_content":false,"footnotes":""},"categories":[16559,25],"tags":[7940,171,23046,9682,7189,10975],"class_list":["post-106142","post","type-post","status-publish","format-standard","has-post-thumbnail","hentry","category-politica","category-portada","tag-francisco-dominguez-brito","tag-gobierno","tag-hay-que-planificar","tag-imperdonable","tag-improvisacion","tag-sistema-educativo"],"jetpack_featured_media_url":"https:\/\/lasprimeras.com.do\/wp-content\/uploads\/2025\/08\/Francisco-Dominguez-Brito.jpg","jetpack-related-posts":[{"id":105138,"url":"https:\/\/lasprimeras.com.do\/index.php\/2025\/07\/30\/francisco-dominguez-preocupado-por-el-deterioro-del-sistema-educativo\/","url_meta":{"origin":106142,"position":0},"title":"Francisco Dom\u00ednguez: Preocupado por el deterioro del sistema educativo","author":"Nelson Feliz","date":"30 de julio de 2025","format":false,"excerpt":"Francisco Dom\u00ednguez Brito precisa que no hay posibilidad de que la Rep\u00fablica Dominicana se desarrolle sin mejoras en el sistema formativo. El miembro del Comit\u00e9 Pol\u00edtico del Partido de la Liberaci\u00f3n Dominicana (PLD) Francisco Dom\u00ednguez Brito, lament\u00f3 qu,e previo al inicio del a\u00f1o escolar el debate est\u00e9 concentrado en la\u2026","rel":"","context":"En \u00abPOLITICA\u00bb","block_context":{"text":"POLITICA","link":"https:\/\/lasprimeras.com.do\/index.php\/category\/politica\/"},"img":{"alt_text":"","src":"https:\/\/i0.wp.com\/lasprimeras.com.do\/wp-content\/uploads\/2025\/07\/Francisco-Dominguez-Brito.jpg?resize=350%2C200&ssl=1","width":350,"height":200,"srcset":"https:\/\/i0.wp.com\/lasprimeras.com.do\/wp-content\/uploads\/2025\/07\/Francisco-Dominguez-Brito.jpg?resize=350%2C200&ssl=1 1x, https:\/\/i0.wp.com\/lasprimeras.com.do\/wp-content\/uploads\/2025\/07\/Francisco-Dominguez-Brito.jpg?resize=525%2C300&ssl=1 1.5x, https:\/\/i0.wp.com\/lasprimeras.com.do\/wp-content\/uploads\/2025\/07\/Francisco-Dominguez-Brito.jpg?resize=700%2C400&ssl=1 2x"},"classes":[]},{"id":123006,"url":"https:\/\/lasprimeras.com.do\/index.php\/2026\/02\/24\/francisco-dominguez-brito-responde-a-celso-marranzini-denuncia-colapso-del-sistema-electrico\/","url_meta":{"origin":106142,"position":1},"title":"Francisco Dom\u00ednguez Brito responde a Celso Marranzini: Denuncia colapso del sistema el\u00e9ctrico","author":"Nelson Feliz","date":"24 de febrero de 2026","format":false,"excerpt":"El miembro del Comit\u00e9 Politico del Partido de la Liberaci\u00f3n Dominicana (PLD), Francisco Dom\u00ednguez Brito, dijo acepta el reto planteado por el presidente del Consejo Unificado de las Empresas Distribuidoras de Electricidad, Celso Marranzini, asegurando que asumir\u00e1 el control del sistema el\u00e9ctrico nacional \u201ca partir del 2028, cuando el PLD\u2026","rel":"","context":"En \u00abPOLITICA\u00bb","block_context":{"text":"POLITICA","link":"https:\/\/lasprimeras.com.do\/index.php\/category\/politica\/"},"img":{"alt_text":"Francisco Dom\u00ednguez Brito","src":"https:\/\/i0.wp.com\/lasprimeras.com.do\/wp-content\/uploads\/2026\/02\/Francisco-Dominguez-Brito-2.jpg?resize=350%2C200&ssl=1","width":350,"height":200,"srcset":"https:\/\/i0.wp.com\/lasprimeras.com.do\/wp-content\/uploads\/2026\/02\/Francisco-Dominguez-Brito-2.jpg?resize=350%2C200&ssl=1 1x, https:\/\/i0.wp.com\/lasprimeras.com.do\/wp-content\/uploads\/2026\/02\/Francisco-Dominguez-Brito-2.jpg?resize=525%2C300&ssl=1 1.5x"},"classes":[]},{"id":119685,"url":"https:\/\/lasprimeras.com.do\/index.php\/2026\/01\/15\/francisco-dominguez-brito-fusionar-los-ministerios-de-educacion-seria-un-grave-retroceso\/","url_meta":{"origin":106142,"position":2},"title":"Francisco Dom\u00ednguez Brito: Fusionar los ministerios de Educaci\u00f3n ser\u00eda un grave retroceso","author":"Nelson Feliz","date":"15 de enero de 2026","format":false,"excerpt":"El miembro del Comit\u00e9 Pol\u00edtico del Partido de la Liberaci\u00f3n Dominicana (PLD), Francisco Dom\u00ednguez Brito, advirti\u00f3 sobre las consecuencias que tendr\u00eda la eventual fusi\u00f3n del Ministerio de Educaci\u00f3n con el Ministerio de Educaci\u00f3n Superior, al considerar que no se trata de un simple ajuste administrativo, sino de una decisi\u00f3n con\u2026","rel":"","context":"En \u00abPOLITICA\u00bb","block_context":{"text":"POLITICA","link":"https:\/\/lasprimeras.com.do\/index.php\/category\/politica\/"},"img":{"alt_text":"","src":"https:\/\/i0.wp.com\/lasprimeras.com.do\/wp-content\/uploads\/2026\/01\/fusion.jpg?resize=350%2C200&ssl=1","width":350,"height":200,"srcset":"https:\/\/i0.wp.com\/lasprimeras.com.do\/wp-content\/uploads\/2026\/01\/fusion.jpg?resize=350%2C200&ssl=1 1x, https:\/\/i0.wp.com\/lasprimeras.com.do\/wp-content\/uploads\/2026\/01\/fusion.jpg?resize=525%2C300&ssl=1 1.5x, https:\/\/i0.wp.com\/lasprimeras.com.do\/wp-content\/uploads\/2026\/01\/fusion.jpg?resize=700%2C400&ssl=1 2x, https:\/\/i0.wp.com\/lasprimeras.com.do\/wp-content\/uploads\/2026\/01\/fusion.jpg?resize=1050%2C600&ssl=1 3x"},"classes":[]},{"id":100880,"url":"https:\/\/lasprimeras.com.do\/index.php\/2025\/06\/13\/dominguez-brito-exhorta-al-gobierno-a-proteger-al-pueblo-de-irregularidades-ambientales-y-judiciales\/","url_meta":{"origin":106142,"position":3},"title":"Dom\u00ednguez Brito exhorta al gobierno a proteger al pueblo de irregularidades ambientales y judiciales","author":"Nelson Feliz","date":"13 de junio de 2025","format":false,"excerpt":"\u201cEste es el gobierno m\u00e1s inepto e ineficaz en la historia del manejo de los recursos nacionales\u201d, afirm\u00f3 Francisco Dom\u00ednguez Brito. El miembro del Comit\u00e9 Pol\u00edtico del Partido de la Liberaci\u00f3n Dominicana (PLD) y exprocurador General de la Rep\u00fablica, Francisco Dom\u00ednguez Brito, denunci\u00f3 serias irregularidades en el manejo de temas\u2026","rel":"","context":"En \u00abPOLITICA\u00bb","block_context":{"text":"POLITICA","link":"https:\/\/lasprimeras.com.do\/index.php\/category\/politica\/"},"img":{"alt_text":"Francisco Dom\u00ednguez Brito","src":"https:\/\/i0.wp.com\/lasprimeras.com.do\/wp-content\/uploads\/2025\/06\/Francisco-Dominguez-Brito.jpg?resize=350%2C200&ssl=1","width":350,"height":200,"srcset":"https:\/\/i0.wp.com\/lasprimeras.com.do\/wp-content\/uploads\/2025\/06\/Francisco-Dominguez-Brito.jpg?resize=350%2C200&ssl=1 1x, https:\/\/i0.wp.com\/lasprimeras.com.do\/wp-content\/uploads\/2025\/06\/Francisco-Dominguez-Brito.jpg?resize=525%2C300&ssl=1 1.5x, https:\/\/i0.wp.com\/lasprimeras.com.do\/wp-content\/uploads\/2025\/06\/Francisco-Dominguez-Brito.jpg?resize=700%2C400&ssl=1 2x"},"classes":[]},{"id":107197,"url":"https:\/\/lasprimeras.com.do\/index.php\/2025\/08\/24\/francisco-javier-garcia-hace-denuncia-sobre-improvisacion-en-el-inicio-del-ano-escolar\/","url_meta":{"origin":106142,"position":4},"title":"Francisco Javier Garc\u00eda hace denuncia sobre improvisaci\u00f3n en el inicio del a\u00f1o escolar","author":"Nelson Feliz","date":"24 de agosto de 2025","format":false,"excerpt":"Lament\u00f3 que un funcionario del Minerd informara que alrededor de un 40 % de ni\u00f1os no recibir\u00e1 uniforme escolar antes del inicio a clases. El aspirante presidencial por el Partido de la Liberaci\u00f3n Dominicana (PLD), Francisco Javier Garc\u00eda, afirm\u00f3 que los dominicanos nunca hab\u00edan vivido un nivel de improvisaci\u00f3n tan\u2026","rel":"","context":"En \u00abPOLITICA\u00bb","block_context":{"text":"POLITICA","link":"https:\/\/lasprimeras.com.do\/index.php\/category\/politica\/"},"img":{"alt_text":"","src":"https:\/\/i0.wp.com\/lasprimeras.com.do\/wp-content\/uploads\/2025\/08\/FRANCISCO-JAVIER-GARCIA.jpg?resize=350%2C200&ssl=1","width":350,"height":200,"srcset":"https:\/\/i0.wp.com\/lasprimeras.com.do\/wp-content\/uploads\/2025\/08\/FRANCISCO-JAVIER-GARCIA.jpg?resize=350%2C200&ssl=1 1x, https:\/\/i0.wp.com\/lasprimeras.com.do\/wp-content\/uploads\/2025\/08\/FRANCISCO-JAVIER-GARCIA.jpg?resize=525%2C300&ssl=1 1.5x, https:\/\/i0.wp.com\/lasprimeras.com.do\/wp-content\/uploads\/2025\/08\/FRANCISCO-JAVIER-GARCIA.jpg?resize=700%2C400&ssl=1 2x"},"classes":[]},{"id":111329,"url":"https:\/\/lasprimeras.com.do\/index.php\/2025\/10\/07\/dominguez-brito-abinader-busca-desviar-la-atencion-de-los-escandalos-de-su-gobierno-y-el-colapso-de-los-servicios-publicos\/","url_meta":{"origin":106142,"position":5},"title":"Dom\u00ednguez Brito: \u201c Abinader busca desviar la atenci\u00f3n de los esc\u00e1ndalos de su gobierno y el colapso de los servicios p\u00fablicos\u201d.","author":"Nelson Feliz","date":"7 de octubre de 2025","format":false,"excerpt":"El dirigente pol\u00edtico Francisco Dom\u00ednguez Brito asegur\u00f3 que las recientes declaraciones del presidente Luis Abinader sobre el endeudamiento p\u00fablico no solo son falsas, sino que pretenden distraer al pa\u00eds de los verdaderos problemas que enfrenta la Rep\u00fablica Dominicana: el aumento de la corrupci\u00f3n en sus gobiernos, el colapso de los\u2026","rel":"","context":"En \u00abPOLITICA\u00bb","block_context":{"text":"POLITICA","link":"https:\/\/lasprimeras.com.do\/index.php\/category\/politica\/"},"img":{"alt_text":"","src":"","width":0,"height":0},"classes":[]}],"jetpack_sharing_enabled":true,"_links":{"self":[{"href":"https:\/\/lasprimeras.com.do\/index.php\/wp-json\/wp\/v2\/posts\/106142","targetHints":{"allow":["GET"]}}],"collection":[{"href":"https:\/\/lasprimeras.com.do\/index.php\/wp-json\/wp\/v2\/posts"}],"about":[{"href":"https:\/\/lasprimeras.com.do\/index.php\/wp-json\/wp\/v2\/types\/post"}],"author":[{"embeddable":true,"href":"https:\/\/lasprimeras.com.do\/index.php\/wp-json\/wp\/v2\/users\/10"}],"replies":[{"embeddable":true,"href":"https:\/\/lasprimeras.com.do\/index.php\/wp-json\/wp\/v2\/comments?post=106142"}],"version-history":[{"count":1,"href":"https:\/\/lasprimeras.com.do\/index.php\/wp-json\/wp\/v2\/posts\/106142\/revisions"}],"predecessor-version":[{"id":106144,"href":"https:\/\/lasprimeras.com.do\/index.php\/wp-json\/wp\/v2\/posts\/106142\/revisions\/106144"}],"wp:featuredmedia":[{"embeddable":true,"href":"https:\/\/lasprimeras.com.do\/index.php\/wp-json\/wp\/v2\/media\/106143"}],"wp:attachment":[{"href":"https:\/\/lasprimeras.com.do\/index.php\/wp-json\/wp\/v2\/media?parent=106142"}],"wp:term":[{"taxonomy":"category","embeddable":true,"href":"https:\/\/lasprimeras.com.do\/index.php\/wp-json\/wp\/v2\/categories?post=106142"},{"taxonomy":"post_tag","embeddable":true,"href":"https:\/\/lasprimeras.com.do\/index.php\/wp-json\/wp\/v2\/tags?post=106142"}],"curies":[{"name":"wp","href":"https:\/\/api.w.org\/{rel}","templated":true}]}}