{"id":106145,"date":"2025-08-11T09:30:51","date_gmt":"2025-08-11T13:30:51","guid":{"rendered":"https:\/\/lasprimeras.com.do\/?p=106145"},"modified":"2025-08-11T09:30:52","modified_gmt":"2025-08-11T13:30:52","slug":"gobierno-desmonta-la-tanda-extendida-y-condena-a-miles-de-familias-al-retroceso-educativo","status":"publish","type":"post","link":"https:\/\/lasprimeras.com.do\/index.php\/2025\/08\/11\/gobierno-desmonta-la-tanda-extendida-y-condena-a-miles-de-familias-al-retroceso-educativo\/","title":{"rendered":"Gobierno desmonta la Tanda Extendida y condena a miles de familias al retroceso educativo"},"content":{"rendered":"\n<p><strong>Andr\u00e9s de las Mercedes advierte que la improvisaci\u00f3n del gobierno del PRM est\u00e1 afectando gravemente la calidad educativa.<\/strong><\/p>\n\n\n\n<p>El miembro de su Comit\u00e9 Central del Partido de la Liberaci\u00f3n Dominicana (PLD) Profesor Andr\u00e9s de las Mercedes, denunci\u00f3 que el actual gobierno del PRM est\u00e1 desmontando la Jornada Escolar Extendida, provocando un retroceso alarmante en la cobertura educativa y afectando directamente a miles de familias dominicanas.<\/p>\n\n\n\n<p>\u201cHa habido un proceso de franca reversi\u00f3n en el sistema educativo dominicano; la Tanda Extendida est\u00e1 siendo desmontada, el cupo en las escuelas es un esc\u00e1ndalo, y los padres tienen que levantarse de madrugada para conseguir un asiento para sus hijos\u201d, afirm\u00f3 de las Mercedes, se\u00f1alando que la sobredemanda y la sobrepoblaci\u00f3n escolar son evidentes, sobre todo en las zonas m\u00e1s densamente habitadas del pa\u00eds.<\/p>\n\n\n\n<p>El dirigente pelede\u00edsta respald\u00f3 las recientes declaraciones del expresidente Danilo Medina, presidente del PLD, quien calific\u00f3 de \u201ccriminal\u201d que el gobierno no haya concluido las 11,000 aulas que fueron dejadas en construcci\u00f3n por su administraci\u00f3n. \u201cDe esas aulas, solo se han entregado 2,915, lo que explica la crisis actual de cupos\u201d, puntualiz\u00f3.<\/p>\n\n\n\n<p>El dirigente pelede\u00edsta record\u00f3 que el PLD dej\u00f3 en proceso de construcci\u00f3n 718 planteles escolares para alcanzar la cobertura plena de la Jornada Escolar Extendida, pol\u00edtica que, adem\u00e1s de mejorar la calidad de la ense\u00f1anza, garantizaba desayuno, merienda y cena a los estudiantes. \u201cEra un gran alivio para las familias dominicanas, no solo en t\u00e9rminos educativos, sino tambi\u00e9n econ\u00f3micos y sociales\u201d, dijo.<\/p>\n\n\n\n<p>Asimismo, Andr\u00e9s de las Mercedes denunci\u00f3 que el Ministerio de Educaci\u00f3n ha emitido disposiciones para que escuelas que funcionaban en jornada extendida pasen nuevamente a dos tandas, reduciendo la permanencia de los estudiantes en las aulas y limitando el acceso a los programas de alimentaci\u00f3n escolar.<\/p>\n\n\n\n<p>\u201cPasamos de la planificaci\u00f3n a la improvisaci\u00f3n. Se desmontan pol\u00edticas como el programa Docentes de Excelencia y se rebajan los requisitos de ingreso a la carrera de educaci\u00f3n. Esto inevitablemente impactar\u00e1 en la calidad de nuestros maestros y, por ende, en la educaci\u00f3n de nuestros ni\u00f1os\u201d, advirti\u00f3.<\/p>\n\n\n\n<p>En relaci\u00f3n con la intenci\u00f3n del gobierno de unificar el Ministerio de Educaci\u00f3n con el de Educaci\u00f3n Superior, Ciencia y Tecnolog\u00eda, de las Mercedes calific\u00f3 la medida como un \u201cretroceso\u201d que no responde ni a la Estrategia Nacional de Desarrollo ni al Pacto para la Reforma Educativa.<\/p>\n\n\n\n<p>Andr\u00e9s de las Mercedes, alert\u00f3 que el pr\u00f3ximo a\u00f1o escolar iniciar\u00e1 \u201ccon los mismos problemas incrementados\u201d y lament\u00f3 que el actual gobierno se haya dedicado a desmontar pol\u00edticas que contaban con consenso nacional y resultados comprobados.<\/p>\n\n\n\n<p>\u201cLa educaci\u00f3n no es un relajo. Aqu\u00ed hab\u00eda un pacto firmado por todo el liderazgo nacional en 2013 para fortalecerla. Hoy, tristemente, vemos c\u00f3mo se incumple\u201d, concluy\u00f3.<\/p>\n","protected":false},"excerpt":{"rendered":"<p>Andr\u00e9s de las Mercedes advierte que la improvisaci\u00f3n del gobierno del PRM est\u00e1 afectando gravemente la calidad educativa. El miembro de su Comit\u00e9 Central del Partido de la Liberaci\u00f3n Dominicana&hellip;<\/p>\n","protected":false},"author":10,"featured_media":106146,"comment_status":"open","ping_status":"open","sticky":false,"template":"","format":"standard","meta":{"content-type":"","jetpack_post_was_ever_published":false,"_jetpack_newsletter_access":"","_jetpack_dont_email_post_to_subs":false,"_jetpack_newsletter_tier_id":0,"_jetpack_memberships_contains_paywalled_content":false,"_jetpack_memberships_contains_paid_content":false,"footnotes":""},"categories":[16559],"tags":[417,4522,2085,1061,171,1197,5972,22618],"class_list":["post-106145","post","type-post","status-publish","format-standard","has-post-thumbnail","hentry","category-politica","tag-condena","tag-desmonta","tag-educativo","tag-familias","tag-gobierno","tag-miles","tag-retroceso","tag-tanda-extendida"],"jetpack_featured_media_url":"https:\/\/lasprimeras.com.do\/wp-content\/uploads\/2025\/08\/escuelas.jpeg","jetpack-related-posts":[{"id":105373,"url":"https:\/\/lasprimeras.com.do\/index.php\/2025\/08\/03\/danilo-medina-denuncia-el-abandono-de-11-mil-aulas-y-califica-como-criminal-el-retroceso-del-modelo-de-tanda-extendida\/","url_meta":{"origin":106145,"position":0},"title":"Danilo Medina denuncia el abandono de 11 mil aulas y califica como \u201ccriminal\u201d el retroceso del modelo de Tanda Extendida","author":"Nelson Feliz","date":"3 de agosto de 2025","format":false,"excerpt":"El expresidente de la Rep\u00fablica y presidente del Partido de la Liberaci\u00f3n Dominicana (PLD), Danilo Medina, calific\u00f3 como \u201ccriminal\u201d la decisi\u00f3n del actual Gobierno de abandonar el modelo de Tanda Extendida y no concluir las 11 mil aulas que su gesti\u00f3n dej\u00f3 pr\u00e1cticamente terminadas. \u201cEs lamentable que, por no darle\u2026","rel":"","context":"En \u00abPOLITICA\u00bb","block_context":{"text":"POLITICA","link":"https:\/\/lasprimeras.com.do\/index.php\/category\/politica\/"},"img":{"alt_text":"","src":"https:\/\/i0.wp.com\/lasprimeras.com.do\/wp-content\/uploads\/2025\/08\/WhatsApp-Image-2025-08-03-at-2.11.09-PM.jpg?resize=350%2C200&ssl=1","width":350,"height":200,"srcset":"https:\/\/i0.wp.com\/lasprimeras.com.do\/wp-content\/uploads\/2025\/08\/WhatsApp-Image-2025-08-03-at-2.11.09-PM.jpg?resize=350%2C200&ssl=1 1x, https:\/\/i0.wp.com\/lasprimeras.com.do\/wp-content\/uploads\/2025\/08\/WhatsApp-Image-2025-08-03-at-2.11.09-PM.jpg?resize=525%2C300&ssl=1 1.5x, https:\/\/i0.wp.com\/lasprimeras.com.do\/wp-content\/uploads\/2025\/08\/WhatsApp-Image-2025-08-03-at-2.11.09-PM.jpg?resize=700%2C400&ssl=1 2x"},"classes":[]},{"id":51329,"url":"https:\/\/lasprimeras.com.do\/index.php\/2023\/05\/30\/expresidenta-del-adpla-tanda-extendidas-se-aplico-como-un-programa-de-asistencia-social\/","url_meta":{"origin":106145,"position":1},"title":"Expresidenta del ADP:&#8221;La Tanda Extendidas se aplic\u00f3 como un programa de asistencia social&#8221;","author":"prenxa100","date":"30 de mayo de 2023","format":false,"excerpt":"Santo Domingo.-. La ex-Presidenta de la Asociaci\u00f3n Dominicana de Profesores, Mar\u00eda Teresa Cabrera, declar\u00f3 que la Jornada de Tanda Extendidas se aplic\u00f3 desde su or\u00edgenes como un programa de asistencia social. La precandidata presidencial, sostuvo que la Jornada de Tanda Extendida debi\u00f3 ser una estrategia para mejorar el sistema educativo.\u2026","rel":"","context":"En \u00abNACIONALES\u00bb","block_context":{"text":"NACIONALES","link":"https:\/\/lasprimeras.com.do\/index.php\/category\/nacionales\/"},"img":{"alt_text":"","src":"","width":0,"height":0},"classes":[]},{"id":105520,"url":"https:\/\/lasprimeras.com.do\/index.php\/2025\/08\/04\/donde-esta-el-dinero-del-4-pld-exige-rendicion-de-cuentas-en-educacion\/","url_meta":{"origin":106145,"position":2},"title":"\u201c\u00bfD\u00f3nde est\u00e1 el dinero del 4%?\u201d: PLD exige rendici\u00f3n de cuentas en Educaci\u00f3n","author":"Nelson Feliz","date":"4 de agosto de 2025","format":false,"excerpt":"El Partido de la Liberaci\u00f3n Dominicana (PLD), fiel a su compromiso hist\u00f3rico e inquebrantable con la educaci\u00f3n dominicana, denunci\u00f3 este lunes el grave deterioro del sistema educativo durante los \u00faltimos cinco a\u00f1os de gobierno del presidente Luis Abinader, pese a contar con un presupuesto hist\u00f3ricamente alto. La denuncia fue presentada\u2026","rel":"","context":"En \u00abPOLITICA\u00bb","block_context":{"text":"POLITICA","link":"https:\/\/lasprimeras.com.do\/index.php\/category\/politica\/"},"img":{"alt_text":"","src":"https:\/\/i0.wp.com\/lasprimeras.com.do\/wp-content\/uploads\/2025\/08\/melaneo-paredes.jpg?resize=350%2C200&ssl=1","width":350,"height":200,"srcset":"https:\/\/i0.wp.com\/lasprimeras.com.do\/wp-content\/uploads\/2025\/08\/melaneo-paredes.jpg?resize=350%2C200&ssl=1 1x, https:\/\/i0.wp.com\/lasprimeras.com.do\/wp-content\/uploads\/2025\/08\/melaneo-paredes.jpg?resize=525%2C300&ssl=1 1.5x"},"classes":[]},{"id":59701,"url":"https:\/\/lasprimeras.com.do\/index.php\/2023\/09\/06\/gabinete-tecnico-del-pld-autoridades-del-prm-fracasaron-en-la-gestion-de-la-educacion-dominicana\/","url_meta":{"origin":106145,"position":3},"title":"Gabinete T\u00e9cnico del PLD: Autoridades del PRM fracasaron en la gesti\u00f3n de la educaci\u00f3n dominicana","author":"Nelson Feliz","date":"6 de septiembre de 2023","format":false,"excerpt":"El secretario de Educaci\u00f3n del Partido de la Liberaci\u00f3n Dominicana, Andr\u00e9s de las Mercedes, denunci\u00f3 que la improvisaci\u00f3n y el desorden imperan en el inicio del a\u00f1o escolar evidenciando el fracaso de las autoridades del PRM en la gesti\u00f3n de la educaci\u00f3n dominicana. De las Mercedes declar\u00f3 que el retroceso\u2026","rel":"","context":"En \u00abSin categor\u00eda\u00bb","block_context":{"text":"Sin categor\u00eda","link":"https:\/\/lasprimeras.com.do\/index.php\/category\/sin-categoria\/"},"img":{"alt_text":"Andr\u00e9s de las Mercedes","src":"https:\/\/i0.wp.com\/lasprimeras.com.do\/wp-content\/uploads\/2023\/09\/Andres-de-las-Mercedes.jpg?resize=350%2C200&ssl=1","width":350,"height":200,"srcset":"https:\/\/i0.wp.com\/lasprimeras.com.do\/wp-content\/uploads\/2023\/09\/Andres-de-las-Mercedes.jpg?resize=350%2C200&ssl=1 1x, https:\/\/i0.wp.com\/lasprimeras.com.do\/wp-content\/uploads\/2023\/09\/Andres-de-las-Mercedes.jpg?resize=525%2C300&ssl=1 1.5x, https:\/\/i0.wp.com\/lasprimeras.com.do\/wp-content\/uploads\/2023\/09\/Andres-de-las-Mercedes.jpg?resize=700%2C400&ssl=1 2x"},"classes":[]},{"id":85371,"url":"https:\/\/lasprimeras.com.do\/index.php\/2024\/06\/28\/4-del-pib-en-educacion-en-gobierno-del-pld-fue-mas-efectivo-que-actual-gestion\/","url_meta":{"origin":106145,"position":4},"title":"4 % del PIB en educaci\u00f3n en Gobierno del PLD fue m\u00e1s efectivo que actual gesti\u00f3n","author":"Nelson Feliz","date":"28 de junio de 2024","format":false,"excerpt":"Inicio de cada a\u00f1o escolar ha evidenciado el fracaso de las autoridades del PRM, denuncia el Secretario de Educaci\u00f3n del PLD, Andr\u00e9s de las Mercedes. El Partido de la Liberaci\u00f3n Dominicana, PLD, asegur\u00f3 que la inversi\u00f3n del 4% del Producto Interno Bruto, PIB, en educaci\u00f3n fue m\u00e1s efectiva en los\u2026","rel":"","context":"En \u00abPORTADA\u00bb","block_context":{"text":"PORTADA","link":"https:\/\/lasprimeras.com.do\/index.php\/category\/portada\/"},"img":{"alt_text":"","src":"https:\/\/i0.wp.com\/lasprimeras.com.do\/wp-content\/uploads\/2023\/06\/Casa-Nacional-PLD.jpg?resize=350%2C200&ssl=1","width":350,"height":200,"srcset":"https:\/\/i0.wp.com\/lasprimeras.com.do\/wp-content\/uploads\/2023\/06\/Casa-Nacional-PLD.jpg?resize=350%2C200&ssl=1 1x, https:\/\/i0.wp.com\/lasprimeras.com.do\/wp-content\/uploads\/2023\/06\/Casa-Nacional-PLD.jpg?resize=525%2C300&ssl=1 1.5x, https:\/\/i0.wp.com\/lasprimeras.com.do\/wp-content\/uploads\/2023\/06\/Casa-Nacional-PLD.jpg?resize=700%2C400&ssl=1 2x"},"classes":[]},{"id":105138,"url":"https:\/\/lasprimeras.com.do\/index.php\/2025\/07\/30\/francisco-dominguez-preocupado-por-el-deterioro-del-sistema-educativo\/","url_meta":{"origin":106145,"position":5},"title":"Francisco Dom\u00ednguez: Preocupado por el deterioro del sistema educativo","author":"Nelson Feliz","date":"30 de julio de 2025","format":false,"excerpt":"Francisco Dom\u00ednguez Brito precisa que no hay posibilidad de que la Rep\u00fablica Dominicana se desarrolle sin mejoras en el sistema formativo. El miembro del Comit\u00e9 Pol\u00edtico del Partido de la Liberaci\u00f3n Dominicana (PLD) Francisco Dom\u00ednguez Brito, lament\u00f3 qu,e previo al inicio del a\u00f1o escolar el debate est\u00e9 concentrado en la\u2026","rel":"","context":"En \u00abPOLITICA\u00bb","block_context":{"text":"POLITICA","link":"https:\/\/lasprimeras.com.do\/index.php\/category\/politica\/"},"img":{"alt_text":"","src":"https:\/\/i0.wp.com\/lasprimeras.com.do\/wp-content\/uploads\/2025\/07\/Francisco-Dominguez-Brito.jpg?resize=350%2C200&ssl=1","width":350,"height":200,"srcset":"https:\/\/i0.wp.com\/lasprimeras.com.do\/wp-content\/uploads\/2025\/07\/Francisco-Dominguez-Brito.jpg?resize=350%2C200&ssl=1 1x, https:\/\/i0.wp.com\/lasprimeras.com.do\/wp-content\/uploads\/2025\/07\/Francisco-Dominguez-Brito.jpg?resize=525%2C300&ssl=1 1.5x, https:\/\/i0.wp.com\/lasprimeras.com.do\/wp-content\/uploads\/2025\/07\/Francisco-Dominguez-Brito.jpg?resize=700%2C400&ssl=1 2x"},"classes":[]}],"jetpack_sharing_enabled":true,"_links":{"self":[{"href":"https:\/\/lasprimeras.com.do\/index.php\/wp-json\/wp\/v2\/posts\/106145","targetHints":{"allow":["GET"]}}],"collection":[{"href":"https:\/\/lasprimeras.com.do\/index.php\/wp-json\/wp\/v2\/posts"}],"about":[{"href":"https:\/\/lasprimeras.com.do\/index.php\/wp-json\/wp\/v2\/types\/post"}],"author":[{"embeddable":true,"href":"https:\/\/lasprimeras.com.do\/index.php\/wp-json\/wp\/v2\/users\/10"}],"replies":[{"embeddable":true,"href":"https:\/\/lasprimeras.com.do\/index.php\/wp-json\/wp\/v2\/comments?post=106145"}],"version-history":[{"count":1,"href":"https:\/\/lasprimeras.com.do\/index.php\/wp-json\/wp\/v2\/posts\/106145\/revisions"}],"predecessor-version":[{"id":106147,"href":"https:\/\/lasprimeras.com.do\/index.php\/wp-json\/wp\/v2\/posts\/106145\/revisions\/106147"}],"wp:featuredmedia":[{"embeddable":true,"href":"https:\/\/lasprimeras.com.do\/index.php\/wp-json\/wp\/v2\/media\/106146"}],"wp:attachment":[{"href":"https:\/\/lasprimeras.com.do\/index.php\/wp-json\/wp\/v2\/media?parent=106145"}],"wp:term":[{"taxonomy":"category","embeddable":true,"href":"https:\/\/lasprimeras.com.do\/index.php\/wp-json\/wp\/v2\/categories?post=106145"},{"taxonomy":"post_tag","embeddable":true,"href":"https:\/\/lasprimeras.com.do\/index.php\/wp-json\/wp\/v2\/tags?post=106145"}],"curies":[{"name":"wp","href":"https:\/\/api.w.org\/{rel}","templated":true}]}}