{"id":106154,"date":"2025-08-11T11:23:08","date_gmt":"2025-08-11T15:23:08","guid":{"rendered":"https:\/\/lasprimeras.com.do\/?p=106154"},"modified":"2025-08-11T11:23:10","modified_gmt":"2025-08-11T15:23:10","slug":"cmd-y-el-banco-bhd-firman-acuerdo-para-impulsar-el-bienestar-de-los-medicos","status":"publish","type":"post","link":"https:\/\/lasprimeras.com.do\/index.php\/2025\/08\/11\/cmd-y-el-banco-bhd-firman-acuerdo-para-impulsar-el-bienestar-de-los-medicos\/","title":{"rendered":"CMD y el Banco BHD firman acuerdo para impulsar el bienestar de los m\u00e9dicos"},"content":{"rendered":"\n<p><strong>La entidad financiera ofrecer\u00e1 facilidades bancarias con condiciones preferenciales y un programa de educaci\u00f3n financiera que incluye asesor\u00edas, como un reconocimiento a los profesionales de la salud.<\/strong><\/p>\n\n\n\n<p>El Colegio M\u00e9dico Dominicano (CMD) y el Banco BHD anunciaron la firma de un acuerdo interinstitucional con el prop\u00f3sito de ofrecer a los m\u00e9dicos miembros de este gremio, acompa\u00f1amiento financiero, asesor\u00edas y soluciones adaptadas a sus necesidades.<\/p>\n\n\n\n<p>El convenio fue firmado por el doctor Waldo Ariel Suero, presidente del Colegio M\u00e9dico Dominicano y la se\u00f1ora Josefina Gonz\u00e1lez, vicepresidenta ejecutiva de Banca Personas y Negocios del Banco BHD.<\/p>\n\n\n\n<p>Durante el acto de firma, Gonz\u00e1lez expres\u00f3 que \u201cen el Banco BHD seguimos fortaleciendo nuestra propuesta de valor no financiera para el sector salud y los emprendedores m\u00e9dicos.<\/p>\n\n\n\n<p>Esta alianza con el Colegio M\u00e9dico Dominicano, organismo que agrupa y representa a los m\u00e9dicos del pa\u00eds, va de la mano con nuestro prop\u00f3sito com\u00fan de impulsar el progreso humano.<\/p>\n\n\n\n<p>Queremos ayudar a construir un futuro m\u00e1s estable y humano para quienes dedican su vida a cuidar la salud de los dem\u00e1s\u201d.<\/p>\n\n\n\n<figure class=\"wp-block-image size-large\"><img decoding=\"async\" width=\"1024\" height=\"682\" src=\"https:\/\/lasprimeras.com.do\/wp-content\/uploads\/2025\/08\/dos-1-1024x682.jpg\" alt=\"\" class=\"wp-image-106156\" srcset=\"https:\/\/lasprimeras.com.do\/wp-content\/uploads\/2025\/08\/dos-1-1024x682.jpg 1024w, https:\/\/lasprimeras.com.do\/wp-content\/uploads\/2025\/08\/dos-1-300x200.jpg 300w, https:\/\/lasprimeras.com.do\/wp-content\/uploads\/2025\/08\/dos-1-768x512.jpg 768w, https:\/\/lasprimeras.com.do\/wp-content\/uploads\/2025\/08\/dos-1-1536x1023.jpg 1536w, https:\/\/lasprimeras.com.do\/wp-content\/uploads\/2025\/08\/dos-1.jpg 1600w\" sizes=\"(max-width: 1024px) 100vw, 1024px\" \/><\/figure>\n\n\n\n<p>De su lado, el presidente del Colegio M\u00e9dico Dominicano enfatiz\u00f3 que \u201cgracias a este acuerdo, nuestros m\u00e9dicos no solo cuentan con respaldo financiero, sino tambi\u00e9n con el reconocimiento que merecen por su entrega diaria y su trabajo incansable. M\u00e1s que una firma, celebramos una visi\u00f3n compartida\u201d.<\/p>\n\n\n\n<p><strong>Ventajas exclusivas<\/strong><\/p>\n\n\n\n<p>Como parte de esta alianza los miembros del Colegio M\u00e9dico Dominicano podr\u00e1n optar por pr\u00e9stamos hipotecarios para la adquisici\u00f3n y remodelaci\u00f3n de viviendas con tasas fijas desde 6 meses hasta 5 a\u00f1os.<\/p>\n\n\n\n<p>Los m\u00e9dicos solicitantes obtendr\u00e1n facilidades exclusivas tales como: tasaciones gratis durante el primer a\u00f1o del acuerdo; exoneraci\u00f3n de penalidad de abono, cancelaci\u00f3n anticipada durante los dos primeros a\u00f1os y honorarios legales diferenciados con su pr\u00e9stamo hipotecario.<\/p>\n\n\n\n<p>De igual forma, en el marco de la celebraci\u00f3n del D\u00eda del M\u00e9dico Dominicano, el convenio contempla la realizaci\u00f3n de una feria de productos y servicios en la que los m\u00e9dicos interesados podr\u00e1n solicitar pr\u00e9stamos de veh\u00edculos con tasas y condiciones preferenciales, l\u00edneas de cr\u00e9dito, leasing para adquisici\u00f3n de equipos m\u00e9dicos y tarjetas de cr\u00e9dito, entre estas la tarjeta Mujer, con el cargo de emisi\u00f3n ser\u00e1 exonerado.<\/p>\n\n\n\n<p>Asimismo, los m\u00e9dicos participantes recibir\u00e1n orientaci\u00f3n sobre el uso de productos financieros.<\/p>\n\n\n\n<p>Durante la feria, que se llevar\u00e1 a cabo en las instalaciones del Colegio M\u00e9dico Dominicano del 18 al 23 de agosto de 2025, los interesados contar\u00e1n con diversos estands de empresas constructoras e inmobiliarias, as\u00ed como una exposici\u00f3n de veh\u00edculos nuevos y usados, para mayor comodidad.<\/p>\n\n\n\n<p>En el acto de firma del acuerdo tambi\u00e9n estuvieron presentes integrantes de la directiva del Colegio M\u00e9dico Dominicano y ejecutivos de la entidad financiera.<\/p>\n","protected":false},"excerpt":{"rendered":"<p>La entidad financiera ofrecer\u00e1 facilidades bancarias con condiciones preferenciales y un programa de educaci\u00f3n financiera que incluye asesor\u00edas, como un reconocimiento a los profesionales de la salud. El Colegio M\u00e9dico&hellip;<\/p>\n","protected":false},"author":10,"featured_media":106155,"comment_status":"open","ping_status":"open","sticky":false,"template":"","format":"standard","meta":{"content-type":"","jetpack_post_was_ever_published":false,"_jetpack_newsletter_access":"","_jetpack_dont_email_post_to_subs":false,"_jetpack_newsletter_tier_id":0,"_jetpack_memberships_contains_paywalled_content":false,"_jetpack_memberships_contains_paid_content":false,"footnotes":""},"categories":[25,16558],"tags":[521,10999,2168,1057,961],"class_list":["post-106154","post","type-post","status-publish","format-standard","has-post-thumbnail","hentry","category-portada","category-salud","tag-acuerdo","tag-banco-bhd","tag-bienestar","tag-cmd","tag-medicos"],"jetpack_featured_media_url":"https:\/\/lasprimeras.com.do\/wp-content\/uploads\/2025\/08\/una.jpg","jetpack-related-posts":[{"id":73292,"url":"https:\/\/lasprimeras.com.do\/index.php\/2024\/01\/08\/bid-invest-y-banco-bhd-impulsan-las-mipymes-lideradas-por-mujeres-en-republica-dominicana\/","url_meta":{"origin":106154,"position":0},"title":"BID Invest y Banco BHD impulsan las mipymes lideradas por mujeres en Rep\u00fablica Dominicana","author":"Nelson Feliz","date":"8 de enero de 2024","format":false,"excerpt":"BID Invest anuncia el otorgamiento de un pr\u00e9stamo subordinado para Banco BHD por US$75 millones por un plazo de hasta siete a\u00f1os. Este financiamiento apoyar\u00e1 a las micro, peque\u00f1as y medianas empresas (mipymes) lideradas o propiedad de mujeres en Rep\u00fablica Dominicana al otorgarles mayor acceso al cr\u00e9dito a trav\u00e9s de\u2026","rel":"","context":"En \u00abECONOM\u00cdA\u00bb","block_context":{"text":"ECONOM\u00cdA","link":"https:\/\/lasprimeras.com.do\/index.php\/category\/economia\/"},"img":{"alt_text":"Sede BID","src":"https:\/\/i0.wp.com\/lasprimeras.com.do\/wp-content\/uploads\/2023\/11\/Sede-BID.jpg?resize=350%2C200&ssl=1","width":350,"height":200,"srcset":"https:\/\/i0.wp.com\/lasprimeras.com.do\/wp-content\/uploads\/2023\/11\/Sede-BID.jpg?resize=350%2C200&ssl=1 1x, https:\/\/i0.wp.com\/lasprimeras.com.do\/wp-content\/uploads\/2023\/11\/Sede-BID.jpg?resize=525%2C300&ssl=1 1.5x, https:\/\/i0.wp.com\/lasprimeras.com.do\/wp-content\/uploads\/2023\/11\/Sede-BID.jpg?resize=700%2C400&ssl=1 2x"},"classes":[]},{"id":120155,"url":"https:\/\/lasprimeras.com.do\/index.php\/2026\/01\/21\/bhd-y-embajada-rd-en-espana-dialogan-sobre-proyectos-sociales-y-economicos-en-fitur\/","url_meta":{"origin":106154,"position":1},"title":"BHD y embajada RD en Espa\u00f1a dialogan sobre proyectos sociales y econ\u00f3micos en Fitur","author":"Nelson Feliz","date":"21 de enero de 2026","format":false,"excerpt":"MADRID.- El Banco BHD realiz\u00f3 un almuerzo con la Embajada de la Rep\u00fablica Dominicana en Espa\u00f1a en el que se intercambiaron informaciones sobre diferentes iniciativas de ambas partes en los \u00e1mbitos social y econ\u00f3mico. En el encuentro, desarrollado en el marco de la participaci\u00f3n de BHD en la Feria Internacional\u2026","rel":"","context":"En \u00abECONOM\u00cdA\u00bb","block_context":{"text":"ECONOM\u00cdA","link":"https:\/\/lasprimeras.com.do\/index.php\/category\/economia\/"},"img":{"alt_text":"Banco BHD","src":"https:\/\/i0.wp.com\/lasprimeras.com.do\/wp-content\/uploads\/2026\/01\/Banco-BHD.jpg?resize=350%2C200&ssl=1","width":350,"height":200,"srcset":"https:\/\/i0.wp.com\/lasprimeras.com.do\/wp-content\/uploads\/2026\/01\/Banco-BHD.jpg?resize=350%2C200&ssl=1 1x, https:\/\/i0.wp.com\/lasprimeras.com.do\/wp-content\/uploads\/2026\/01\/Banco-BHD.jpg?resize=525%2C300&ssl=1 1.5x, https:\/\/i0.wp.com\/lasprimeras.com.do\/wp-content\/uploads\/2026\/01\/Banco-BHD.jpg?resize=700%2C400&ssl=1 2x"},"classes":[]},{"id":108464,"url":"https:\/\/lasprimeras.com.do\/index.php\/2025\/09\/07\/presidente-ejecutivo-de-banreservas-recibe-visita-de-ejecutivos-del-bhd\/","url_meta":{"origin":106154,"position":2},"title":"Presidente ejecutivo de Banreservas recibe visita de ejecutivos del BHD","author":"Nelson Feliz","date":"7 de septiembre de 2025","format":false,"excerpt":"El presidente ejecutivo del Banco de Reservas, doctor Leonardo Aguilera, recibi\u00f3 en la sede de la instituci\u00f3n a los principales ejecutivos del Banco Hipotecario Dominicano (BHD) y otras empresas de ese grupo financiero, con el objetivo de fortalecer la colaboraci\u00f3n institucional y contribuir a la estabilidad del sistema financiero nacional.\u2026","rel":"","context":"En \u00abECONOM\u00cdA\u00bb","block_context":{"text":"ECONOM\u00cdA","link":"https:\/\/lasprimeras.com.do\/index.php\/category\/economia\/"},"img":{"alt_text":"","src":"https:\/\/i0.wp.com\/lasprimeras.com.do\/wp-content\/uploads\/2025\/09\/visita.jpg?resize=350%2C200&ssl=1","width":350,"height":200,"srcset":"https:\/\/i0.wp.com\/lasprimeras.com.do\/wp-content\/uploads\/2025\/09\/visita.jpg?resize=350%2C200&ssl=1 1x, https:\/\/i0.wp.com\/lasprimeras.com.do\/wp-content\/uploads\/2025\/09\/visita.jpg?resize=525%2C300&ssl=1 1.5x, https:\/\/i0.wp.com\/lasprimeras.com.do\/wp-content\/uploads\/2025\/09\/visita.jpg?resize=700%2C400&ssl=1 2x"},"classes":[]},{"id":120069,"url":"https:\/\/lasprimeras.com.do\/index.php\/2026\/01\/20\/bhd-reconoce-en-fitur-labor-de-ministro-david-collado-en-favor-del-turismo\/","url_meta":{"origin":106154,"position":3},"title":"BHD reconoce en FITUR labor de ministro David Collado en favor del turismo","author":"Nelson Feliz","date":"20 de enero de 2026","format":false,"excerpt":"BHD reconoce en FITUR labor de ministro David Collado en favor del turismo","rel":"","context":"En \u00abPORTADA\u00bb","block_context":{"text":"PORTADA","link":"https:\/\/lasprimeras.com.do\/index.php\/category\/portada\/"},"img":{"alt_text":"David Collado","src":"https:\/\/i0.wp.com\/lasprimeras.com.do\/wp-content\/uploads\/2026\/01\/David-Collado.jpg?resize=350%2C200&ssl=1","width":350,"height":200,"srcset":"https:\/\/i0.wp.com\/lasprimeras.com.do\/wp-content\/uploads\/2026\/01\/David-Collado.jpg?resize=350%2C200&ssl=1 1x, https:\/\/i0.wp.com\/lasprimeras.com.do\/wp-content\/uploads\/2026\/01\/David-Collado.jpg?resize=525%2C300&ssl=1 1.5x, https:\/\/i0.wp.com\/lasprimeras.com.do\/wp-content\/uploads\/2026\/01\/David-Collado.jpg?resize=700%2C400&ssl=1 2x"},"classes":[]},{"id":115732,"url":"https:\/\/lasprimeras.com.do\/index.php\/2025\/11\/24\/bhd-celebra-decima-edicion-del-premio-mujeres-que-cambian-el-mundo\/","url_meta":{"origin":106154,"position":4},"title":"BHD celebra d\u00e9cima edici\u00f3n del Premio \u201cMujeres que Cambian el Mundo\u201d","author":"Nelson Feliz","date":"24 de noviembre de 2025","format":false,"excerpt":"Al arribar al d\u00e9cimo aniversario de la premiaci\u00f3n, la entidad financiera logra hito de reconocer a m\u00e1s de cien mujeres de todo el pa\u00eds. El Banco BHD celebr\u00f3 la d\u00e9cima edici\u00f3n del Premio Mujeres que Cambian el Mundo, en la que result\u00f3 ganadora del primer lugar la activista comunitaria Nellys\u2026","rel":"","context":"En \u00abECONOM\u00cdA\u00bb","block_context":{"text":"ECONOM\u00cdA","link":"https:\/\/lasprimeras.com.do\/index.php\/category\/economia\/"},"img":{"alt_text":"","src":"https:\/\/i0.wp.com\/lasprimeras.com.do\/wp-content\/uploads\/2025\/11\/BHD.jpg?resize=350%2C200&ssl=1","width":350,"height":200,"srcset":"https:\/\/i0.wp.com\/lasprimeras.com.do\/wp-content\/uploads\/2025\/11\/BHD.jpg?resize=350%2C200&ssl=1 1x, https:\/\/i0.wp.com\/lasprimeras.com.do\/wp-content\/uploads\/2025\/11\/BHD.jpg?resize=525%2C300&ssl=1 1.5x, https:\/\/i0.wp.com\/lasprimeras.com.do\/wp-content\/uploads\/2025\/11\/BHD.jpg?resize=700%2C400&ssl=1 2x"},"classes":[]},{"id":58052,"url":"https:\/\/lasprimeras.com.do\/index.php\/2023\/08\/18\/bhd-dispone-fondo-de-30-millones-de-pesos-para-mipymes-de-san-cristobal-y-bomberos-del-pais\/","url_meta":{"origin":106154,"position":5},"title":"BHD dispone fondo de 30 millones de pesos para mipymes de San Crist\u00f3bal y bomberos del pa\u00eds","author":"Nelson Feliz","date":"18 de agosto de 2023","format":false,"excerpt":"El fondo tambi\u00e9n incluye un aporte para el fortalecimiento de estaciones de bomberos en Rep\u00fablica Dominicana. El Banco BHD anunci\u00f3 la disposici\u00f3n de un fondo solidario por RD$ 30,000,000 destinados a colaborar con las necesidades de la provincia San Crist\u00f3bal, espec\u00edficamente de la comunidad comercial afectada por la explosi\u00f3n del\u2026","rel":"","context":"En \u00abECONOM\u00cdA\u00bb","block_context":{"text":"ECONOM\u00cdA","link":"https:\/\/lasprimeras.com.do\/index.php\/category\/economia\/"},"img":{"alt_text":"Dos bomberos observan una de las estructuras da\u00f1adas por la explosi\u00f3n y el incendio registrado en San Crist\u00f3balJORGE MART\u00cdNEZ\/LD","src":"https:\/\/i0.wp.com\/lasprimeras.com.do\/wp-content\/uploads\/2023\/08\/INCENDIO.jpeg?resize=350%2C200&ssl=1","width":350,"height":200,"srcset":"https:\/\/i0.wp.com\/lasprimeras.com.do\/wp-content\/uploads\/2023\/08\/INCENDIO.jpeg?resize=350%2C200&ssl=1 1x, https:\/\/i0.wp.com\/lasprimeras.com.do\/wp-content\/uploads\/2023\/08\/INCENDIO.jpeg?resize=525%2C300&ssl=1 1.5x, https:\/\/i0.wp.com\/lasprimeras.com.do\/wp-content\/uploads\/2023\/08\/INCENDIO.jpeg?resize=700%2C400&ssl=1 2x"},"classes":[]}],"jetpack_sharing_enabled":true,"_links":{"self":[{"href":"https:\/\/lasprimeras.com.do\/index.php\/wp-json\/wp\/v2\/posts\/106154","targetHints":{"allow":["GET"]}}],"collection":[{"href":"https:\/\/lasprimeras.com.do\/index.php\/wp-json\/wp\/v2\/posts"}],"about":[{"href":"https:\/\/lasprimeras.com.do\/index.php\/wp-json\/wp\/v2\/types\/post"}],"author":[{"embeddable":true,"href":"https:\/\/lasprimeras.com.do\/index.php\/wp-json\/wp\/v2\/users\/10"}],"replies":[{"embeddable":true,"href":"https:\/\/lasprimeras.com.do\/index.php\/wp-json\/wp\/v2\/comments?post=106154"}],"version-history":[{"count":1,"href":"https:\/\/lasprimeras.com.do\/index.php\/wp-json\/wp\/v2\/posts\/106154\/revisions"}],"predecessor-version":[{"id":106157,"href":"https:\/\/lasprimeras.com.do\/index.php\/wp-json\/wp\/v2\/posts\/106154\/revisions\/106157"}],"wp:featuredmedia":[{"embeddable":true,"href":"https:\/\/lasprimeras.com.do\/index.php\/wp-json\/wp\/v2\/media\/106155"}],"wp:attachment":[{"href":"https:\/\/lasprimeras.com.do\/index.php\/wp-json\/wp\/v2\/media?parent=106154"}],"wp:term":[{"taxonomy":"category","embeddable":true,"href":"https:\/\/lasprimeras.com.do\/index.php\/wp-json\/wp\/v2\/categories?post=106154"},{"taxonomy":"post_tag","embeddable":true,"href":"https:\/\/lasprimeras.com.do\/index.php\/wp-json\/wp\/v2\/tags?post=106154"}],"curies":[{"name":"wp","href":"https:\/\/api.w.org\/{rel}","templated":true}]}}