{"id":106158,"date":"2025-08-11T11:39:22","date_gmt":"2025-08-11T15:39:22","guid":{"rendered":"https:\/\/lasprimeras.com.do\/?p=106158"},"modified":"2025-08-11T11:39:24","modified_gmt":"2025-08-11T15:39:24","slug":"rafael-castillo-denuncia-alcaldia-impone-desorden-y-busqueda-en-incautacion-de-motocicletas-en-sde","status":"publish","type":"post","link":"https:\/\/lasprimeras.com.do\/index.php\/2025\/08\/11\/rafael-castillo-denuncia-alcaldia-impone-desorden-y-busqueda-en-incautacion-de-motocicletas-en-sde\/","title":{"rendered":"Rafael Castillo denuncia Alcald\u00eda impone \u201cdesorden y b\u00fasqueda\u201d en incautaci\u00f3n de motocicletas en SDE"},"content":{"rendered":"\n<p><strong>&#8220;Castillo inicia acciones legales contra Alcald\u00eda, para detener abusos contra motoristas y promover una regulaci\u00f3n real en este tipo de transporte&#8221;.<\/strong><\/p>\n\n\n\n<p>El diputado y vocero de la Fuerza del Pueblo en la c\u00e1mara baja, Rafael Castillo, acus\u00f3 a la Alcald\u00eda de Santo Domingo Este de imponer un \u201cdesorden y negocio ilegal\u201d en el proceso de registro e incautaci\u00f3n arbitraria de motocicletas.<\/p>\n\n\n\n<p>Castillo asegur\u00f3 que, en vez de contribuir al orden y la seguridad del transporte en Santo Domingo Este, con la licencia de operaci\u00f3n, la alcald\u00eda parece ejecutar un negocio ilegal y violatorio de todos los preceptos legales.<\/p>\n\n\n\n<p>Seg\u00fan explic\u00f3 Castillo, el cobro de mil pesos (RD$1,000), pesos de licencia de operaci\u00f3n para motoconchos y otros motociclistas, as\u00ed como la incautaci\u00f3n aplicadas a quienes no paguen, contemplado en el Reglamento 02-2023, \u201caprobado sin cumplir con los requisitos legales de consulta y publicidad establecidos en la Ley 176-07 de los Ayuntamientos y la Ley 200-04 de Libre Acceso a la Informaci\u00f3n P\u00fablica\u201d.<\/p>\n\n\n\n<p>Agreg\u00f3 el diputado, \u201ccon ese negocio encubierto en este reglamento la alcald\u00eda viola derechos constitucionales como: el derecho a la libertad (Art\u00edculo 40, numeral 15); y el derecho al libre tr\u00e1nsito (Art\u00edculo 46).<\/p>\n\n\n\n<p>Rafael Castillo advirti\u00f3 que las incautaciones de motocicletas por parte de la Polic\u00eda Municipal carecen de base legal. Los art\u00edculos 173 y 174 de la Ley 176-07, dijo, no les otorgan facultad para retener veh\u00edculos ni bienes muebles: estas acciones violan la ley y podr\u00edan acarrear responsabilidades penales directas para el alcalde como jefe de ese cuerpo.<\/p>\n\n\n\n<p><strong>Rafael Castillo accionar\u00e1 en la justicia para detener abusos y cobros ilegales de la Alcald\u00eda<\/strong><\/p>\n\n\n\n<p>Para Castillo, el desorden, la improvisaci\u00f3n y los negocios desde la Alcald\u00eda de Santo Domingo Este no se pueden imponer en el municipio, por lo que, junto a su equipo, anunci\u00f3 el desarrollo de las siguientes acciones:<\/p>\n\n\n\n<ol class=\"wp-block-list\">\n<li>Inicio de un proceso judicial para declarar nulo el Reglamento 02-2023<\/li>\n\n\n\n<li>Solicitud de una medida cautelar para suspender su aplicaci\u00f3n inmediata<\/li>\n\n\n\n<li>Entrega de un poder a un equipo de abogados que ya trabaja en estas acciones<\/li>\n\n\n\n<li>Apoyo legal gratuito a los motoconchos v\u00edctimas de abusos, cobros ilegales o incautaciones por parte del Ayuntamiento<\/li>\n<\/ol>\n\n\n\n<p>\u201cSanto Domingo Este necesita orden, seguridad y transparencia en el tr\u00e1nsito, no desorden, abusos o negocios disfrazados\u201d, concluye el documento compartido por Rafael Castillo.<\/p>\n\n\n\n<p>Adem\u00e1s de Rafael Castillo estuvieron presentes el diputado Carlos Gil, los regidores Manuel Villanueva, Walkiria Medina, Anibelca Rodr\u00edguez y Monserrat Calder\u00f3n, adem\u00e1s de una decena de miembros de la Direcci\u00f3n Central de la Fuerza del Pueblo.<\/p>\n\n\n\n<figure class=\"wp-block-embed is-type-rich is-provider-instagram wp-block-embed-instagram\"><div class=\"wp-block-embed__wrapper\">\n<blockquote class=\"instagram-media\" data-instgrm-captioned data-instgrm-permalink=\"https:\/\/www.instagram.com\/reel\/DNGuhoesqNy\/?utm_source=ig_embed&amp;utm_campaign=loading\" data-instgrm-version=\"14\" style=\" background:#FFF; border:0; border-radius:3px; box-shadow:0 0 1px 0 rgba(0,0,0,0.5),0 1px 10px 0 rgba(0,0,0,0.15); margin: 1px; max-width:500px; min-width:326px; padding:0; width:99.375%; width:-webkit-calc(100% - 2px); width:calc(100% - 2px);\"><div style=\"padding:16px;\"> <a href=\"https:\/\/www.instagram.com\/reel\/DNGuhoesqNy\/?utm_source=ig_embed&amp;utm_campaign=loading\" style=\" background:#FFFFFF; line-height:0; padding:0 0; text-align:center; text-decoration:none; width:100%;\" target=\"_blank\"> <div style=\" display: flex; flex-direction: row; align-items: center;\"> <div style=\"background-color: #F4F4F4; border-radius: 50%; flex-grow: 0; height: 40px; margin-right: 14px; width: 40px;\"><\/div> <div style=\"display: flex; flex-direction: column; flex-grow: 1; justify-content: center;\"> <div style=\" background-color: #F4F4F4; border-radius: 4px; flex-grow: 0; height: 14px; margin-bottom: 6px; width: 100px;\"><\/div> <div style=\" background-color: #F4F4F4; border-radius: 4px; flex-grow: 0; height: 14px; width: 60px;\"><\/div><\/div><\/div><div style=\"padding: 19% 0;\"><\/div> <div style=\"display:block; height:50px; margin:0 auto 12px; width:50px;\"><svg width=\"50px\" height=\"50px\" viewBox=\"0 0 60 60\" version=\"1.1\" xmlns=\"https:\/\/www.w3.org\/2000\/svg\" xmlns:xlink=\"https:\/\/www.w3.org\/1999\/xlink\"><g stroke=\"none\" stroke-width=\"1\" fill=\"none\" fill-rule=\"evenodd\"><g transform=\"translate(-511.000000, -20.000000)\" fill=\"#000000\"><g><path d=\"M556.869,30.41 C554.814,30.41 553.148,32.076 553.148,34.131 C553.148,36.186 554.814,37.852 556.869,37.852 C558.924,37.852 560.59,36.186 560.59,34.131 C560.59,32.076 558.924,30.41 556.869,30.41 M541,60.657 C535.114,60.657 530.342,55.887 530.342,50 C530.342,44.114 535.114,39.342 541,39.342 C546.887,39.342 551.658,44.114 551.658,50 C551.658,55.887 546.887,60.657 541,60.657 M541,33.886 C532.1,33.886 524.886,41.1 524.886,50 C524.886,58.899 532.1,66.113 541,66.113 C549.9,66.113 557.115,58.899 557.115,50 C557.115,41.1 549.9,33.886 541,33.886 M565.378,62.101 C565.244,65.022 564.756,66.606 564.346,67.663 C563.803,69.06 563.154,70.057 562.106,71.106 C561.058,72.155 560.06,72.803 558.662,73.347 C557.607,73.757 556.021,74.244 553.102,74.378 C549.944,74.521 548.997,74.552 541,74.552 C533.003,74.552 532.056,74.521 528.898,74.378 C525.979,74.244 524.393,73.757 523.338,73.347 C521.94,72.803 520.942,72.155 519.894,71.106 C518.846,70.057 518.197,69.06 517.654,67.663 C517.244,66.606 516.755,65.022 516.623,62.101 C516.479,58.943 516.448,57.996 516.448,50 C516.448,42.003 516.479,41.056 516.623,37.899 C516.755,34.978 517.244,33.391 517.654,32.338 C518.197,30.938 518.846,29.942 519.894,28.894 C520.942,27.846 521.94,27.196 523.338,26.654 C524.393,26.244 525.979,25.756 528.898,25.623 C532.057,25.479 533.004,25.448 541,25.448 C548.997,25.448 549.943,25.479 553.102,25.623 C556.021,25.756 557.607,26.244 558.662,26.654 C560.06,27.196 561.058,27.846 562.106,28.894 C563.154,29.942 563.803,30.938 564.346,32.338 C564.756,33.391 565.244,34.978 565.378,37.899 C565.522,41.056 565.552,42.003 565.552,50 C565.552,57.996 565.522,58.943 565.378,62.101 M570.82,37.631 C570.674,34.438 570.167,32.258 569.425,30.349 C568.659,28.377 567.633,26.702 565.965,25.035 C564.297,23.368 562.623,22.342 560.652,21.575 C558.743,20.834 556.562,20.326 553.369,20.18 C550.169,20.033 549.148,20 541,20 C532.853,20 531.831,20.033 528.631,20.18 C525.438,20.326 523.257,20.834 521.349,21.575 C519.376,22.342 517.703,23.368 516.035,25.035 C514.368,26.702 513.342,28.377 512.574,30.349 C511.834,32.258 511.326,34.438 511.181,37.631 C511.035,40.831 511,41.851 511,50 C511,58.147 511.035,59.17 511.181,62.369 C511.326,65.562 511.834,67.743 512.574,69.651 C513.342,71.625 514.368,73.296 516.035,74.965 C517.703,76.634 519.376,77.658 521.349,78.425 C523.257,79.167 525.438,79.673 528.631,79.82 C531.831,79.965 532.853,80.001 541,80.001 C549.148,80.001 550.169,79.965 553.369,79.82 C556.562,79.673 558.743,79.167 560.652,78.425 C562.623,77.658 564.297,76.634 565.965,74.965 C567.633,73.296 568.659,71.625 569.425,69.651 C570.167,67.743 570.674,65.562 570.82,62.369 C570.966,59.17 571,58.147 571,50 C571,41.851 570.966,40.831 570.82,37.631\"><\/path><\/g><\/g><\/g><\/svg><\/div><div style=\"padding-top: 8px;\"> <div style=\" color:#3897f0; font-family:Arial,sans-serif; font-size:14px; font-style:normal; font-weight:550; line-height:18px;\">View this post on Instagram<\/div><\/div><div style=\"padding: 12.5% 0;\"><\/div> <div style=\"display: flex; flex-direction: row; margin-bottom: 14px; align-items: center;\"><div> <div style=\"background-color: #F4F4F4; border-radius: 50%; height: 12.5px; width: 12.5px; transform: translateX(0px) translateY(7px);\"><\/div> <div style=\"background-color: #F4F4F4; height: 12.5px; transform: rotate(-45deg) translateX(3px) translateY(1px); width: 12.5px; flex-grow: 0; margin-right: 14px; margin-left: 2px;\"><\/div> <div style=\"background-color: #F4F4F4; border-radius: 50%; height: 12.5px; width: 12.5px; transform: translateX(9px) translateY(-18px);\"><\/div><\/div><div style=\"margin-left: 8px;\"> <div style=\" background-color: #F4F4F4; border-radius: 50%; flex-grow: 0; height: 20px; width: 20px;\"><\/div> <div style=\" width: 0; height: 0; border-top: 2px solid transparent; border-left: 6px solid #f4f4f4; border-bottom: 2px solid transparent; transform: translateX(16px) translateY(-4px) rotate(30deg)\"><\/div><\/div><div style=\"margin-left: auto;\"> <div style=\" width: 0px; border-top: 8px solid #F4F4F4; border-right: 8px solid transparent; transform: translateY(16px);\"><\/div> <div style=\" background-color: #F4F4F4; flex-grow: 0; height: 12px; width: 16px; transform: translateY(-4px);\"><\/div> <div style=\" width: 0; height: 0; border-top: 8px solid #F4F4F4; border-left: 8px solid transparent; transform: translateY(-4px) translateX(8px);\"><\/div><\/div><\/div> <div style=\"display: flex; flex-direction: column; flex-grow: 1; justify-content: center; margin-bottom: 24px;\"> <div style=\" background-color: #F4F4F4; border-radius: 4px; flex-grow: 0; height: 14px; margin-bottom: 6px; width: 224px;\"><\/div> <div style=\" background-color: #F4F4F4; border-radius: 4px; flex-grow: 0; height: 14px; width: 144px;\"><\/div><\/div><\/a><p style=\" color:#c9c8cd; font-family:Arial,sans-serif; font-size:14px; line-height:17px; margin-bottom:0; margin-top:8px; overflow:hidden; padding:8px 0 7px; text-align:center; text-overflow:ellipsis; white-space:nowrap;\"><a href=\"https:\/\/www.instagram.com\/reel\/DNGuhoesqNy\/?utm_source=ig_embed&amp;utm_campaign=loading\" style=\" color:#c9c8cd; font-family:Arial,sans-serif; font-size:14px; font-style:normal; font-weight:normal; line-height:17px; text-decoration:none;\" target=\"_blank\">A post shared by Somos Pueblo Media (@somospueblord)<\/a><\/p><\/div><\/blockquote><script async src=\"\/\/platform.instagram.com\/en_US\/embeds.js\"><\/script>\n<\/div><\/figure>\n","protected":false},"excerpt":{"rendered":"<p>&#8220;Castillo inicia acciones legales contra Alcald\u00eda, para detener abusos contra motoristas y promover una regulaci\u00f3n real en este tipo de transporte&#8221;. El diputado y vocero de la Fuerza del Pueblo&hellip;<\/p>\n","protected":false},"author":10,"featured_media":106159,"comment_status":"open","ping_status":"open","sticky":false,"template":"","format":"standard","meta":{"content-type":"","jetpack_post_was_ever_published":false,"_jetpack_newsletter_access":"","_jetpack_dont_email_post_to_subs":false,"_jetpack_newsletter_tier_id":0,"_jetpack_memberships_contains_paywalled_content":false,"_jetpack_memberships_contains_paid_content":false,"footnotes":""},"categories":[16559,25],"tags":[869,200,2662,17282,388,14743,1570],"class_list":["post-106158","post","type-post","status-publish","format-standard","has-post-thumbnail","hentry","category-politica","category-portada","tag-alcaldia","tag-busqueda","tag-desorden","tag-incautacion","tag-motocicletas","tag-rafael-castillo","tag-santo-domingo-este"],"jetpack_featured_media_url":"https:\/\/lasprimeras.com.do\/wp-content\/uploads\/2025\/08\/Rafael-Castillo-1.jpg","jetpack-related-posts":[{"id":104313,"url":"https:\/\/lasprimeras.com.do\/index.php\/2025\/07\/23\/diputados-de-fp-reeligen-a-rafael-castillo-como-su-vocero-en-la-cd\/","url_meta":{"origin":106158,"position":0},"title":"Diputados de FP reeligen a Rafael Castillo como su vocero en la CD","author":"Nelson Feliz","date":"23 de julio de 2025","format":false,"excerpt":"El bloque de diputados de la Fuerza del Pueblo se reuni\u00f3 hoy en la Casa del Pueblo Johnny Ventura para elegir su vocero en la C\u00e1mara de Diputados. Los 29 diputados de la FP eligieron al congresista Rafael Castillo, diputado por Santo Domingo Este, como su vocero; Carlos de P\u00e9rez,\u2026","rel":"","context":"En \u00abPOLITICA\u00bb","block_context":{"text":"POLITICA","link":"https:\/\/lasprimeras.com.do\/index.php\/category\/politica\/"},"img":{"alt_text":"Rafael Castillo","src":"https:\/\/i0.wp.com\/lasprimeras.com.do\/wp-content\/uploads\/2025\/07\/Rafael-Castillo.jpg?resize=350%2C200&ssl=1","width":350,"height":200,"srcset":"https:\/\/i0.wp.com\/lasprimeras.com.do\/wp-content\/uploads\/2025\/07\/Rafael-Castillo.jpg?resize=350%2C200&ssl=1 1x, https:\/\/i0.wp.com\/lasprimeras.com.do\/wp-content\/uploads\/2025\/07\/Rafael-Castillo.jpg?resize=525%2C300&ssl=1 1.5x, https:\/\/i0.wp.com\/lasprimeras.com.do\/wp-content\/uploads\/2025\/07\/Rafael-Castillo.jpg?resize=700%2C400&ssl=1 2x"},"classes":[]},{"id":119805,"url":"https:\/\/lasprimeras.com.do\/index.php\/2026\/01\/18\/propeep-inaugura-1300-metros-cuadrados-de-paseos-de-los-colores-en-castillo\/","url_meta":{"origin":106158,"position":1},"title":"Propeep inaugura 1,300 metros cuadrados de Paseos de los Colores en Castillo","author":"Nelson Feliz","date":"18 de enero de 2026","format":false,"excerpt":"Esta obra de arte proyecta la cultura y la producci\u00f3n agr\u00edcola del municipio de Castillo, provincia Duarte. - Como parte de mantener la historia y la cultura de cada pueblo, la Direcci\u00f3n de los Proyectos Estrat\u00e9gicos y Especiales de la Presidencia (Propeep), junto a la Alcald\u00eda del municipio de Castillo,\u2026","rel":"","context":"En \u00abNACIONALES\u00bb","block_context":{"text":"NACIONALES","link":"https:\/\/lasprimeras.com.do\/index.php\/category\/nacionales\/"},"img":{"alt_text":"Propeep","src":"https:\/\/i0.wp.com\/lasprimeras.com.do\/wp-content\/uploads\/2026\/01\/Propeep.jpg?resize=350%2C200&ssl=1","width":350,"height":200,"srcset":"https:\/\/i0.wp.com\/lasprimeras.com.do\/wp-content\/uploads\/2026\/01\/Propeep.jpg?resize=350%2C200&ssl=1 1x, https:\/\/i0.wp.com\/lasprimeras.com.do\/wp-content\/uploads\/2026\/01\/Propeep.jpg?resize=525%2C300&ssl=1 1.5x, https:\/\/i0.wp.com\/lasprimeras.com.do\/wp-content\/uploads\/2026\/01\/Propeep.jpg?resize=700%2C400&ssl=1 2x"},"classes":[]},{"id":107943,"url":"https:\/\/lasprimeras.com.do\/index.php\/2025\/09\/01\/rafael-castillo-el-gobierno-se-esta-cayendo-a-pedazos\/","url_meta":{"origin":106158,"position":2},"title":"Rafael Castillo: \u201cEl Gobierno se est\u00e1 cayendo a pedazos\u201d","author":"Nelson Feliz","date":"1 de septiembre de 2025","format":false,"excerpt":"El vocero de la bancada de la Fuerza del Pueblo en la C\u00e1mara de Diputados, Rafael Castillo, critic\u00f3 duramente este lunes la gesti\u00f3n del presidente Luis Abinader, asegurando que el pa\u00eds atraviesa una grave crisis institucional y econ\u00f3mica. \u201cEs preocupante que en un momento como el que estamos viviendo, donde\u2026","rel":"","context":"En \u00abPOLITICA\u00bb","block_context":{"text":"POLITICA","link":"https:\/\/lasprimeras.com.do\/index.php\/category\/politica\/"},"img":{"alt_text":"","src":"https:\/\/i0.wp.com\/lasprimeras.com.do\/wp-content\/uploads\/2025\/09\/Rafael-Castillo.jpg?resize=350%2C200&ssl=1","width":350,"height":200,"srcset":"https:\/\/i0.wp.com\/lasprimeras.com.do\/wp-content\/uploads\/2025\/09\/Rafael-Castillo.jpg?resize=350%2C200&ssl=1 1x, https:\/\/i0.wp.com\/lasprimeras.com.do\/wp-content\/uploads\/2025\/09\/Rafael-Castillo.jpg?resize=525%2C300&ssl=1 1.5x, https:\/\/i0.wp.com\/lasprimeras.com.do\/wp-content\/uploads\/2025\/09\/Rafael-Castillo.jpg?resize=700%2C400&ssl=1 2x"},"classes":[]},{"id":85314,"url":"https:\/\/lasprimeras.com.do\/index.php\/2024\/06\/27\/presidenta-del-couniad-se-reune-con-dirigentes-y-presidentes-de-fundaciones\/","url_meta":{"origin":106158,"position":3},"title":"Presidenta del COUNIAD se re\u00fane con dirigentes y presidentes de fundaciones","author":"Nelson Feliz","date":"27 de junio de 2024","format":false,"excerpt":"La presidenta del Consejo Nacional de Unidad\u00a0 para la Ni\u00f1ez y la Adolescencia (COUNIAD), Sandra Castillo, se reuni\u00f3 con dirigentes y presidentes de fundaciones que tienen a su cargo diferentes responsabilidades. Castillo manifest\u00f3 que continuar\u00e1n los trabajos planificados al pie de la letra y que sus resultados han sido muy\u2026","rel":"","context":"En \u00abNACIONALES\u00bb","block_context":{"text":"NACIONALES","link":"https:\/\/lasprimeras.com.do\/index.php\/category\/nacionales\/"},"img":{"alt_text":"Sandra Castillo","src":"https:\/\/i0.wp.com\/lasprimeras.com.do\/wp-content\/uploads\/2024\/06\/Sandra-Castillo.jpg?resize=350%2C200&ssl=1","width":350,"height":200,"srcset":"https:\/\/i0.wp.com\/lasprimeras.com.do\/wp-content\/uploads\/2024\/06\/Sandra-Castillo.jpg?resize=350%2C200&ssl=1 1x, https:\/\/i0.wp.com\/lasprimeras.com.do\/wp-content\/uploads\/2024\/06\/Sandra-Castillo.jpg?resize=525%2C300&ssl=1 1.5x, https:\/\/i0.wp.com\/lasprimeras.com.do\/wp-content\/uploads\/2024\/06\/Sandra-Castillo.jpg?resize=700%2C400&ssl=1 2x"},"classes":[]},{"id":88656,"url":"https:\/\/lasprimeras.com.do\/index.php\/2024\/09\/01\/vocero-fp-en-cd-asegura-poblacion-se-siente-insegura-hasta-en-su-hogar\/","url_meta":{"origin":106158,"position":4},"title":"Vocero FP en CD asegura poblaci\u00f3n se siente insegura hasta en su hogar","author":"Nelson Feliz","date":"1 de septiembre de 2024","format":false,"excerpt":"\"Rafael Castillo puso en duda las estad\u00edsticas mostradas por el Ministerio de Interior y Polic\u00eda, de que supuestamente la tasa de homicidio haya descendido de 11.8 por ciento a 8.3.\" El vocero del Bloque de Diputados del partido la Fuerza del Pueblo en la C\u00e1mara Baja, Rafael Castillo, asegur\u00f3 que\u2026","rel":"","context":"En \u00abSin categor\u00eda\u00bb","block_context":{"text":"Sin categor\u00eda","link":"https:\/\/lasprimeras.com.do\/index.php\/category\/sin-categoria\/"},"img":{"alt_text":"","src":"https:\/\/i0.wp.com\/lasprimeras.com.do\/wp-content\/uploads\/2024\/09\/Rafael-Castillo.jpg?resize=350%2C200&ssl=1","width":350,"height":200,"srcset":"https:\/\/i0.wp.com\/lasprimeras.com.do\/wp-content\/uploads\/2024\/09\/Rafael-Castillo.jpg?resize=350%2C200&ssl=1 1x, https:\/\/i0.wp.com\/lasprimeras.com.do\/wp-content\/uploads\/2024\/09\/Rafael-Castillo.jpg?resize=525%2C300&ssl=1 1.5x, https:\/\/i0.wp.com\/lasprimeras.com.do\/wp-content\/uploads\/2024\/09\/Rafael-Castillo.jpg?resize=700%2C400&ssl=1 2x"},"classes":[]},{"id":105401,"url":"https:\/\/lasprimeras.com.do\/index.php\/2025\/08\/03\/la-alcaldia-en-el-barrio-lleva-soluciones-a-sector-las-10-tareas-en-los-guaricanos\/","url_meta":{"origin":106158,"position":5},"title":"La Alcald\u00eda en el Barrio lleva soluciones a sector Las 10 Tareas, en Los Guaricanos","author":"Nelson Feliz","date":"3 de agosto de 2025","format":false,"excerpt":"Se incluy\u00f3 una jornada de vacunaci\u00f3n de perros La Alcald\u00eda de Santo Domingo Norte (ASDN), llev\u00f3 soluciones inmediatas a las problem\u00e1ticas que afectan a los residentes del sector Las 10 Tareas, en Los Guaricanos, a trav\u00e9s de su exitoso programa \"La Alcald\u00eda en el Barrio\". El operativo, encabezado por la\u2026","rel":"","context":"En \u00abNACIONALES\u00bb","block_context":{"text":"NACIONALES","link":"https:\/\/lasprimeras.com.do\/index.php\/category\/nacionales\/"},"img":{"alt_text":"","src":"https:\/\/i0.wp.com\/lasprimeras.com.do\/wp-content\/uploads\/2025\/08\/betty-2.jpg?resize=350%2C200&ssl=1","width":350,"height":200,"srcset":"https:\/\/i0.wp.com\/lasprimeras.com.do\/wp-content\/uploads\/2025\/08\/betty-2.jpg?resize=350%2C200&ssl=1 1x, https:\/\/i0.wp.com\/lasprimeras.com.do\/wp-content\/uploads\/2025\/08\/betty-2.jpg?resize=525%2C300&ssl=1 1.5x, https:\/\/i0.wp.com\/lasprimeras.com.do\/wp-content\/uploads\/2025\/08\/betty-2.jpg?resize=700%2C400&ssl=1 2x"},"classes":[]}],"jetpack_sharing_enabled":true,"_links":{"self":[{"href":"https:\/\/lasprimeras.com.do\/index.php\/wp-json\/wp\/v2\/posts\/106158","targetHints":{"allow":["GET"]}}],"collection":[{"href":"https:\/\/lasprimeras.com.do\/index.php\/wp-json\/wp\/v2\/posts"}],"about":[{"href":"https:\/\/lasprimeras.com.do\/index.php\/wp-json\/wp\/v2\/types\/post"}],"author":[{"embeddable":true,"href":"https:\/\/lasprimeras.com.do\/index.php\/wp-json\/wp\/v2\/users\/10"}],"replies":[{"embeddable":true,"href":"https:\/\/lasprimeras.com.do\/index.php\/wp-json\/wp\/v2\/comments?post=106158"}],"version-history":[{"count":1,"href":"https:\/\/lasprimeras.com.do\/index.php\/wp-json\/wp\/v2\/posts\/106158\/revisions"}],"predecessor-version":[{"id":106160,"href":"https:\/\/lasprimeras.com.do\/index.php\/wp-json\/wp\/v2\/posts\/106158\/revisions\/106160"}],"wp:featuredmedia":[{"embeddable":true,"href":"https:\/\/lasprimeras.com.do\/index.php\/wp-json\/wp\/v2\/media\/106159"}],"wp:attachment":[{"href":"https:\/\/lasprimeras.com.do\/index.php\/wp-json\/wp\/v2\/media?parent=106158"}],"wp:term":[{"taxonomy":"category","embeddable":true,"href":"https:\/\/lasprimeras.com.do\/index.php\/wp-json\/wp\/v2\/categories?post=106158"},{"taxonomy":"post_tag","embeddable":true,"href":"https:\/\/lasprimeras.com.do\/index.php\/wp-json\/wp\/v2\/tags?post=106158"}],"curies":[{"name":"wp","href":"https:\/\/api.w.org\/{rel}","templated":true}]}}