{"id":106167,"date":"2025-08-11T12:18:12","date_gmt":"2025-08-11T16:18:12","guid":{"rendered":"https:\/\/lasprimeras.com.do\/?p=106167"},"modified":"2025-08-11T12:18:13","modified_gmt":"2025-08-11T16:18:13","slug":"mineria-rd-acumula-us1070-millones-en-exportaciones-y-eleva-recaudacion-158-9-en-el-primer-semestre-de-2025","status":"publish","type":"post","link":"https:\/\/lasprimeras.com.do\/index.php\/2025\/08\/11\/mineria-rd-acumula-us1070-millones-en-exportaciones-y-eleva-recaudacion-158-9-en-el-primer-semestre-de-2025\/","title":{"rendered":"Miner\u00eda RD acumula US$1,070 millones en exportaciones y eleva recaudaci\u00f3n 158.9% en el primer semestre de 2025"},"content":{"rendered":"\n<p>El sector crece 2.3% en enero-junio y registra un pico de 21% en mayo; el oro representa el 90% de las exportaciones met\u00e1licas.<\/p>\n\n\n\n<p>Mientras la econom\u00eda dominicana muestra una expansi\u00f3n moderada, la miner\u00eda se perfila como un motor silencioso pero decisivo: US$1,070 millones en exportaciones hasta junio (+39.1% interanual), RD$7,597 millones en recaudaciones (+158.9%) y US$175 millones en inversi\u00f3n extranjera directa en el primer trimestre (+390% frente a 2024).<\/p>\n\n\n\n<p>La medici\u00f3n sectorial de la C\u00e1mara Minera y Petrolera (CAMIPE), junto con los datos preliminares del Banco Central, muestran una recuperaci\u00f3n que cambia la narrativa del subsector tras el retroceso de 2024.<\/p>\n\n\n\n<p>En los primeros seis meses de 2025 la actividad minera registr\u00f3 un crecimiento acumulado de 2.3%, con un salto particularmente marcado en mayo (21.0% interanual) ligado al aumento de las extracciones: oro +35.6% y plata +28.7% ese mes.<\/p>\n\n\n\n<p>Ese impulso se traduce en mayor flujo de divisas. De los US$1,070 millones en exportaciones mineras, el oro fue el protagonista absoluto con US$956 millones, es decir, cerca del 90% del total met\u00e1lico.<\/p>\n\n\n\n<p>Complementariamente, la miner\u00eda ya representa el 10.4% de la generaci\u00f3n de divisas del pa\u00eds en mayo, ubic\u00e1ndose como el tercer mayor rubro, solo detr\u00e1s de remesas y turismo.<\/p>\n\n\n\n<p>El efecto sobre las arcas p\u00fablicas es notable: las recaudaciones fiscales ligadas al sector sumaron RD$7,597 millones hasta junio, un aumento de 158.9% respecto al mismo per\u00edodo del a\u00f1o anterior. Ese flujo no solo mejora la liquidez fiscal, sino que refuerza el argumento de la miner\u00eda como actividad estrat\u00e9gica para la econom\u00eda nacional.<\/p>\n\n\n\n<p>En materia de inversi\u00f3n extranjera directa (IED), el sector atrajo US$175 millones en el primer trimestre, cifra equivalente al 13% del total nacional y que refleja un crecimiento interanual extraordinario del 390%.<\/p>\n\n\n\n<p>Para el sector esto supone no solo recursos nuevos sino tambi\u00e9n una validaci\u00f3n de inter\u00e9s por parte de inversionistas internacionales en proyectos concentrados en metales preciosos.<\/p>\n\n\n\n<p>Los registros oficiales complementan el panorama: seg\u00fan el Banco Central, el valor agregado de la actividad de explotaci\u00f3n de minas y canteras en el PIB trimestral acumulado pas\u00f3 de RD$22,260.3 millones en enero-marzo de 2024 a RD$27,405.9 millones en el mismo per\u00edodo de 2025, lo que supone un incremento aproximado de 23.1%.<\/p>\n\n\n\n<p>Este avance en t\u00e9rminos de aporte al PIB confirma el repunte del sector en los primeros tramos del a\u00f1o. En 2024, este indicador cerr\u00f3 en RD$105,866.1 millones a diciembre, reflejando el peso sostenido de la miner\u00eda en la econom\u00eda aun en un a\u00f1o de contracci\u00f3n sectorial.<\/p>\n\n\n\n<p>Impacto y riesgos<\/p>\n\n\n\n<p>Aunque los indicadores son positivos, la recuperaci\u00f3n llega acompa\u00f1ada de desaf\u00edos no menores. CAMIPE y analistas del sector subrayan la necesidad de seguridad jur\u00eddica, procesos institucionales m\u00e1s \u00e1giles y la inversi\u00f3n sostenida en capital humano t\u00e9cnico para consolidar el crecimiento y mejorar la percepci\u00f3n p\u00fablica sobre la miner\u00eda.<\/p>\n\n\n\n<p>Sin esas condiciones, la dependencia concentrada en el oro puede aumentar la vulnerabilidad ante oscilaciones de precios internacionales o cambios en la demanda.<\/p>\n\n\n\n<p>Los datos de mitad de a\u00f1o colocan a la miner\u00eda en una posici\u00f3n privilegiada dentro de la econom\u00eda dominicana: m\u00e1s exportaciones, m\u00e1s impuestos y mayor atracci\u00f3n de inversi\u00f3n.<\/p>\n","protected":false},"excerpt":{"rendered":"<p>El sector crece 2.3% en enero-junio y registra un pico de 21% en mayo; el oro representa el 90% de las exportaciones met\u00e1licas. Mientras la econom\u00eda dominicana muestra una expansi\u00f3n&hellip;<\/p>\n","protected":false},"author":10,"featured_media":106168,"comment_status":"open","ping_status":"open","sticky":false,"template":"","format":"standard","meta":{"content-type":"","jetpack_post_was_ever_published":false,"_jetpack_newsletter_access":"","_jetpack_dont_email_post_to_subs":false,"_jetpack_newsletter_tier_id":0,"_jetpack_memberships_contains_paywalled_content":false,"_jetpack_memberships_contains_paid_content":false,"footnotes":""},"categories":[39,25],"tags":[1116,23051,23052,10043],"class_list":["post-106167","post","type-post","status-publish","format-standard","has-post-thumbnail","hentry","category-economia","category-portada","tag-exportaciones","tag-mineria-rd","tag-primer-semestre-de-2025","tag-recaudacion"],"jetpack_featured_media_url":"https:\/\/lasprimeras.com.do\/wp-content\/uploads\/2025\/08\/Mineria-RD-1.jpg","jetpack-related-posts":[{"id":68653,"url":"https:\/\/lasprimeras.com.do\/index.php\/2023\/11\/26\/comercio-turismo-e-inversion-sueca-crecen-significativamente-en-2022-en-rd\/","url_meta":{"origin":106167,"position":0},"title":"Comercio, turismo e inversi\u00f3n sueca crecen significativamente en 2022 en RD","author":"Nelson Feliz","date":"26 de noviembre de 2023","format":false,"excerpt":"Prodominicana realiza encuentros estrat\u00e9gicos para promover impulso de exportaciones e inversi\u00f3n en Suecia que crecieron en un 46% y 48% respectivamente. La directora ejecutiva del Centro de Exportaci\u00f3n e Inversi\u00f3n de la Rep\u00fablica Dominicana (ProDominicana), Biviana Riveiro Disla, particip\u00f3 en una misi\u00f3n especial para presentar las oportunidades comerciales, aprovechar el\u2026","rel":"","context":"En \u00abECONOM\u00cdA\u00bb","block_context":{"text":"ECONOM\u00cdA","link":"https:\/\/lasprimeras.com.do\/index.php\/category\/economia\/"},"img":{"alt_text":"Misi\u00f3n Suecia al centro Biviana Riveiro Dislas","src":"https:\/\/i0.wp.com\/lasprimeras.com.do\/wp-content\/uploads\/2023\/11\/Presentacuon-pais-Suecia.jpg?resize=350%2C200&ssl=1","width":350,"height":200,"srcset":"https:\/\/i0.wp.com\/lasprimeras.com.do\/wp-content\/uploads\/2023\/11\/Presentacuon-pais-Suecia.jpg?resize=350%2C200&ssl=1 1x, https:\/\/i0.wp.com\/lasprimeras.com.do\/wp-content\/uploads\/2023\/11\/Presentacuon-pais-Suecia.jpg?resize=525%2C300&ssl=1 1.5x, https:\/\/i0.wp.com\/lasprimeras.com.do\/wp-content\/uploads\/2023\/11\/Presentacuon-pais-Suecia.jpg?resize=700%2C400&ssl=1 2x"},"classes":[]},{"id":122355,"url":"https:\/\/lasprimeras.com.do\/index.php\/2026\/02\/16\/mineria-rd-asegura-duplicara-aportes-al-pib-antes-de-2036-proyectan-aumento-exportacion-de-oro\/","url_meta":{"origin":106167,"position":1},"title":"Miner\u00eda RD asegura duplicar\u00e1 aportes al PIB antes de 2036; proyectan aumento exportaci\u00f3n de oro","author":"Nelson Feliz","date":"16 de febrero de 2026","format":false,"excerpt":"Rolando Mu\u00f1oz","rel":"","context":"En \u00abECONOM\u00cdA\u00bb","block_context":{"text":"ECONOM\u00cdA","link":"https:\/\/lasprimeras.com.do\/index.php\/category\/economia\/"},"img":{"alt_text":"Rolando Mu\u00f1oz","src":"https:\/\/i0.wp.com\/lasprimeras.com.do\/wp-content\/uploads\/2026\/02\/Rolando-Munoz.jpg?resize=350%2C200&ssl=1","width":350,"height":200,"srcset":"https:\/\/i0.wp.com\/lasprimeras.com.do\/wp-content\/uploads\/2026\/02\/Rolando-Munoz.jpg?resize=350%2C200&ssl=1 1x, https:\/\/i0.wp.com\/lasprimeras.com.do\/wp-content\/uploads\/2026\/02\/Rolando-Munoz.jpg?resize=525%2C300&ssl=1 1.5x, https:\/\/i0.wp.com\/lasprimeras.com.do\/wp-content\/uploads\/2026\/02\/Rolando-Munoz.jpg?resize=700%2C400&ssl=1 2x"},"classes":[]},{"id":97188,"url":"https:\/\/lasprimeras.com.do\/index.php\/2025\/04\/17\/prodominicana-exportaciones-dominicanas-superan-los-us3166-2-millones-en-primer-trimestre-2025\/","url_meta":{"origin":106167,"position":2},"title":"ProDominicana: Exportaciones dominicanas superan los US$3,166.2 millones en primer trimestre 2025","author":"Nelson Feliz","date":"17 de abril de 2025","format":false,"excerpt":"El crecimiento interanual de las exportaciones de mercanc\u00edas registr\u00f3 un 12.2%. La directora ejecutiva del Centro de Exportaci\u00f3n e Inversi\u00f3n de la Rep\u00fablica Dominicana (ProDominicana), Biviana Riveiro Disla, inform\u00f3 que Rep\u00fablica Dominicana alcanz\u00f3 el r\u00e9cord de US$3,166.2 millones en exportaciones de mercanc\u00edas durante el primer trimestre de 2025. Este resultado\u2026","rel":"","context":"En \u00abECONOM\u00cdA\u00bb","block_context":{"text":"ECONOM\u00cdA","link":"https:\/\/lasprimeras.com.do\/index.php\/category\/economia\/"},"img":{"alt_text":"","src":"https:\/\/i0.wp.com\/lasprimeras.com.do\/wp-content\/uploads\/2025\/04\/ProDominicana.jpg?resize=350%2C200&ssl=1","width":350,"height":200,"srcset":"https:\/\/i0.wp.com\/lasprimeras.com.do\/wp-content\/uploads\/2025\/04\/ProDominicana.jpg?resize=350%2C200&ssl=1 1x, https:\/\/i0.wp.com\/lasprimeras.com.do\/wp-content\/uploads\/2025\/04\/ProDominicana.jpg?resize=525%2C300&ssl=1 1.5x, https:\/\/i0.wp.com\/lasprimeras.com.do\/wp-content\/uploads\/2025\/04\/ProDominicana.jpg?resize=700%2C400&ssl=1 2x"},"classes":[]},{"id":116654,"url":"https:\/\/lasprimeras.com.do\/index.php\/2025\/12\/02\/exportaciones-de-empresas-lideradas-por-mujeres-aumentaron-35-2-a-octubre-de-2025\/","url_meta":{"origin":106167,"position":3},"title":"Exportaciones de empresas lideradas por mujeres aumentaron 35.2% a octubre de 2025","author":"Nelson Feliz","date":"2 de diciembre de 2025","format":false,"excerpt":"De acuerdo con ProDominicana, se hab\u00edan exportado m\u00e1s de US$2,401 millones. La participaci\u00f3n de las mujeres en el comercio global est\u00e1 en constante desarrollo. En el caso de Rep\u00fablica Dominicana, datos del Centro de Exportaci\u00f3n e Inversi\u00f3n de la Rep\u00fablica Dominicana (ProDominicana) lo confirman. A pesar de los retos propios\u2026","rel":"","context":"En \u00abECONOM\u00cdA\u00bb","block_context":{"text":"ECONOM\u00cdA","link":"https:\/\/lasprimeras.com.do\/index.php\/category\/economia\/"},"img":{"alt_text":"","src":"https:\/\/i0.wp.com\/lasprimeras.com.do\/wp-content\/uploads\/2025\/12\/Biviana-Riveiro-Mujeres-en-Expotacion-750x536-1.jpg?resize=350%2C200&ssl=1","width":350,"height":200,"srcset":"https:\/\/i0.wp.com\/lasprimeras.com.do\/wp-content\/uploads\/2025\/12\/Biviana-Riveiro-Mujeres-en-Expotacion-750x536-1.jpg?resize=350%2C200&ssl=1 1x, https:\/\/i0.wp.com\/lasprimeras.com.do\/wp-content\/uploads\/2025\/12\/Biviana-Riveiro-Mujeres-en-Expotacion-750x536-1.jpg?resize=525%2C300&ssl=1 1.5x, https:\/\/i0.wp.com\/lasprimeras.com.do\/wp-content\/uploads\/2025\/12\/Biviana-Riveiro-Mujeres-en-Expotacion-750x536-1.jpg?resize=700%2C400&ssl=1 2x"},"classes":[]},{"id":83212,"url":"https:\/\/lasprimeras.com.do\/index.php\/2024\/05\/13\/sonia-guzman-exportaciones-de-rd-hacia-ee-uu-superaron-los-7000-millones-de-dolares-en-2023\/","url_meta":{"origin":106167,"position":4},"title":"Sonia Guzm\u00e1n: Exportaciones de RD hacia EE.UU. superaron los 7,000 millones de d\u00f3lares en 2023","author":"Nelson Feliz","date":"13 de mayo de 2024","format":false,"excerpt":"Embajadora dice que relaciones diplom\u00e1ticas y comerciales entre ambas naciones son s\u00f3lidas Washington, D.C. La embajadora dominicana en los Estados Unidos, Sonia Guzm\u00e1n, destac\u00f3 la fortaleza de las relaciones diplom\u00e1ticas y comerciales entre Rep\u00fablica Dominicana y los Estados Unidos, lo que se refleja en el incremento de las importaciones y\u2026","rel":"","context":"En \u00abECONOM\u00cdA\u00bb","block_context":{"text":"ECONOM\u00cdA","link":"https:\/\/lasprimeras.com.do\/index.php\/category\/economia\/"},"img":{"alt_text":"Sonia Guzm\u00e1n","src":"https:\/\/i0.wp.com\/lasprimeras.com.do\/wp-content\/uploads\/2024\/05\/Sonia-Guzman-2.jpg?resize=350%2C200&ssl=1","width":350,"height":200,"srcset":"https:\/\/i0.wp.com\/lasprimeras.com.do\/wp-content\/uploads\/2024\/05\/Sonia-Guzman-2.jpg?resize=350%2C200&ssl=1 1x, https:\/\/i0.wp.com\/lasprimeras.com.do\/wp-content\/uploads\/2024\/05\/Sonia-Guzman-2.jpg?resize=525%2C300&ssl=1 1.5x, https:\/\/i0.wp.com\/lasprimeras.com.do\/wp-content\/uploads\/2024\/05\/Sonia-Guzman-2.jpg?resize=700%2C400&ssl=1 2x"},"classes":[]},{"id":123798,"url":"https:\/\/lasprimeras.com.do\/index.php\/2026\/03\/05\/rd-impulsa-sector-minero-en-canada-en-la-feria-pdac-2026-ied-en-mineria-crece-775-en-2025-segun-datos-del-banco-central\/","url_meta":{"origin":106167,"position":5},"title":"RD impulsa sector minero en Canad\u00e1 en la feria PDAC 2026, IED en miner\u00eda crece 775 % en 2025, seg\u00fan datos del Banco Central","author":"Nelson Feliz","date":"5 de marzo de 2026","format":false,"excerpt":"Toronto, Canad\u00e1. La directora ejecutiva del Centro de Exportaci\u00f3n e Inversi\u00f3n de la Rep\u00fablica Dominicana (ProDominicana), Biviana Riveiro, particip\u00f3 en la convenci\u00f3n minera anual de la Prospectors & Developers Association of Canada (PDAC 2026), el evento minero m\u00e1s importante del mundo, con el objetivo de promover nuevas oportunidades de inversi\u00f3n,\u2026","rel":"","context":"En \u00abECONOM\u00cdA\u00bb","block_context":{"text":"ECONOM\u00cdA","link":"https:\/\/lasprimeras.com.do\/index.php\/category\/economia\/"},"img":{"alt_text":"","src":"https:\/\/i0.wp.com\/lasprimeras.com.do\/wp-content\/uploads\/2026\/03\/IMG-20260305-WA03811.jpg?resize=350%2C200&ssl=1","width":350,"height":200,"srcset":"https:\/\/i0.wp.com\/lasprimeras.com.do\/wp-content\/uploads\/2026\/03\/IMG-20260305-WA03811.jpg?resize=350%2C200&ssl=1 1x, https:\/\/i0.wp.com\/lasprimeras.com.do\/wp-content\/uploads\/2026\/03\/IMG-20260305-WA03811.jpg?resize=525%2C300&ssl=1 1.5x, https:\/\/i0.wp.com\/lasprimeras.com.do\/wp-content\/uploads\/2026\/03\/IMG-20260305-WA03811.jpg?resize=700%2C400&ssl=1 2x, https:\/\/i0.wp.com\/lasprimeras.com.do\/wp-content\/uploads\/2026\/03\/IMG-20260305-WA03811.jpg?resize=1050%2C600&ssl=1 3x, https:\/\/i0.wp.com\/lasprimeras.com.do\/wp-content\/uploads\/2026\/03\/IMG-20260305-WA03811.jpg?resize=1400%2C800&ssl=1 4x"},"classes":[]}],"jetpack_sharing_enabled":true,"_links":{"self":[{"href":"https:\/\/lasprimeras.com.do\/index.php\/wp-json\/wp\/v2\/posts\/106167","targetHints":{"allow":["GET"]}}],"collection":[{"href":"https:\/\/lasprimeras.com.do\/index.php\/wp-json\/wp\/v2\/posts"}],"about":[{"href":"https:\/\/lasprimeras.com.do\/index.php\/wp-json\/wp\/v2\/types\/post"}],"author":[{"embeddable":true,"href":"https:\/\/lasprimeras.com.do\/index.php\/wp-json\/wp\/v2\/users\/10"}],"replies":[{"embeddable":true,"href":"https:\/\/lasprimeras.com.do\/index.php\/wp-json\/wp\/v2\/comments?post=106167"}],"version-history":[{"count":1,"href":"https:\/\/lasprimeras.com.do\/index.php\/wp-json\/wp\/v2\/posts\/106167\/revisions"}],"predecessor-version":[{"id":106169,"href":"https:\/\/lasprimeras.com.do\/index.php\/wp-json\/wp\/v2\/posts\/106167\/revisions\/106169"}],"wp:featuredmedia":[{"embeddable":true,"href":"https:\/\/lasprimeras.com.do\/index.php\/wp-json\/wp\/v2\/media\/106168"}],"wp:attachment":[{"href":"https:\/\/lasprimeras.com.do\/index.php\/wp-json\/wp\/v2\/media?parent=106167"}],"wp:term":[{"taxonomy":"category","embeddable":true,"href":"https:\/\/lasprimeras.com.do\/index.php\/wp-json\/wp\/v2\/categories?post=106167"},{"taxonomy":"post_tag","embeddable":true,"href":"https:\/\/lasprimeras.com.do\/index.php\/wp-json\/wp\/v2\/tags?post=106167"}],"curies":[{"name":"wp","href":"https:\/\/api.w.org\/{rel}","templated":true}]}}