{"id":106170,"date":"2025-08-11T12:33:49","date_gmt":"2025-08-11T16:33:49","guid":{"rendered":"https:\/\/lasprimeras.com.do\/?p=106170"},"modified":"2025-08-11T12:33:50","modified_gmt":"2025-08-11T16:33:50","slug":"victor-terrero-felicita-a-jennifer-ventura-miss-universo-rd-2025-por-su-triunfo-y-orgullo-barahonero","status":"publish","type":"post","link":"https:\/\/lasprimeras.com.do\/index.php\/2025\/08\/11\/victor-terrero-felicita-a-jennifer-ventura-miss-universo-rd-2025-por-su-triunfo-y-orgullo-barahonero\/","title":{"rendered":"V\u00edctor Terrero felicita a Jennifer Ventura, Miss Universo RD 2025, por su triunfo y orgullo barahonero"},"content":{"rendered":"\n<p>El exdiputado y miembro del Comit\u00e9 Central del Partido de la Liberaci\u00f3n Dominicana (PLD), doctor V\u00edctor Manuel Terrero, felicit\u00f3 a la joven Jennifer Ventura por alzarse con la corona de Miss Universo Rep\u00fablica Dominicana 2025, destacando su orgullo por ver a una representante de Barahona brillar en un escenario nacional.<\/p>\n\n\n\n<p>Terrero, sostuvo que esta victoria es muy especial, ya que marca el regreso de Barahona al escenario nacional despu\u00e9s de 40 a\u00f1os, rompiendo una sequ\u00eda que empez\u00f3 en 1985.<\/p>\n\n\n\n<p>La gala final del certamen se celebr\u00f3 en el Teatro Nacional Eduardo Brito, donde 29 candidatas de diferentes provincias y comunidades del pa\u00eds compitieron por el prestigioso t\u00edtulo.<\/p>\n\n\n\n<p>Durante las distintas etapas del concurso, incluyendo los desfiles en traje de ba\u00f1o y vestido de gala, Ventura sobresali\u00f3 por su elegancia, seguridad y carisma, atributos que cautivaron tanto al jurado como al p\u00fablico.<\/p>\n\n\n\n<p>Uno de los momentos m\u00e1s decisivos fue la ronda de preguntas, en la que la coach fitness Haidy Cruz le pregunt\u00f3 a Jennifer c\u00f3mo proteger a las mujeres que sufren violencia de g\u00e9nero.<\/p>\n\n\n\n<p>Ventura respondi\u00f3 con convicci\u00f3n que la educaci\u00f3n es clave para erradicar este flagelo, y que el cambio debe comenzar desde la ni\u00f1ez, ense\u00f1ando a los ni\u00f1os a respetar y valorar el papel fundamental de la mujer en la sociedad.<\/p>\n\n\n\n<p>El Dr. Terrero destac\u00f3 que Jennifer Ventura no solo representa la belleza de la mujer dominicana, sino tambi\u00e9n un mensaje de conciencia y compromiso social.<\/p>\n\n\n\n<p>\u201cSu triunfo es motivo de orgullo para todos los barahoneros. Ha demostrado que con preparaci\u00f3n, valores y determinaci\u00f3n, nuestra juventud puede llegar muy lejos\u201d, expres\u00f3 el exlegisdor de Santa Cruz de Barahona.<\/p>\n\n\n\n<p>Su triunfo no solo llena de orgullo a su comunidad, sino que tambi\u00e9n representa una oportunidad para que Rep\u00fablica Dominicana tenga una destacada participaci\u00f3n en Miss Universo 2025 en Tailandia, buscando quiz\u00e1s la segunda corona universal para el pa\u00eds.<\/p>\n","protected":false},"excerpt":{"rendered":"<p>El exdiputado y miembro del Comit\u00e9 Central del Partido de la Liberaci\u00f3n Dominicana (PLD), doctor V\u00edctor Manuel Terrero, felicit\u00f3 a la joven Jennifer Ventura por alzarse con la corona de&hellip;<\/p>\n","protected":false},"author":10,"featured_media":106171,"comment_status":"open","ping_status":"open","sticky":false,"template":"","format":"standard","meta":{"content-type":"","jetpack_post_was_ever_published":false,"_jetpack_newsletter_access":"","_jetpack_dont_email_post_to_subs":false,"_jetpack_newsletter_tier_id":0,"_jetpack_memberships_contains_paywalled_content":false,"_jetpack_memberships_contains_paid_content":false,"footnotes":""},"categories":[16559,25],"tags":[23053,1315,23050,23049,14011,1413,2301],"class_list":["post-106170","post","type-post","status-publish","format-standard","has-post-thumbnail","hentry","category-politica","category-portada","tag-barahonero","tag-felicita","tag-jennifer-ventura","tag-miss-universo-rd-2025","tag-orgullo","tag-triunfo","tag-victor-terrero-2"],"jetpack_featured_media_url":"https:\/\/lasprimeras.com.do\/wp-content\/uploads\/2025\/08\/Victor-Terrero-y-Jennifer-Ventura.jpg","jetpack-related-posts":[{"id":106161,"url":"https:\/\/lasprimeras.com.do\/index.php\/2025\/08\/11\/40-anos-despues-jennifer-ventura-lleva-el-titulo-de-miss-universo-rd-2025-a-barahona\/","url_meta":{"origin":106170,"position":0},"title":"40 a\u00f1os despu\u00e9s, Jennifer Ventura lleva el t\u00edtulo de Miss Universo RD 2025 a Barahona","author":"Nelson Feliz","date":"11 de agosto de 2025","format":false,"excerpt":"La beldad barahonera representar\u00e1 a Rep\u00fablica Dominicana en el Miss Universo 2025. Jennifer Ventura, representante de Barahona, fue coronada Miss Rep\u00fablica Dominicana Universo 2025, rompiendo una sequ\u00eda de cuatro d\u00e9cadas para su provincia. La \u00faltima vez que Barahona conquist\u00f3 el t\u00edtulo fue en 1985, con Melba Altagracia Vicens Bello, quien\u2026","rel":"","context":"En \u00abENTRETENIMIENTO\u00bb","block_context":{"text":"ENTRETENIMIENTO","link":"https:\/\/lasprimeras.com.do\/index.php\/category\/entretenimiento\/"},"img":{"alt_text":"","src":"https:\/\/i0.wp.com\/lasprimeras.com.do\/wp-content\/uploads\/2025\/08\/Jennifer-Ventura.jpg?resize=350%2C200&ssl=1","width":350,"height":200,"srcset":"https:\/\/i0.wp.com\/lasprimeras.com.do\/wp-content\/uploads\/2025\/08\/Jennifer-Ventura.jpg?resize=350%2C200&ssl=1 1x, https:\/\/i0.wp.com\/lasprimeras.com.do\/wp-content\/uploads\/2025\/08\/Jennifer-Ventura.jpg?resize=525%2C300&ssl=1 1.5x, https:\/\/i0.wp.com\/lasprimeras.com.do\/wp-content\/uploads\/2025\/08\/Jennifer-Ventura.jpg?resize=700%2C400&ssl=1 2x"},"classes":[]},{"id":114168,"url":"https:\/\/lasprimeras.com.do\/index.php\/2025\/11\/11\/dedicado-a-jennifer-ventura-miss-universo-rd-entregaran-los-premios-de-oro-este-viernes-en-barahona\/","url_meta":{"origin":106170,"position":1},"title":"Dedicado a Jennifer Ventura, Miss Universo RD entregar\u00e1n los Premios de Oro este viernes en Barahona","author":"Nelson Feliz","date":"11 de noviembre de 2025","format":false,"excerpt":"Dedicado a Jennifer Ventura, Miss Universo Rep\u00fablica Dominicana, la gala de la XXII edici\u00f3n de los Premios de Oro 2025, se perfila como un evento de gran magnitud, celebrando la excelencia y el talento de la regi\u00f3n este viernes en el auditorio Antonio M\u00e9ndez de la UASD Recinto Barahona a\u2026","rel":"","context":"En \u00abENTRETENIMIENTO\u00bb","block_context":{"text":"ENTRETENIMIENTO","link":"https:\/\/lasprimeras.com.do\/index.php\/category\/entretenimiento\/"},"img":{"alt_text":"Jennifer Ventura","src":"https:\/\/i0.wp.com\/lasprimeras.com.do\/wp-content\/uploads\/2025\/11\/Jennifer-Ventura.jpeg?resize=350%2C200&ssl=1","width":350,"height":200,"srcset":"https:\/\/i0.wp.com\/lasprimeras.com.do\/wp-content\/uploads\/2025\/11\/Jennifer-Ventura.jpeg?resize=350%2C200&ssl=1 1x, https:\/\/i0.wp.com\/lasprimeras.com.do\/wp-content\/uploads\/2025\/11\/Jennifer-Ventura.jpeg?resize=525%2C300&ssl=1 1.5x, https:\/\/i0.wp.com\/lasprimeras.com.do\/wp-content\/uploads\/2025\/11\/Jennifer-Ventura.jpeg?resize=700%2C400&ssl=1 2x"},"classes":[]},{"id":117572,"url":"https:\/\/lasprimeras.com.do\/index.php\/2025\/12\/11\/victor-manuel-terrero-lamenta-el-fallecimiento-de-monsenor-rafael-leonidas-felipe-nunez\/","url_meta":{"origin":106170,"position":2},"title":"V\u00edctor Manuel Terrero lamenta el fallecimiento de Monse\u00f1or Rafael Le\u00f3nidas Felipe N\u00fa\u00f1ez","author":"Nelson Feliz","date":"11 de diciembre de 2025","format":false,"excerpt":"Terrero califico al sacerdote como \"un pastor cercano a su comunidad\" El exdiputado de Barahona y miembro del Comit\u00e9 Central del Partido de la Liberaci\u00f3n Dominicana (PLD), Dr. V\u00edctor Manuel Terrero, ha expresado su profundo pesar por la partida f\u00edsica de Monse\u00f1or Rafael Le\u00f3nidas Felipe N\u00fa\u00f1ez, Obispo Em\u00e9rito de la\u2026","rel":"","context":"En \u00abNACIONALES\u00bb","block_context":{"text":"NACIONALES","link":"https:\/\/lasprimeras.com.do\/index.php\/category\/nacionales\/"},"img":{"alt_text":"V\u00edctor Manuel Terrero","src":"https:\/\/i0.wp.com\/lasprimeras.com.do\/wp-content\/uploads\/2024\/04\/Victor-Manuel-Terrero.jpg?resize=350%2C200&ssl=1","width":350,"height":200,"srcset":"https:\/\/i0.wp.com\/lasprimeras.com.do\/wp-content\/uploads\/2024\/04\/Victor-Manuel-Terrero.jpg?resize=350%2C200&ssl=1 1x, https:\/\/i0.wp.com\/lasprimeras.com.do\/wp-content\/uploads\/2024\/04\/Victor-Manuel-Terrero.jpg?resize=525%2C300&ssl=1 1.5x"},"classes":[]},{"id":113405,"url":"https:\/\/lasprimeras.com.do\/index.php\/2025\/11\/02\/victor-terrero-lamenta-afectaciones-por-inundaciones-en-barahona\/","url_meta":{"origin":106170,"position":3},"title":"V\u00edctor Terrero lamenta afectaciones por inundaciones en Barahona","author":"Nelson Feliz","date":"2 de noviembre de 2025","format":false,"excerpt":"\u201cExdiputado V\u00edctor Terrero lamenta que familias de Barahona sigan afectadas por inundaciones en la Ca\u00f1ada de Camboya y desbordamiento del r\u00edo Arroyito\u201d. El exdiputado y miembro del Comit\u00e9 Central del Partido de la Liberaci\u00f3n Dominicana (PLD), V\u00edctor Manuel Terrero, ha expresado su profundo pesar por las continuas inundaciones que afectan\u2026","rel":"","context":"En \u00abNACIONALES\u00bb","block_context":{"text":"NACIONALES","link":"https:\/\/lasprimeras.com.do\/index.php\/category\/nacionales\/"},"img":{"alt_text":"","src":"https:\/\/i0.wp.com\/lasprimeras.com.do\/wp-content\/uploads\/2025\/11\/Victor-Terrero.jpg?resize=350%2C200&ssl=1","width":350,"height":200,"srcset":"https:\/\/i0.wp.com\/lasprimeras.com.do\/wp-content\/uploads\/2025\/11\/Victor-Terrero.jpg?resize=350%2C200&ssl=1 1x, https:\/\/i0.wp.com\/lasprimeras.com.do\/wp-content\/uploads\/2025\/11\/Victor-Terrero.jpg?resize=525%2C300&ssl=1 1.5x, https:\/\/i0.wp.com\/lasprimeras.com.do\/wp-content\/uploads\/2025\/11\/Victor-Terrero.jpg?resize=700%2C400&ssl=1 2x"},"classes":[]},{"id":126751,"url":"https:\/\/lasprimeras.com.do\/index.php\/2026\/04\/05\/victor-manuel-terrero-felicita-a-los-periodistas-dominicanos-en-su-dia-destaca-su-rol-en-la-democracia\/","url_meta":{"origin":106170,"position":4},"title":"V\u00edctor Manuel Terrero felicita a los periodistas dominicanos en su d\u00eda; destaca su rol en la democracia","author":"Nelson Feliz","date":"5 de abril de 2026","format":false,"excerpt":"El miembro del Comit\u00e9 Central del Partido de la Liberaci\u00f3n Dominicana (PLD), doctor V\u00edctor Manuel Terrero, extendi\u00f3 hoy un caluroso mensaje de felicitaci\u00f3n a todos los periodistas dominicanos, al conmemorarse este domingo 5 de abril el\u00a0D\u00eda Nacional del Periodista. Terrero manifest\u00f3 su reconocimiento a los hombres y mujeres que ejercen\u2026","rel":"","context":"En \u00abPOLITICA\u00bb","block_context":{"text":"POLITICA","link":"https:\/\/lasprimeras.com.do\/index.php\/category\/politica\/"},"img":{"alt_text":"","src":"https:\/\/i0.wp.com\/lasprimeras.com.do\/wp-content\/uploads\/2026\/04\/Dia-del-periodista.jpg?resize=350%2C200&ssl=1","width":350,"height":200,"srcset":"https:\/\/i0.wp.com\/lasprimeras.com.do\/wp-content\/uploads\/2026\/04\/Dia-del-periodista.jpg?resize=350%2C200&ssl=1 1x, https:\/\/i0.wp.com\/lasprimeras.com.do\/wp-content\/uploads\/2026\/04\/Dia-del-periodista.jpg?resize=525%2C300&ssl=1 1.5x, https:\/\/i0.wp.com\/lasprimeras.com.do\/wp-content\/uploads\/2026\/04\/Dia-del-periodista.jpg?resize=700%2C400&ssl=1 2x"},"classes":[]},{"id":121875,"url":"https:\/\/lasprimeras.com.do\/index.php\/2026\/02\/11\/victor-terrero-respalda-postura-de-danilo-medina-sobre-alianzas-el-voto-del-pld-es-solo-para-la-boleta-morada\/","url_meta":{"origin":106170,"position":5},"title":"V\u00edctor Terrero respalda postura de Danilo Medina sobre alianzas: &#8220;El voto del PLD es solo para la boleta morada&#8221;","author":"Nelson Feliz","date":"11 de febrero de 2026","format":false,"excerpt":"El miembro del Comit\u00e9 Central del Partido de la Liberaci\u00f3n Dominicana (PLD), doctor V\u00edctor Manuel Terrero, manifest\u00f3 su total respaldo a las recientes declaraciones del presidente de la organizaci\u00f3n, Danilo Medina, respecto a la estrategia electoral de cara a los pr\u00f3ximos comicios. Terrero enfatiz\u00f3 que la militancia se mantiene firme\u2026","rel":"","context":"En \u00abPOLITICA\u00bb","block_context":{"text":"POLITICA","link":"https:\/\/lasprimeras.com.do\/index.php\/category\/politica\/"},"img":{"alt_text":"V\u00edctor Terrero","src":"https:\/\/i0.wp.com\/lasprimeras.com.do\/wp-content\/uploads\/2023\/07\/Victor-Terrero.jpeg?resize=350%2C200&ssl=1","width":350,"height":200,"srcset":"https:\/\/i0.wp.com\/lasprimeras.com.do\/wp-content\/uploads\/2023\/07\/Victor-Terrero.jpeg?resize=350%2C200&ssl=1 1x, https:\/\/i0.wp.com\/lasprimeras.com.do\/wp-content\/uploads\/2023\/07\/Victor-Terrero.jpeg?resize=525%2C300&ssl=1 1.5x, https:\/\/i0.wp.com\/lasprimeras.com.do\/wp-content\/uploads\/2023\/07\/Victor-Terrero.jpeg?resize=700%2C400&ssl=1 2x"},"classes":[]}],"jetpack_sharing_enabled":true,"_links":{"self":[{"href":"https:\/\/lasprimeras.com.do\/index.php\/wp-json\/wp\/v2\/posts\/106170","targetHints":{"allow":["GET"]}}],"collection":[{"href":"https:\/\/lasprimeras.com.do\/index.php\/wp-json\/wp\/v2\/posts"}],"about":[{"href":"https:\/\/lasprimeras.com.do\/index.php\/wp-json\/wp\/v2\/types\/post"}],"author":[{"embeddable":true,"href":"https:\/\/lasprimeras.com.do\/index.php\/wp-json\/wp\/v2\/users\/10"}],"replies":[{"embeddable":true,"href":"https:\/\/lasprimeras.com.do\/index.php\/wp-json\/wp\/v2\/comments?post=106170"}],"version-history":[{"count":1,"href":"https:\/\/lasprimeras.com.do\/index.php\/wp-json\/wp\/v2\/posts\/106170\/revisions"}],"predecessor-version":[{"id":106172,"href":"https:\/\/lasprimeras.com.do\/index.php\/wp-json\/wp\/v2\/posts\/106170\/revisions\/106172"}],"wp:featuredmedia":[{"embeddable":true,"href":"https:\/\/lasprimeras.com.do\/index.php\/wp-json\/wp\/v2\/media\/106171"}],"wp:attachment":[{"href":"https:\/\/lasprimeras.com.do\/index.php\/wp-json\/wp\/v2\/media?parent=106170"}],"wp:term":[{"taxonomy":"category","embeddable":true,"href":"https:\/\/lasprimeras.com.do\/index.php\/wp-json\/wp\/v2\/categories?post=106170"},{"taxonomy":"post_tag","embeddable":true,"href":"https:\/\/lasprimeras.com.do\/index.php\/wp-json\/wp\/v2\/tags?post=106170"}],"curies":[{"name":"wp","href":"https:\/\/api.w.org\/{rel}","templated":true}]}}