{"id":106173,"date":"2025-08-11T12:52:05","date_gmt":"2025-08-11T16:52:05","guid":{"rendered":"https:\/\/lasprimeras.com.do\/?p=106173"},"modified":"2025-08-11T12:52:07","modified_gmt":"2025-08-11T16:52:07","slug":"subdirector-pn-rd-participa-en-ny-del-national-night-out","status":"publish","type":"post","link":"https:\/\/lasprimeras.com.do\/index.php\/2025\/08\/11\/subdirector-pn-rd-participa-en-ny-del-national-night-out\/","title":{"rendered":"Subdirector PN-RD participa en NY del \u00abNational Night Out\u00bb"},"content":{"rendered":"\n<figure class=\"wp-block-embed is-type-video is-provider-youtube wp-block-embed-youtube wp-embed-aspect-16-9 wp-has-aspect-ratio\"><div class=\"wp-block-embed__wrapper\">\n<iframe title=\"Subdirector PN-RD participa en NY del \u00abNational Night Out\u00bb\" width=\"500\" height=\"281\" src=\"https:\/\/www.youtube.com\/embed\/dTJQXLw4YyQ?feature=oembed\" frameborder=\"0\" allow=\"accelerometer; autoplay; clipboard-write; encrypted-media; gyroscope; picture-in-picture; web-share\" referrerpolicy=\"strict-origin-when-cross-origin\" allowfullscreen><\/iframe>\n<\/div><\/figure>\n\n\n\n<p>Por Ram\u00f3n Mercedes<\/p>\n\n\n\n<p>NUEVA YORK.- El subdirector general de la Polic\u00eda de la Rep\u00fablica Dominicana, general Juan Hilario Guzm\u00e1n Bad\u00eda, particip\u00f3 el pasado fin de semana de la decimosexta edici\u00f3n del evento comunitario \u201cNational Night Out\u201d, organizado por el Tercer Cuartel del Departamento de Polic\u00eda de la ciudad Yonkers-Westchester, en Sullivan&#8217;s Oval Park.<\/p>\n\n\n\n<p>Esta actividad reuni\u00f3 a fuerzas policiales, l\u00edderes comunitarios, residentes locales y organizaciones c\u00edvicas con el prop\u00f3sito de promover la prevenci\u00f3n del crimen y las drogas, asimismo, fortalecer la colaboraci\u00f3n entre la comunidad y la uniformada, para enviar un mensaje claro de unidad frente a la criminalidad.<\/p>\n\n\n\n<p>La participaci\u00f3n del general Guzm\u00e1n Bad\u00eda, quien fuera invitado por H\u00e9ctor L\u00f3pez, presidente de la Asociaci\u00f3n de Oficiales Hispanos de Westchester (HALEO); Emely Rufino, m\u00e1xima instructora de la academia de Polic\u00eda de Westchester County; y Aris Guevara, del INDEX, tuvo especial significado para la comunidad hispana y dominicana residente en Yonkers, a quienes reiter\u00f3 el compromiso de la PN con la cooperaci\u00f3n internacional y la seguridad ciudadana.<\/p>\n\n\n\n<p>La agenda oficial incluy\u00f3 un desayuno institucional junto a autoridades del Condado de Westchester. El empresario y director del consorcio High Class en NYC, Antonio -Tuly- Cabrera, sirvi\u00f3 de edec\u00e1n civil.<\/p>\n\n\n\n<p>Posteriormente, la delegaci\u00f3n realiz\u00f3 un recorrido por el precinto n\u00famero 3 y la sede central de la Polic\u00eda de Yonkers, guiado por los oficiales Bryant Burke y Vincent Reda. All\u00ed el oficial dominicano conoci\u00f3 las operaciones de patrullaje, monitoreo en tiempo real, atenci\u00f3n a violencia dom\u00e9stica y procesos de detenci\u00f3n.<\/p>\n\n\n\n<p>Tambi\u00e9n sostuvo un encuentro con el Chief Judge Arthur J. Doran III, director general del Tribunal de la ciudad.<\/p>\n\n\n\n<p>El general dominicano visit\u00f3 la Academia de Polic\u00eda del condado de Westchester, encabezada por el oficial Brian Tierney, donde conoci\u00f3 las \u00e1reas de entrenamiento t\u00e1ctico y la unidad K-9, concluyendo con una reuni\u00f3n oficial en la Alcald\u00eda de Yonkers, presidida por Michael J. Spano y el Comisionado de Polic\u00eda Christopher Sapienza, quienes expresaron su apoyo al proceso de modernizaci\u00f3n de la Polic\u00eda Nacional dominicana.<\/p>\n\n\n\n<p>Como muestra de esa cooperaci\u00f3n, se formaliz\u00f3 la donaci\u00f3n de un canino de la raza Bloodhound, especializado en rastreo y b\u00fasqueda. Esta misi\u00f3n consolid\u00f3 los lazos de cooperaci\u00f3n entre ambos pa\u00edses y reafirm\u00f3 el compromiso de la PN-RD con el desarrollo institucional, la seguridad y el servicio ciudadano.<\/p>\n\n\n\n<p>La oficial Rufino entreg\u00f3 un reconocimiento de la Asamblea Estatal de NY, de parte de la asamble\u00edsta Yudelka Tapia, al general Guzm\u00e1n Bad\u00eda por su destacada labor en la Comisi\u00f3n de Reforma Policial. El director general de Presupuesto, Jos\u00e9 Rijo, y el alcalde de Santo Domingo Este, D\u00edo Astacio, hicieron acto de presencia en los actos.<\/p>\n","protected":false},"excerpt":{"rendered":"<p>Por Ram\u00f3n Mercedes NUEVA YORK.- El subdirector general de la Polic\u00eda de la Rep\u00fablica Dominicana, general Juan Hilario Guzm\u00e1n Bad\u00eda, particip\u00f3 el pasado fin de semana de la decimosexta edici\u00f3n&hellip;<\/p>\n","protected":false},"author":10,"featured_media":106174,"comment_status":"open","ping_status":"open","sticky":false,"template":"","format":"standard","meta":{"content-type":"","jetpack_post_was_ever_published":false,"_jetpack_newsletter_access":"","_jetpack_dont_email_post_to_subs":false,"_jetpack_newsletter_tier_id":0,"_jetpack_memberships_contains_paywalled_content":false,"_jetpack_memberships_contains_paid_content":false,"footnotes":""},"categories":[16289],"tags":[23055,1595,4987,23054],"class_list":["post-106173","post","type-post","status-publish","format-standard","has-post-thumbnail","hentry","category-internacionales","tag-national-night-out","tag-ny","tag-participa","tag-subdirector-pn-rd"],"jetpack_featured_media_url":"https:\/\/lasprimeras.com.do\/wp-content\/uploads\/2025\/08\/WhatsApp-Image-2025-08-11-at-7.11.51-AM.jpeg","jetpack-related-posts":[{"id":102555,"url":"https:\/\/lasprimeras.com.do\/index.php\/2025\/07\/06\/pn-fortalece-su-preparacion-deportiva-con-juego-amistoso-en-la-vega\/","url_meta":{"origin":106173,"position":0},"title":"PN fortalece su preparaci\u00f3n deportiva con juego amistoso en La Vega","author":"Nelson Feliz","date":"6 de julio de 2025","format":false,"excerpt":"-Subdirector general policial lanza la primera bola. La Polic\u00eda Nacional sostuvo un emotivo encuentro amistoso de b\u00e9isbol frente a los Bravos de La Vega, en el Estadio Ol\u00edmpico de La Vega, como parte de su preparaci\u00f3n estrat\u00e9gica para la 4ta edici\u00f3n de los Juegos Mundiales de Polic\u00edas, organizados por la\u2026","rel":"","context":"En \u00abDEPORTES\u00bb","block_context":{"text":"DEPORTES","link":"https:\/\/lasprimeras.com.do\/index.php\/category\/deportes\/"},"img":{"alt_text":"","src":"https:\/\/i0.wp.com\/lasprimeras.com.do\/wp-content\/uploads\/2025\/07\/PN-2.jpg?resize=350%2C200&ssl=1","width":350,"height":200,"srcset":"https:\/\/i0.wp.com\/lasprimeras.com.do\/wp-content\/uploads\/2025\/07\/PN-2.jpg?resize=350%2C200&ssl=1 1x, https:\/\/i0.wp.com\/lasprimeras.com.do\/wp-content\/uploads\/2025\/07\/PN-2.jpg?resize=525%2C300&ssl=1 1.5x, https:\/\/i0.wp.com\/lasprimeras.com.do\/wp-content\/uploads\/2025\/07\/PN-2.jpg?resize=700%2C400&ssl=1 2x"},"classes":[]},{"id":123340,"url":"https:\/\/lasprimeras.com.do\/index.php\/2026\/02\/27\/abinader-designa-nuevo-subdirector-e-inspector-general-de-la-pn-y-dispone-ascensos-y-retiros\/","url_meta":{"origin":106173,"position":1},"title":"Abinader designa nuevo subdirector e inspector general de la PN y dispone ascensos y retiros","author":"Nelson Feliz","date":"27 de febrero de 2026","format":false,"excerpt":"El presidente de la Rep\u00fablica, Luis Abinader, emiti\u00f3 el Decreto n\u00fam. 133-26 mediante el cual designa al general Esteban Figuereo Garc\u00eda como subdirector general de la Polic\u00eda Nacional y al general Ernesto Rafael Rodr\u00edguez Garc\u00eda como inspector general de la instituci\u00f3n, adem\u00e1s de disponer ascensos, retiros y nuevas designaciones en\u2026","rel":"","context":"En \u00abNACIONALES\u00bb","block_context":{"text":"NACIONALES","link":"https:\/\/lasprimeras.com.do\/index.php\/category\/nacionales\/"},"img":{"alt_text":"","src":"https:\/\/i0.wp.com\/lasprimeras.com.do\/wp-content\/uploads\/2025\/10\/Palacio-Nacional.jpg?resize=350%2C200&ssl=1","width":350,"height":200,"srcset":"https:\/\/i0.wp.com\/lasprimeras.com.do\/wp-content\/uploads\/2025\/10\/Palacio-Nacional.jpg?resize=350%2C200&ssl=1 1x, https:\/\/i0.wp.com\/lasprimeras.com.do\/wp-content\/uploads\/2025\/10\/Palacio-Nacional.jpg?resize=525%2C300&ssl=1 1.5x, https:\/\/i0.wp.com\/lasprimeras.com.do\/wp-content\/uploads\/2025\/10\/Palacio-Nacional.jpg?resize=700%2C400&ssl=1 2x"},"classes":[]},{"id":88606,"url":"https:\/\/lasprimeras.com.do\/index.php\/2024\/08\/31\/delegacion-del-cdl-e-ippp-se-reune-con-subdirector-pn-de-sdn\/","url_meta":{"origin":106173,"position":2},"title":"Delegaci\u00f3n del CDL e IPPP se re\u00fane con subdirector PN de SDN","author":"Nelson Feliz","date":"31 de agosto de 2024","format":false,"excerpt":"Una comisi\u00f3n del Colegio Dominicano de Locutores (CDL) y del Instituto de Previsi\u00f3n y Protecci\u00f3n del Periodista (IPPP), visit\u00f3 la Regional de la Polic\u00eda Nacional en Santo Domingo Norte, con asiento en Villa Mella, donde interactuaron con su ejecutivo. La comisi\u00f3n, encabezada por Nelson Guti\u00e9rrez, presidente del CDL, y Olivo\u2026","rel":"","context":"En \u00abNACIONALES\u00bb","block_context":{"text":"NACIONALES","link":"https:\/\/lasprimeras.com.do\/index.php\/category\/nacionales\/"},"img":{"alt_text":"Nelson Guti\u00e9rrez","src":"https:\/\/i0.wp.com\/lasprimeras.com.do\/wp-content\/uploads\/2024\/08\/Nelson-Gutierrez-1.jpg?resize=350%2C200&ssl=1","width":350,"height":200,"srcset":"https:\/\/i0.wp.com\/lasprimeras.com.do\/wp-content\/uploads\/2024\/08\/Nelson-Gutierrez-1.jpg?resize=350%2C200&ssl=1 1x, https:\/\/i0.wp.com\/lasprimeras.com.do\/wp-content\/uploads\/2024\/08\/Nelson-Gutierrez-1.jpg?resize=525%2C300&ssl=1 1.5x, https:\/\/i0.wp.com\/lasprimeras.com.do\/wp-content\/uploads\/2024\/08\/Nelson-Gutierrez-1.jpg?resize=700%2C400&ssl=1 2x"},"classes":[]},{"id":65535,"url":"https:\/\/lasprimeras.com.do\/index.php\/2023\/10\/29\/gobierno-aumenta-salarios-rd29025-07-mas-incentivos-a-miembros-de-la-pn\/","url_meta":{"origin":106173,"position":3},"title":"Gobierno aumenta salarios RD$29,025.07 m\u00e1s incentivos a miembros de la PN","author":"Nelson Feliz","date":"29 de octubre de 2023","format":false,"excerpt":"-La transformaci\u00f3n de la Polic\u00eda Nacional, que impulsa el presidente de la Rep\u00fablica, Luis Abinader, sigue a paso firme y se afianz\u00f3 en la parte salarial este mes de octubre, tras hacerse efectivo un nuevo aumento a los agentes del orden, por lo cual los conscriptos y rasos empezaron a\u2026","rel":"","context":"En \u00abECONOM\u00cdA\u00bb","block_context":{"text":"ECONOM\u00cdA","link":"https:\/\/lasprimeras.com.do\/index.php\/category\/economia\/"},"img":{"alt_text":"PN","src":"https:\/\/i0.wp.com\/lasprimeras.com.do\/wp-content\/uploads\/2023\/10\/PN-1-1.jpg?resize=350%2C200&ssl=1","width":350,"height":200,"srcset":"https:\/\/i0.wp.com\/lasprimeras.com.do\/wp-content\/uploads\/2023\/10\/PN-1-1.jpg?resize=350%2C200&ssl=1 1x, https:\/\/i0.wp.com\/lasprimeras.com.do\/wp-content\/uploads\/2023\/10\/PN-1-1.jpg?resize=525%2C300&ssl=1 1.5x, https:\/\/i0.wp.com\/lasprimeras.com.do\/wp-content\/uploads\/2023\/10\/PN-1-1.jpg?resize=700%2C400&ssl=1 2x"},"classes":[]},{"id":127180,"url":"https:\/\/lasprimeras.com.do\/index.php\/2026\/04\/09\/pn-refuerza-medidas-preventivas-ante-intensas-lluvias-provocadas-por-vaguada\/","url_meta":{"origin":106173,"position":4},"title":"PN refuerza medidas preventivas ante intensas lluvias provocadas por vaguada","author":"Nelson Feliz","date":"9 de abril de 2026","format":false,"excerpt":"El director de la Polic\u00eda Nacional,mayor general Andr\u00e9s Modesto Cruz Cruz, dispuso el reforzamiento de las medidas preventivas en todo el territorio nacional, como respuesta a las intensas lluvias generadas por una vaguada que incide sobre el pa\u00eds. En ese contexto, el personal administrativo del Palacio de la Polic\u00eda Nacional\u2026","rel":"","context":"En \u00abMILITARES\u00bb","block_context":{"text":"MILITARES","link":"https:\/\/lasprimeras.com.do\/index.php\/category\/militares\/"},"img":{"alt_text":"","src":"https:\/\/i0.wp.com\/lasprimeras.com.do\/wp-content\/uploads\/2026\/04\/IMG-20260408-WA1209.jpg?resize=350%2C200&ssl=1","width":350,"height":200,"srcset":"https:\/\/i0.wp.com\/lasprimeras.com.do\/wp-content\/uploads\/2026\/04\/IMG-20260408-WA1209.jpg?resize=350%2C200&ssl=1 1x, https:\/\/i0.wp.com\/lasprimeras.com.do\/wp-content\/uploads\/2026\/04\/IMG-20260408-WA1209.jpg?resize=525%2C300&ssl=1 1.5x, https:\/\/i0.wp.com\/lasprimeras.com.do\/wp-content\/uploads\/2026\/04\/IMG-20260408-WA1209.jpg?resize=700%2C400&ssl=1 2x, https:\/\/i0.wp.com\/lasprimeras.com.do\/wp-content\/uploads\/2026\/04\/IMG-20260408-WA1209.jpg?resize=1050%2C600&ssl=1 3x, https:\/\/i0.wp.com\/lasprimeras.com.do\/wp-content\/uploads\/2026\/04\/IMG-20260408-WA1209.jpg?resize=1400%2C800&ssl=1 4x"},"classes":[]},{"id":88498,"url":"https:\/\/lasprimeras.com.do\/index.php\/2024\/08\/29\/pn-y-expertos-internacionales-fortalece-compromiso-con-igualdad-y-derechos-humanos\/","url_meta":{"origin":106173,"position":5},"title":"PN y expertos internacionales fortalece compromiso con igualdad y derechos humanos","author":"Nelson Feliz","date":"29 de agosto de 2024","format":false,"excerpt":"El subdirector de la Polic\u00eda Nacional, general Juan Hilario Guzm\u00e1n Badia, se reuni\u00f3 en su despacho con Suzanne Goldberg, experta en derechos civiles y diversidad; Paul Butki, director adjunto de la Secci\u00f3n Internacional de Asuntos Antinarc\u00f3ticos para la Aplicaci\u00f3n de la Ley (INL) de la Embajada de los Estados Unidos\u2026","rel":"","context":"En \u00abMILITARES\u00bb","block_context":{"text":"MILITARES","link":"https:\/\/lasprimeras.com.do\/index.php\/category\/militares\/"},"img":{"alt_text":"Juan Hilario Guzm\u00e1n Badia","src":"https:\/\/i0.wp.com\/lasprimeras.com.do\/wp-content\/uploads\/2024\/08\/Juan-Hilario-Guzman-Badia.png?resize=350%2C200&ssl=1","width":350,"height":200},"classes":[]}],"jetpack_sharing_enabled":true,"_links":{"self":[{"href":"https:\/\/lasprimeras.com.do\/index.php\/wp-json\/wp\/v2\/posts\/106173","targetHints":{"allow":["GET"]}}],"collection":[{"href":"https:\/\/lasprimeras.com.do\/index.php\/wp-json\/wp\/v2\/posts"}],"about":[{"href":"https:\/\/lasprimeras.com.do\/index.php\/wp-json\/wp\/v2\/types\/post"}],"author":[{"embeddable":true,"href":"https:\/\/lasprimeras.com.do\/index.php\/wp-json\/wp\/v2\/users\/10"}],"replies":[{"embeddable":true,"href":"https:\/\/lasprimeras.com.do\/index.php\/wp-json\/wp\/v2\/comments?post=106173"}],"version-history":[{"count":1,"href":"https:\/\/lasprimeras.com.do\/index.php\/wp-json\/wp\/v2\/posts\/106173\/revisions"}],"predecessor-version":[{"id":106175,"href":"https:\/\/lasprimeras.com.do\/index.php\/wp-json\/wp\/v2\/posts\/106173\/revisions\/106175"}],"wp:featuredmedia":[{"embeddable":true,"href":"https:\/\/lasprimeras.com.do\/index.php\/wp-json\/wp\/v2\/media\/106174"}],"wp:attachment":[{"href":"https:\/\/lasprimeras.com.do\/index.php\/wp-json\/wp\/v2\/media?parent=106173"}],"wp:term":[{"taxonomy":"category","embeddable":true,"href":"https:\/\/lasprimeras.com.do\/index.php\/wp-json\/wp\/v2\/categories?post=106173"},{"taxonomy":"post_tag","embeddable":true,"href":"https:\/\/lasprimeras.com.do\/index.php\/wp-json\/wp\/v2\/tags?post=106173"}],"curies":[{"name":"wp","href":"https:\/\/api.w.org\/{rel}","templated":true}]}}