{"id":106179,"date":"2025-08-11T12:58:58","date_gmt":"2025-08-11T16:58:58","guid":{"rendered":"https:\/\/lasprimeras.com.do\/?p=106179"},"modified":"2025-08-11T12:59:00","modified_gmt":"2025-08-11T16:59:00","slug":"fallecidos-y-heridos-en-nyc-por-balas","status":"publish","type":"post","link":"https:\/\/lasprimeras.com.do\/index.php\/2025\/08\/11\/fallecidos-y-heridos-en-nyc-por-balas\/","title":{"rendered":"Fallecidos y heridos en NYC por balas"},"content":{"rendered":"\n<p>Por Ram\u00f3n Mercedes<\/p>\n\n\n\n<p>NUEVA YORK.- La violencia contin\u00faa aposentada en esta ciudad y se hace sentir entre los neoyorkinos.<\/p>\n\n\n\n<p>Este fin de semana hubo un tiroteo en Brooklyn, otro en plena plaza tur\u00edstica de Times Square en Manhattan y dos en El Bronx, con saldo de dos fallecidos y cinco heridos.<\/p>\n\n\n\n<p>Seg\u00fan el reporte policial, los oficiales de Brooklyn acudieron al \u00e1rea de Brownsville y encontraron a un hombre de 42 a\u00f1os con un disparo en el abdomen, quien falleciera horas despu\u00e9s en el hospital. Un segundo hombre, de 41 a\u00f1os, fue alcanzado por m\u00faltiples disparos en las piernas. Se encuentra interno. El gatillero huy\u00f3.<\/p>\n\n\n\n<p>Asimismo, un tr\u00edo de desconocidos montando bicicletas le entr\u00f3 a tiros a un hombre en la avenida St. Ann&#8217;s con la calle 161 E. en El Bronx. La v\u00edctima fue trasladada al hospital. Otra persona fue muerta de varios disparos por un desconocido frente a Exotic World Smoke Shop, ubicado en 1629 de la avenida Westchester en la secci\u00f3n Soundview, en El Bronx. Los pistoleros huyeron.<\/p>\n\n\n\n<p>Mientras, en plena plaza tur\u00edstica de Times Square, en la calle 44 con la S\u00e9ptima avenida, hubo otro tiroteo con un saldo de 3 heridos por una discusi\u00f3n. El corre-corre y gritos entre cientos de personas que se encontraban en el \u00e1rea no se hicieron esperar.<\/p>\n\n\n\n<p>Se desconoce el motivo del incidente, pero la polic\u00eda dijo que hubo una disputa entre un joven de 19 a\u00f1os y el presunto tirador de 17, que fue detenido por agentes policiales vestido de civil que se encontraban a pocos metros.<\/p>\n\n\n\n<p>La Plaza de Times Square, concurrida 24\/7, es visitada diariamente por unas 330 mil personas, entre ellas cientos de dominicanos, mientras que m\u00e1s de 460 mil peatones caminan por ella en sus d\u00edas de mayor afluencia, incluyendo cientos de quisqueyanos; algunos laboran en el \u00e1rea.<\/p>\n\n\n\n<p>Es la plaza m\u00e1s concurrida del mundo, mayor que la Plaza Roja en Mosc\u00fa-Rusia; Piccadilly Circus en Londres-Inglaterra; de Tian&#8217;anmen en Pek\u00edn-China; Yonge-Dundas Square en Toronto-Canad\u00e1; y Shibuya en Tokio-Jap\u00f3n.<\/p>\n\n\n\n<p>Times Square se ha convertido en un \u00edcono mundial y s\u00edmbolo de NYC que se caracteriza por su animaci\u00f3n y por la publicidad luminosa.<\/p>\n\n\n\n<p>Hasta el d\u00eda de hoy en Estados Unidos van 9,074 fallecidos por balas y 16,626 heridos, muchos de ellos quedando en estado cr\u00edtico.<\/p>\n","protected":false},"excerpt":{"rendered":"<p>Por Ram\u00f3n Mercedes NUEVA YORK.- La violencia contin\u00faa aposentada en esta ciudad y se hace sentir entre los neoyorkinos. Este fin de semana hubo un tiroteo en Brooklyn, otro en&hellip;<\/p>\n","protected":false},"author":10,"featured_media":106180,"comment_status":"open","ping_status":"open","sticky":false,"template":"","format":"standard","meta":{"content-type":"","jetpack_post_was_ever_published":false,"_jetpack_newsletter_access":"","_jetpack_dont_email_post_to_subs":false,"_jetpack_newsletter_tier_id":0,"_jetpack_memberships_contains_paywalled_content":false,"_jetpack_memberships_contains_paid_content":false,"footnotes":""},"categories":[16289],"tags":[23058],"class_list":["post-106179","post","type-post","status-publish","format-standard","has-post-thumbnail","hentry","category-internacionales","tag-fallecidos-y-heridos-en-nyc-por-balas"],"jetpack_featured_media_url":"https:\/\/lasprimeras.com.do\/wp-content\/uploads\/2025\/08\/WhatsApp-Image-2025-08-11-at-7.11.51-AM-2.jpeg","jetpack-related-posts":[{"id":98823,"url":"https:\/\/lasprimeras.com.do\/index.php\/2025\/05\/13\/sangriento-fin-de-semana-en-nyc-alto-manhattan-fue-escenario-duelo-a-machetazos\/","url_meta":{"origin":106179,"position":0},"title":"Sangriento fin de semana en NYC; Alto Manhattan fue escenario duelo a machetazos","author":"Nelson Feliz","date":"13 de mayo de 2025","format":false,"excerpt":"Por Ram\u00f3n Mercedes NUEVA YORK.- El pasado fin de semana se torno muy violento en esta ciudad, con muertos y heridos, entre ellos civiles y agentes policiales, en diferentes circunstancia. Dos hombres, presuntamente dominicanos, sostuvieron un duelo a machetazos, frente a una bodega en el 144 de la avenida Nagle\u2026","rel":"","context":"En \u00abINTERNACIONALES\u00bb","block_context":{"text":"INTERNACIONALES","link":"https:\/\/lasprimeras.com.do\/index.php\/category\/sin-categoria\/internacionales\/"},"img":{"alt_text":"","src":"https:\/\/i0.wp.com\/lasprimeras.com.do\/wp-content\/uploads\/2025\/05\/WhatsApp-Image-2025-05-13-at-5.49.20-AM.jpeg?resize=350%2C200&ssl=1","width":350,"height":200,"srcset":"https:\/\/i0.wp.com\/lasprimeras.com.do\/wp-content\/uploads\/2025\/05\/WhatsApp-Image-2025-05-13-at-5.49.20-AM.jpeg?resize=350%2C200&ssl=1 1x, https:\/\/i0.wp.com\/lasprimeras.com.do\/wp-content\/uploads\/2025\/05\/WhatsApp-Image-2025-05-13-at-5.49.20-AM.jpeg?resize=525%2C300&ssl=1 1.5x"},"classes":[]},{"id":118964,"url":"https:\/\/lasprimeras.com.do\/index.php\/2026\/01\/05\/la-violencia-inicia-en-nyc-junto-al-ano-nuevo\/","url_meta":{"origin":106179,"position":1},"title":"La violencia inicia en NYC junto al A\u00f1o Nuevo","author":"Nelson Feliz","date":"5 de enero de 2026","format":false,"excerpt":"Por Ram\u00f3n Mercedes NUEVA YORK.- Un taxista de Uber fue la primera v\u00edctima acaecida por balas en este 2026 en esta ciudad. El conductor de 55 a\u00f1os fue asesinado a tiros en la esquina de la avenida Morris y Cross Bronx Expressway, en Tremont, El Bronx, poco antes de las\u2026","rel":"","context":"En \u00abINTERNACIONALES\u00bb","block_context":{"text":"INTERNACIONALES","link":"https:\/\/lasprimeras.com.do\/index.php\/category\/sin-categoria\/internacionales\/"},"img":{"alt_text":"","src":"https:\/\/i0.wp.com\/lasprimeras.com.do\/wp-content\/uploads\/2025\/06\/WhatsApp-Image-2025-06-02-at-7.03.09-AM-3.jpeg?resize=350%2C200&ssl=1","width":350,"height":200,"srcset":"https:\/\/i0.wp.com\/lasprimeras.com.do\/wp-content\/uploads\/2025\/06\/WhatsApp-Image-2025-06-02-at-7.03.09-AM-3.jpeg?resize=350%2C200&ssl=1 1x, https:\/\/i0.wp.com\/lasprimeras.com.do\/wp-content\/uploads\/2025\/06\/WhatsApp-Image-2025-06-02-at-7.03.09-AM-3.jpeg?resize=525%2C300&ssl=1 1.5x"},"classes":[]},{"id":102244,"url":"https:\/\/lasprimeras.com.do\/index.php\/2025\/07\/02\/hasta-mitad-2025-en-eua-van-7288-fallecidos-y-13051-heridos-con-armas-de-fuego\/","url_meta":{"origin":106179,"position":2},"title":"Hasta mitad 2025 en EUA van 7,288 fallecidos y 13,051 heridos con armas de fuego","author":"Nelson Feliz","date":"2 de julio de 2025","format":false,"excerpt":"Por Ram\u00f3n Mercedes NUEVA YORK.- Al concluir este lunes 30 de junio la mitad del presente a\u00f1o, en Estados Unidos van 7,288 fallecidos y 13,051 heridos con armas de fuego. Muchos de los heridos han quedado en estado de gravedad. Dentro de esos totales figuran 119 ni\u00f1os entre 0 a\u2026","rel":"","context":"En \u00abINTERNACIONALES\u00bb","block_context":{"text":"INTERNACIONALES","link":"https:\/\/lasprimeras.com.do\/index.php\/category\/sin-categoria\/internacionales\/"},"img":{"alt_text":"","src":"https:\/\/i0.wp.com\/lasprimeras.com.do\/wp-content\/uploads\/2025\/07\/bandas.jpg?resize=350%2C200&ssl=1","width":350,"height":200,"srcset":"https:\/\/i0.wp.com\/lasprimeras.com.do\/wp-content\/uploads\/2025\/07\/bandas.jpg?resize=350%2C200&ssl=1 1x, https:\/\/i0.wp.com\/lasprimeras.com.do\/wp-content\/uploads\/2025\/07\/bandas.jpg?resize=525%2C300&ssl=1 1.5x"},"classes":[]},{"id":66489,"url":"https:\/\/lasprimeras.com.do\/index.php\/2023\/11\/03\/matan-a-una-dominicana-junto-a-su-sobrino-y-su-perro-en-medio-de-los-diluvios-de-nueva-york\/","url_meta":{"origin":106179,"position":3},"title":"Matan a una dominicana junto a su sobrino y su perro en medio de los diluvios de Nueva York","author":"Nelson Feliz","date":"3 de noviembre de 2023","format":false,"excerpt":"El hecho ocurri\u00f3 en Washington Heights en medio de las lluvias del viernes. Nueva York.-.Un tr\u00e1gico suceso sacudi\u00f3 al Alto Manhattan, donde un hombre y una mujer fueron v\u00edctimas de disparos en la cabeza mientras se encontraban en las cercan\u00edas de Highbridge Park, durante las fuertes lluvia que azotaron a\u2026","rel":"","context":"En \u00abSin categor\u00eda\u00bb","block_context":{"text":"Sin categor\u00eda","link":"https:\/\/lasprimeras.com.do\/index.php\/category\/sin-categoria\/"},"img":{"alt_text":"","src":"https:\/\/i0.wp.com\/lasprimeras.com.do\/wp-content\/uploads\/2023\/11\/jackibillini-focus-0-0-896-504.jpg?resize=350%2C200&ssl=1","width":350,"height":200,"srcset":"https:\/\/i0.wp.com\/lasprimeras.com.do\/wp-content\/uploads\/2023\/11\/jackibillini-focus-0-0-896-504.jpg?resize=350%2C200&ssl=1 1x, https:\/\/i0.wp.com\/lasprimeras.com.do\/wp-content\/uploads\/2023\/11\/jackibillini-focus-0-0-896-504.jpg?resize=525%2C300&ssl=1 1.5x, https:\/\/i0.wp.com\/lasprimeras.com.do\/wp-content\/uploads\/2023\/11\/jackibillini-focus-0-0-896-504.jpg?resize=700%2C400&ssl=1 2x"},"classes":[]},{"id":106776,"url":"https:\/\/lasprimeras.com.do\/index.php\/2025\/08\/19\/en-recientes-dias-9-muertos-y-18-heridos-a-balazos-en-ny-ultima-victima-fue-en-el-alto-manhattan\/","url_meta":{"origin":106179,"position":4},"title":"En recientes d\u00edas 9 muertos y 18 heridos a balazos en NY; \u00faltima v\u00edctima fue en el Alto Manhattan","author":"Nelson Feliz","date":"19 de agosto de 2025","format":false,"excerpt":"Por Ram\u00f3n Mercedes NUEVA YORK.- La violencia a tiros en Estados Unidos ha cobrado las vidas, hasta este lunes, de 9,442 personas y 17,248, muchas de ellas quedando en estado de gravedad, seg\u00fan las estad\u00edsticas de la organizaci\u00f3n \u00abArchivo de Violencia Armada\u00bb (GVA), con sede en Washington DC. En recientes\u2026","rel":"","context":"En \u00abINTERNACIONALES\u00bb","block_context":{"text":"INTERNACIONALES","link":"https:\/\/lasprimeras.com.do\/index.php\/category\/sin-categoria\/internacionales\/"},"img":{"alt_text":"","src":"https:\/\/i0.wp.com\/lasprimeras.com.do\/wp-content\/uploads\/2025\/07\/WhatsApp-Image-2025-07-17-at-6.40.32-AM-2.jpeg?resize=350%2C200&ssl=1","width":350,"height":200,"srcset":"https:\/\/i0.wp.com\/lasprimeras.com.do\/wp-content\/uploads\/2025\/07\/WhatsApp-Image-2025-07-17-at-6.40.32-AM-2.jpeg?resize=350%2C200&ssl=1 1x, https:\/\/i0.wp.com\/lasprimeras.com.do\/wp-content\/uploads\/2025\/07\/WhatsApp-Image-2025-07-17-at-6.40.32-AM-2.jpeg?resize=525%2C300&ssl=1 1.5x"},"classes":[]},{"id":99322,"url":"https:\/\/lasprimeras.com.do\/index.php\/2025\/05\/20\/hombre-asesinado-de-un-tiro-frente-a-un-cuartel-en-harlem-otros-hechos-violentos-en-nyc\/","url_meta":{"origin":106179,"position":5},"title":"Hombre asesinado de un tiro frente a un cuartel en Harlem; otros hechos violentos en NYC","author":"Nelson Feliz","date":"20 de mayo de 2025","format":false,"excerpt":"Por Ram\u00f3n Mercedes NUEVA YORK.- Un hombre fue asesinado de un tiro en la cabeza frente a un cuartel de la polic\u00eda en el sector de Harlem, en esta ciudad, publica la prensa neoyorkina. El Departamento de Polic\u00eda de NYC inform\u00f3 que el hecho sucedi\u00f3 este domingo a las 11:40\u2026","rel":"","context":"En \u00abINTERNACIONALES\u00bb","block_context":{"text":"INTERNACIONALES","link":"https:\/\/lasprimeras.com.do\/index.php\/category\/sin-categoria\/internacionales\/"},"img":{"alt_text":"","src":"https:\/\/i0.wp.com\/lasprimeras.com.do\/wp-content\/uploads\/2025\/05\/WhatsApp-Image-2025-05-20-at-6.32.53-AM.jpeg?resize=350%2C200&ssl=1","width":350,"height":200,"srcset":"https:\/\/i0.wp.com\/lasprimeras.com.do\/wp-content\/uploads\/2025\/05\/WhatsApp-Image-2025-05-20-at-6.32.53-AM.jpeg?resize=350%2C200&ssl=1 1x, https:\/\/i0.wp.com\/lasprimeras.com.do\/wp-content\/uploads\/2025\/05\/WhatsApp-Image-2025-05-20-at-6.32.53-AM.jpeg?resize=525%2C300&ssl=1 1.5x"},"classes":[]}],"jetpack_sharing_enabled":true,"_links":{"self":[{"href":"https:\/\/lasprimeras.com.do\/index.php\/wp-json\/wp\/v2\/posts\/106179","targetHints":{"allow":["GET"]}}],"collection":[{"href":"https:\/\/lasprimeras.com.do\/index.php\/wp-json\/wp\/v2\/posts"}],"about":[{"href":"https:\/\/lasprimeras.com.do\/index.php\/wp-json\/wp\/v2\/types\/post"}],"author":[{"embeddable":true,"href":"https:\/\/lasprimeras.com.do\/index.php\/wp-json\/wp\/v2\/users\/10"}],"replies":[{"embeddable":true,"href":"https:\/\/lasprimeras.com.do\/index.php\/wp-json\/wp\/v2\/comments?post=106179"}],"version-history":[{"count":1,"href":"https:\/\/lasprimeras.com.do\/index.php\/wp-json\/wp\/v2\/posts\/106179\/revisions"}],"predecessor-version":[{"id":106181,"href":"https:\/\/lasprimeras.com.do\/index.php\/wp-json\/wp\/v2\/posts\/106179\/revisions\/106181"}],"wp:featuredmedia":[{"embeddable":true,"href":"https:\/\/lasprimeras.com.do\/index.php\/wp-json\/wp\/v2\/media\/106180"}],"wp:attachment":[{"href":"https:\/\/lasprimeras.com.do\/index.php\/wp-json\/wp\/v2\/media?parent=106179"}],"wp:term":[{"taxonomy":"category","embeddable":true,"href":"https:\/\/lasprimeras.com.do\/index.php\/wp-json\/wp\/v2\/categories?post=106179"},{"taxonomy":"post_tag","embeddable":true,"href":"https:\/\/lasprimeras.com.do\/index.php\/wp-json\/wp\/v2\/tags?post=106179"}],"curies":[{"name":"wp","href":"https:\/\/api.w.org\/{rel}","templated":true}]}}