{"id":106182,"date":"2025-08-11T13:04:08","date_gmt":"2025-08-11T17:04:08","guid":{"rendered":"https:\/\/lasprimeras.com.do\/?p=106182"},"modified":"2025-08-11T13:04:09","modified_gmt":"2025-08-11T17:04:09","slug":"general-mendez-en-ny-siempre-pidiendole-a-dios-humildad-entrega-y-sacrificio-para-dirigir-el-coe-y-daeh","status":"publish","type":"post","link":"https:\/\/lasprimeras.com.do\/index.php\/2025\/08\/11\/general-mendez-en-ny-siempre-pidiendole-a-dios-humildad-entrega-y-sacrificio-para-dirigir-el-coe-y-daeh\/","title":{"rendered":"General M\u00e9ndez en NY: \u00abSiempre pidi\u00e9ndole a Dios humildad, entrega y sacrificio para dirigir el COE y DAEH\u00bb"},"content":{"rendered":"\n<figure class=\"wp-block-embed is-type-video is-provider-youtube wp-block-embed-youtube wp-embed-aspect-16-9 wp-has-aspect-ratio\"><div class=\"wp-block-embed__wrapper\">\n<iframe title=\"General M\u00e9ndez en NY: \u00abPidi\u00e9ndole a Dios humildad, entrega y sacrificio para dirigir el COE y DAEH\u00bb\" width=\"500\" height=\"281\" src=\"https:\/\/www.youtube.com\/embed\/aXkDwhnZ7IQ?feature=oembed\" frameborder=\"0\" allow=\"accelerometer; autoplay; clipboard-write; encrypted-media; gyroscope; picture-in-picture; web-share\" referrerpolicy=\"strict-origin-when-cross-origin\" allowfullscreen><\/iframe>\n<\/div><\/figure>\n\n\n\n<p>Por Ram\u00f3n Mercedes<\/p>\n\n\n\n<p>NUEVA YORK.- El director del Centro de Operaciones de Emergencias (COE) y la Direcci\u00f3n de Servicios de Atenci\u00f3n a Emergencias Extrahospitalarias (DAEH), que cubren las ambulancias del 911, general\u00ae Juan Manuel M\u00e9ndez, declar\u00f3 en esta ciudad que siempre le pide a Dios humildad, entrega y sacrificio para seguir dirigiendo estas instituciones que el presidente Luis Abinader ha puesto bajo sus responsabilidades.<\/p>\n\n\n\n<p>\u00abAgradezco al presidente por la distinci\u00f3n, 20 a\u00f1os al frente del COE, catalogado por el Comando Sur de los Estados Unidos como uno de los mejores de la regi\u00f3n y naturalmente un equipo de trabajo al cual yo debo de agradecerle porque el trabajo no se hace solo\u00bb, especific\u00f3.<\/p>\n\n\n\n<p>El general M\u00e9ndez fue entrevistado por este reportero cuando ambos compart\u00edan la gala auspiciada por el \u00abDesfile\u00bb, \u00e9l como padrino y el autor de esta cr\u00f3nica como \u00abembajador homenajeado\u00bb.<\/p>\n\n\n\n<p>\u00abEs una distinci\u00f3n que nos honra no solamente a mi persona, tambi\u00e9n a mi familia y a todo el componente de hombres y mujeres que trabajan conmigo al frente del centro de operaciones\u00bb, declar\u00f3, al ser preguntado.<\/p>\n\n\n\n<p>Al ser seleccionado como padrino del 43\u00ba aniversario del \u00abDesfile\u00bb que se celebrara este domingo a lo largo de la avenida Sexta ante un mill\u00f3n de dominicanos, el general precis\u00f3 \u00abagradecerle a Dios por la distinci\u00f3n, a todos los dominicanos de la di\u00e1spora y naturalmente los nacionales que siempre me han dado apoyo y cari\u00f1o\u00bb.<\/p>\n\n\n\n<p>\u00abEs un alto honor, un gran compromiso como dominicano el hecho de que me hayan seleccionado como padrino\u00bb, a\u00f1adi\u00f3.<\/p>\n\n\n\n<p>Al preguntarle \u00bfqu\u00e9 mensaje env\u00eda a sus conciudadanos residentes en NYC?, contest\u00f3:<\/p>\n\n\n\n<p>\u00abQue la RD es un pa\u00eds de oportunidades, que sigan naturalmente confiando en los dominicanos que estamos all\u00e1 y el presidente Abinader ha hecho lo humanamente posible para hacer un buen gobierno\u00bb.<\/p>\n\n\n\n<p>\u00abQue se le cumplan con todas esas promesas que se le ha hecho a los dominicanos ausentes, como son viviendas, seguro de salud, much\u00edsimas conquistas que merecen los dominicanos que residen en USA y otras partes del mundo, sobre todo en NY\u00bb.<\/p>\n\n\n\n<p>\u00abPara que vuelvan otra vez a su patria y gocen de todas las riquezas que tenemos los dominicanos, como en nuestro ambiente, playas, sol, r\u00edos, monta\u00f1as y bendiciendo siempre a los dominicanos donde quiera que se encuentren\u00bb, puntualiz\u00f3.<\/p>\n\n\n\n<p>La presencia de M\u00e9ndez en el evento llam\u00f3 las atenci\u00f3n de m\u00faltiples quisqueyanos asistente a la actividad (unos mil), solicit\u00e1ndole una foto, un saludo, una breve conversaci\u00f3n, respondiendo con humildad a dichos requerimientos. Este reporte fue testigo.<\/p>\n","protected":false},"excerpt":{"rendered":"<p>Por Ram\u00f3n Mercedes NUEVA YORK.- El director del Centro de Operaciones de Emergencias (COE) y la Direcci\u00f3n de Servicios de Atenci\u00f3n a Emergencias Extrahospitalarias (DAEH), que cubren las ambulancias del&hellip;<\/p>\n","protected":false},"author":10,"featured_media":106183,"comment_status":"open","ping_status":"open","sticky":false,"template":"","format":"standard","meta":{"content-type":"","jetpack_post_was_ever_published":false,"_jetpack_newsletter_access":"","_jetpack_dont_email_post_to_subs":false,"_jetpack_newsletter_tier_id":0,"_jetpack_memberships_contains_paywalled_content":false,"_jetpack_memberships_contains_paid_content":false,"footnotes":""},"categories":[16289],"tags":[2266,5839,4989,23059,14090,10427],"class_list":["post-106182","post","type-post","status-publish","format-standard","has-post-thumbnail","hentry","category-internacionales","tag-coe","tag-daeh","tag-dios","tag-general-mendez-en-ny","tag-humildad","tag-sacrificio"],"jetpack_featured_media_url":"https:\/\/lasprimeras.com.do\/wp-content\/uploads\/2025\/08\/ramon-mercedes.jpg","jetpack-related-posts":[{"id":98815,"url":"https:\/\/lasprimeras.com.do\/index.php\/2025\/05\/13\/director-del-coe-recibe-reconocimiento-del-senado-de-ny-por-su-labor-en-la-tragedia-del-jet-set\/","url_meta":{"origin":106182,"position":0},"title":"Director del COE recibe reconocimiento del Senado de NY por su labor en la tragedia del Jet Set","author":"Nelson Feliz","date":"13 de mayo de 2025","format":false,"excerpt":"Nueva York.- El director del Centro de Operaciones de Emergencias (COE) y la Direcci\u00f3n de Servicios de Atenci\u00f3n a Emergencias Extrahospitalarias (DAEH), Juan Manuel M\u00e9ndez Garc\u00eda, recibi\u00f3 un reconocimiento por parte del senador del Estado de Nueva York, Luis Sep\u00falveda, por la extraordinaria labor que junto a su equipo de\u2026","rel":"","context":"En \u00abINTERNACIONALES\u00bb","block_context":{"text":"INTERNACIONALES","link":"https:\/\/lasprimeras.com.do\/index.php\/category\/sin-categoria\/internacionales\/"},"img":{"alt_text":"","src":"https:\/\/i0.wp.com\/lasprimeras.com.do\/wp-content\/uploads\/2025\/05\/Juan-Manuel-Mendez-1.jpg?resize=350%2C200&ssl=1","width":350,"height":200,"srcset":"https:\/\/i0.wp.com\/lasprimeras.com.do\/wp-content\/uploads\/2025\/05\/Juan-Manuel-Mendez-1.jpg?resize=350%2C200&ssl=1 1x, https:\/\/i0.wp.com\/lasprimeras.com.do\/wp-content\/uploads\/2025\/05\/Juan-Manuel-Mendez-1.jpg?resize=525%2C300&ssl=1 1.5x, https:\/\/i0.wp.com\/lasprimeras.com.do\/wp-content\/uploads\/2025\/05\/Juan-Manuel-Mendez-1.jpg?resize=700%2C400&ssl=1 2x"},"classes":[]},{"id":113229,"url":"https:\/\/lasprimeras.com.do\/index.php\/2025\/10\/30\/pn-reconoce-aportes-del-director-del-coe-juan-manuel-mendez-garcia\/","url_meta":{"origin":106182,"position":1},"title":"PN reconoce aportes del director del COE Juan Manuel M\u00e9ndez Garc\u00eda","author":"Nelson Feliz","date":"30 de octubre de 2025","format":false,"excerpt":"El director del Centro de Operaciones de Emergencias (COE) y de la Direcci\u00f3n de Servicios de Atenci\u00f3n a Emergencias Extrahospitalarias (DAEH), Mayor General (R) Dr. Juan Manuel M\u00e9ndez Garc\u00eda, fue reconocido por la Polic\u00eda Nacional mediante el Decreto 619-25, en honor al m\u00e9rito por sus invaluables aportes y servicio a\u2026","rel":"","context":"En \u00abMILITARES\u00bb","block_context":{"text":"MILITARES","link":"https:\/\/lasprimeras.com.do\/index.php\/category\/militares\/"},"img":{"alt_text":"Juan Manuel M\u00e9ndez Garc\u00eda","src":"https:\/\/i0.wp.com\/lasprimeras.com.do\/wp-content\/uploads\/2024\/12\/Juan-Manuel-Mendez-Garcia.jpg?resize=350%2C200&ssl=1","width":350,"height":200,"srcset":"https:\/\/i0.wp.com\/lasprimeras.com.do\/wp-content\/uploads\/2024\/12\/Juan-Manuel-Mendez-Garcia.jpg?resize=350%2C200&ssl=1 1x, https:\/\/i0.wp.com\/lasprimeras.com.do\/wp-content\/uploads\/2024\/12\/Juan-Manuel-Mendez-Garcia.jpg?resize=525%2C300&ssl=1 1.5x, https:\/\/i0.wp.com\/lasprimeras.com.do\/wp-content\/uploads\/2024\/12\/Juan-Manuel-Mendez-Garcia.jpg?resize=700%2C400&ssl=1 2x"},"classes":[]},{"id":101213,"url":"https:\/\/lasprimeras.com.do\/index.php\/2025\/06\/17\/senasa-y-daeh-fortalecen-atencion-extrahospitalaria-y-prevencion-durante-temporada-ciclonica\/","url_meta":{"origin":106182,"position":2},"title":"SeNaSa y DAEH fortalecen atenci\u00f3n extrahospitalaria y prevenci\u00f3n durante temporada cicl\u00f3nica","author":"Nelson Feliz","date":"17 de junio de 2025","format":false,"excerpt":"El director ejecutivo del Seguro Nacional de Salud (SeNaSa), doctor Santiago Hazim, y el director de la Direcci\u00f3n de Servicios de Atenci\u00f3n a Emergencias Extrahospitalarias (DAEH), general Juan Manuel M\u00e9ndez, coordinaron acciones conjuntas orientadas a fortalecer la colaboraci\u00f3n interinstitucional y garantizar una mejor atenci\u00f3n a la ciudadan\u00eda, especialmente en el\u2026","rel":"","context":"En \u00abNACIONALES\u00bb","block_context":{"text":"NACIONALES","link":"https:\/\/lasprimeras.com.do\/index.php\/category\/nacionales\/"},"img":{"alt_text":"","src":"https:\/\/i0.wp.com\/lasprimeras.com.do\/wp-content\/uploads\/2025\/06\/General-Juan-Manuel-Mendez-y-el-Doctor-Santiago-Hazim.jpg?resize=350%2C200&ssl=1","width":350,"height":200,"srcset":"https:\/\/i0.wp.com\/lasprimeras.com.do\/wp-content\/uploads\/2025\/06\/General-Juan-Manuel-Mendez-y-el-Doctor-Santiago-Hazim.jpg?resize=350%2C200&ssl=1 1x, https:\/\/i0.wp.com\/lasprimeras.com.do\/wp-content\/uploads\/2025\/06\/General-Juan-Manuel-Mendez-y-el-Doctor-Santiago-Hazim.jpg?resize=525%2C300&ssl=1 1.5x, https:\/\/i0.wp.com\/lasprimeras.com.do\/wp-content\/uploads\/2025\/06\/General-Juan-Manuel-Mendez-y-el-Doctor-Santiago-Hazim.jpg?resize=700%2C400&ssl=1 2x"},"classes":[]},{"id":125845,"url":"https:\/\/lasprimeras.com.do\/index.php\/2026\/03\/27\/coe-lanzara-este-jueves-2-de-abril-el-%c2%a8operativo-conciencia-por-la-vida%c2%a8-semana-santa-2026\/","url_meta":{"origin":106182,"position":3},"title":"COE lanzara este jueves 2 de abril el \u00a8Operativo Conciencia por la Vida\u00a8, Semana Santa 2026","author":"Nelson Feliz","date":"27 de marzo de 2026","format":false,"excerpt":"El Centro de Operaciones de Emergencias lanzara este jueves 2 de abril a partir del mediod\u00eda el \"Operativo Conciencia Por La Vida, Semana Santa 2026\"que busca garantizar la seguridad de los ciudadanos que se desplacen durante el asueto de la semana mayor. El director, Juan Manuel M\u00e9ndez Garc\u00eda, se reuni\u00f3\u2026","rel":"","context":"En \u00abNACIONALES\u00bb","block_context":{"text":"NACIONALES","link":"https:\/\/lasprimeras.com.do\/index.php\/category\/nacionales\/"},"img":{"alt_text":"Juan Manuel M\u00e9ndez Garc\u00eda","src":"https:\/\/i0.wp.com\/lasprimeras.com.do\/wp-content\/uploads\/2026\/03\/Juan-Manuel-Mendez-Garcia-1.jpg?resize=350%2C200&ssl=1","width":350,"height":200,"srcset":"https:\/\/i0.wp.com\/lasprimeras.com.do\/wp-content\/uploads\/2026\/03\/Juan-Manuel-Mendez-Garcia-1.jpg?resize=350%2C200&ssl=1 1x, https:\/\/i0.wp.com\/lasprimeras.com.do\/wp-content\/uploads\/2026\/03\/Juan-Manuel-Mendez-Garcia-1.jpg?resize=525%2C300&ssl=1 1.5x, https:\/\/i0.wp.com\/lasprimeras.com.do\/wp-content\/uploads\/2026\/03\/Juan-Manuel-Mendez-Garcia-1.jpg?resize=700%2C400&ssl=1 2x"},"classes":[]},{"id":110941,"url":"https:\/\/lasprimeras.com.do\/index.php\/2025\/10\/02\/juan-manuel-mendez-saldra-en-defensa-de-la-gestion-de-abinader\/","url_meta":{"origin":106182,"position":4},"title":"Juan Manuel M\u00e9ndez saldr\u00e1 en defensa de la gesti\u00f3n de Abinader","author":"Nelson Feliz","date":"2 de octubre de 2025","format":false,"excerpt":"El director del Centro de Operaciones de Emergencias (COE), Juan Manuel M\u00e9ndez, anunci\u00f3 la tarde de este mi\u00e9rcoles que incursionar\u00e1 en la pol\u00edtica y que saldr\u00e1 a defender la gesti\u00f3n del presidente de la Rep\u00fablica, Luis Abinader. Expres\u00f3 que, para poder accionar en el mundo pol\u00edtico, pone a disposici\u00f3n del\u2026","rel":"","context":"En \u00abPOLITICA\u00bb","block_context":{"text":"POLITICA","link":"https:\/\/lasprimeras.com.do\/index.php\/category\/politica\/"},"img":{"alt_text":"Juan Manuel M\u00e9ndez","src":"https:\/\/i0.wp.com\/lasprimeras.com.do\/wp-content\/uploads\/2024\/03\/Juan-Manuel-Mendez-1.jpg?resize=350%2C200&ssl=1","width":350,"height":200,"srcset":"https:\/\/i0.wp.com\/lasprimeras.com.do\/wp-content\/uploads\/2024\/03\/Juan-Manuel-Mendez-1.jpg?resize=350%2C200&ssl=1 1x, https:\/\/i0.wp.com\/lasprimeras.com.do\/wp-content\/uploads\/2024\/03\/Juan-Manuel-Mendez-1.jpg?resize=525%2C300&ssl=1 1.5x, https:\/\/i0.wp.com\/lasprimeras.com.do\/wp-content\/uploads\/2024\/03\/Juan-Manuel-Mendez-1.jpg?resize=700%2C400&ssl=1 2x"},"classes":[]},{"id":126803,"url":"https:\/\/lasprimeras.com.do\/index.php\/2026\/04\/05\/fard-realiza-evacuacion-aeromedica-en-el-pico-duarte-en-apoyo-al-coe-y-la-daeh\/","url_meta":{"origin":106182,"position":5},"title":"FARD realiza evacuaci\u00f3n aerom\u00e9dica en el Pico Duarte en apoyo al COE y la DAEH","author":"Nelson Feliz","date":"5 de abril de 2026","format":false,"excerpt":"El Centro de Operaciones de Emergencias (COE) y a la Direcci\u00f3n de Servicios de Atenci\u00f3n a Emergencias Extrahospitalarias (DAEH), la Fuerza A\u00e9rea de Rep\u00fablica Dominicana realiz\u00f3 una evacuaci\u00f3n aerom\u00e9dica en las inmediaciones del Pico Duarte, logrando el rescate oportuno de dos turistas que requer\u00edan atenci\u00f3n inmediata. El operativo fue ejecutado\u2026","rel":"","context":"En \u00abMILITARES\u00bb","block_context":{"text":"MILITARES","link":"https:\/\/lasprimeras.com.do\/index.php\/category\/militares\/"},"img":{"alt_text":"","src":"https:\/\/i0.wp.com\/lasprimeras.com.do\/wp-content\/uploads\/2026\/04\/FARD.jpg?resize=350%2C200&ssl=1","width":350,"height":200},"classes":[]}],"jetpack_sharing_enabled":true,"_links":{"self":[{"href":"https:\/\/lasprimeras.com.do\/index.php\/wp-json\/wp\/v2\/posts\/106182","targetHints":{"allow":["GET"]}}],"collection":[{"href":"https:\/\/lasprimeras.com.do\/index.php\/wp-json\/wp\/v2\/posts"}],"about":[{"href":"https:\/\/lasprimeras.com.do\/index.php\/wp-json\/wp\/v2\/types\/post"}],"author":[{"embeddable":true,"href":"https:\/\/lasprimeras.com.do\/index.php\/wp-json\/wp\/v2\/users\/10"}],"replies":[{"embeddable":true,"href":"https:\/\/lasprimeras.com.do\/index.php\/wp-json\/wp\/v2\/comments?post=106182"}],"version-history":[{"count":1,"href":"https:\/\/lasprimeras.com.do\/index.php\/wp-json\/wp\/v2\/posts\/106182\/revisions"}],"predecessor-version":[{"id":106184,"href":"https:\/\/lasprimeras.com.do\/index.php\/wp-json\/wp\/v2\/posts\/106182\/revisions\/106184"}],"wp:featuredmedia":[{"embeddable":true,"href":"https:\/\/lasprimeras.com.do\/index.php\/wp-json\/wp\/v2\/media\/106183"}],"wp:attachment":[{"href":"https:\/\/lasprimeras.com.do\/index.php\/wp-json\/wp\/v2\/media?parent=106182"}],"wp:term":[{"taxonomy":"category","embeddable":true,"href":"https:\/\/lasprimeras.com.do\/index.php\/wp-json\/wp\/v2\/categories?post=106182"},{"taxonomy":"post_tag","embeddable":true,"href":"https:\/\/lasprimeras.com.do\/index.php\/wp-json\/wp\/v2\/tags?post=106182"}],"curies":[{"name":"wp","href":"https:\/\/api.w.org\/{rel}","templated":true}]}}