{"id":106186,"date":"2025-08-12T07:03:16","date_gmt":"2025-08-12T11:03:16","guid":{"rendered":"https:\/\/lasprimeras.com.do\/?p=106186"},"modified":"2025-08-12T07:03:19","modified_gmt":"2025-08-12T11:03:19","slug":"republica-dominicana-registra-avances-historicos-en-salud-educacion-seguridad-vivienda-y-economia-entre-2020-y-2025","status":"publish","type":"post","link":"https:\/\/lasprimeras.com.do\/index.php\/2025\/08\/12\/republica-dominicana-registra-avances-historicos-en-salud-educacion-seguridad-vivienda-y-economia-entre-2020-y-2025\/","title":{"rendered":"Rep\u00fablica Dominicana registra avances hist\u00f3ricos en salud, educaci\u00f3n, seguridad, vivienda y econom\u00eda entre 2020 y 2025"},"content":{"rendered":"\n<p><strong>El presidente Abinader present\u00f3 en LA Semanal cinco a\u00f1os de transformaciones gubernamentales.<\/strong><\/p>\n\n\n\n<p>Un balance de los \u00faltimos cinco a\u00f1os fue presentado este lunes por el presidente Luis Abinader, donde muestra que la Rep\u00fablica Dominicana ha alcanzado cifras r\u00e9cord en m\u00faltiples \u00e1reas, consolid\u00e1ndose como uno de los pa\u00edses con mayor crecimiento y desarrollo social en la regi\u00f3n.<\/p>\n\n\n\n<p>Estas informaciones las ofreci\u00f3 el mandatario durante LA Semanal con la Prensa, en la cual mostr\u00f3 los indicadores m\u00e1s importantes en diferentes \u00e1reas del Gobierno durante los cinco a\u00f1os de gesti\u00f3n. &#8220;Aqu\u00ed queremos presentar lo m\u00e1s importante y c\u00f3mo hemos cambiado el c\u00edrculo vicioso por el c\u00edrculo virtuoso&#8221;.<\/p>\n\n\n\n<p>Salud<\/p>\n\n\n\n<p>En salud, la esperanza de vida subi\u00f3 de 73.5 a 75.1 a\u00f1os y la mortalidad infantil se redujo de 20.9 a 15.9 por cada mil nacidos vivos. Los embarazos en adolescentes bajaron de 74.4 % a 67.9 %, mientras la cobertura de seguridad social sum\u00f3 2.51 millones de nuevos afiliados.<\/p>\n\n\n\n<p>Estrategia Hearts<\/p>\n\n\n\n<p>Con esta estrategia fueron beneficiados 300,000 pacientes mayores de 45 a\u00f1os y 58 % fueron beneficiados a trav\u00e9s de los centros de primer nivel de atenci\u00f3n p\u00fablica.<\/p>\n\n\n\n<p>Infraestructura hospitalaria<\/p>\n\n\n\n<p>En infraestructura hospitalaria se construyeron, remozaron y equiparon 90 hospitales, 625 centros de primer nivel y 272 centros con equipos m\u00e9dicos avanzados, adem\u00e1s de cinco hospitales traumatol\u00f3gicos en operaci\u00f3n y tres pr\u00f3ximos a inaugurarse.<\/p>\n\n\n\n<p>Seguridad<\/p>\n\n\n\n<p>En seguridad, la tasa de homicidios se redujo de 23.4 por cada 100,000 habitantes en 2012 a 8.3 en 2025, y los actos delictivos bajaron un 10 % desde 2019. El modelo policial fue reforzado con m\u00e1s de 4,000 agentes nuevos, aumento salarial y la construcci\u00f3n de 66 estaciones policiales.<\/p>\n\n\n\n<p>Vivienda, agua, t\u00edtulos de propiedad<\/p>\n\n\n\n<p>En vivienda y servicios b\u00e1sicos, el d\u00e9ficit habitacional cualitativo baj\u00f3 de 32.2 % en 2018 a 27.6 % en 2024, mientras el acceso a agua potable pas\u00f3 de 81.8 % a 86.5 %. Entre 2020 y 2025 se entregaron 15,518 viviendas y se mejoraron 51,872, adem\u00e1s de otorgar 130,693 t\u00edtulos de propiedad, para beneficiar a m\u00e1s de 522,000 personas.<\/p>\n\n\n\n<p>Econom\u00eda e inversi\u00f3n extranjera<\/p>\n\n\n\n<p>En el \u00e1mbito econ\u00f3mico y productivo, el PIB per c\u00e1pita creci\u00f3 un 34.16 %, pasando de USD 8,603 en 2019 a USD 11,541 en 2024. La inversi\u00f3n extranjera directa alcanz\u00f3 un r\u00e9cord de USD 4,500 millones y las exportaciones totales superaron los USD 12,900 millones.<\/p>\n\n\n\n<p>Turismo, zonas francas y agropecuaria<\/p>\n\n\n\n<p>El turismo creci\u00f3 un 48 % y las zonas francas generaron 197,455 empleos directos, el 55 % ocupados por mujeres. En agropecuaria, la producci\u00f3n de pollo creci\u00f3 44.1 %, la de huevos 38.1 % y la de leche 28 %, mientras las exportaciones de huevo aumentaron 553 %.<\/p>\n\n\n\n<p>Empleo y salarios<\/p>\n\n\n\n<p>En empleo, entre 2021 y 2024 se crearon 154,000 empleos formales, con una tasa de ocupaci\u00f3n femenina que subi\u00f3 de 47.78 % a 49.45 %. El salario m\u00ednimo real del sector privado no sectorizado aument\u00f3 un 20.6 % en d\u00f3lares desde 2020, y en pesos pas\u00f3 de RD 6,035 en 2012 a RD 19,450 en 2024.<\/p>\n\n\n\n<p>Educaci\u00f3n<\/p>\n\n\n\n<p>En educaci\u00f3n, se inauguraron 87 nuevos Caipi, ampliando la cobertura de atenci\u00f3n integral a la primera infancia un 31.48 %. La cobertura neta en primaria subi\u00f3 a 92.6% y en secundaria a 70.7%.<\/p>\n\n\n\n<p>En educaci\u00f3n t\u00e9cnica, el Infotep imparti\u00f3 m\u00e1s de 208,000 cursos y capacit\u00f3 a 3.4 millones de personas, mientras el ITLA pas\u00f3 de 8 a 55 centros. En educaci\u00f3n superior, la UASD registr\u00f3 173,750 nuevos estudiantes y entreg\u00f3 m\u00e1s de 200,000 becas nacionales e internacionales.<\/p>\n\n\n\n<p>Educaci\u00f3n y tecnolog\u00eda<\/p>\n\n\n\n<p>En educaci\u00f3n y tecnolog\u00eda, el programa nacional de rob\u00f3tica educativa impact\u00f3 a 42,237 estudiantes en campamentos de verano entre 2023 y 2025, capacit\u00f3 a 5,283 docentes y t\u00e9cnicos en rob\u00f3tica, y dot\u00f3 de m\u00e1s de 20,000 recursos educativos a 4,658 centros escolares. Asimismo, 3,701 estudiantes participaron en ferias STEAM y de rob\u00f3tica, presentando 909 proyectos innovadores.<\/p>\n\n\n\n<p>Transporte escolar<\/p>\n\n\n\n<p>En transporte escolar, el Gobierno implement\u00f3 un sistema nacional que beneficia a 200,000 estudiantes, con la operaci\u00f3n de 1,871 autobuses en todas las provincias y el Distrito Nacional, mejorando la asistencia escolar y reduciendo la deserci\u00f3n, especialmente en comunidades rurales.<\/p>\n\n\n\n<p>Energ\u00eda<\/p>\n\n\n\n<p>En energ\u00eda, la generaci\u00f3n renovable pas\u00f3 de 15.9 % en 2020 a 23 % en 2025, con aumentos significativos en producci\u00f3n solar y e\u00f3lica.<\/p>\n\n\n\n<p>Transparencia<\/p>\n\n\n\n<p>En transparencia y gobernanza, el pa\u00eds mejor\u00f3 22.3 % en el \u00edndice de efectividad gubernamental y escal\u00f3 posiciones en competitividad global, libertad econ\u00f3mica y percepci\u00f3n de transparencia.<\/p>\n\n\n\n<p>Miner\u00eda<\/p>\n\n\n\n<p>En miner\u00eda, la Rep\u00fablica Dominicana avanza en la exploraci\u00f3n de tierras raras en los dep\u00f3sitos de bauxita de Pedernales, completando el 100 % del mapeo geol\u00f3gico con la identificaci\u00f3n de 84 dep\u00f3sitos, m\u00e1s de 21,000 metros de l\u00edneas geof\u00edsicas trazadas, 585 calicatas excavadas y 1,284 muestras recolectadas.<\/p>\n\n\n\n<p>Con m\u00e1s del 50% de los sondeos completados, este proyecto se perfila como estrat\u00e9gico para el desarrollo energ\u00e9tico y minero del pa\u00eds.<\/p>\n\n\n\n<p>Sector agr\u00edcola<\/p>\n\n\n\n<p>En el sector agr\u00edcola, el Banco Agr\u00edcola recibi\u00f3 m\u00e1s de RD 22,000 millones del presupuesto nacional entre agosto de 2020 y junio de 2025 para apoyar la producci\u00f3n, lo cual benefici\u00f3 a m\u00e1s de 19,000 productores con pr\u00e9stamos a tasa cero, fortaleciendo as\u00ed la seguridad alimentaria y la productividad rural.<\/p>\n\n\n\n<p>Estos resultados muestran un avance sostenido hacia el desarrollo integral, con mejoras en la calidad de vida, infraestructura, productividad y seguridad, as\u00ed como con metas claras hacia 2028 en salud, vivienda y sostenibilidad energ\u00e9tica.<\/p>\n","protected":false},"excerpt":{"rendered":"<p>El presidente Abinader present\u00f3 en LA Semanal cinco a\u00f1os de transformaciones gubernamentales. Un balance de los \u00faltimos cinco a\u00f1os fue presentado este lunes por el presidente Luis Abinader, donde muestra&hellip;<\/p>\n","protected":false},"author":10,"featured_media":106187,"comment_status":"open","ping_status":"open","sticky":false,"template":"","format":"standard","meta":{"content-type":"","jetpack_post_was_ever_published":false,"_jetpack_newsletter_access":"","_jetpack_dont_email_post_to_subs":false,"_jetpack_newsletter_tier_id":0,"_jetpack_memberships_contains_paywalled_content":false,"_jetpack_memberships_contains_paid_content":false,"footnotes":""},"categories":[39,25],"tags":[21042,514,893,1226,813,76,1426],"class_list":["post-106186","post","type-post","status-publish","format-standard","has-post-thumbnail","hentry","category-economia","category-portada","tag-avances-historicos","tag-economia-2","tag-educacion","tag-republica-dominicana","tag-salud","tag-seguridad","tag-vivienda"],"jetpack_featured_media_url":"https:\/\/lasprimeras.com.do\/wp-content\/uploads\/2025\/08\/Luis-Abinader-4.jpg","jetpack-related-posts":[{"id":110261,"url":"https:\/\/lasprimeras.com.do\/index.php\/2025\/09\/27\/gobierno-ha-devuelto-la-confianza-para-la-inversion-en-el-pais\/","url_meta":{"origin":106186,"position":0},"title":"Gobierno ha devuelto la confianza para la inversi\u00f3n en el pa\u00eds","author":"Nelson Feliz","date":"27 de septiembre de 2025","format":false,"excerpt":"La c\u00f3nsul general de la Rep\u00fablica Dominicana en Miami,Geanilda V\u00e1squez, afirm\u00f3 que \u201cHace cinco a\u00f1os, todo el que pod\u00eda tener tres pesos lo ten\u00eda fuera del pa\u00eds. Usted sabe lo que ha pasado en este tiempo: que han vuelto a invertir aqu\u00ed por la confianza que ha demostrado el gobierno\u201d.\u2026","rel":"","context":"En \u00abECONOM\u00cdA\u00bb","block_context":{"text":"ECONOM\u00cdA","link":"https:\/\/lasprimeras.com.do\/index.php\/category\/economia\/"},"img":{"alt_text":"","src":"https:\/\/i0.wp.com\/lasprimeras.com.do\/wp-content\/uploads\/2025\/09\/Geanilda-Vasquez-1.jpg?resize=350%2C200&ssl=1","width":350,"height":200,"srcset":"https:\/\/i0.wp.com\/lasprimeras.com.do\/wp-content\/uploads\/2025\/09\/Geanilda-Vasquez-1.jpg?resize=350%2C200&ssl=1 1x, https:\/\/i0.wp.com\/lasprimeras.com.do\/wp-content\/uploads\/2025\/09\/Geanilda-Vasquez-1.jpg?resize=525%2C300&ssl=1 1.5x, https:\/\/i0.wp.com\/lasprimeras.com.do\/wp-content\/uploads\/2025\/09\/Geanilda-Vasquez-1.jpg?resize=700%2C400&ssl=1 2x"},"classes":[]},{"id":84933,"url":"https:\/\/lasprimeras.com.do\/index.php\/2024\/06\/18\/abinader-presenta-las-acciones-que-implementa-el-gobierno-para-lograr-duplicar-su-pib-en-el-2036\/","url_meta":{"origin":106186,"position":1},"title":"Abinader presenta las acciones que implementa el gobierno para lograr duplicar su PIB en el 2036","author":"Nelson Feliz","date":"18 de junio de 2024","format":false,"excerpt":"El jefe de Estado inform\u00f3 que el gobierno se propone convertir a Rep\u00fablica Dominicana en un pa\u00eds plenamente desarrollado en una d\u00e9cada El presidente Luis Abinader present\u00f3 este lunes todas las acciones que implementa el gobierno para que el pa\u00eds vaya hacia una Rep\u00fablica Dominicana plenamente desarrollada, para lo cual\u2026","rel":"","context":"En \u00abECONOM\u00cdA\u00bb","block_context":{"text":"ECONOM\u00cdA","link":"https:\/\/lasprimeras.com.do\/index.php\/category\/economia\/"},"img":{"alt_text":"","src":"https:\/\/i0.wp.com\/lasprimeras.com.do\/wp-content\/uploads\/2024\/06\/semanal.jpg?resize=350%2C200&ssl=1","width":350,"height":200,"srcset":"https:\/\/i0.wp.com\/lasprimeras.com.do\/wp-content\/uploads\/2024\/06\/semanal.jpg?resize=350%2C200&ssl=1 1x, https:\/\/i0.wp.com\/lasprimeras.com.do\/wp-content\/uploads\/2024\/06\/semanal.jpg?resize=525%2C300&ssl=1 1.5x, https:\/\/i0.wp.com\/lasprimeras.com.do\/wp-content\/uploads\/2024\/06\/semanal.jpg?resize=700%2C400&ssl=1 2x"},"classes":[]},{"id":102096,"url":"https:\/\/lasprimeras.com.do\/index.php\/2025\/07\/01\/abinader-presenta-avances-historicos-en-libre-competencia-y-destaca-liderazgo-regional-de-la-republica-dominicana\/","url_meta":{"origin":106186,"position":2},"title":"Abinader presenta avances hist\u00f3ricos en libre competencia y destaca liderazgo regional de la Rep\u00fablica Dominicana","author":"Nelson Feliz","date":"1 de julio de 2025","format":false,"excerpt":"El pa\u00eds es la primera naci\u00f3n de la regi\u00f3n en contar con una \u201cPol\u00edtica Nacional de Competencia\u201d. El presidente Luis Abinader present\u00f3 este lunes los principales logros y avances alcanzados en materia de libre y leal competencia durante su gesti\u00f3n, destacando el papel de ProCompetencia como pilar del desarrollo econ\u00f3mico\u2026","rel":"","context":"En \u00abNACIONALES\u00bb","block_context":{"text":"NACIONALES","link":"https:\/\/lasprimeras.com.do\/index.php\/category\/nacionales\/"},"img":{"alt_text":"Luis Abinader","src":"https:\/\/i0.wp.com\/lasprimeras.com.do\/wp-content\/uploads\/2025\/07\/Luis-Abinader.jpg?resize=350%2C200&ssl=1","width":350,"height":200,"srcset":"https:\/\/i0.wp.com\/lasprimeras.com.do\/wp-content\/uploads\/2025\/07\/Luis-Abinader.jpg?resize=350%2C200&ssl=1 1x, https:\/\/i0.wp.com\/lasprimeras.com.do\/wp-content\/uploads\/2025\/07\/Luis-Abinader.jpg?resize=525%2C300&ssl=1 1.5x, https:\/\/i0.wp.com\/lasprimeras.com.do\/wp-content\/uploads\/2025\/07\/Luis-Abinader.jpg?resize=700%2C400&ssl=1 2x"},"classes":[]},{"id":110540,"url":"https:\/\/lasprimeras.com.do\/index.php\/2025\/09\/29\/presidente-abinader-presenta-avances-del-saneamiento-del-arroyo-gurabo\/","url_meta":{"origin":106186,"position":3},"title":"Presidente Abinader presenta avances del saneamiento del Arroyo Gurabo","author":"Nelson Feliz","date":"29 de septiembre de 2025","format":false,"excerpt":"Director de INAPA, Wellington Arnaud, afirma que esta obra es la de mayor impacto social y medioambiental que se ha realizado en la Rep\u00fablica Dominicana. La intervenci\u00f3n abarca 19 comunidades a lo largo de 2.6 kil\u00f3metros de canal y m\u00e1s de 8 kil\u00f3metros de redes de saneamiento de aguas residuales.\u2026","rel":"","context":"En \u00abECONOM\u00cdA\u00bb","block_context":{"text":"ECONOM\u00cdA","link":"https:\/\/lasprimeras.com.do\/index.php\/category\/economia\/"},"img":{"alt_text":"","src":"https:\/\/i0.wp.com\/lasprimeras.com.do\/wp-content\/uploads\/2025\/09\/Luis-Abinader-4-2.jpg?resize=350%2C200&ssl=1","width":350,"height":200,"srcset":"https:\/\/i0.wp.com\/lasprimeras.com.do\/wp-content\/uploads\/2025\/09\/Luis-Abinader-4-2.jpg?resize=350%2C200&ssl=1 1x, https:\/\/i0.wp.com\/lasprimeras.com.do\/wp-content\/uploads\/2025\/09\/Luis-Abinader-4-2.jpg?resize=525%2C300&ssl=1 1.5x, https:\/\/i0.wp.com\/lasprimeras.com.do\/wp-content\/uploads\/2025\/09\/Luis-Abinader-4-2.jpg?resize=700%2C400&ssl=1 2x"},"classes":[]},{"id":107089,"url":"https:\/\/lasprimeras.com.do\/index.php\/2025\/08\/22\/ciertamente-historico\/","url_meta":{"origin":106186,"position":4},"title":"Ciertamente\u2026 hist\u00f3rico","author":"Nelson Feliz","date":"22 de agosto de 2025","format":false,"excerpt":"Por: Juan Ariel Jim\u00e9nez Cinco a\u00f1os despu\u00e9s de que el PRM llegara al poder, lo natural es hacer un balance. Claro, hay dos maneras de hacerlo: la del gobierno, con titulares y redes sociales que repiten hasta el cansancio frases como \u201chist\u00f3rico\u201d, \u201cnunca antes visto\u201d o \u201cpor primera vez en\u2026","rel":"","context":"En \u00abOPINI\u00d3N\u00bb","block_context":{"text":"OPINI\u00d3N","link":"https:\/\/lasprimeras.com.do\/index.php\/category\/opinion\/"},"img":{"alt_text":"","src":"https:\/\/i0.wp.com\/lasprimeras.com.do\/wp-content\/uploads\/2025\/04\/Juan-Ariel-Jimenez.jpg?resize=350%2C200&ssl=1","width":350,"height":200,"srcset":"https:\/\/i0.wp.com\/lasprimeras.com.do\/wp-content\/uploads\/2025\/04\/Juan-Ariel-Jimenez.jpg?resize=350%2C200&ssl=1 1x, https:\/\/i0.wp.com\/lasprimeras.com.do\/wp-content\/uploads\/2025\/04\/Juan-Ariel-Jimenez.jpg?resize=525%2C300&ssl=1 1.5x"},"classes":[]},{"id":116228,"url":"https:\/\/lasprimeras.com.do\/index.php\/2025\/11\/27\/inversion-extranjera-se-expande-en-republica-dominicana\/","url_meta":{"origin":106186,"position":5},"title":"Inversi\u00f3n extranjera se expande en Rep\u00fablica Dominicana","author":"Nelson Feliz","date":"27 de noviembre de 2025","format":false,"excerpt":"Esta importante inversi\u00f3n extranjera evidencia la confianza de inversionistas en la seguridad jur\u00eddica y salud econ\u00f3mica del pa\u00eds. El presidente Luis Abinader recibi\u00f3 la visita de ejecutivos de Anheuser-Busch InBev, empresa productora de la cerveza Corona, quienes le informaron que la Rep\u00fablica Dominicana ha sido seleccionada como sede para la\u2026","rel":"","context":"En \u00abECONOM\u00cdA\u00bb","block_context":{"text":"ECONOM\u00cdA","link":"https:\/\/lasprimeras.com.do\/index.php\/category\/economia\/"},"img":{"alt_text":"","src":"https:\/\/i0.wp.com\/lasprimeras.com.do\/wp-content\/uploads\/2025\/11\/Luis-Abinader-2-3.jpg?resize=350%2C200&ssl=1","width":350,"height":200,"srcset":"https:\/\/i0.wp.com\/lasprimeras.com.do\/wp-content\/uploads\/2025\/11\/Luis-Abinader-2-3.jpg?resize=350%2C200&ssl=1 1x, https:\/\/i0.wp.com\/lasprimeras.com.do\/wp-content\/uploads\/2025\/11\/Luis-Abinader-2-3.jpg?resize=525%2C300&ssl=1 1.5x, https:\/\/i0.wp.com\/lasprimeras.com.do\/wp-content\/uploads\/2025\/11\/Luis-Abinader-2-3.jpg?resize=700%2C400&ssl=1 2x"},"classes":[]}],"jetpack_sharing_enabled":true,"_links":{"self":[{"href":"https:\/\/lasprimeras.com.do\/index.php\/wp-json\/wp\/v2\/posts\/106186","targetHints":{"allow":["GET"]}}],"collection":[{"href":"https:\/\/lasprimeras.com.do\/index.php\/wp-json\/wp\/v2\/posts"}],"about":[{"href":"https:\/\/lasprimeras.com.do\/index.php\/wp-json\/wp\/v2\/types\/post"}],"author":[{"embeddable":true,"href":"https:\/\/lasprimeras.com.do\/index.php\/wp-json\/wp\/v2\/users\/10"}],"replies":[{"embeddable":true,"href":"https:\/\/lasprimeras.com.do\/index.php\/wp-json\/wp\/v2\/comments?post=106186"}],"version-history":[{"count":1,"href":"https:\/\/lasprimeras.com.do\/index.php\/wp-json\/wp\/v2\/posts\/106186\/revisions"}],"predecessor-version":[{"id":106188,"href":"https:\/\/lasprimeras.com.do\/index.php\/wp-json\/wp\/v2\/posts\/106186\/revisions\/106188"}],"wp:featuredmedia":[{"embeddable":true,"href":"https:\/\/lasprimeras.com.do\/index.php\/wp-json\/wp\/v2\/media\/106187"}],"wp:attachment":[{"href":"https:\/\/lasprimeras.com.do\/index.php\/wp-json\/wp\/v2\/media?parent=106186"}],"wp:term":[{"taxonomy":"category","embeddable":true,"href":"https:\/\/lasprimeras.com.do\/index.php\/wp-json\/wp\/v2\/categories?post=106186"},{"taxonomy":"post_tag","embeddable":true,"href":"https:\/\/lasprimeras.com.do\/index.php\/wp-json\/wp\/v2\/tags?post=106186"}],"curies":[{"name":"wp","href":"https:\/\/api.w.org\/{rel}","templated":true}]}}