{"id":106197,"date":"2025-08-12T07:43:41","date_gmt":"2025-08-12T11:43:41","guid":{"rendered":"https:\/\/lasprimeras.com.do\/?p=106197"},"modified":"2025-08-12T07:43:43","modified_gmt":"2025-08-12T11:43:43","slug":"iran-dice-que-detuvo-a-21-000-sospechosos-durante-la-guerra-de-junio-con-israel","status":"publish","type":"post","link":"https:\/\/lasprimeras.com.do\/index.php\/2025\/08\/12\/iran-dice-que-detuvo-a-21-000-sospechosos-durante-la-guerra-de-junio-con-israel\/","title":{"rendered":"Ir\u00e1n dice que detuvo a 21.000 sospechosos durante la guerra de junio con Israel"},"content":{"rendered":"\n<p>TEHER\u00c1N, Ir\u00e1n (AP) \u2014 La polic\u00eda de Ir\u00e1n detuvo a 21.000 sospechosos durante la guerra a\u00e9rea de 12 d\u00edas con Israel en junio, report\u00f3 el martes la prensa estatal.<\/p>\n\n\n\n<p>Una informaci\u00f3n de la televisora estatal cit\u00f3 a un portavoz de la polic\u00eda, el general Saeed Montazeralmahdi, quien afirm\u00f3 que la gente denunci\u00f3 a los sospechosos ante las autoridades.<\/p>\n\n\n\n<p>\u201cEl arresto de 21.000 sospechosos durante la guerra de 12 d\u00edas indic\u00f3 un alto nivel de concienciaci\u00f3n y participaci\u00f3n de la poblaci\u00f3n en la seguridad\u201d, manifest\u00f3.<\/p>\n\n\n\n<p>Montazeralmahdi no dio detalles acerca de los cargos que podr\u00edan enfrentar los sospechosos. Pero apunt\u00f3 que m\u00e1s de 260 eran sospechosos de espionaje y otros 172 fueron arrestados por grabaciones ilegales.<\/p>\n\n\n\n<p>La polic\u00eda estableci\u00f3 m\u00e1s de 1.000 puntos de control en todo el pa\u00eds durante el conflicto, entre el 13 y el 24 de junio, agreg\u00f3.<\/p>\n\n\n\n<p>Esta es la primera vez que la polic\u00eda iran\u00ed ofrece una cifra total de detenciones durante la guerra. En las \u00faltimas semanas, Ir\u00e1n ha reportado de forma ocasional los arrestos de sospechosos por cargos de espionaje.<\/p>\n\n\n\n<p>Desde finales de junio, Ir\u00e1n ha ejecutado a siete hombres condenados por espiar para Israel, lo que ha generado temores entre los activistas a que el gobierno pueda llevar a cabo una ola de ejecuciones.<\/p>\n\n\n\n<p>Israel lanz\u00f3 andanadas de ataques a\u00e9reos sobre Ir\u00e1n que se cobraron la vida de casi 1.100 personas, incluyendo muchos comandantes militares. Los ataques de represalia iran\u00edes mataron a 28 en Israel.<\/p>\n","protected":false},"excerpt":{"rendered":"<p>TEHER\u00c1N, Ir\u00e1n (AP) \u2014 La polic\u00eda de Ir\u00e1n detuvo a 21.000 sospechosos durante la guerra a\u00e9rea de 12 d\u00edas con Israel en junio, report\u00f3 el martes la prensa estatal. Una&hellip;<\/p>\n","protected":false},"author":10,"featured_media":106198,"comment_status":"open","ping_status":"open","sticky":false,"template":"","format":"standard","meta":{"content-type":"","jetpack_post_was_ever_published":false,"_jetpack_newsletter_access":"","_jetpack_dont_email_post_to_subs":false,"_jetpack_newsletter_tier_id":0,"_jetpack_memberships_contains_paywalled_content":false,"_jetpack_memberships_contains_paid_content":false,"footnotes":""},"categories":[16289],"tags":[2060,6186,3499,2525,9309],"class_list":["post-106197","post","type-post","status-publish","format-standard","has-post-thumbnail","hentry","category-internacionales","tag-guerra","tag-iran","tag-israel","tag-junio","tag-sospechosos"],"jetpack_featured_media_url":"https:\/\/lasprimeras.com.do\/wp-content\/uploads\/2025\/08\/guardia.jpg","jetpack-related-posts":[{"id":81294,"url":"https:\/\/lasprimeras.com.do\/index.php\/2024\/04\/19\/israel-lanza-ataque-limitado-con-drones-contra-iran\/","url_meta":{"origin":106197,"position":0},"title":"Israel lanza ataque limitado con drones contra Ir\u00e1n","author":"BIMARY DE JES\u00daS Matos","date":"19 de abril de 2024","format":false,"excerpt":"TEHERAN \u2013 Las autoridades de Ir\u00e1n han asegurado este viernes haber repelido un ataque con drones contra los alrededores de la ciudad de Isfah\u00e1n (centro), donde hay una importante base militar y una instalaci\u00f3n nuclear. Ha sido un paso por parte de Israel tras los ataques ejecutados por Ir\u00e1n contra\u2026","rel":"","context":"En \u00abSin categor\u00eda\u00bb","block_context":{"text":"Sin categor\u00eda","link":"https:\/\/lasprimeras.com.do\/index.php\/category\/sin-categoria\/"},"img":{"alt_text":"","src":"https:\/\/i0.wp.com\/lasprimeras.com.do\/wp-content\/uploads\/2024\/04\/6a0c8a05-4f4b-48f5-a1d9-1ad180753c4a-21.jpg?resize=350%2C200&ssl=1","width":350,"height":200,"srcset":"https:\/\/i0.wp.com\/lasprimeras.com.do\/wp-content\/uploads\/2024\/04\/6a0c8a05-4f4b-48f5-a1d9-1ad180753c4a-21.jpg?resize=350%2C200&ssl=1 1x, https:\/\/i0.wp.com\/lasprimeras.com.do\/wp-content\/uploads\/2024\/04\/6a0c8a05-4f4b-48f5-a1d9-1ad180753c4a-21.jpg?resize=525%2C300&ssl=1 1.5x, https:\/\/i0.wp.com\/lasprimeras.com.do\/wp-content\/uploads\/2024\/04\/6a0c8a05-4f4b-48f5-a1d9-1ad180753c4a-21.jpg?resize=700%2C400&ssl=1 2x"},"classes":[]},{"id":86920,"url":"https:\/\/lasprimeras.com.do\/index.php\/2024\/08\/04\/bombardeos-en-gaza-matan-a-18-ataque-en-tel-aviv-deja-2-muertos-entre-temores-a-una-escalada\/","url_meta":{"origin":106197,"position":1},"title":"Bombardeos en Gaza matan a 18; ataque en Tel Aviv deja 2 muertos entre temores a una escalada","author":"Nelson Feliz","date":"4 de agosto de 2024","format":false,"excerpt":"By NATALIE MELZER and SAMY MAGDY JERUSAL\u00c9N (AP) \u2014 Dieciocho personas murieron la madrugada del domingo en bombardeos israel\u00edes, cuatro de ellos en un campamento de personas desplazadas en un complejo hospitalario en el centro de Gaza, mientras que dos personas murieron apu\u00f1aladas por un palestino en un suburbio de\u2026","rel":"","context":"En \u00abSin categor\u00eda\u00bb","block_context":{"text":"Sin categor\u00eda","link":"https:\/\/lasprimeras.com.do\/index.php\/category\/sin-categoria\/"},"img":{"alt_text":"Bombardeos","src":"https:\/\/i0.wp.com\/lasprimeras.com.do\/wp-content\/uploads\/2024\/08\/Bombardeos.png?resize=350%2C200&ssl=1","width":350,"height":200,"srcset":"https:\/\/i0.wp.com\/lasprimeras.com.do\/wp-content\/uploads\/2024\/08\/Bombardeos.png?resize=350%2C200&ssl=1 1x, https:\/\/i0.wp.com\/lasprimeras.com.do\/wp-content\/uploads\/2024\/08\/Bombardeos.png?resize=525%2C300&ssl=1 1.5x, https:\/\/i0.wp.com\/lasprimeras.com.do\/wp-content\/uploads\/2024\/08\/Bombardeos.png?resize=700%2C400&ssl=1 2x"},"classes":[]},{"id":80888,"url":"https:\/\/lasprimeras.com.do\/index.php\/2024\/04\/14\/analisis-del-precio-del-crudo-brent-tras-el-ataque-de-iran-a-israel\/","url_meta":{"origin":106197,"position":2},"title":"An\u00e1lisis del precio del crudo Brent tras el ataque de Ir\u00e1n a Israel","author":"Nelson Feliz","date":"14 de abril de 2024","format":false,"excerpt":"El precio del crudo Brent estar\u00e1 en el centro de atenci\u00f3n el lunes por la ma\u00f1ana a medida que los inversores reaccionen a los riesgos geopol\u00edticos actuales en Medio Oriente. El precio termin\u00f3 la semana en $90,15 d\u00f3lares, unos puntos por debajo del m\u00e1ximo del a\u00f1o hasta la fecha de\u2026","rel":"","context":"En \u00abECONOM\u00cdA\u00bb","block_context":{"text":"ECONOM\u00cdA","link":"https:\/\/lasprimeras.com.do\/index.php\/category\/economia\/"},"img":{"alt_text":"Brent","src":"https:\/\/i0.wp.com\/lasprimeras.com.do\/wp-content\/uploads\/2024\/04\/Brent.jpg?resize=350%2C200&ssl=1","width":350,"height":200,"srcset":"https:\/\/i0.wp.com\/lasprimeras.com.do\/wp-content\/uploads\/2024\/04\/Brent.jpg?resize=350%2C200&ssl=1 1x, https:\/\/i0.wp.com\/lasprimeras.com.do\/wp-content\/uploads\/2024\/04\/Brent.jpg?resize=525%2C300&ssl=1 1.5x"},"classes":[]},{"id":80939,"url":"https:\/\/lasprimeras.com.do\/index.php\/2024\/04\/14\/mirex-emite-recomendaciones-a-dominicanos-residentes-en-israel-tras-ataque-de-iran\/","url_meta":{"origin":106197,"position":3},"title":"Mirex emite recomendaciones a dominicanos residentes en Israel, tras ataque de Ir\u00e1n","author":"Nelson Feliz","date":"14 de abril de 2024","format":false,"excerpt":"El Ministerio de Relaciones Exteriores (Mirex) emiti\u00f3 este domingo una serie de recomendaciones para los dominicanos residentes en Israel, naci\u00f3n que fue objeto de un ataque de parte de Ir\u00e1n, lo que ha provocado una fuerte tensi\u00f3n en Oriente Medio. En el documento, de nombre \u201cSugerencias previas a un posible\u2026","rel":"","context":"En \u00abNACIONALES\u00bb","block_context":{"text":"NACIONALES","link":"https:\/\/lasprimeras.com.do\/index.php\/category\/nacionales\/"},"img":{"alt_text":"Ministerio de Relaciones Exteriores","src":"https:\/\/i0.wp.com\/lasprimeras.com.do\/wp-content\/uploads\/2023\/06\/Mirex-750x375-1.jpg?resize=350%2C200&ssl=1","width":350,"height":200,"srcset":"https:\/\/i0.wp.com\/lasprimeras.com.do\/wp-content\/uploads\/2023\/06\/Mirex-750x375-1.jpg?resize=350%2C200&ssl=1 1x, https:\/\/i0.wp.com\/lasprimeras.com.do\/wp-content\/uploads\/2023\/06\/Mirex-750x375-1.jpg?resize=525%2C300&ssl=1 1.5x, https:\/\/i0.wp.com\/lasprimeras.com.do\/wp-content\/uploads\/2023\/06\/Mirex-750x375-1.jpg?resize=700%2C400&ssl=1 2x"},"classes":[]},{"id":84045,"url":"https:\/\/lasprimeras.com.do\/index.php\/2024\/05\/30\/iran-abre-inscripcion-para-las-elecciones-presidenciales-de-junio-tras-la-muerte-de-raisi\/","url_meta":{"origin":106197,"position":4},"title":"Ir\u00e1n abre inscripci\u00f3n para las elecciones presidenciales de junio tras la muerte de Raisi","author":"Nelson Feliz","date":"30 de mayo de 2024","format":false,"excerpt":"POR JON GAMBRELL DUBAI, Emiratos \u00c1rabes Unidos (AP) \u2014 Ir\u00e1n abri\u00f3 el jueves un per\u00edodo de inscripci\u00f3n de cinco d\u00edas para los aspirantes que quieran postularse en las elecciones presidenciales del 28 de junio para reemplazar al fallecido Ebrahim Raisi, quien muri\u00f3 en un accidente de helic\u00f3ptero a principios de\u2026","rel":"","context":"En \u00abSin categor\u00eda\u00bb","block_context":{"text":"Sin categor\u00eda","link":"https:\/\/lasprimeras.com.do\/index.php\/category\/sin-categoria\/"},"img":{"alt_text":"","src":"https:\/\/i0.wp.com\/lasprimeras.com.do\/wp-content\/uploads\/2024\/05\/Elecciones-Iran.jpg?resize=350%2C200&ssl=1","width":350,"height":200,"srcset":"https:\/\/i0.wp.com\/lasprimeras.com.do\/wp-content\/uploads\/2024\/05\/Elecciones-Iran.jpg?resize=350%2C200&ssl=1 1x, https:\/\/i0.wp.com\/lasprimeras.com.do\/wp-content\/uploads\/2024\/05\/Elecciones-Iran.jpg?resize=525%2C300&ssl=1 1.5x, https:\/\/i0.wp.com\/lasprimeras.com.do\/wp-content\/uploads\/2024\/05\/Elecciones-Iran.jpg?resize=700%2C400&ssl=1 2x"},"classes":[]},{"id":80900,"url":"https:\/\/lasprimeras.com.do\/index.php\/2024\/04\/14\/la-guerra-en-la-sombra-entre-iran-e-israel-ha-quedado-al-descubierto-que-pasa-despues\/","url_meta":{"origin":106197,"position":5},"title":"La guerra en la sombra entre Ir\u00e1n e Israel ha quedado al descubierto. \u00bfQu\u00e9 pasa despu\u00e9s?","author":"Nelson Feliz","date":"14 de abril de 2024","format":false,"excerpt":"POR KAREEM CHEHAYEB BEIRUT (AP) \u2014 El ataque sin precedentes de Ir\u00e1n contra Israel la madrugada del domingo marc\u00f3 un cambio de enfoque para Teher\u00e1n, que hab\u00eda dependido de representantes en todo el Medio Oriente desde el inicio de la guerra entre Israel y Hamas en octubre. Todos los ojos\u2026","rel":"","context":"En \u00abSin categor\u00eda\u00bb","block_context":{"text":"Sin categor\u00eda","link":"https:\/\/lasprimeras.com.do\/index.php\/category\/sin-categoria\/"},"img":{"alt_text":"Ataque","src":"https:\/\/i0.wp.com\/lasprimeras.com.do\/wp-content\/uploads\/2024\/04\/Ataque-4.jpg?resize=350%2C200&ssl=1","width":350,"height":200,"srcset":"https:\/\/i0.wp.com\/lasprimeras.com.do\/wp-content\/uploads\/2024\/04\/Ataque-4.jpg?resize=350%2C200&ssl=1 1x, https:\/\/i0.wp.com\/lasprimeras.com.do\/wp-content\/uploads\/2024\/04\/Ataque-4.jpg?resize=525%2C300&ssl=1 1.5x, https:\/\/i0.wp.com\/lasprimeras.com.do\/wp-content\/uploads\/2024\/04\/Ataque-4.jpg?resize=700%2C400&ssl=1 2x"},"classes":[]}],"jetpack_sharing_enabled":true,"_links":{"self":[{"href":"https:\/\/lasprimeras.com.do\/index.php\/wp-json\/wp\/v2\/posts\/106197","targetHints":{"allow":["GET"]}}],"collection":[{"href":"https:\/\/lasprimeras.com.do\/index.php\/wp-json\/wp\/v2\/posts"}],"about":[{"href":"https:\/\/lasprimeras.com.do\/index.php\/wp-json\/wp\/v2\/types\/post"}],"author":[{"embeddable":true,"href":"https:\/\/lasprimeras.com.do\/index.php\/wp-json\/wp\/v2\/users\/10"}],"replies":[{"embeddable":true,"href":"https:\/\/lasprimeras.com.do\/index.php\/wp-json\/wp\/v2\/comments?post=106197"}],"version-history":[{"count":1,"href":"https:\/\/lasprimeras.com.do\/index.php\/wp-json\/wp\/v2\/posts\/106197\/revisions"}],"predecessor-version":[{"id":106199,"href":"https:\/\/lasprimeras.com.do\/index.php\/wp-json\/wp\/v2\/posts\/106197\/revisions\/106199"}],"wp:featuredmedia":[{"embeddable":true,"href":"https:\/\/lasprimeras.com.do\/index.php\/wp-json\/wp\/v2\/media\/106198"}],"wp:attachment":[{"href":"https:\/\/lasprimeras.com.do\/index.php\/wp-json\/wp\/v2\/media?parent=106197"}],"wp:term":[{"taxonomy":"category","embeddable":true,"href":"https:\/\/lasprimeras.com.do\/index.php\/wp-json\/wp\/v2\/categories?post=106197"},{"taxonomy":"post_tag","embeddable":true,"href":"https:\/\/lasprimeras.com.do\/index.php\/wp-json\/wp\/v2\/tags?post=106197"}],"curies":[{"name":"wp","href":"https:\/\/api.w.org\/{rel}","templated":true}]}}