{"id":106203,"date":"2025-08-12T08:08:04","date_gmt":"2025-08-12T12:08:04","guid":{"rendered":"https:\/\/lasprimeras.com.do\/?p=106203"},"modified":"2025-08-12T08:08:05","modified_gmt":"2025-08-12T12:08:05","slug":"lideres-de-la-ue-piden-a-trump-que-defienda-intereses-de-seguridad-de-europa-en-su-cumbre-con-putin","status":"publish","type":"post","link":"https:\/\/lasprimeras.com.do\/index.php\/2025\/08\/12\/lideres-de-la-ue-piden-a-trump-que-defienda-intereses-de-seguridad-de-europa-en-su-cumbre-con-putin\/","title":{"rendered":"L\u00edderes de la UE piden a Trump que defienda intereses de seguridad de Europa en su cumbre con Putin"},"content":{"rendered":"\n<p>POR LORNE COOK<\/p>\n\n\n\n<p>BRUSELAS (AP) \u2014 Los l\u00edderes de la Uni\u00f3n Europea hicieron un llamado el martes al presidente de Estados Unidos, Donald Trump, para que defienda sus intereses de seguridad en una cumbre clave con su hom\u00f3logo ruso, Vlad\u00edmir Putin, a finales de semana en relaci\u00f3n con la guerra en Ucrania.<\/p>\n\n\n\n<p>Los europeos est\u00e1n desesperados por ejercer cierta influencia sobre la reuni\u00f3n del viernes, de la que han sido excluidos. A\u00fan no est\u00e1 claro si Ucrania participar\u00e1.<br>Trump ha dicho que quiere ver si Putin se plantea seriamente poner fin a una guerra que est\u00e1 ya en su cuarto a\u00f1o.<\/p>\n\n\n\n<p>Pero Trump ha decepcionado a los aliados de Washington en Europa al decir que Ucrania tendr\u00e1 que ceder parte de su territorio que ahora est\u00e1 en manos de Rusia.<br>Tambi\u00e9n mencion\u00f3 que Mosc\u00fa debe aceptar intercambios de tierras, aunque no est\u00e1 claro qu\u00e9 podr\u00eda ceder Putin.<\/p>\n\n\n\n<p>Los europeos y Ucrania temen que Putin, que ha librado la mayor guerra terrestre en Europa desde 1945 y ha utilizado el poder energ\u00e9tico de Rusia para intentar intimidar a la UE, pueda lograr concesiones favorables y establecer las l\u00edneas generales de un acuerdo de paz sin ellos.<\/p>\n\n\n\n<p>El temor generalizado entre los pa\u00edses europeos es que Putin ponga su mirada en uno de ellos si gana en Ucrania.<\/p>\n\n\n\n<p>En un comunicado a primera hora del martes, los l\u00edderes del bloque se\u00f1alaron que \u201cacogen con satisfacci\u00f3n los esfuerzos del presidente Trump para poner fin a la guerra de agresi\u00f3n de Rusia contra Ucrania\u201d. Pero subrayaron que \u201cel camino hacia la paz en Ucrania no puede decidirse sin Ucrania\u201d.<\/p>\n\n\n\n<p>\u201cUna paz justa y duradera que traiga estabilidad y seguridad debe respetar el derecho internacional, incluidos los principios de independencia, soberan\u00eda, integridad territorial y que las fronteras internacionales no deben cambiarse por la fuerza\u201d, apuntaron.<\/p>\n\n\n\n<p>El presidente de Ucrania, Volodymyr Zelenskyy, rechaz\u00f3 la idea de que Ucrania deba comprometerse a ceder territorio para asegurar un alto el fuego. Rusia mantiene un fr\u00e1gil control sobre cuatro regiones del pa\u00eds, dos en el este y dos en el sur.<\/p>\n\n\n\n<p>En Ucrania, un ataque con misiles rusos contra una instalaci\u00f3n de entrenamiento militar dej\u00f3 un soldado muerto y 11 heridos, seg\u00fan reportaron las Fuerzas Terrestres de Ucrania en Telegram. Los soldados que corr\u00edan hacia los refugios fueron alcanzados con municiones de racimo, agregaron.<\/p>\n\n\n\n<p>Mientras, Rusia parec\u00eda estar a punto de tomar una ciudad importante en la regi\u00f3n de Donetsk, ya que, seg\u00fan los reportes, sus fuerzas estaban infiltr\u00e1ndose r\u00e1pidamente en posiciones al norte de Pokrovsk.<\/p>\n\n\n\n<p>Analistas militares que utilizan informaci\u00f3n de fuentes abiertas para monitorear las batallas dicen que las pr\u00f3ximas 24-48 horas podr\u00edan ser cr\u00edticas. La conquista de Pokrovsk le dar\u00eda al Kremlin una importante victoria en el campo de batalla antes de la cumbre. Tambi\u00e9n complicar\u00eda las l\u00edneas de distribuci\u00f3n de suministros ucranianas hacia la regi\u00f3n de Donetsk, donde el Kremlin ha centrado la mayor parte de sus esfuerzos militares.<\/p>\n\n\n\n<p>\u201cMucho depender\u00e1 de la disponibilidad, cantidad y calidad de las reservas ucranianas\u201d, escribi\u00f3 Pasi Paroinen, analista del grupo Black Bird, con sede en Finlandia, en una publicaci\u00f3n en X el lunes por la noche.<\/p>\n\n\n\n<p>El lunes, Trump repiti\u00f3 que \u201chabr\u00e1 algunos intercambios de territorios\u201d y apunt\u00f3 que esto implicar\u00eda \u201calgunas cosas malas para ambos\u201d, Kiev y Mosc\u00fa. Su rehabilitaci\u00f3n p\u00fablica de Putin \u2014un paria en la mayor parte de Europa\u2014 ha inquietado a los partidarios de Ucrania.<\/p>\n\n\n\n<p>Trump tambi\u00e9n fue cr\u00edtico con Zelenskyy, se\u00f1alando que el l\u00edder hab\u00eda estado en el poder durante toda la guerra y que \u201cno hab\u00eda pasado nada\u201d durante ese tiempo. Lo compar\u00f3 con la situaci\u00f3n de Putin, quien ha ejercido el poder sin oposici\u00f3n en Rusia durante d\u00e9cadas.<\/p>\n\n\n\n<p>No est\u00e1 claro si los europeos se sintieron inquietos por la afirmaci\u00f3n de Trump de que viajar\u00eda a Rusia el viernes para reunirse con Putin.<\/p>\n\n\n\n<p>La cumbre se celebrar\u00e1 en el estado estadounidense de Alaska, que fue colonizado por Rusia en el siglo XVIII hasta que el zar Alejandro II lo vendi\u00f3 a Estados Unidos en un acuerdo territorial en 1867.<\/p>\n\n\n\n<p>Los europeos har\u00e1n un nuevo intento de atraer a Trump a la causa de Ucrania el mi\u00e9rcoles en reuniones virtuales convocadas por el canciller de Alemania, Friedrich Merz.<\/p>\n\n\n\n<p>Trump no confirm\u00f3 su participaci\u00f3n, pero indic\u00f3 que \u201cvoy a recabar las ideas de todos\u201d antes de reunirse con Putin.<\/p>\n\n\n\n<p>El comunicado del martes tambi\u00e9n buscaba ser una demostraci\u00f3n de unidad europea. Pero el primer ministro de Hungr\u00eda, Viktor Orb\u00e1n, que es el aliado m\u00e1s cercano de Putin en Europa y ha intentado bloquear el apoyo de Bruselas a Kiev, no lo respald\u00f3. Fue el \u00fanico de los 27 l\u00edderes que se neg\u00f3 a hacerlo.<\/p>\n","protected":false},"excerpt":{"rendered":"<p>POR LORNE COOK BRUSELAS (AP) \u2014 Los l\u00edderes de la Uni\u00f3n Europea hicieron un llamado el martes al presidente de Estados Unidos, Donald Trump, para que defienda sus intereses de&hellip;<\/p>\n","protected":false},"author":10,"featured_media":106204,"comment_status":"open","ping_status":"open","sticky":false,"template":"","format":"standard","meta":{"content-type":"","jetpack_post_was_ever_published":false,"_jetpack_newsletter_access":"","_jetpack_dont_email_post_to_subs":false,"_jetpack_newsletter_tier_id":0,"_jetpack_memberships_contains_paywalled_content":false,"_jetpack_memberships_contains_paid_content":false,"footnotes":""},"categories":[16289],"tags":[1904,978,98,1486,10571,4855,76,2542,3868],"class_list":["post-106203","post","type-post","status-publish","format-standard","has-post-thumbnail","hentry","category-internacionales","tag-cumbre","tag-donald-trump","tag-estados-unidos","tag-europa","tag-intereses","tag-lideres","tag-seguridad","tag-union-europea","tag-vladimir-putin-2"],"jetpack_featured_media_url":"https:\/\/lasprimeras.com.do\/wp-content\/uploads\/2025\/08\/lideres.jpg","jetpack-related-posts":[{"id":94081,"url":"https:\/\/lasprimeras.com.do\/index.php\/2025\/02\/25\/trump-afirma-que-putin-no-se-opondria-a-tropas-europeas-en-ucrania-si-hay-un-acuerdo-de-paz\/","url_meta":{"origin":106203,"position":0},"title":"Trump afirma que Putin no se opondr\u00eda a tropas europeas en Ucrania si hay un acuerdo de paz","author":"Nelson Feliz","date":"25 de febrero de 2025","format":false,"excerpt":"El presidente de EE.UU., Donald Trump, dijo este lunes que le pregunt\u00f3 al presidente ruso, Vlad\u00edmir Putin, si tendr\u00eda problemas con tropas europeas en Ucrania El presidente de Estados Unidos, Donald Trump, afirm\u00f3 este lunes que su hom\u00f3logo ruso, Vlad\u00edmir Putin, no se opondr\u00eda a la presencia de fuerzas europeas\u2026","rel":"","context":"En \u00abINTERNACIONALES\u00bb","block_context":{"text":"INTERNACIONALES","link":"https:\/\/lasprimeras.com.do\/index.php\/category\/sin-categoria\/internacionales\/"},"img":{"alt_text":"","src":"https:\/\/i0.wp.com\/lasprimeras.com.do\/wp-content\/uploads\/2025\/02\/Donald-Trump.png?resize=350%2C200&ssl=1","width":350,"height":200,"srcset":"https:\/\/i0.wp.com\/lasprimeras.com.do\/wp-content\/uploads\/2025\/02\/Donald-Trump.png?resize=350%2C200&ssl=1 1x, https:\/\/i0.wp.com\/lasprimeras.com.do\/wp-content\/uploads\/2025\/02\/Donald-Trump.png?resize=525%2C300&ssl=1 1.5x, https:\/\/i0.wp.com\/lasprimeras.com.do\/wp-content\/uploads\/2025\/02\/Donald-Trump.png?resize=700%2C400&ssl=1 2x"},"classes":[]},{"id":93539,"url":"https:\/\/lasprimeras.com.do\/index.php\/2025\/02\/13\/rusia-celebra-llamada-entre-trump-y-putin-zelenskyy-advierte-que-no-aceptara-acuerdo-sin-consulta\/","url_meta":{"origin":106203,"position":1},"title":"Rusia celebra llamada entre Trump y Putin; Zelenskyy advierte que no aceptar\u00e1 acuerdo sin consulta","author":"Nelson Feliz","date":"13 de febrero de 2025","format":false,"excerpt":"KHMELNYTSKI, Ucrania (AP) \u2014 Funcionarios rusos y medios estatales adoptaron un tono triunfante el jueves despu\u00e9s que el presidente de Estados Unidos, Donald Trump, desechara tres a\u00f1os de pol\u00edtica estadounidense y anunciara que probablemente se reunir\u00e1 pronto con el presidente ruso Vlad\u00edmir Putin para negociar un acuerdo de paz en\u2026","rel":"","context":"En \u00abINTERNACIONALES\u00bb","block_context":{"text":"INTERNACIONALES","link":"https:\/\/lasprimeras.com.do\/index.php\/category\/sin-categoria\/internacionales\/"},"img":{"alt_text":"","src":"https:\/\/i0.wp.com\/lasprimeras.com.do\/wp-content\/uploads\/2025\/02\/PUTIN.jpg?resize=350%2C200&ssl=1","width":350,"height":200,"srcset":"https:\/\/i0.wp.com\/lasprimeras.com.do\/wp-content\/uploads\/2025\/02\/PUTIN.jpg?resize=350%2C200&ssl=1 1x, https:\/\/i0.wp.com\/lasprimeras.com.do\/wp-content\/uploads\/2025\/02\/PUTIN.jpg?resize=525%2C300&ssl=1 1.5x, https:\/\/i0.wp.com\/lasprimeras.com.do\/wp-content\/uploads\/2025\/02\/PUTIN.jpg?resize=700%2C400&ssl=1 2x"},"classes":[]},{"id":94426,"url":"https:\/\/lasprimeras.com.do\/index.php\/2025\/02\/28\/lideres-europeos-se-comprometen-a-apoyar-a-ucrania-despues-de-tensa-reunion-de-zelenskyy-con-trump\/","url_meta":{"origin":106203,"position":2},"title":"L\u00edderes europeos se comprometen a apoyar a Ucrania despu\u00e9s de tensa reuni\u00f3n de Zelenskyy con Trump","author":"Nelson Feliz","date":"28 de febrero de 2025","format":false,"excerpt":"POR STEFANIE DAZIO and SUSIE BLANN BERL\u00cdN (AP) \u2014 Los l\u00edderes europeos se comprometieron el viernes a \u00faltima hora a apoyar a Ucrania tras la pol\u00e9mica reuni\u00f3n en la Oficina Oval entre el presidente de Estados Unidos, Donald Trump, el vicepresidente JD Vance y el presidente ucraniano Volodymyr Zelenskyy, y\u2026","rel":"","context":"En \u00abINTERNACIONALES\u00bb","block_context":{"text":"INTERNACIONALES","link":"https:\/\/lasprimeras.com.do\/index.php\/category\/sin-categoria\/internacionales\/"},"img":{"alt_text":"","src":"https:\/\/i0.wp.com\/lasprimeras.com.do\/wp-content\/uploads\/2025\/02\/Volodymyr-Zelenskyy-2.jpg?resize=350%2C200&ssl=1","width":350,"height":200,"srcset":"https:\/\/i0.wp.com\/lasprimeras.com.do\/wp-content\/uploads\/2025\/02\/Volodymyr-Zelenskyy-2.jpg?resize=350%2C200&ssl=1 1x, https:\/\/i0.wp.com\/lasprimeras.com.do\/wp-content\/uploads\/2025\/02\/Volodymyr-Zelenskyy-2.jpg?resize=525%2C300&ssl=1 1.5x, https:\/\/i0.wp.com\/lasprimeras.com.do\/wp-content\/uploads\/2025\/02\/Volodymyr-Zelenskyy-2.jpg?resize=700%2C400&ssl=1 2x"},"classes":[]},{"id":98841,"url":"https:\/\/lasprimeras.com.do\/index.php\/2025\/05\/13\/zelenskyy-dice-que-esperara-a-putin-en-ankara-el-jueves\/","url_meta":{"origin":106203,"position":3},"title":"Zelenskyy dice que esperar\u00e1 a Putin en Ankara el jueves","author":"Nelson Feliz","date":"13 de mayo de 2025","format":false,"excerpt":"POR ILLIA NOVIKOV KIEV, Ucrania (AP) \u2014 El presidente ucraniano Volodymyr Zelenskyy dijo el martes que esperar\u00e1 a su hom\u00f3logo ruso Vlad\u00edmir Putin en la capital turca esta semana para llevar a cabo conversaciones cara a cara sobre la guerra, en medio de una fuerte presi\u00f3n de los l\u00edderes de\u2026","rel":"","context":"En \u00abINTERNACIONALES\u00bb","block_context":{"text":"INTERNACIONALES","link":"https:\/\/lasprimeras.com.do\/index.php\/category\/sin-categoria\/internacionales\/"},"img":{"alt_text":"","src":"https:\/\/i0.wp.com\/lasprimeras.com.do\/wp-content\/uploads\/2025\/05\/Volodymyr-Zelenskyy.jpg?resize=350%2C200&ssl=1","width":350,"height":200,"srcset":"https:\/\/i0.wp.com\/lasprimeras.com.do\/wp-content\/uploads\/2025\/05\/Volodymyr-Zelenskyy.jpg?resize=350%2C200&ssl=1 1x, https:\/\/i0.wp.com\/lasprimeras.com.do\/wp-content\/uploads\/2025\/05\/Volodymyr-Zelenskyy.jpg?resize=525%2C300&ssl=1 1.5x, https:\/\/i0.wp.com\/lasprimeras.com.do\/wp-content\/uploads\/2025\/05\/Volodymyr-Zelenskyy.jpg?resize=700%2C400&ssl=1 2x"},"classes":[]},{"id":106027,"url":"https:\/\/lasprimeras.com.do\/index.php\/2025\/08\/10\/lideres-europeos-apoyan-a-ucrania-antes-de-reunion-trump-putin\/","url_meta":{"origin":106203,"position":4},"title":"L\u00edderes europeos apoyan a Ucrania antes de reuni\u00f3n Trump-Putin","author":"Nelson Feliz","date":"10 de agosto de 2025","format":false,"excerpt":"POR SAMYA KULLAB KIEV (AP) \u2014 Las naciones europeas se unieron en apoyo a Ucrania, afirmando que la paz en la naci\u00f3n no puede resolverse sin Kiev, antes de una reuni\u00f3n planificada entre el presidente estadounidense Donald Trump y Vlad\u00edmir Putin de Rusia. Trump hab\u00eda dicho que la reuni\u00f3n del\u2026","rel":"","context":"En \u00abINTERNACIONALES\u00bb","block_context":{"text":"INTERNACIONALES","link":"https:\/\/lasprimeras.com.do\/index.php\/category\/sin-categoria\/internacionales\/"},"img":{"alt_text":"","src":"https:\/\/i0.wp.com\/lasprimeras.com.do\/wp-content\/uploads\/2025\/08\/MILITARES-UCRANIA.jpg?resize=350%2C200&ssl=1","width":350,"height":200,"srcset":"https:\/\/i0.wp.com\/lasprimeras.com.do\/wp-content\/uploads\/2025\/08\/MILITARES-UCRANIA.jpg?resize=350%2C200&ssl=1 1x, https:\/\/i0.wp.com\/lasprimeras.com.do\/wp-content\/uploads\/2025\/08\/MILITARES-UCRANIA.jpg?resize=525%2C300&ssl=1 1.5x, https:\/\/i0.wp.com\/lasprimeras.com.do\/wp-content\/uploads\/2025\/08\/MILITARES-UCRANIA.jpg?resize=700%2C400&ssl=1 2x"},"classes":[]},{"id":106378,"url":"https:\/\/lasprimeras.com.do\/index.php\/2025\/08\/14\/zelenskyy-se-reune-con-starmer-en-londres-mientras-europa-se-prepara-para-cumbre-entre-trump-y-putin\/","url_meta":{"origin":106203,"position":5},"title":"Zelenskyy se re\u00fane con Starmer en Londres mientras Europa se prepara para cumbre entre Trump y Putin","author":"Nelson Feliz","date":"14 de agosto de 2025","format":false,"excerpt":"POR PAN PYLAS and THE ASSOCIATED PRESS LONDRES (AP) \u2014 El primer ministro brit\u00e1nico, Keir Starmer, recibi\u00f3 el jueves a Volodymyr Zelenskyy en Londres, en una muestra del apoyo de Reino Unido a Ucrania en la v\u00edspera de una cumbre crucial entre Estados Unidos y Rusia en Alaska. Los dos\u2026","rel":"","context":"En \u00abINTERNACIONALES\u00bb","block_context":{"text":"INTERNACIONALES","link":"https:\/\/lasprimeras.com.do\/index.php\/category\/sin-categoria\/internacionales\/"},"img":{"alt_text":"","src":"https:\/\/i0.wp.com\/lasprimeras.com.do\/wp-content\/uploads\/2025\/08\/REUNION.jpg?resize=350%2C200&ssl=1","width":350,"height":200,"srcset":"https:\/\/i0.wp.com\/lasprimeras.com.do\/wp-content\/uploads\/2025\/08\/REUNION.jpg?resize=350%2C200&ssl=1 1x, https:\/\/i0.wp.com\/lasprimeras.com.do\/wp-content\/uploads\/2025\/08\/REUNION.jpg?resize=525%2C300&ssl=1 1.5x, https:\/\/i0.wp.com\/lasprimeras.com.do\/wp-content\/uploads\/2025\/08\/REUNION.jpg?resize=700%2C400&ssl=1 2x"},"classes":[]}],"jetpack_sharing_enabled":true,"_links":{"self":[{"href":"https:\/\/lasprimeras.com.do\/index.php\/wp-json\/wp\/v2\/posts\/106203","targetHints":{"allow":["GET"]}}],"collection":[{"href":"https:\/\/lasprimeras.com.do\/index.php\/wp-json\/wp\/v2\/posts"}],"about":[{"href":"https:\/\/lasprimeras.com.do\/index.php\/wp-json\/wp\/v2\/types\/post"}],"author":[{"embeddable":true,"href":"https:\/\/lasprimeras.com.do\/index.php\/wp-json\/wp\/v2\/users\/10"}],"replies":[{"embeddable":true,"href":"https:\/\/lasprimeras.com.do\/index.php\/wp-json\/wp\/v2\/comments?post=106203"}],"version-history":[{"count":1,"href":"https:\/\/lasprimeras.com.do\/index.php\/wp-json\/wp\/v2\/posts\/106203\/revisions"}],"predecessor-version":[{"id":106205,"href":"https:\/\/lasprimeras.com.do\/index.php\/wp-json\/wp\/v2\/posts\/106203\/revisions\/106205"}],"wp:featuredmedia":[{"embeddable":true,"href":"https:\/\/lasprimeras.com.do\/index.php\/wp-json\/wp\/v2\/media\/106204"}],"wp:attachment":[{"href":"https:\/\/lasprimeras.com.do\/index.php\/wp-json\/wp\/v2\/media?parent=106203"}],"wp:term":[{"taxonomy":"category","embeddable":true,"href":"https:\/\/lasprimeras.com.do\/index.php\/wp-json\/wp\/v2\/categories?post=106203"},{"taxonomy":"post_tag","embeddable":true,"href":"https:\/\/lasprimeras.com.do\/index.php\/wp-json\/wp\/v2\/tags?post=106203"}],"curies":[{"name":"wp","href":"https:\/\/api.w.org\/{rel}","templated":true}]}}