{"id":106206,"date":"2025-08-12T08:19:32","date_gmt":"2025-08-12T12:19:32","guid":{"rendered":"https:\/\/lasprimeras.com.do\/?p=106206"},"modified":"2025-08-12T08:19:34","modified_gmt":"2025-08-12T12:19:34","slug":"grupos-buscan-influir-en-recta-final-de-negociaciones-de-tratado-sobre-contaminacion-plastica-en-onu","status":"publish","type":"post","link":"https:\/\/lasprimeras.com.do\/index.php\/2025\/08\/12\/grupos-buscan-influir-en-recta-final-de-negociaciones-de-tratado-sobre-contaminacion-plastica-en-onu\/","title":{"rendered":"Grupos buscan influir en recta final de negociaciones de tratado sobre contaminaci\u00f3n pl\u00e1stica en ONU"},"content":{"rendered":"\n<p>POR JENNIFER McDERMOTT<\/p>\n\n\n\n<p>GINEBRA (AP) \u2014 Ambientalistas y l\u00edderes ind\u00edgenas se manifestaron con carteles el martes frente a los edificios de Naciones Unidas en Ginebra, donde se celebran las conversaciones para alcanzar un acuerdo global que ponga fin a la contaminaci\u00f3n por pl\u00e1sticos, y pidieron a las naciones que sean valientes y acuerden un tratado firme.<\/p>\n\n\n\n<p>La mayor\u00eda eran de organizaciones que forman parte del movimiento Break Free From Plastic. Se\u00f1alaron que quer\u00edan que se escucharan sus voces mientras las conversaciones encaran su recta final en Suiza.<\/p>\n\n\n\n<p>Los pa\u00edses est\u00e1n elaborando el primer tratado global, legalmente vinculante, sobre la contaminaci\u00f3n por pl\u00e1sticos.<\/p>\n\n\n\n<p>\u201cHemos invertido mucho en venir hasta Ginebra, lejos de nuestras comunidades, lejos de nuestras familias, porque entendemos lo importante que es este tema y lo crucial que es este momento\u201d, dijo Juressa Lee, de Nueva Zelanda, en representaci\u00f3n de la Alianza contra la Contaminaci\u00f3n Pl\u00e1stica Aotearoa. \u201cEs un tratado sobre pl\u00e1sticos \u00fanico en la vida\u201d.<\/p>\n\n\n\n<p>Los manifestantes instaron a los delegados a votar el tratado si no se puede alcanzar un consenso y el proceso se paraliza. Todos los pa\u00edses deben estar de acuerdo para la inclusi\u00f3n de cualquier propuesta en el documento final.<\/p>\n\n\n\n<p>Est\u00e1 previsto que las conversaciones terminen el jueves.<\/p>\n\n\n\n<p>\u201cHasta la fecha, el proceso ha estado roto\u201d, asever\u00f3 Brett Nadrich, portavoz de Break Free From Plastic.<\/p>\n\n\n\n<p>\u201cLos l\u00edderes de la sociedad civil de todo el mundo, junto con los m\u00e1s afectados, est\u00e1n hablando con una voz unificada para decir que necesitamos mostrar valent\u00eda, no compromiso, y arreglar el proceso\u201d.<\/p>\n\n\n\n<p>El jefe de la delegaci\u00f3n de Panam\u00e1 en las negociaciones, Juan Carlos Monterrey G\u00f3mez, los anim\u00f3 al pasar por delante de la protesta.<\/p>\n\n\n\n<p>\u201cNecesitamos eso en todo el mundo\u201d, dijo a The Associated Press. \u201cNecesitamos que la gente fuera de aqu\u00ed le diga a sus pa\u00edses que den voz a lo que est\u00e1n defendiendo. \u00bfLos est\u00e1n defendiendo a ellos, a sus ciudadanos, o a las grandes petroleras?\u201d.<\/p>\n\n\n\n<p>El mayor problema es si el tratado deber\u00eda imponer l\u00edmites a la producci\u00f3n de pl\u00e1stico nuevo o centrarse en su lugar en cosas como un mejor dise\u00f1o, reciclaje y reutilizaci\u00f3n.<\/p>\n\n\n\n<p>Panam\u00e1 est\u00e1 ayudando a encabezar una iniciativa para incluir la producci\u00f3n de pl\u00e1stico en el tratado.<\/p>\n\n\n\n<p>\u201cVamos a seguir presionando hasta el final\u201d, a\u00f1adi\u00f3 Monterrey G\u00f3mez. \u201cPorque si no hay producci\u00f3n, no hay tratado\u201d.<\/p>\n\n\n\n<p>La mayor\u00eda del pl\u00e1stico se fabrica a partir de combustibles f\u00f3siles. Las poderosas naciones productoras de petr\u00f3leo se oponen firmemente a incluir la producci\u00f3n del pl\u00e1stico en el tratado.<\/p>\n\n\n\n<p>La propuesta promovida por M\u00e9xico y Suiza para un art\u00edculo que aborde los productos pl\u00e1sticos problem\u00e1ticos, como los pl\u00e1sticos de un solo uso y los productos qu\u00edmicos, ha ganado impulso.<\/p>\n\n\n\n<p>Camila Zepeda, quien lidera las negociaciones sobre ese art\u00edculo para M\u00e9xico, se\u00f1al\u00f3 que existe un consenso acerca de la presencia de aditivos da\u00f1inos en los pl\u00e1sticos y en que algunos pl\u00e1sticos que no son esenciales para la vida cotidiana podr\u00edan gestionarse y, finalmente, eliminarse.<\/p>\n\n\n\n<p>Las sesiones del martes son \u201cmuy intensas\u201dmientras los negociadores trabajan contrarreloj, a\u00f1adi\u00f3 Zepeda.<\/p>\n\n\n\n<p>\u201cEs un progreso lento\u201d, se\u00f1al\u00f3. \u201cPero esperamos que podamos llegar a\u00fan a un acuerdo. Veo ganas de terminar y obtener resultados aqu\u00ed en Ginebra\u201d.<\/p>\n","protected":false},"excerpt":{"rendered":"<p>POR JENNIFER McDERMOTT GINEBRA (AP) \u2014 Ambientalistas y l\u00edderes ind\u00edgenas se manifestaron con carteles el martes frente a los edificios de Naciones Unidas en Ginebra, donde se celebran las conversaciones&hellip;<\/p>\n","protected":false},"author":10,"featured_media":106207,"comment_status":"open","ping_status":"open","sticky":false,"template":"","format":"standard","meta":{"content-type":"","jetpack_post_was_ever_published":false,"_jetpack_newsletter_access":"","_jetpack_dont_email_post_to_subs":false,"_jetpack_newsletter_tier_id":0,"_jetpack_memberships_contains_paywalled_content":false,"_jetpack_memberships_contains_paid_content":false,"footnotes":""},"categories":[16289],"tags":[4737,20431,19250,777,93,11328,12286,19466],"class_list":["post-106206","post","type-post","status-publish","format-standard","has-post-thumbnail","hentry","category-internacionales","tag-contaminacion","tag-grupos","tag-influir","tag-negociaciones","tag-onu","tag-plastica","tag-recta-final","tag-tratado"],"jetpack_featured_media_url":"https:\/\/lasprimeras.com.do\/wp-content\/uploads\/2025\/08\/contaminacion-por-plasticos.jpg","jetpack-related-posts":[{"id":106139,"url":"https:\/\/lasprimeras.com.do\/index.php\/2025\/08\/11\/artista-ahoga-una-escultura-en-residuos-plasticos-frente-a-la-onu\/","url_meta":{"origin":106206,"position":0},"title":"Artista ahoga una escultura en residuos pl\u00e1sticos frente a la ONU","author":"Nelson Feliz","date":"11 de agosto de 2025","format":false,"excerpt":"Por Jennifer McDERMOTT GINEBRA (AP) \u2014 Mientras las naciones comenzaban el lunes una segunda semana de negociaciones para un acuerdo global para poner fin a la contaminaci\u00f3n pl\u00e1stica , un artista amonton\u00f3 pilas de desechos pl\u00e1sticos sobre una gran escultura frente a la oficina de las Naciones Unidas. Los delegados\u2026","rel":"","context":"En \u00abINTERNACIONALES\u00bb","block_context":{"text":"INTERNACIONALES","link":"https:\/\/lasprimeras.com.do\/index.php\/category\/sin-categoria\/internacionales\/"},"img":{"alt_text":"","src":"https:\/\/i0.wp.com\/lasprimeras.com.do\/wp-content\/uploads\/2025\/08\/PLASTICOS.jpg?resize=350%2C200&ssl=1","width":350,"height":200,"srcset":"https:\/\/i0.wp.com\/lasprimeras.com.do\/wp-content\/uploads\/2025\/08\/PLASTICOS.jpg?resize=350%2C200&ssl=1 1x, https:\/\/i0.wp.com\/lasprimeras.com.do\/wp-content\/uploads\/2025\/08\/PLASTICOS.jpg?resize=525%2C300&ssl=1 1.5x, https:\/\/i0.wp.com\/lasprimeras.com.do\/wp-content\/uploads\/2025\/08\/PLASTICOS.jpg?resize=700%2C400&ssl=1 2x"},"classes":[]},{"id":64372,"url":"https:\/\/lasprimeras.com.do\/index.php\/2023\/10\/15\/rd-celebra-consulta-regional-de-america-latina-y-el-caribe-para-eliminar-contaminacion-por-plasticos\/","url_meta":{"origin":106206,"position":1},"title":"RD celebra \u201cConsulta Regional de Am\u00e9rica Latina y El Caribe\u201d para eliminar contaminaci\u00f3n por pl\u00e1sticos","author":"Nelson Feliz","date":"15 de octubre de 2023","format":false,"excerpt":"Rep\u00fablica Dominicana acogi\u00f3 durante los d\u00edas 16 y 17 de octubre en la sede del Centro de Convenciones del Ministerio de Relaciones Exteriores la Reuni\u00f3n de Am\u00e9rica Latina y el Caribe en preparaci\u00f3n de la tercera sesi\u00f3n del Comit\u00e9 Intergubernamental de Negociaci\u00f3n, para desarrollar un instrumento internacional jur\u00eddicamente vinculante sobre\u2026","rel":"","context":"En \u00abNACIONALES\u00bb","block_context":{"text":"NACIONALES","link":"https:\/\/lasprimeras.com.do\/index.php\/category\/nacionales\/"},"img":{"alt_text":"Consulta Regional","src":"https:\/\/i0.wp.com\/lasprimeras.com.do\/wp-content\/uploads\/2023\/10\/Consulta-Regional-1.jpg?resize=350%2C200&ssl=1","width":350,"height":200,"srcset":"https:\/\/i0.wp.com\/lasprimeras.com.do\/wp-content\/uploads\/2023\/10\/Consulta-Regional-1.jpg?resize=350%2C200&ssl=1 1x, https:\/\/i0.wp.com\/lasprimeras.com.do\/wp-content\/uploads\/2023\/10\/Consulta-Regional-1.jpg?resize=525%2C300&ssl=1 1.5x, https:\/\/i0.wp.com\/lasprimeras.com.do\/wp-content\/uploads\/2023\/10\/Consulta-Regional-1.jpg?resize=700%2C400&ssl=1 2x"},"classes":[]},{"id":87885,"url":"https:\/\/lasprimeras.com.do\/index.php\/2024\/08\/19\/la-mision-para-limpiar-uno-de-los-rios-mas-contaminados-de-centroamerica\/","url_meta":{"origin":106206,"position":2},"title":"La misi\u00f3n para limpiar uno de los r\u00edos m\u00e1s contaminados de Centroam\u00e9rica","author":"Nelson Feliz","date":"19 de agosto de 2024","format":false,"excerpt":"Katie Guenthner Guatemala, (CNN) -- En la desembocadura del Motagua, el r\u00edo m\u00e1s largo de Guatemala, 40 millones de libras (18 millones de kilogramos) de basura se vierten al oc\u00e9ano cada a\u00f1o. Es uno de los r\u00edos m\u00e1s contaminados de Am\u00e9rica Central, y recorre 486 kil\u00f3metros a trav\u00e9s de Guatemala\u2026","rel":"","context":"En \u00abSin categor\u00eda\u00bb","block_context":{"text":"Sin categor\u00eda","link":"https:\/\/lasprimeras.com.do\/index.php\/category\/sin-categoria\/"},"img":{"alt_text":"La barrera de contenci\u00f3n de 4ocean recoge desechos en el r\u00edo Motagua. (Cr\u00e9dito: 4ocean\/Clynton Guzm\u00e1n)","src":"https:\/\/i0.wp.com\/lasprimeras.com.do\/wp-content\/uploads\/2024\/08\/una.jpg?resize=350%2C200&ssl=1","width":350,"height":200,"srcset":"https:\/\/i0.wp.com\/lasprimeras.com.do\/wp-content\/uploads\/2024\/08\/una.jpg?resize=350%2C200&ssl=1 1x, https:\/\/i0.wp.com\/lasprimeras.com.do\/wp-content\/uploads\/2024\/08\/una.jpg?resize=525%2C300&ssl=1 1.5x"},"classes":[]},{"id":113675,"url":"https:\/\/lasprimeras.com.do\/index.php\/2025\/11\/05\/en-visperas-de-las-negociaciones-climaticas-de-la-onu-en-brasil-se-hace-un-llamado-a-menos-palabras-y-mas-accion\/","url_meta":{"origin":106206,"position":3},"title":"En v\u00edsperas de las negociaciones clim\u00e1ticas de la ONU en Brasil, se hace un llamado a menos palabras y m\u00e1s acci\u00f3n.","author":"Nelson Feliz","date":"5 de noviembre de 2025","format":false,"excerpt":"Por Seth Borenstein y Mauricio Savarese BEL\u00c9M, Brasil (AP) \u2014 Durante 30 a\u00f1os, l\u00edderes mundiales y diplom\u00e1ticos se han reunido en sesiones de negociaci\u00f3n de las Naciones Unidas para tratar de frenar el cambio clim\u00e1tico, pero la temperatura de la Tierra sigue aumentando y los fen\u00f3menos meteorol\u00f3gicos extremos empeoran .\u2026","rel":"","context":"En \u00abINTERNACIONALES\u00bb","block_context":{"text":"INTERNACIONALES","link":"https:\/\/lasprimeras.com.do\/index.php\/category\/sin-categoria\/internacionales\/"},"img":{"alt_text":"","src":"https:\/\/i0.wp.com\/lasprimeras.com.do\/wp-content\/uploads\/2025\/11\/Cambio-climatico-1.jpg?resize=350%2C200&ssl=1","width":350,"height":200,"srcset":"https:\/\/i0.wp.com\/lasprimeras.com.do\/wp-content\/uploads\/2025\/11\/Cambio-climatico-1.jpg?resize=350%2C200&ssl=1 1x, https:\/\/i0.wp.com\/lasprimeras.com.do\/wp-content\/uploads\/2025\/11\/Cambio-climatico-1.jpg?resize=525%2C300&ssl=1 1.5x, https:\/\/i0.wp.com\/lasprimeras.com.do\/wp-content\/uploads\/2025\/11\/Cambio-climatico-1.jpg?resize=700%2C400&ssl=1 2x"},"classes":[]},{"id":84515,"url":"https:\/\/lasprimeras.com.do\/index.php\/2024\/06\/09\/fundacion-saltadero-presenta-proyecto-piloto-sobre-reciclaje-de-plasticos\/","url_meta":{"origin":106206,"position":4},"title":"Fundaci\u00f3n Saltadero presenta proyecto piloto sobre reciclaje de pl\u00e1sticos","author":"Nelson Feliz","date":"9 de junio de 2024","format":false,"excerpt":"La Fundaci\u00f3n Saltadero present\u00f3 resultados del \u201cProyecto circular de reciclaje de pl\u00e1sticos en el Monumento Natural Saltos de La Tinaja\u201d en el Sal\u00f3n Girasoles del Jard\u00edn Bot\u00e1nico de Santiago. El acto fue realizado en comunidades pr\u00f3ximas al r\u00edo Jacagua, como El N\u00edspero, Jacagua Arriba, Jacagua Adentro, Jacagua al Medio, Los\u2026","rel":"","context":"En \u00abNACIONALES\u00bb","block_context":{"text":"NACIONALES","link":"https:\/\/lasprimeras.com.do\/index.php\/category\/nacionales\/"},"img":{"alt_text":"","src":"https:\/\/i0.wp.com\/lasprimeras.com.do\/wp-content\/uploads\/2024\/06\/dos.jpg?resize=350%2C200&ssl=1","width":350,"height":200,"srcset":"https:\/\/i0.wp.com\/lasprimeras.com.do\/wp-content\/uploads\/2024\/06\/dos.jpg?resize=350%2C200&ssl=1 1x, https:\/\/i0.wp.com\/lasprimeras.com.do\/wp-content\/uploads\/2024\/06\/dos.jpg?resize=525%2C300&ssl=1 1.5x, https:\/\/i0.wp.com\/lasprimeras.com.do\/wp-content\/uploads\/2024\/06\/dos.jpg?resize=700%2C400&ssl=1 2x"},"classes":[]},{"id":61701,"url":"https:\/\/lasprimeras.com.do\/index.php\/2023\/09\/29\/proponen-crear-incentivos-a-empresas-que-produzcan-productos-de-un-solo-uso-en-centroamerica-y-rd\/","url_meta":{"origin":106206,"position":5},"title":"Proponen crear incentivos a empresas que produzcan productos de un s\u00f3lo uso en Centroam\u00e9rica y RD","author":"Nelson Feliz","date":"29 de septiembre de 2023","format":false,"excerpt":"Luis Coronado Su\u00e1rez dice: \u201cEs tiempo de masificar el uso de envases ecol\u00f3gicos y m\u00e1s amigables con el medio ambiente y la salud\u201d.\u00a0 El diputado dominicano Luis Coronado Su\u00e1rez, ante el Parlamento Centroamericano (PARLACEN), someti\u00f3 una iniciativa de recomendaci\u00f3n que busca implementar incentivos para las empresas que produzcan alternativas al\u2026","rel":"","context":"En \u00abPORTADA\u00bb","block_context":{"text":"PORTADA","link":"https:\/\/lasprimeras.com.do\/index.php\/category\/portada\/"},"img":{"alt_text":"Luis Coronado Su\u00e1rez","src":"https:\/\/i0.wp.com\/lasprimeras.com.do\/wp-content\/uploads\/2023\/09\/Luis-Coronado-Suarez.jpg?resize=350%2C200&ssl=1","width":350,"height":200,"srcset":"https:\/\/i0.wp.com\/lasprimeras.com.do\/wp-content\/uploads\/2023\/09\/Luis-Coronado-Suarez.jpg?resize=350%2C200&ssl=1 1x, https:\/\/i0.wp.com\/lasprimeras.com.do\/wp-content\/uploads\/2023\/09\/Luis-Coronado-Suarez.jpg?resize=525%2C300&ssl=1 1.5x, https:\/\/i0.wp.com\/lasprimeras.com.do\/wp-content\/uploads\/2023\/09\/Luis-Coronado-Suarez.jpg?resize=700%2C400&ssl=1 2x"},"classes":[]}],"jetpack_sharing_enabled":true,"_links":{"self":[{"href":"https:\/\/lasprimeras.com.do\/index.php\/wp-json\/wp\/v2\/posts\/106206","targetHints":{"allow":["GET"]}}],"collection":[{"href":"https:\/\/lasprimeras.com.do\/index.php\/wp-json\/wp\/v2\/posts"}],"about":[{"href":"https:\/\/lasprimeras.com.do\/index.php\/wp-json\/wp\/v2\/types\/post"}],"author":[{"embeddable":true,"href":"https:\/\/lasprimeras.com.do\/index.php\/wp-json\/wp\/v2\/users\/10"}],"replies":[{"embeddable":true,"href":"https:\/\/lasprimeras.com.do\/index.php\/wp-json\/wp\/v2\/comments?post=106206"}],"version-history":[{"count":1,"href":"https:\/\/lasprimeras.com.do\/index.php\/wp-json\/wp\/v2\/posts\/106206\/revisions"}],"predecessor-version":[{"id":106208,"href":"https:\/\/lasprimeras.com.do\/index.php\/wp-json\/wp\/v2\/posts\/106206\/revisions\/106208"}],"wp:featuredmedia":[{"embeddable":true,"href":"https:\/\/lasprimeras.com.do\/index.php\/wp-json\/wp\/v2\/media\/106207"}],"wp:attachment":[{"href":"https:\/\/lasprimeras.com.do\/index.php\/wp-json\/wp\/v2\/media?parent=106206"}],"wp:term":[{"taxonomy":"category","embeddable":true,"href":"https:\/\/lasprimeras.com.do\/index.php\/wp-json\/wp\/v2\/categories?post=106206"},{"taxonomy":"post_tag","embeddable":true,"href":"https:\/\/lasprimeras.com.do\/index.php\/wp-json\/wp\/v2\/tags?post=106206"}],"curies":[{"name":"wp","href":"https:\/\/api.w.org\/{rel}","templated":true}]}}