{"id":106243,"date":"2025-08-11T11:46:22","date_gmt":"2025-08-11T15:46:22","guid":{"rendered":"https:\/\/lasprimeras.com.do\/?p=106243"},"modified":"2025-08-12T11:51:18","modified_gmt":"2025-08-12T15:51:18","slug":"autoridades-aumentaran-acciones-contra-tenencia-de-armas-ilegales-en-centros-de-recreacion","status":"publish","type":"post","link":"https:\/\/lasprimeras.com.do\/index.php\/2025\/08\/11\/autoridades-aumentaran-acciones-contra-tenencia-de-armas-ilegales-en-centros-de-recreacion\/","title":{"rendered":"Autoridades aumentar\u00e1n acciones contra tenencia de armas ilegales en centros de recreaci\u00f3n"},"content":{"rendered":"\n<p><strong>Fuerza de Tarea ampl\u00eda labor para frenar carreras clandestinas y accidentes de tr\u00e1nsito.<\/strong><\/p>\n\n\n\n<p>La Fuerza de Tarea Conjunta fortalecer\u00e1 las medidas contra las armas ilegales y la inspecci\u00f3n en los centros de expendio y consumo de bebidas alcoh\u00f3licas para frenar que sean introducidas con permiso o no y advierte de las sanciones a los propietarios de esos centros que permitan su ingreso.<\/p>\n\n\n\n<p>La ministra de Interior y Polic\u00eda, Faride Raful, ofreci\u00f3 la informaci\u00f3n al t\u00e9rmino de la reuni\u00f3n n\u00famero 102 de seguimiento al Plan de Seguridad Ciudadana, encabezada por el presidente de la Rep\u00fablica Luis Abinader, donde reiter\u00f3 la resoluci\u00f3n 004-2025 de la instituci\u00f3n, que proh\u00edbe el porte de armas en estos negocios.<\/p>\n\n\n\n<p>Precis\u00f3 que los lugares que permitan el ingreso de personas armadas ser\u00e1n sancionados con un cierre temporal para solicitar el definitivo ante el Ministerio P\u00fablico.<\/p>\n\n\n\n<p>\u201cNo importa que sean legales o ilegales, que tengan licencia o no licencia. Esto no puede ocurrir bajo ning\u00fan concepto. Y los due\u00f1os de establecimientos tienen tambi\u00e9n una cuota de responsabilidad para fiscalizar que ninguna persona o ciudadano entre a ese lugar con un arma de fuego. Nosotros vamos en esta disposici\u00f3n a fiscalizar tanto los bares, discotecas, colmadones, casinos, restaurantes, con \u00e1reas de bar entretenimiento, eventos masivos donde tambi\u00e9n se expende alcohol\u201d, advirti\u00f3.<\/p>\n\n\n\n<p>Raful expres\u00f3 adem\u00e1s que ante la operatividad aunada de las autoridades en la lucha para sacar las sustancias narc\u00f3ticas de las calles, m\u00e1s 6 millones 70 mil 338 (6,070,338) gramos, han sido decomisadas en 2025, mediante 22,251 operativos de la Direcci\u00f3n Nacional de Control de Drogas (DNCD).<\/p>\n\n\n\n<p>Ampl\u00edan labor para frenar carreras clandestinas y accidentes de tr\u00e1nsito<\/p>\n\n\n\n<p>La funcionaria indic\u00f3 que los accidentes de tr\u00e1nsito han disminuido en un 54 % entre junio y julio, de manera comparativa, por los esfuerzos de la Fuerza de Tarea Vial. A\u00f1adi\u00f3 que han ampliado las labores para frenar las carreras clandestinas.<\/p>\n\n\n\n<p>\u201cGracias a la labor de inteligencia de la Polic\u00eda Nacional, hemos tomado informaci\u00f3n acerca de las carreras clandestinas previo a que estas se dispongan a desplazarse en las principales autov\u00edas del pa\u00eds y ocasionan tambi\u00e9n accidentes de tr\u00e1nsito. Seguimos focalizados en la 6 de noviembre autopista Duarte, en el Gran Santo Domingo, donde la ocurrencia de accidentes de tr\u00e1nsito sigue siendo tambi\u00e9n una alta preocupaci\u00f3n\u201d, sostuvo.<\/p>\n\n\n\n<p>Tasa de homicidio permanece en 8.2 por cada 100 mil habitantes<\/p>\n\n\n\n<p>En cuanto a la tasa acumulada de homicidios, la ministra dijo que permanece en 8.2 por cada 100 mil habitantes, y 25 provincias est\u00e1n por debajo de dos d\u00edgitos, y nueve por encima, lo indica una reducci\u00f3n en comparaci\u00f3n a a\u00f1os anteriores. En 2023 el registro fue de 12.1 y 2024 de 10.1.<\/p>\n\n\n\n<p>Expuso que la intervenci\u00f3n en el sector Ensanche Capotillo del Distrito Nacional hace dos meses y medio, ha sido un trabajo estructural conjunto para cumplir con la visi\u00f3n del presidente en detener la delincuencia y conflictividad social para dignificar a los residentes y hacer del sector una zona segura.<\/p>\n\n\n\n<p>\u201cEsta intervenci\u00f3n que comienza con materia de seguridad, convoca a las dem\u00e1s instituciones para de manera integral y estructural seguir el trabajo en dignificar la vida de los capotilleros y las capotilleras\u201d, apunt\u00f3.<\/p>\n","protected":false},"excerpt":{"rendered":"<p>Fuerza de Tarea ampl\u00eda labor para frenar carreras clandestinas y accidentes de tr\u00e1nsito. La Fuerza de Tarea Conjunta fortalecer\u00e1 las medidas contra las armas ilegales y la inspecci\u00f3n en los&hellip;<\/p>\n","protected":false},"author":10,"featured_media":106244,"comment_status":"open","ping_status":"open","sticky":false,"template":"","format":"standard","meta":{"content-type":"","jetpack_post_was_ever_published":false,"_jetpack_newsletter_access":"","_jetpack_dont_email_post_to_subs":false,"_jetpack_newsletter_tier_id":0,"_jetpack_memberships_contains_paywalled_content":false,"_jetpack_memberships_contains_paid_content":false,"footnotes":""},"categories":[3057,25],"tags":[10652,205,23088,23087,949,11973,23089,12193],"class_list":["post-106243","post","type-post","status-publish","format-standard","has-post-thumbnail","hentry","category-militares","category-portada","tag-accidentes-de-transito","tag-acciones","tag-armas-ilegales","tag-aumentaran","tag-autoridades","tag-carreras-clandestinas","tag-centros-de-recreacion","tag-tenencia"],"jetpack_featured_media_url":"https:\/\/lasprimeras.com.do\/wp-content\/uploads\/2025\/08\/Faride-Raful.jpg","jetpack-related-posts":[{"id":79360,"url":"https:\/\/lasprimeras.com.do\/index.php\/2024\/03\/26\/retienen-dos-motocicletas-y-una-pasola-por-carreras-clandestinas\/","url_meta":{"origin":106243,"position":0},"title":"Retienen dos motocicletas y una pasola por carreras clandestinas","author":"BIMARY DE JES\u00daS Matos","date":"26 de marzo de 2024","format":false,"excerpt":"Martin Restituyo Santo Domingo.-Retienen dos motocicletas y una passola modificada donde se dispon\u00edan a realizar carreras clandestinas A trav\u00e9s del departamento de Inteligencia Vial de la Direcci\u00f3n General de Seguridad de Tr\u00e1nsito y Transporte Terrestres (DIGESETT) y en coordinaci\u00f3n con la Polic\u00eda Preventiva, fueron retenidas dos motocicletas y una pasola\u2026","rel":"","context":"En \u00abNACIONALES\u00bb","block_context":{"text":"NACIONALES","link":"https:\/\/lasprimeras.com.do\/index.php\/category\/nacionales\/"},"img":{"alt_text":"","src":"https:\/\/i0.wp.com\/lasprimeras.com.do\/wp-content\/uploads\/2024\/03\/IMG-20240326-WA0013.jpg?resize=350%2C200&ssl=1","width":350,"height":200,"srcset":"https:\/\/i0.wp.com\/lasprimeras.com.do\/wp-content\/uploads\/2024\/03\/IMG-20240326-WA0013.jpg?resize=350%2C200&ssl=1 1x, https:\/\/i0.wp.com\/lasprimeras.com.do\/wp-content\/uploads\/2024\/03\/IMG-20240326-WA0013.jpg?resize=525%2C300&ssl=1 1.5x, https:\/\/i0.wp.com\/lasprimeras.com.do\/wp-content\/uploads\/2024\/03\/IMG-20240326-WA0013.jpg?resize=700%2C400&ssl=1 2x"},"classes":[]},{"id":77883,"url":"https:\/\/lasprimeras.com.do\/index.php\/2024\/02\/26\/digesett-arremete-contra-las-carreras-clandestinas-en-santiago\/","url_meta":{"origin":106243,"position":1},"title":"DIGESETT arremete contra las carreras clandestinas en Santiago","author":"Nelson Feliz","date":"26 de febrero de 2024","format":false,"excerpt":"Un total de 30 motociclista fueron interceptados por realizar carreras ilegales. Por Martin Restituyo La Direcci\u00f3n General de Seguridad de Tr\u00e1nsito y Transporte Terrestre (DIGESETT) arremeti\u00f3 contra treinta (30) conductores que realizaban carrera clandestina en Santiago de los Caballeros. La entidad precis\u00f3 que mediante un operativo sorpresa, se frustr\u00f3 la\u2026","rel":"","context":"En \u00abNACIONALES\u00bb","block_context":{"text":"NACIONALES","link":"https:\/\/lasprimeras.com.do\/index.php\/category\/nacionales\/"},"img":{"alt_text":"motocicletas","src":"https:\/\/i0.wp.com\/lasprimeras.com.do\/wp-content\/uploads\/2024\/02\/motocicletas.jpg?resize=350%2C200&ssl=1","width":350,"height":200,"srcset":"https:\/\/i0.wp.com\/lasprimeras.com.do\/wp-content\/uploads\/2024\/02\/motocicletas.jpg?resize=350%2C200&ssl=1 1x, https:\/\/i0.wp.com\/lasprimeras.com.do\/wp-content\/uploads\/2024\/02\/motocicletas.jpg?resize=525%2C300&ssl=1 1.5x"},"classes":[]},{"id":71654,"url":"https:\/\/lasprimeras.com.do\/index.php\/2023\/12\/21\/digesett-detiene-nueve-conductores-por-carreras-clandestinas\/","url_meta":{"origin":106243,"position":2},"title":"DIGESETT detiene nueve conductores por carreras clandestinas","author":"BIMARY DE JES\u00daS Matos","date":"21 de diciembre de 2023","format":false,"excerpt":"SANTO DOMINGO.\u2013 La Direcci\u00f3n General de Seguridad de Tr\u00e1nsito y Transporte Terrestre (DIGESETT) sigue reforzando los operativos en contra de los conductores de veh\u00edculos y motocicletas que realizan carreras clandestinas, quienes ponen en peligro sus vidas y la de los dem\u00e1s. El departamento de Inteligencia Vial de la entidad junto\u2026","rel":"","context":"En \u00abNACIONALES\u00bb","block_context":{"text":"NACIONALES","link":"https:\/\/lasprimeras.com.do\/index.php\/category\/nacionales\/"},"img":{"alt_text":"","src":"https:\/\/i0.wp.com\/lasprimeras.com.do\/wp-content\/uploads\/2023\/12\/WhatsApp-Image-2023-12-21-at-1.17.44-PM.webp?resize=350%2C200&ssl=1","width":350,"height":200,"srcset":"https:\/\/i0.wp.com\/lasprimeras.com.do\/wp-content\/uploads\/2023\/12\/WhatsApp-Image-2023-12-21-at-1.17.44-PM.webp?resize=350%2C200&ssl=1 1x, https:\/\/i0.wp.com\/lasprimeras.com.do\/wp-content\/uploads\/2023\/12\/WhatsApp-Image-2023-12-21-at-1.17.44-PM.webp?resize=525%2C300&ssl=1 1.5x"},"classes":[]},{"id":88828,"url":"https:\/\/lasprimeras.com.do\/index.php\/2024\/09\/07\/detienen-estudiantes-que-realizaban-carreras-clandestinas-en-higuey\/","url_meta":{"origin":106243,"position":3},"title":"Detienen estudiantes que realizaban carreras clandestinas en Hig\u00fcey","author":"Nelson Feliz","date":"7 de septiembre de 2024","format":false,"excerpt":"La Direcci\u00f3n General de Seguridad de Tr\u00e1nsito y Transporte Terrestre (DIGESETT), detuvo a dos estudiantes que se dedicaban a realizar carreras clandestinas en el municipio de Hig\u00fcey. Los estudiantes aprovechaban la hora de salida del Liceo Secundario Geraldo Jansen, para realizar la carrera clandestina y calibrar las motocicletas que utilizaban\u2026","rel":"","context":"En \u00abNACIONALES\u00bb","block_context":{"text":"NACIONALES","link":"https:\/\/lasprimeras.com.do\/index.php\/category\/nacionales\/"},"img":{"alt_text":"","src":"https:\/\/i0.wp.com\/lasprimeras.com.do\/wp-content\/uploads\/2024\/09\/motos-1.jpg?resize=350%2C200&ssl=1","width":350,"height":200,"srcset":"https:\/\/i0.wp.com\/lasprimeras.com.do\/wp-content\/uploads\/2024\/09\/motos-1.jpg?resize=350%2C200&ssl=1 1x, https:\/\/i0.wp.com\/lasprimeras.com.do\/wp-content\/uploads\/2024\/09\/motos-1.jpg?resize=525%2C300&ssl=1 1.5x"},"classes":[]},{"id":85255,"url":"https:\/\/lasprimeras.com.do\/index.php\/2024\/06\/26\/digesett-realiza-operativo-contra-las-carreras-clandestinas\/","url_meta":{"origin":106243,"position":4},"title":"DIGESETT realiza operativo contra las carreras clandestinas","author":"Nelson Feliz","date":"26 de junio de 2024","format":false,"excerpt":"Retiene14 motocicletas fueron retenidas.\u00a0 La Direcci\u00f3n General de Seguridad de Tr\u00e1nsito y Transporte Terrestre (DIGESETT) llev\u00f3 a cabo un operativo donde logr\u00f3 la retenci\u00f3n de 14 motocicletas que realizaban carreras clandestinas, en franca violaci\u00f3n a los art\u00edculos 267 y 220, de la Ley 63-17 en la zona Navarrete-Santiago de los\u2026","rel":"","context":"En \u00abNACIONALES\u00bb","block_context":{"text":"NACIONALES","link":"https:\/\/lasprimeras.com.do\/index.php\/category\/nacionales\/"},"img":{"alt_text":"motocicletas","src":"https:\/\/i0.wp.com\/lasprimeras.com.do\/wp-content\/uploads\/2024\/06\/motocicletas.jpg?resize=350%2C200&ssl=1","width":350,"height":200},"classes":[]},{"id":80236,"url":"https:\/\/lasprimeras.com.do\/index.php\/2024\/04\/05\/agentes-de-la-digesett-sorprenden-en-la-region-cibao-central-a-12-motociclistas-en-carreras-clandestinas\/","url_meta":{"origin":106243,"position":5},"title":"Agentes de la DIGESETT sorprenden en la Regi\u00f3n Cibao Central a 12 motociclistas en carreras clandestinas","author":"BIMARY DE JES\u00daS Matos","date":"5 de abril de 2024","format":false,"excerpt":"Santo Domingo.-La Direcci\u00f3n General de Seguridad de Tr\u00e1nsito y Transporte Terrestre (DIGESETT) inform\u00f3 que doce (12) motociclistas fueron sorprendidos calibrando y realizando carreras clandestinas en la Regi\u00f3n Cibao Central. Los agentes de la DIGESETT sorprendieron a los motociclistas en plena carrera clandestina en diferentes lugares de la Regi\u00f3n Cibao Central,\u2026","rel":"","context":"En \u00abNACIONALES\u00bb","block_context":{"text":"NACIONALES","link":"https:\/\/lasprimeras.com.do\/index.php\/category\/nacionales\/"},"img":{"alt_text":"","src":"https:\/\/i0.wp.com\/lasprimeras.com.do\/wp-content\/uploads\/2024\/04\/IMG-20240405-WA0033-1.jpg?resize=350%2C200&ssl=1","width":350,"height":200,"srcset":"https:\/\/i0.wp.com\/lasprimeras.com.do\/wp-content\/uploads\/2024\/04\/IMG-20240405-WA0033-1.jpg?resize=350%2C200&ssl=1 1x, https:\/\/i0.wp.com\/lasprimeras.com.do\/wp-content\/uploads\/2024\/04\/IMG-20240405-WA0033-1.jpg?resize=525%2C300&ssl=1 1.5x, https:\/\/i0.wp.com\/lasprimeras.com.do\/wp-content\/uploads\/2024\/04\/IMG-20240405-WA0033-1.jpg?resize=700%2C400&ssl=1 2x, https:\/\/i0.wp.com\/lasprimeras.com.do\/wp-content\/uploads\/2024\/04\/IMG-20240405-WA0033-1.jpg?resize=1050%2C600&ssl=1 3x"},"classes":[]}],"jetpack_sharing_enabled":true,"_links":{"self":[{"href":"https:\/\/lasprimeras.com.do\/index.php\/wp-json\/wp\/v2\/posts\/106243","targetHints":{"allow":["GET"]}}],"collection":[{"href":"https:\/\/lasprimeras.com.do\/index.php\/wp-json\/wp\/v2\/posts"}],"about":[{"href":"https:\/\/lasprimeras.com.do\/index.php\/wp-json\/wp\/v2\/types\/post"}],"author":[{"embeddable":true,"href":"https:\/\/lasprimeras.com.do\/index.php\/wp-json\/wp\/v2\/users\/10"}],"replies":[{"embeddable":true,"href":"https:\/\/lasprimeras.com.do\/index.php\/wp-json\/wp\/v2\/comments?post=106243"}],"version-history":[{"count":1,"href":"https:\/\/lasprimeras.com.do\/index.php\/wp-json\/wp\/v2\/posts\/106243\/revisions"}],"predecessor-version":[{"id":106245,"href":"https:\/\/lasprimeras.com.do\/index.php\/wp-json\/wp\/v2\/posts\/106243\/revisions\/106245"}],"wp:featuredmedia":[{"embeddable":true,"href":"https:\/\/lasprimeras.com.do\/index.php\/wp-json\/wp\/v2\/media\/106244"}],"wp:attachment":[{"href":"https:\/\/lasprimeras.com.do\/index.php\/wp-json\/wp\/v2\/media?parent=106243"}],"wp:term":[{"taxonomy":"category","embeddable":true,"href":"https:\/\/lasprimeras.com.do\/index.php\/wp-json\/wp\/v2\/categories?post=106243"},{"taxonomy":"post_tag","embeddable":true,"href":"https:\/\/lasprimeras.com.do\/index.php\/wp-json\/wp\/v2\/tags?post=106243"}],"curies":[{"name":"wp","href":"https:\/\/api.w.org\/{rel}","templated":true}]}}