{"id":106251,"date":"2025-08-12T12:44:02","date_gmt":"2025-08-12T16:44:02","guid":{"rendered":"https:\/\/lasprimeras.com.do\/?p=106251"},"modified":"2025-08-12T12:44:03","modified_gmt":"2025-08-12T16:44:03","slug":"fundacion-refidomsa-entrega-utiles-escolares-a-mas-de-7000-estudiantes","status":"publish","type":"post","link":"https:\/\/lasprimeras.com.do\/index.php\/2025\/08\/12\/fundacion-refidomsa-entrega-utiles-escolares-a-mas-de-7000-estudiantes\/","title":{"rendered":"Fundaci\u00f3n Refidomsa entrega \u00fatiles escolares a m\u00e1s de 7,000 estudiantes"},"content":{"rendered":"\n<p><strong>La gesti\u00f3n del doctor Leonardo Aguilera impulsa la educaci\u00f3n y el desarrollo de comunidades vulnerables.<\/strong><\/p>\n\n\n\n<p>La Fundaci\u00f3n Refidomsa realiz\u00f3 importantes jornadas de entrega de \u00fatiles escolares que beneficiaron a m\u00e1s de 7,000 estudiantes de diversas comunidades del pa\u00eds, como parte de su compromiso continuo con la educaci\u00f3n y el bienestar de las familias.<\/p>\n\n\n\n<p>Las entregas, realizadas previo al inicio del a\u00f1o escolar 2025-2026, abarca zonas de impacto clave como Nigua, Haina, El Carril, Quita Sue\u00f1o, Nizao, San Crist\u00f3bal, Santiago, Azua y Don Gregorio, beneficiando a estudiantes de diversas edades en su camino educativo.<\/p>\n\n\n\n<figure class=\"wp-block-image size-full\"><img decoding=\"async\" width=\"900\" height=\"600\" src=\"https:\/\/lasprimeras.com.do\/wp-content\/uploads\/2025\/08\/cuaderno.jpg\" alt=\"\" class=\"wp-image-106253\" srcset=\"https:\/\/lasprimeras.com.do\/wp-content\/uploads\/2025\/08\/cuaderno.jpg 900w, https:\/\/lasprimeras.com.do\/wp-content\/uploads\/2025\/08\/cuaderno-300x200.jpg 300w, https:\/\/lasprimeras.com.do\/wp-content\/uploads\/2025\/08\/cuaderno-768x512.jpg 768w\" sizes=\"(max-width: 900px) 100vw, 900px\" \/><\/figure>\n\n\n\n<p>Este esfuerzo forma parte del programa de apoyo a la educaci\u00f3n que realiza la Fundaci\u00f3n Refidomsa, brazo social de la Refiner\u00eda Dominicana de Petr\u00f3leo, que desde hace a\u00f1os se dedica a la implementaci\u00f3n de acciones de respaldo educativo en zonas vulnerables del pa\u00eds.<\/p>\n\n\n\n<p>En el marco de este programa, se entregaron paquetes de \u00fatiles escolares con el objetivo de proporcionar a los estudiantes los materiales necesarios para el a\u00f1o lectivo, contribuyendo a propiciar las condiciones para el aprendizaje.<\/p>\n\n\n\n<p>Diosmary Peralta, directora de la Fundaci\u00f3n Refidomsa, expres\u00f3: \u201cEste a\u00f1o, hemos logrado ampliar nuestra cobertura para llegar a m\u00e1s ni\u00f1os y adolescentes, asegurando que tengan lo necesario para un comienzo escolar exitoso. Continuamos comprometidos con el desarrollo de la educaci\u00f3n en nuestra naci\u00f3n, brindando oportunidades a aquellos que m\u00e1s lo necesitan\u201d.<\/p>\n\n\n\n<p>Peralta agreg\u00f3 que por cuarto a\u00f1o, la iniciativa que comenz\u00f3 con la llegada del doctor Leonardo Aguilera a la presidencia del Consejo de Administraci\u00f3n de Refidomsa, ha beneficiado a miles de ni\u00f1os, ni\u00f1as y adolescentes en las comunidades de Haina, San Crist\u00f3bal, Azua, Nizao, Santiago, Loma de Cabrera, Santiago Rodr\u00edguez y Arroyo Blanco, entre otras localidades de varias provincias.<\/p>\n\n\n\n<p>Este a\u00f1o, la fundaci\u00f3n ha logrado ampliar a\u00fan m\u00e1s su alcance, beneficiando a comunidades adicionales en todo el pa\u00eds.<\/p>\n\n\n\n<p>Franklin Soriano, coordinador de la pol\u00edtica social de Refidomsa, explic\u00f3 que adem\u00e1s de la entrega de materiales, la Fundaci\u00f3n organiz\u00f3 actividades art\u00edsticas para ni\u00f1os y adultos en cada uno de los centros educativos beneficiados.<\/p>\n","protected":false},"excerpt":{"rendered":"<p>La gesti\u00f3n del doctor Leonardo Aguilera impulsa la educaci\u00f3n y el desarrollo de comunidades vulnerables. La Fundaci\u00f3n Refidomsa realiz\u00f3 importantes jornadas de entrega de \u00fatiles escolares que beneficiaron a m\u00e1s&hellip;<\/p>\n","protected":false},"author":10,"featured_media":106252,"comment_status":"open","ping_status":"open","sticky":false,"template":"","format":"standard","meta":{"content-type":"","jetpack_post_was_ever_published":false,"_jetpack_newsletter_access":"","_jetpack_dont_email_post_to_subs":false,"_jetpack_newsletter_tier_id":0,"_jetpack_memberships_contains_paywalled_content":false,"_jetpack_memberships_contains_paid_content":false,"footnotes":""},"categories":[35],"tags":[23092,23093,23091,2354],"class_list":["post-106251","post","type-post","status-publish","format-standard","has-post-thumbnail","hentry","category-nacionales","tag-7000-estudiantes","tag-ano-educativo","tag-fundacion-refidomsa","tag-utiles-escolares"],"jetpack_featured_media_url":"https:\/\/lasprimeras.com.do\/wp-content\/uploads\/2025\/08\/Leonardo-Aguilera.jpg","jetpack-related-posts":[{"id":58690,"url":"https:\/\/lasprimeras.com.do\/index.php\/2023\/08\/27\/fundacion-somos-de-ocoa-entrega-4500-combos-de-utiles-escolares-a-estudiantes\/","url_meta":{"origin":106251,"position":0},"title":"Fundaci\u00f3n Somos de Ocoa entrega 4,500 combos de \u00fatiles escolares a estudiantes","author":"Nelson Feliz","date":"27 de agosto de 2023","format":false,"excerpt":"La Fundaci\u00f3n Somos de Ocoa entreg\u00f3 4,500 combos de \u00fatiles escolares con los cuales fueron beneficiados m\u00e1s de tres mil familias de los distintos municipios y distritos municipales de la provincia San Jos\u00e9 de Ocoa. El presidente de la fundaci\u00f3n, Neuryn Eliseo Tejeda Tejeda, manifest\u00f3 que fueron beneficiados estudiantes de\u2026","rel":"","context":"En \u00abNACIONALES\u00bb","block_context":{"text":"NACIONALES","link":"https:\/\/lasprimeras.com.do\/index.php\/category\/nacionales\/"},"img":{"alt_text":"Fundaci\u00f3n Somos de Ocoa","src":"https:\/\/i0.wp.com\/lasprimeras.com.do\/wp-content\/uploads\/2023\/08\/Fundacion-Somos-de-Ocoa-1.jpg?resize=350%2C200&ssl=1","width":350,"height":200,"srcset":"https:\/\/i0.wp.com\/lasprimeras.com.do\/wp-content\/uploads\/2023\/08\/Fundacion-Somos-de-Ocoa-1.jpg?resize=350%2C200&ssl=1 1x, https:\/\/i0.wp.com\/lasprimeras.com.do\/wp-content\/uploads\/2023\/08\/Fundacion-Somos-de-Ocoa-1.jpg?resize=525%2C300&ssl=1 1.5x, https:\/\/i0.wp.com\/lasprimeras.com.do\/wp-content\/uploads\/2023\/08\/Fundacion-Somos-de-Ocoa-1.jpg?resize=700%2C400&ssl=1 2x"},"classes":[]},{"id":88208,"url":"https:\/\/lasprimeras.com.do\/index.php\/2024\/08\/23\/fundacion-oviedo-entrega-utiles-escolares-a-mas-de-100-ninos-en-moca\/","url_meta":{"origin":106251,"position":1},"title":"Fundaci\u00f3n Oviedo\u00a0entrega\u00a0\u00fatiles\u00a0escolares\u00a0en Moca","author":"Nelson Feliz","date":"23 de agosto de 2024","format":false,"excerpt":"La\u00a0actividad reafirma el compromiso de la Fundaci\u00f3n con el bienestar de la ni\u00f1ez dominicana. La Fundaci\u00f3n Oviedo llev\u00f3 a cabo una exitosa actividad de regreso a clases en la que m\u00e1s de 100 ni\u00f1os fueron beneficiados con \u00fatiles escolares, raciones alimenticias y premios sorpresas del Centro Educativo Milady Mar\u00eda Bencosme\u2026","rel":"","context":"En \u00abNACIONALES\u00bb","block_context":{"text":"NACIONALES","link":"https:\/\/lasprimeras.com.do\/index.php\/category\/nacionales\/"},"img":{"alt_text":"Fundaci\u00f3n Oviedo","src":"https:\/\/i0.wp.com\/lasprimeras.com.do\/wp-content\/uploads\/2024\/08\/Fundacion-Oviedo.jpg?resize=350%2C200&ssl=1","width":350,"height":200,"srcset":"https:\/\/i0.wp.com\/lasprimeras.com.do\/wp-content\/uploads\/2024\/08\/Fundacion-Oviedo.jpg?resize=350%2C200&ssl=1 1x, https:\/\/i0.wp.com\/lasprimeras.com.do\/wp-content\/uploads\/2024\/08\/Fundacion-Oviedo.jpg?resize=525%2C300&ssl=1 1.5x"},"classes":[]},{"id":128177,"url":"https:\/\/lasprimeras.com.do\/index.php\/2026\/04\/20\/inabie-entrega-utiles-escolares-a-estudiantes-afectados-por-lluvias\/","url_meta":{"origin":106251,"position":2},"title":"INABIE entrega \u00fatiles escolares a estudiantes afectados por lluvias","author":"Nelson Feliz","date":"20 de abril de 2026","format":false,"excerpt":"El Gobierno dominicano, a trav\u00e9s del Instituto Nacional de Bienestar Estudiantil (INABIE), inici\u00f3 la entrega de \u00fatiles escolares a estudiantes cuyas familias resultaron afectadas por las recientes lluvias en distintas comunidades del pa\u00eds. En el sector Los R\u00edos, unos cien estudiantes recibieron kits escolares como parte de esta acci\u00f3n, coordinada\u2026","rel":"","context":"En \u00abNACIONALES\u00bb","block_context":{"text":"NACIONALES","link":"https:\/\/lasprimeras.com.do\/index.php\/category\/nacionales\/"},"img":{"alt_text":"","src":"https:\/\/i0.wp.com\/lasprimeras.com.do\/wp-content\/uploads\/2026\/04\/INABIE-entrega-utiles-escolares-a-estudiantes-afectados-por-lluvias-1.jpg?resize=350%2C200&ssl=1","width":350,"height":200,"srcset":"https:\/\/i0.wp.com\/lasprimeras.com.do\/wp-content\/uploads\/2026\/04\/INABIE-entrega-utiles-escolares-a-estudiantes-afectados-por-lluvias-1.jpg?resize=350%2C200&ssl=1 1x, https:\/\/i0.wp.com\/lasprimeras.com.do\/wp-content\/uploads\/2026\/04\/INABIE-entrega-utiles-escolares-a-estudiantes-afectados-por-lluvias-1.jpg?resize=525%2C300&ssl=1 1.5x, https:\/\/i0.wp.com\/lasprimeras.com.do\/wp-content\/uploads\/2026\/04\/INABIE-entrega-utiles-escolares-a-estudiantes-afectados-por-lluvias-1.jpg?resize=700%2C400&ssl=1 2x"},"classes":[]},{"id":108407,"url":"https:\/\/lasprimeras.com.do\/index.php\/2025\/09\/05\/skyhigh-dominicana-y-la-fundacion-risa-entregan-kits-escolares-a-ninos-y-ninas-de-capotillo\/","url_meta":{"origin":106251,"position":3},"title":"SkyHigh Dominicana y la Fundaci\u00f3n RISA entregan kits escolares a ni\u00f1os y ni\u00f1as de Capotillo","author":"Nelson Feliz","date":"5 de septiembre de 2025","format":false,"excerpt":"La educaci\u00f3n es la llave que abre las puertas del futuro, y en un pa\u00eds donde la ni\u00f1ez representa el mayor potencial de desarrollo, cada aporte cuenta. Con esa convicci\u00f3n, SkyHigh Dominicana, en alianza con la Fundaci\u00f3n RISA, realizaron la entrega de cientos de kits escolares a ni\u00f1os y ni\u00f1as\u2026","rel":"","context":"En \u00abNACIONALES\u00bb","block_context":{"text":"NACIONALES","link":"https:\/\/lasprimeras.com.do\/index.php\/category\/nacionales\/"},"img":{"alt_text":"","src":"https:\/\/i0.wp.com\/lasprimeras.com.do\/wp-content\/uploads\/2025\/09\/mochilas.jpg?resize=350%2C200&ssl=1","width":350,"height":200,"srcset":"https:\/\/i0.wp.com\/lasprimeras.com.do\/wp-content\/uploads\/2025\/09\/mochilas.jpg?resize=350%2C200&ssl=1 1x, https:\/\/i0.wp.com\/lasprimeras.com.do\/wp-content\/uploads\/2025\/09\/mochilas.jpg?resize=525%2C300&ssl=1 1.5x, https:\/\/i0.wp.com\/lasprimeras.com.do\/wp-content\/uploads\/2025\/09\/mochilas.jpg?resize=700%2C400&ssl=1 2x"},"classes":[]},{"id":89021,"url":"https:\/\/lasprimeras.com.do\/index.php\/2024\/09\/14\/funvimameso-dona-utiles-escolares-y-mochilas-a-ninos-que-todavia-carecian-de-ellos\/","url_meta":{"origin":106251,"position":4},"title":"Funvimameso dona \u00fatiles escolares y mochilas a ni\u00f1os que todav\u00eda carec\u00edan de ellos","author":"Nelson Feliz","date":"14 de septiembre de 2024","format":false,"excerpt":"En una muestra m\u00e1s de su compromiso con la superaci\u00f3n, la educaci\u00f3n, el bienestar y el desarrollo de la poblaci\u00f3n infantil m\u00e1s vulnerable de la barriada, la Fundaci\u00f3n Villa Mar\u00eda-Mejoramiento Social (FUNVIMAMESO), realiz\u00f3 su tradicional actividad de donaci\u00f3n de \u00fatiles escolares en el sector donde opera. Esta entrega encabeza por\u2026","rel":"","context":"En \u00abNACIONALES\u00bb","block_context":{"text":"NACIONALES","link":"https:\/\/lasprimeras.com.do\/index.php\/category\/nacionales\/"},"img":{"alt_text":"","src":"https:\/\/i0.wp.com\/lasprimeras.com.do\/wp-content\/uploads\/2024\/09\/donacion.jpg?resize=350%2C200&ssl=1","width":350,"height":200,"srcset":"https:\/\/i0.wp.com\/lasprimeras.com.do\/wp-content\/uploads\/2024\/09\/donacion.jpg?resize=350%2C200&ssl=1 1x, https:\/\/i0.wp.com\/lasprimeras.com.do\/wp-content\/uploads\/2024\/09\/donacion.jpg?resize=525%2C300&ssl=1 1.5x"},"classes":[]},{"id":58163,"url":"https:\/\/lasprimeras.com.do\/index.php\/2023\/08\/21\/demetrio-lluberes-reparte-mochilas-y-utiles-escolares-en-comunidades-de-san-cristobal\/","url_meta":{"origin":106251,"position":5},"title":"Demetrio Lluberes reparte mochilas y \u00fatiles escolares en comunidades de San Crist\u00f3bal","author":"Nelson Feliz","date":"21 de agosto de 2023","format":false,"excerpt":"El candidato a senador del Partido de la Liberaci\u00f3n Dominicana (PLD) por San Crist\u00f3bal, ingeniero Demetrio Lluberes, inici\u00f3 el reparto de mochilas con \u00fatiles escolares en diversas comunidades carenciadas de esta provincia. La primera entrega se produjo en el municipio de Villa Altagracia, donde cientos de ni\u00f1os no pod\u00edan ocultar\u2026","rel":"","context":"En \u00abPORTADA\u00bb","block_context":{"text":"PORTADA","link":"https:\/\/lasprimeras.com.do\/index.php\/category\/portada\/"},"img":{"alt_text":"","src":"https:\/\/i0.wp.com\/lasprimeras.com.do\/wp-content\/uploads\/2023\/08\/Demetrio-Lluberes-1-1.jpg?resize=350%2C200&ssl=1","width":350,"height":200,"srcset":"https:\/\/i0.wp.com\/lasprimeras.com.do\/wp-content\/uploads\/2023\/08\/Demetrio-Lluberes-1-1.jpg?resize=350%2C200&ssl=1 1x, https:\/\/i0.wp.com\/lasprimeras.com.do\/wp-content\/uploads\/2023\/08\/Demetrio-Lluberes-1-1.jpg?resize=525%2C300&ssl=1 1.5x, https:\/\/i0.wp.com\/lasprimeras.com.do\/wp-content\/uploads\/2023\/08\/Demetrio-Lluberes-1-1.jpg?resize=700%2C400&ssl=1 2x"},"classes":[]}],"jetpack_sharing_enabled":true,"_links":{"self":[{"href":"https:\/\/lasprimeras.com.do\/index.php\/wp-json\/wp\/v2\/posts\/106251","targetHints":{"allow":["GET"]}}],"collection":[{"href":"https:\/\/lasprimeras.com.do\/index.php\/wp-json\/wp\/v2\/posts"}],"about":[{"href":"https:\/\/lasprimeras.com.do\/index.php\/wp-json\/wp\/v2\/types\/post"}],"author":[{"embeddable":true,"href":"https:\/\/lasprimeras.com.do\/index.php\/wp-json\/wp\/v2\/users\/10"}],"replies":[{"embeddable":true,"href":"https:\/\/lasprimeras.com.do\/index.php\/wp-json\/wp\/v2\/comments?post=106251"}],"version-history":[{"count":1,"href":"https:\/\/lasprimeras.com.do\/index.php\/wp-json\/wp\/v2\/posts\/106251\/revisions"}],"predecessor-version":[{"id":106254,"href":"https:\/\/lasprimeras.com.do\/index.php\/wp-json\/wp\/v2\/posts\/106251\/revisions\/106254"}],"wp:featuredmedia":[{"embeddable":true,"href":"https:\/\/lasprimeras.com.do\/index.php\/wp-json\/wp\/v2\/media\/106252"}],"wp:attachment":[{"href":"https:\/\/lasprimeras.com.do\/index.php\/wp-json\/wp\/v2\/media?parent=106251"}],"wp:term":[{"taxonomy":"category","embeddable":true,"href":"https:\/\/lasprimeras.com.do\/index.php\/wp-json\/wp\/v2\/categories?post=106251"},{"taxonomy":"post_tag","embeddable":true,"href":"https:\/\/lasprimeras.com.do\/index.php\/wp-json\/wp\/v2\/tags?post=106251"}],"curies":[{"name":"wp","href":"https:\/\/api.w.org\/{rel}","templated":true}]}}