{"id":106258,"date":"2025-08-12T13:01:21","date_gmt":"2025-08-12T17:01:21","guid":{"rendered":"https:\/\/lasprimeras.com.do\/?p=106258"},"modified":"2025-08-12T13:01:22","modified_gmt":"2025-08-12T17:01:22","slug":"rescatan-a-hombre-que-intento-lanzarse-de-puente-en-la-avenida-27-de-febrero","status":"publish","type":"post","link":"https:\/\/lasprimeras.com.do\/index.php\/2025\/08\/12\/rescatan-a-hombre-que-intento-lanzarse-de-puente-en-la-avenida-27-de-febrero\/","title":{"rendered":"Rescatan a hombre que intent\u00f3 lanzarse de puente en la avenida 27 de Febrero"},"content":{"rendered":"\n<p><strong>Presuntamente, el caballero se encuentra afectado por problemas econ\u00f3micos.<\/strong><\/p>\n\n\n\n<p>Un ambiente de tensi\u00f3n se vivi\u00f3 la ma\u00f1ana de este martes en la intersecci\u00f3n de la avenida 27 de Febrero con Carmen Mendoza, cuando un hombre intent\u00f3 atentar contra su vida al amenazar con lanzarse desde el puente peatonal.<\/p>\n\n\n\n<p>Nelson B\u00e1ez, empleado en la zona donde ocurri\u00f3 acontecimiento, dijo que el hombre, cuya identidad es desconocida, expresaba su desesperaci\u00f3n por la falta de oportunidades laborales.<\/p>\n\n\n\n<p>\u201c\u00c9l dec\u00eda que ten\u00eda muchos problemas econ\u00f3micos y quer\u00eda un trabajo\u201d, expres\u00f3 B\u00e1ez.<\/p>\n\n\n\n<p>El suceso se produjo alrededor de las 10:00 de la ma\u00f1ana, atrayendo la atenci\u00f3n de transe\u00fantes y conductores.<\/p>\n\n\n\n<p>Seg\u00fan los testigos, al lugar llegaron cuatro patrullas de la Polic\u00eda Nacional, miembros del Cuerpo de Bomberos y agentes de la Direcci\u00f3n General de Seguridad de Tr\u00e1nsito y Transporte Terrestre (Digesett).<\/p>\n\n\n\n<p>Tras el incidente, el individuo fue trasladado por la Polic\u00eda Nacional.<\/p>\n\n\n\n<p>Fuente Listin Diario<\/p>\n","protected":false},"excerpt":{"rendered":"<p>Presuntamente, el caballero se encuentra afectado por problemas econ\u00f3micos. Un ambiente de tensi\u00f3n se vivi\u00f3 la ma\u00f1ana de este martes en la intersecci\u00f3n de la avenida 27 de Febrero con&hellip;<\/p>\n","protected":false},"author":10,"featured_media":106259,"comment_status":"open","ping_status":"open","sticky":false,"template":"","format":"standard","meta":{"content-type":"","jetpack_post_was_ever_published":false,"_jetpack_newsletter_access":"","_jetpack_dont_email_post_to_subs":false,"_jetpack_newsletter_tier_id":0,"_jetpack_memberships_contains_paywalled_content":false,"_jetpack_memberships_contains_paid_content":false,"footnotes":""},"categories":[35],"tags":[9610,46,23096,4879,6212],"class_list":["post-106258","post","type-post","status-publish","format-standard","has-post-thumbnail","hentry","category-nacionales","tag-avenida-27-de-febrero","tag-hombre","tag-intento-lanzarse","tag-puente","tag-rescatan"],"jetpack_featured_media_url":"https:\/\/lasprimeras.com.do\/wp-content\/uploads\/2025\/08\/puente.jpg","jetpack-related-posts":[{"id":62105,"url":"https:\/\/lasprimeras.com.do\/index.php\/2023\/10\/03\/cierran-hasta-el-sabado-pasos-a-desnivel-y-puentes\/","url_meta":{"origin":106258,"position":0},"title":"Cierran hasta el s\u00e1bado pasos a desnivel y puentes","author":"BIMARY DE JES\u00daS Matos","date":"3 de octubre de 2023","format":false,"excerpt":"Santo Domingo.-El Ministerio de Obras P\u00fablicas y Comunicaciones (MOPC) inform\u00f3 que cerrar\u00e1 al tr\u00e1nsito vehicular en el Gran Santo Domingo \u2013a partir de este lunes 2 y hasta el s\u00e1bado 7 de octubre\u2013 distintos pasos a desnivel, incluidos puentes, con el prop\u00f3sito de realizar trabajos de remozamiento en esas estructuras.\u2026","rel":"","context":"En \u00abNACIONALES\u00bb","block_context":{"text":"NACIONALES","link":"https:\/\/lasprimeras.com.do\/index.php\/category\/nacionales\/"},"img":{"alt_text":"","src":"https:\/\/i0.wp.com\/lasprimeras.com.do\/wp-content\/uploads\/2023\/10\/WhatsApp-Image-2023-10-02-at-6.21.27-PM-1.jpeg?resize=350%2C200&ssl=1","width":350,"height":200,"srcset":"https:\/\/i0.wp.com\/lasprimeras.com.do\/wp-content\/uploads\/2023\/10\/WhatsApp-Image-2023-10-02-at-6.21.27-PM-1.jpeg?resize=350%2C200&ssl=1 1x, https:\/\/i0.wp.com\/lasprimeras.com.do\/wp-content\/uploads\/2023\/10\/WhatsApp-Image-2023-10-02-at-6.21.27-PM-1.jpeg?resize=525%2C300&ssl=1 1.5x, https:\/\/i0.wp.com\/lasprimeras.com.do\/wp-content\/uploads\/2023\/10\/WhatsApp-Image-2023-10-02-at-6.21.27-PM-1.jpeg?resize=700%2C400&ssl=1 2x"},"classes":[]},{"id":55076,"url":"https:\/\/lasprimeras.com.do\/index.php\/2023\/07\/17\/hombre-intenta-suicidarse-tras-violar-y-matar-hijastra-de-13-anos\/","url_meta":{"origin":106258,"position":1},"title":"Hombre intenta suicidarse tras violar y matar hijastra de 13 a\u00f1os","author":"Nelson Feliz","date":"17 de julio de 2023","format":false,"excerpt":"Un hombre intent\u00f3 lanzarse del puente Jacinto Peynado el cual comunica al Distrito Nacional con Santo Domingo Norte(Villa Mella), tras supuestamente haber violado y ultimado a su hijastra de 13 a\u00f1os. El hecho ocurri\u00f3 en el sector de Villas Agr\u00edcolas en el Distrito Nacional. Se trata de Santos Lora Valdez,\u2026","rel":"","context":"En \u00abNACIONALES\u00bb","block_context":{"text":"NACIONALES","link":"https:\/\/lasprimeras.com.do\/index.php\/category\/nacionales\/"},"img":{"alt_text":"Santos Lora Valdez","src":"https:\/\/i0.wp.com\/lasprimeras.com.do\/wp-content\/uploads\/2023\/07\/Captura-de-pantalla-2023-07-17-075214-645x375-1.png?resize=350%2C200&ssl=1","width":350,"height":200,"srcset":"https:\/\/i0.wp.com\/lasprimeras.com.do\/wp-content\/uploads\/2023\/07\/Captura-de-pantalla-2023-07-17-075214-645x375-1.png?resize=350%2C200&ssl=1 1x, https:\/\/i0.wp.com\/lasprimeras.com.do\/wp-content\/uploads\/2023\/07\/Captura-de-pantalla-2023-07-17-075214-645x375-1.png?resize=525%2C300&ssl=1 1.5x"},"classes":[]},{"id":72723,"url":"https:\/\/lasprimeras.com.do\/index.php\/2024\/01\/02\/mopc-cierra-esta-semana-distintos-pasos-a-desnivel-por-mantenimiento\/","url_meta":{"origin":106258,"position":2},"title":"MOPC cierra esta semana distintos pasos a desnivel por mantenimiento","author":"BIMARY DE JES\u00daS Matos","date":"2 de enero de 2024","format":false,"excerpt":"Santo Domingo.-El Ministerio de Obras P\u00fablicas y Comunicaciones (MOPC) cerrar\u00e1 a partir de este martes 2 y hasta el s\u00e1bado 6 de enero diversas estructuras ubicadas en el Gran Santo Domingo, que incluyen pasos a desnivel y puentes, a fin de realizar trabajos de acondicionamiento. En todos los casos, los\u2026","rel":"","context":"En \u00abPORTADA\u00bb","block_context":{"text":"PORTADA","link":"https:\/\/lasprimeras.com.do\/index.php\/category\/portada\/"},"img":{"alt_text":"","src":"https:\/\/i0.wp.com\/lasprimeras.com.do\/wp-content\/uploads\/2024\/01\/WhatsApp-Image-2024-01-02-at-2.04.35-PM-1.jpeg?resize=350%2C200&ssl=1","width":350,"height":200,"srcset":"https:\/\/i0.wp.com\/lasprimeras.com.do\/wp-content\/uploads\/2024\/01\/WhatsApp-Image-2024-01-02-at-2.04.35-PM-1.jpeg?resize=350%2C200&ssl=1 1x, https:\/\/i0.wp.com\/lasprimeras.com.do\/wp-content\/uploads\/2024\/01\/WhatsApp-Image-2024-01-02-at-2.04.35-PM-1.jpeg?resize=525%2C300&ssl=1 1.5x"},"classes":[]},{"id":68192,"url":"https:\/\/lasprimeras.com.do\/index.php\/2023\/11\/22\/intrant-habilitara-carril-de-contraflujo-en-la-avenida-27-de-febrero-con-maximo-gomez\/","url_meta":{"origin":106258,"position":3},"title":"Intrant habilitar\u00e1 carril de contraflujo en la avenida 27 de Febrero con M\u00e1ximo G\u00f3mez","author":"Nelson Feliz","date":"22 de noviembre de 2023","format":false,"excerpt":"-.La medida ser\u00e1 aplicada a partir de este mi\u00e9rcoles para viabilizar el tr\u00e1nsito -.Esta ma\u00f1ana se produjo un caos en el tr\u00e1nsito por el cierre de un carril en la zona del derrumbe. El Instituto Nacional de Tr\u00e1nsito Terrestre (Intrant) anunci\u00f3 este mi\u00e9rcoles, a partir de las 6:00 de la\u2026","rel":"","context":"En \u00abNACIONALES\u00bb","block_context":{"text":"NACIONALES","link":"https:\/\/lasprimeras.com.do\/index.php\/category\/nacionales\/"},"img":{"alt_text":"","src":"https:\/\/i0.wp.com\/lasprimeras.com.do\/wp-content\/uploads\/2023\/11\/Paso-a-Desnivel.jpg?resize=350%2C200&ssl=1","width":350,"height":200,"srcset":"https:\/\/i0.wp.com\/lasprimeras.com.do\/wp-content\/uploads\/2023\/11\/Paso-a-Desnivel.jpg?resize=350%2C200&ssl=1 1x, https:\/\/i0.wp.com\/lasprimeras.com.do\/wp-content\/uploads\/2023\/11\/Paso-a-Desnivel.jpg?resize=525%2C300&ssl=1 1.5x, https:\/\/i0.wp.com\/lasprimeras.com.do\/wp-content\/uploads\/2023\/11\/Paso-a-Desnivel.jpg?resize=700%2C400&ssl=1 2x"},"classes":[]},{"id":75210,"url":"https:\/\/lasprimeras.com.do\/index.php\/2024\/01\/30\/obras-publicas-cierra-desde-este-martes-y-hasta-el-sabado-pasos-a-desnivel-tuneles-y-elevados-por-mantenimiento\/","url_meta":{"origin":106258,"position":4},"title":"Obras P\u00fablicas cierra desde este martes y hasta el s\u00e1bado pasos a desnivel, t\u00faneles y elevados por mantenimiento","author":"BIMARY DE JES\u00daS Matos","date":"30 de enero de 2024","format":false,"excerpt":"SANTO DOMINGO.-El Ministerio de Obras P\u00fablicas y Comunicaciones (MOPC) cerrar\u00e1 a partir de este martes 30 de enero y hasta el s\u00e1bado 3 de febrero diversas estructuras, que incluyen pasos a desnivel y puentes del Gran Santo Domingo, a fin de realizar trabajos de acondicionamiento. Los horarios de cierre abarcan\u2026","rel":"","context":"En \u00abPORTADA\u00bb","block_context":{"text":"PORTADA","link":"https:\/\/lasprimeras.com.do\/index.php\/category\/portada\/"},"img":{"alt_text":"","src":"https:\/\/i0.wp.com\/lasprimeras.com.do\/wp-content\/uploads\/2024\/01\/Diseno-sin-titulo-8-4.webp?resize=350%2C200&ssl=1","width":350,"height":200,"srcset":"https:\/\/i0.wp.com\/lasprimeras.com.do\/wp-content\/uploads\/2024\/01\/Diseno-sin-titulo-8-4.webp?resize=350%2C200&ssl=1 1x, https:\/\/i0.wp.com\/lasprimeras.com.do\/wp-content\/uploads\/2024\/01\/Diseno-sin-titulo-8-4.webp?resize=525%2C300&ssl=1 1.5x, https:\/\/i0.wp.com\/lasprimeras.com.do\/wp-content\/uploads\/2024\/01\/Diseno-sin-titulo-8-4.webp?resize=700%2C400&ssl=1 2x, https:\/\/i0.wp.com\/lasprimeras.com.do\/wp-content\/uploads\/2024\/01\/Diseno-sin-titulo-8-4.webp?resize=1050%2C600&ssl=1 3x, https:\/\/i0.wp.com\/lasprimeras.com.do\/wp-content\/uploads\/2024\/01\/Diseno-sin-titulo-8-4.webp?resize=1400%2C800&ssl=1 4x"},"classes":[]},{"id":91322,"url":"https:\/\/lasprimeras.com.do\/index.php\/2024\/11\/17\/hombre-con-problemas-judiciales-se-refugia-en-el-reloj-del-bulevar-de-la-27-de-febrero\/","url_meta":{"origin":106258,"position":5},"title":"Hombre con problemas judiciales se refugia en el reloj del Bulevar de la 27 de Febrero","author":"Nelson Feliz","date":"17 de noviembre de 2024","format":false,"excerpt":"Agentes de la Polic\u00eda Nacional se presentaron al Bulevar de la avenida 27 de Febrero tras recibir la denuncia de varios transe\u00fantes sobre una persona que se refugia en lo alto del reloj de ese lugar. Seg\u00fan uno de los agentes de la Polic\u00eda Nacional, la persona que duerme all\u00ed\u2026","rel":"","context":"En \u00abNACIONALES\u00bb","block_context":{"text":"NACIONALES","link":"https:\/\/lasprimeras.com.do\/index.php\/category\/nacionales\/"},"img":{"alt_text":"","src":"https:\/\/i0.wp.com\/lasprimeras.com.do\/wp-content\/uploads\/2024\/11\/hombre-con-problemas-judiciales-se-refugia-en-el-reloj-del-bulevar-de-la-27-de-febrero.jpg?resize=350%2C200&ssl=1","width":350,"height":200},"classes":[]}],"jetpack_sharing_enabled":true,"_links":{"self":[{"href":"https:\/\/lasprimeras.com.do\/index.php\/wp-json\/wp\/v2\/posts\/106258","targetHints":{"allow":["GET"]}}],"collection":[{"href":"https:\/\/lasprimeras.com.do\/index.php\/wp-json\/wp\/v2\/posts"}],"about":[{"href":"https:\/\/lasprimeras.com.do\/index.php\/wp-json\/wp\/v2\/types\/post"}],"author":[{"embeddable":true,"href":"https:\/\/lasprimeras.com.do\/index.php\/wp-json\/wp\/v2\/users\/10"}],"replies":[{"embeddable":true,"href":"https:\/\/lasprimeras.com.do\/index.php\/wp-json\/wp\/v2\/comments?post=106258"}],"version-history":[{"count":1,"href":"https:\/\/lasprimeras.com.do\/index.php\/wp-json\/wp\/v2\/posts\/106258\/revisions"}],"predecessor-version":[{"id":106260,"href":"https:\/\/lasprimeras.com.do\/index.php\/wp-json\/wp\/v2\/posts\/106258\/revisions\/106260"}],"wp:featuredmedia":[{"embeddable":true,"href":"https:\/\/lasprimeras.com.do\/index.php\/wp-json\/wp\/v2\/media\/106259"}],"wp:attachment":[{"href":"https:\/\/lasprimeras.com.do\/index.php\/wp-json\/wp\/v2\/media?parent=106258"}],"wp:term":[{"taxonomy":"category","embeddable":true,"href":"https:\/\/lasprimeras.com.do\/index.php\/wp-json\/wp\/v2\/categories?post=106258"},{"taxonomy":"post_tag","embeddable":true,"href":"https:\/\/lasprimeras.com.do\/index.php\/wp-json\/wp\/v2\/tags?post=106258"}],"curies":[{"name":"wp","href":"https:\/\/api.w.org\/{rel}","templated":true}]}}