{"id":106261,"date":"2025-08-12T13:08:08","date_gmt":"2025-08-12T17:08:08","guid":{"rendered":"https:\/\/lasprimeras.com.do\/?p=106261"},"modified":"2025-08-12T13:08:09","modified_gmt":"2025-08-12T17:08:09","slug":"enfermeras-marchan-exigiendo-se-cumplan-con-acuerdos-de-2024","status":"publish","type":"post","link":"https:\/\/lasprimeras.com.do\/index.php\/2025\/08\/12\/enfermeras-marchan-exigiendo-se-cumplan-con-acuerdos-de-2024\/","title":{"rendered":"Enfermeras marchan exigiendo se cumplan con acuerdos de 2024"},"content":{"rendered":"\n<p><strong>Las profesionales exigen un aumento salarial de un 25 %, que, seg\u00fan indicaron, este incremento ser\u00eda realizado de manera escalonada: un 10% en enero de 2025 y un segundo el 10 de julio de este mismo a\u00f1o.<\/strong><\/p>\n\n\n\n<p>Con sus uniformes y cofia de color blanco, las enfermeras dominicanas protestaron desde las 10:30 de la ma\u00f1ana con carteles en manos frente a la sede del Servicio Nacional de Salud (SNS), en busca de que el Gobierno cumpla con lo acordado en noviembre de 2024.<\/p>\n\n\n\n<p>Las profesionales exigen un aumento salarial de un 25 %, que, seg\u00fan indicaron, este incremento ser\u00eda realizado de manera escalonada: un 10% en enero de 2025 y un segundo el 10 de julio de este mismo a\u00f1o.<\/p>\n\n\n\n<p>Mientras vociferaban &#8220;\u00e1brannos la puerta, pa&#8217; que nos reciban; somos enfermeras y salvamos vidas&#8221;, frente a la sede del SNS, tambi\u00e9n reclamaron la nivelaci\u00f3n salarial de los directivos del departamento de enfermer\u00eda y supervisores.<\/p>\n\n\n\n<p>Adem\u00e1s de pensiones dignas al 100 %, nombramientos por d\u00e9ficit de personal, incentivo fronterizo y no fronterizo y las reclasificaciones, de estas \u00faltimas piden que sean realizadas unas mil para este a\u00f1o, y mil para 2026.<\/p>\n\n\n\n<p>&#8220;En 2024 dieron las pensiones por decreto, pero fueron derogadas por irregularidades y todav\u00eda estamos esperando que el se\u00f1or presidente firme esas pensiones&#8221;, expres\u00f3 Berta Cruz, presidente del Colegio Dominicano de Profesionales de Enfermer\u00eda (Codopenf).<\/p>\n\n\n\n<p>Asimismo, externaron su preocupaci\u00f3n por el supuesto deterioro de los hospitales p\u00fablicos y la falta de equipos, medicamentos, insumos y personal sanitario.<\/p>\n\n\n\n<p>Cruz exclam\u00f3 que si no reciben respuestas por parte de las autoridades, llegar\u00e1n &#8220;hasta las \u00faltimas consecuencias&#8221;. Aunque hasta el momento est\u00e1n abiertas al di\u00e1logo.<\/p>\n\n\n\n<p>&#8220;Ya est\u00e1 bueno, que se hagan los acuerdos del 2024&#8221;, expres\u00f3.<\/p>\n\n\n\n<p>Fuente Listin Diario<\/p>\n","protected":false},"excerpt":{"rendered":"<p>Las profesionales exigen un aumento salarial de un 25 %, que, seg\u00fan indicaron, este incremento ser\u00eda realizado de manera escalonada: un 10% en enero de 2025 y un segundo el&hellip;<\/p>\n","protected":false},"author":10,"featured_media":106262,"comment_status":"open","ping_status":"open","sticky":false,"template":"","format":"standard","meta":{"content-type":"","jetpack_post_was_ever_published":false,"_jetpack_newsletter_access":"","_jetpack_dont_email_post_to_subs":false,"_jetpack_newsletter_tier_id":0,"_jetpack_memberships_contains_paywalled_content":false,"_jetpack_memberships_contains_paid_content":false,"footnotes":""},"categories":[35],"tags":[23098,23097,1314,3108],"class_list":["post-106261","post","type-post","status-publish","format-standard","has-post-thumbnail","hentry","category-nacionales","tag-acuerdos-de-2024","tag-cumplan","tag-enfermeras","tag-marchan"],"jetpack_featured_media_url":"https:\/\/lasprimeras.com.do\/wp-content\/uploads\/2025\/08\/enfermeras.jpg","jetpack-related-posts":[{"id":79357,"url":"https:\/\/lasprimeras.com.do\/index.php\/2024\/03\/26\/gremios-de-enfermeria-demandan-al-gobierno-por-incumplimiento-de-promesas\/","url_meta":{"origin":106261,"position":0},"title":"Gremios de enfermer\u00eda demandan al gobierno por incumplimiento de promesas","author":"BIMARY DE JES\u00daS Matos","date":"26 de marzo de 2024","format":false,"excerpt":"Martin Restituyo Santo Domingo.- Los principales gremios de enfermer\u00eda del pa\u00eds han levantado su voz exigiendo al presidente de la Rep\u00fablica, Luis Abinader, el cumplimiento de una serie de reivindicaciones, que van desde un aumento salarial hasta facilidades para la adquisici\u00f3n de viviendas. Las entidades que agrupan a enfermeras y\u2026","rel":"","context":"En \u00abPORTADA\u00bb","block_context":{"text":"PORTADA","link":"https:\/\/lasprimeras.com.do\/index.php\/category\/portada\/"},"img":{"alt_text":"","src":"https:\/\/i0.wp.com\/lasprimeras.com.do\/wp-content\/uploads\/2024\/03\/IMG-20240326-WA0012.jpg?resize=350%2C200&ssl=1","width":350,"height":200,"srcset":"https:\/\/i0.wp.com\/lasprimeras.com.do\/wp-content\/uploads\/2024\/03\/IMG-20240326-WA0012.jpg?resize=350%2C200&ssl=1 1x, https:\/\/i0.wp.com\/lasprimeras.com.do\/wp-content\/uploads\/2024\/03\/IMG-20240326-WA0012.jpg?resize=525%2C300&ssl=1 1.5x, https:\/\/i0.wp.com\/lasprimeras.com.do\/wp-content\/uploads\/2024\/03\/IMG-20240326-WA0012.jpg?resize=700%2C400&ssl=1 2x, https:\/\/i0.wp.com\/lasprimeras.com.do\/wp-content\/uploads\/2024\/03\/IMG-20240326-WA0012.jpg?resize=1050%2C600&ssl=1 3x, https:\/\/i0.wp.com\/lasprimeras.com.do\/wp-content\/uploads\/2024\/03\/IMG-20240326-WA0012.jpg?resize=1400%2C800&ssl=1 4x"},"classes":[]},{"id":87488,"url":"https:\/\/lasprimeras.com.do\/index.php\/2024\/08\/12\/enfermeras-y-bioanalistas-protestan-por-mejores-condiciones-laborales-en-cabral\/","url_meta":{"origin":106261,"position":1},"title":"Enfermeras y bioanalistas protestan por mejores condiciones laborales en Cabral","author":"Nelson Feliz","date":"12 de agosto de 2024","format":false,"excerpt":"Enfermeras y bioanalistas del hospital municipal de Cabral se manifestaron frente a las instalaciones del centro de salud para exigir mejoras en sus condiciones laborales y garantizar una atenci\u00f3n de calidad a la poblaci\u00f3n. La protesta, convocada por la Uni\u00f3n Nacional de Servicios de Enfermer\u00eda (UNASE-CASC) y el Colegio Dominicano\u2026","rel":"","context":"En \u00abPORTADA\u00bb","block_context":{"text":"PORTADA","link":"https:\/\/lasprimeras.com.do\/index.php\/category\/portada\/"},"img":{"alt_text":"Enfermeras y bioanalistas","src":"https:\/\/i0.wp.com\/lasprimeras.com.do\/wp-content\/uploads\/2024\/08\/Enfermeras-y-bioanalistas-1.jpg?resize=350%2C200&ssl=1","width":350,"height":200,"srcset":"https:\/\/i0.wp.com\/lasprimeras.com.do\/wp-content\/uploads\/2024\/08\/Enfermeras-y-bioanalistas-1.jpg?resize=350%2C200&ssl=1 1x, https:\/\/i0.wp.com\/lasprimeras.com.do\/wp-content\/uploads\/2024\/08\/Enfermeras-y-bioanalistas-1.jpg?resize=525%2C300&ssl=1 1.5x, https:\/\/i0.wp.com\/lasprimeras.com.do\/wp-content\/uploads\/2024\/08\/Enfermeras-y-bioanalistas-1.jpg?resize=700%2C400&ssl=1 2x"},"classes":[]},{"id":91568,"url":"https:\/\/lasprimeras.com.do\/index.php\/2024\/11\/27\/ministro-de-salud-dice-aumento-salarial-refleja-compromiso-con-el-bienestar-del-personal-sanitario\/","url_meta":{"origin":106261,"position":2},"title":"Ministro de Salud dice aumento salarial refleja compromiso con el bienestar del personal sanitario","author":"Nelson Feliz","date":"27 de noviembre de 2024","format":false,"excerpt":"M\u00e9dicos, odont\u00f3logos, bioanalistas, psic\u00f3logos, farmac\u00e9uticos, t\u00e9cnicos en rayos X, terapeutas y enfermeras son los beneficiados. El ministro de Salud P\u00fablica, V\u00edctor Atallah, dijo que los aumentos salariales que se han dispuesto para el sector Salud en los pr\u00f3ximos meses reflejan el compromiso del Gobierno en la mejora continua del sistema\u2026","rel":"","context":"En \u00abNACIONALES\u00bb","block_context":{"text":"NACIONALES","link":"https:\/\/lasprimeras.com.do\/index.php\/category\/nacionales\/"},"img":{"alt_text":"","src":"https:\/\/i0.wp.com\/lasprimeras.com.do\/wp-content\/uploads\/2024\/11\/Victor-Atallah.jpg?resize=350%2C200&ssl=1","width":350,"height":200,"srcset":"https:\/\/i0.wp.com\/lasprimeras.com.do\/wp-content\/uploads\/2024\/11\/Victor-Atallah.jpg?resize=350%2C200&ssl=1 1x, https:\/\/i0.wp.com\/lasprimeras.com.do\/wp-content\/uploads\/2024\/11\/Victor-Atallah.jpg?resize=525%2C300&ssl=1 1.5x, https:\/\/i0.wp.com\/lasprimeras.com.do\/wp-content\/uploads\/2024\/11\/Victor-Atallah.jpg?resize=700%2C400&ssl=1 2x"},"classes":[]},{"id":88102,"url":"https:\/\/lasprimeras.com.do\/index.php\/2024\/08\/22\/gremios-de-enfermeria-realizan-gran-planton-en-hospitales-del-gran-santo-domingo\/","url_meta":{"origin":106261,"position":3},"title":"Gremios de enfermer\u00eda realizan \u201cgran plant\u00f3n\u201d en hospitales del Gran Santo Domingo","author":"Nelson Feliz","date":"22 de agosto de 2024","format":false,"excerpt":"En la continuaci\u00f3n de sus jornadas reivindicativas, los principales gremios de enfermer\u00eda del pa\u00eds realizaron un \u201cgran plant\u00f3n\u201d en los hospitales p\u00fablicos del Distrito Nacional y todo el Gran Santo Domingo, en demanda de que el gobierno cumpla con una serie de compromisos que asumi\u00f3 con este importante sector. En\u2026","rel":"","context":"En \u00abSin categor\u00eda\u00bb","block_context":{"text":"Sin categor\u00eda","link":"https:\/\/lasprimeras.com.do\/index.php\/category\/sin-categoria\/"},"img":{"alt_text":"","src":"https:\/\/i0.wp.com\/lasprimeras.com.do\/wp-content\/uploads\/2024\/08\/gremios.jpg?resize=350%2C200&ssl=1","width":350,"height":200,"srcset":"https:\/\/i0.wp.com\/lasprimeras.com.do\/wp-content\/uploads\/2024\/08\/gremios.jpg?resize=350%2C200&ssl=1 1x, https:\/\/i0.wp.com\/lasprimeras.com.do\/wp-content\/uploads\/2024\/08\/gremios.jpg?resize=525%2C300&ssl=1 1.5x, https:\/\/i0.wp.com\/lasprimeras.com.do\/wp-content\/uploads\/2024\/08\/gremios.jpg?resize=700%2C400&ssl=1 2x"},"classes":[]},{"id":92433,"url":"https:\/\/lasprimeras.com.do\/index.php\/2025\/01\/04\/cmd-dobla-el-pulso-al-gobierno-otra-vez-acuerdan-aumento-salarial-del-25-para-medicos\/","url_meta":{"origin":106261,"position":4},"title":"CMD dobla el pulso al Gobierno otra vez, acuerdan aumento salarial del 25% para m\u00e9dicos","author":"Nelson Feliz","date":"4 de enero de 2025","format":false,"excerpt":"La vicepresidenta y presidenta del Gabinete de Salud, Raquel Pe\u00f1a, y el presidente del Colegio M\u00e9dico Dominicano (CMD), Waldo Ariel Suero, acordaron un aumento salarial del 25% para m\u00e9dicos. El incremento salarial alcanzado entre el Gobierno y el Colegio M\u00e9dico Dominicano ser\u00e1 aplicado a partir de este mes de enero.\u2026","rel":"","context":"En \u00abPORTADA\u00bb","block_context":{"text":"PORTADA","link":"https:\/\/lasprimeras.com.do\/index.php\/category\/portada\/"},"img":{"alt_text":"","src":"https:\/\/i0.wp.com\/lasprimeras.com.do\/wp-content\/uploads\/2025\/01\/acuerdo.jpg?resize=350%2C200&ssl=1","width":350,"height":200},"classes":[]},{"id":91149,"url":"https:\/\/lasprimeras.com.do\/index.php\/2024\/11\/10\/gremios-de-enfermeria-convocan-paro-de-48-horas-para-demandar-reivindicaciones-laborales\/","url_meta":{"origin":106261,"position":5},"title":"Gremios de enfermer\u00eda convocan paro de 48 horas para demandar reivindicaciones laborales","author":"Nelson Feliz","date":"10 de noviembre de 2024","format":false,"excerpt":"Los principales gremios de enfermer\u00eda del pa\u00eds iniciaron este martes un paro de labores por 48 horas, con el objetivo de exigir respuestas satisfactorias por parte de las autoridades, luego de m\u00e1s de tres a\u00f1os de di\u00e1logo sin avances concretos en sus principales demandas. Afirman que, pese a los esfuerzos\u2026","rel":"","context":"En \u00abSin categor\u00eda\u00bb","block_context":{"text":"Sin categor\u00eda","link":"https:\/\/lasprimeras.com.do\/index.php\/category\/sin-categoria\/"},"img":{"alt_text":"","src":"https:\/\/i0.wp.com\/lasprimeras.com.do\/wp-content\/uploads\/2024\/11\/LOGO-NUEVO-DE-LA-UNASED-jpg-514x525-1.jpg?resize=350%2C200&ssl=1","width":350,"height":200},"classes":[]}],"jetpack_sharing_enabled":true,"_links":{"self":[{"href":"https:\/\/lasprimeras.com.do\/index.php\/wp-json\/wp\/v2\/posts\/106261","targetHints":{"allow":["GET"]}}],"collection":[{"href":"https:\/\/lasprimeras.com.do\/index.php\/wp-json\/wp\/v2\/posts"}],"about":[{"href":"https:\/\/lasprimeras.com.do\/index.php\/wp-json\/wp\/v2\/types\/post"}],"author":[{"embeddable":true,"href":"https:\/\/lasprimeras.com.do\/index.php\/wp-json\/wp\/v2\/users\/10"}],"replies":[{"embeddable":true,"href":"https:\/\/lasprimeras.com.do\/index.php\/wp-json\/wp\/v2\/comments?post=106261"}],"version-history":[{"count":1,"href":"https:\/\/lasprimeras.com.do\/index.php\/wp-json\/wp\/v2\/posts\/106261\/revisions"}],"predecessor-version":[{"id":106263,"href":"https:\/\/lasprimeras.com.do\/index.php\/wp-json\/wp\/v2\/posts\/106261\/revisions\/106263"}],"wp:featuredmedia":[{"embeddable":true,"href":"https:\/\/lasprimeras.com.do\/index.php\/wp-json\/wp\/v2\/media\/106262"}],"wp:attachment":[{"href":"https:\/\/lasprimeras.com.do\/index.php\/wp-json\/wp\/v2\/media?parent=106261"}],"wp:term":[{"taxonomy":"category","embeddable":true,"href":"https:\/\/lasprimeras.com.do\/index.php\/wp-json\/wp\/v2\/categories?post=106261"},{"taxonomy":"post_tag","embeddable":true,"href":"https:\/\/lasprimeras.com.do\/index.php\/wp-json\/wp\/v2\/tags?post=106261"}],"curies":[{"name":"wp","href":"https:\/\/api.w.org\/{rel}","templated":true}]}}