{"id":106264,"date":"2025-08-13T07:12:46","date_gmt":"2025-08-13T11:12:46","guid":{"rendered":"https:\/\/lasprimeras.com.do\/?p=106264"},"modified":"2025-08-13T07:12:47","modified_gmt":"2025-08-13T11:12:47","slug":"fallece-en-miami-a-los-85-anos-antonio-isa-conde","status":"publish","type":"post","link":"https:\/\/lasprimeras.com.do\/index.php\/2025\/08\/13\/fallece-en-miami-a-los-85-anos-antonio-isa-conde\/","title":{"rendered":"Fallece en Miami a los 85 a\u00f1os Antonio Isa Conde"},"content":{"rendered":"\n<p>Muri\u00f3 este martes a los 85 a\u00f1os el exministro de Energ\u00eda y Minas, Antonio \u2018Tony\u2019 Isa Conde, quien se encontraba en la ciudad de Miami recibiendo atenciones m\u00e9dicas.<\/p>\n\n\n\n<p>La familia inform\u00f3 en un comunicado que no se realizar\u00e1n honras f\u00fanebres, tal como era su voluntad.<\/p>\n\n\n\n<p>A Isa Conde le sobreviven su hermano Narciso, as\u00ed como sus hijos Antonio Emilio, Aris Alfredo y Marcia Patricia, procreados con Marcia Nadal, ya fallecida. Adem\u00e1s, tuvo seis nietos y tres biznietos.<\/p>\n\n\n\n<p>Adem\u00e1s de ministro, fue director de la desaparecida Corporaci\u00f3n Dominicana de Empresas Estatales (CORDE), as\u00ed como combatiente revolucionario y dirigente empresarial.<\/p>\n\n\n\n<p>Estas palabras, cargadas de afecto y hermandad, sellaron una relaci\u00f3n inquebrantable que se mantuvo firme durante m\u00e1s de 80 a\u00f1os.<\/p>\n\n\n\n<p>&#8220;Hoy supe que, rodeado de sus dos hijos, su hija, sus nietos, nietas y bisnietos, muri\u00f3 con una sonrisa en los labios. Una muerte linda, despu\u00e9s de una larga vida en la que la que prim\u00f3 la dignidad como ser humano y el amor por sus seres queridos&#8221;, dijo Narciso.<\/p>\n\n\n\n<p>En su mensaje, expresa que la uni\u00f3n entre ambos no termina con la partida f\u00edsica de su hermano, sino que se transforma en memoria viva y afecto eterno.<\/p>\n\n\n\n<p>&#8220;Hoy abrazo hasta la eternidad nuestra hermosa hermandad y reitero que todo mi ser y todo el inmenso cari\u00f1o de Lul\u00fa, de nuestros hijos, nietas y nieto, seguir\u00e1n a su lado&#8221;, escribi\u00f3.<\/p>\n\n\n\n<p>No se har\u00e1n honras f\u00fanebres<\/p>\n\n\n\n<p>Se inform\u00f3 que, cumpliendo su deseo, no se realizar\u00e1n honras f\u00fanebres a Antonio Isa Conde.<\/p>\n\n\n\n<p>&#8220;M\u00e1s adelante sus cenizas ser\u00e1n diseminadas en el mismo lugar donde se esparcieron las de su amada esposa, Marcia Nadal, bajo la sombra de dos ceibas rodeadas de ramas de bamb\u00fa&#8221;, se indica en la informaci\u00f3n compartida a los medios.<\/p>\n\n\n\n<p>La carta \u00edntegra<\/p>\n\n\n\n<p>Falleci\u00f3 Tony, mi hermano del almaEn d\u00edas recientes, ante de su partida, le escrib\u00ed estas l\u00edneas:Querido hermano:Sabes lo que te quiero. Nada nos ha separado en m\u00e1s de 80 a\u00f1os de existencia.<\/p>\n\n\n\n<p>Estoy a tu lado y siempre te acompa\u00f1ar\u00e9.Anhelo que sigamos as\u00ed en este mundo.Somos los dos \u00fanicos ISA CONDE del planeta, condenados al sublime placer de amarnos.<\/p>\n\n\n\n<p>Deseo m\u00e1s que nunca tu recuperaci\u00f3n con calidad de vida.Todo mi ser y todo el cari\u00f1o de LUL\u00da y de nuestra querida descendencia seguir\u00e1n a tu lado.Nos sentimos orgullosos\/as de quererte hasta lo infinito.Narso.<\/p>\n\n\n\n<p>Ayer me llam\u00f3 para despedirse y jam\u00e1s olvidar\u00e9 sus palabras finales: Narso, &#8220;te quiero mucho&#8221;,Hoy supe que, rodeado de sus dos hijos, su hija, sus nietos, nietas y bisnietos, muri\u00f3 con una sonrisa en los labios.<\/p>\n\n\n\n<p>Una muerte linda, despu\u00e9s de una larga vida en la que la que prim\u00f3 la dignidad como ser humano y el amor por sus seres queridos.<\/p>\n\n\n\n<p>Hoy abrazo hasta la eternidad nuestra hermosa hermandad y reitero que todo mi ser y todo el inmenso cari\u00f1o de Lul\u00fa y de nuestros hijos y nietas y nieto, seguir\u00e1n a su lado.<\/p>\n\n\n\n<p>Tony: te quise mucho y te sigo queriendo.Seguiremos siendo los hijos amados de Aris y de Chelito, hermanos inseparables de aquel Abril Glorioso, de sus h\u00e9roes y hero\u00edna inolvidables.Hasta siempre, hermano del alma.Narso<\/p>\n","protected":false},"excerpt":{"rendered":"<p>Muri\u00f3 este martes a los 85 a\u00f1os el exministro de Energ\u00eda y Minas, Antonio \u2018Tony\u2019 Isa Conde, quien se encontraba en la ciudad de Miami recibiendo atenciones m\u00e9dicas. La familia&hellip;<\/p>\n","protected":false},"author":10,"featured_media":93325,"comment_status":"open","ping_status":"open","sticky":false,"template":"","format":"standard","meta":{"content-type":"","jetpack_post_was_ever_published":false,"_jetpack_newsletter_access":"","_jetpack_dont_email_post_to_subs":false,"_jetpack_newsletter_tier_id":0,"_jetpack_memberships_contains_paywalled_content":false,"_jetpack_memberships_contains_paid_content":false,"footnotes":""},"categories":[35,25],"tags":[23099,17212,1423,1152],"class_list":["post-106264","post","type-post","status-publish","format-standard","has-post-thumbnail","hentry","category-nacionales","category-portada","tag-85-anos","tag-antonio-isa-conde","tag-fallece","tag-miami"],"jetpack_featured_media_url":"https:\/\/lasprimeras.com.do\/wp-content\/uploads\/2025\/02\/Antonio-Isa-Conde.jpg","jetpack-related-posts":[{"id":93324,"url":"https:\/\/lasprimeras.com.do\/index.php\/2025\/02\/07\/isa-conde-cuestiona-estimacion-sobre-las-tierras-raras-en-el-pais\/","url_meta":{"origin":106264,"position":0},"title":"Isa Conde cuestiona estimaci\u00f3n sobre las tierras raras en el pa\u00eds","author":"Nelson Feliz","date":"7 de febrero de 2025","format":false,"excerpt":"Exministro de Energ\u00eda y Minas dice estimaci\u00f3n de tierras raras en RD supera las reservas de China. El exministro de Energ\u00eda y Minas, Antonio Isa Conde, cuestion\u00f3 la estimaci\u00f3n de tierras raras en el pa\u00eds que ofreci\u00f3 el presidente Luis Abinader durante una rueda de prensa conjunta con el secretario\u2026","rel":"","context":"En \u00abECONOM\u00cdA\u00bb","block_context":{"text":"ECONOM\u00cdA","link":"https:\/\/lasprimeras.com.do\/index.php\/category\/economia\/"},"img":{"alt_text":"Antonio Isa Conde","src":"https:\/\/i0.wp.com\/lasprimeras.com.do\/wp-content\/uploads\/2025\/02\/Antonio-Isa-Conde.jpg?resize=350%2C200&ssl=1","width":350,"height":200,"srcset":"https:\/\/i0.wp.com\/lasprimeras.com.do\/wp-content\/uploads\/2025\/02\/Antonio-Isa-Conde.jpg?resize=350%2C200&ssl=1 1x, https:\/\/i0.wp.com\/lasprimeras.com.do\/wp-content\/uploads\/2025\/02\/Antonio-Isa-Conde.jpg?resize=525%2C300&ssl=1 1.5x, https:\/\/i0.wp.com\/lasprimeras.com.do\/wp-content\/uploads\/2025\/02\/Antonio-Isa-Conde.jpg?resize=700%2C400&ssl=1 2x"},"classes":[]},{"id":114855,"url":"https:\/\/lasprimeras.com.do\/index.php\/2025\/11\/17\/jhael-isa-tavarez-es-juramentado-como-nuevo-director-de-la-opret\/","url_meta":{"origin":106264,"position":1},"title":"Jhael Isa Tav\u00e1rez es juramentado como nuevo director de la Opret","author":"Nelson Feliz","date":"17 de noviembre de 2025","format":false,"excerpt":"Fungir\u00e1 como director ejecutivo honor\u00edfico del Fitram y participar\u00e1 en su Consejo T\u00e9cnico con voz, pero sin voto. El ministro de Obras P\u00fablicas, Eduardo Estrella, jurament\u00f3 este lunes al ingeniero Jhael Isa Tav\u00e1rez, designado por el presidente Luis Abinader como nuevo director de la Oficina Para el Reordenamiento del Transporte\u2026","rel":"","context":"En \u00abNACIONALES\u00bb","block_context":{"text":"NACIONALES","link":"https:\/\/lasprimeras.com.do\/index.php\/category\/nacionales\/"},"img":{"alt_text":"El ministro de Obras P\u00fablicas, Eduardo Estrella, juramenta al ingeniero Jhael Isa Tav\u00e1rez como nuevo director de la Oficina Para el Reordenamiento del Transporte (Opret).","src":"https:\/\/i0.wp.com\/lasprimeras.com.do\/wp-content\/uploads\/2025\/11\/Jhael-Isa-Tavarez-1.jpg?resize=350%2C200&ssl=1","width":350,"height":200,"srcset":"https:\/\/i0.wp.com\/lasprimeras.com.do\/wp-content\/uploads\/2025\/11\/Jhael-Isa-Tavarez-1.jpg?resize=350%2C200&ssl=1 1x, https:\/\/i0.wp.com\/lasprimeras.com.do\/wp-content\/uploads\/2025\/11\/Jhael-Isa-Tavarez-1.jpg?resize=525%2C300&ssl=1 1.5x, https:\/\/i0.wp.com\/lasprimeras.com.do\/wp-content\/uploads\/2025\/11\/Jhael-Isa-Tavarez-1.jpg?resize=700%2C400&ssl=1 2x"},"classes":[]},{"id":48770,"url":"https:\/\/lasprimeras.com.do\/index.php\/2023\/05\/03\/fallece-medallista-olimpica-estadounidense-tori-bowie-a-los-32-anos\/","url_meta":{"origin":106264,"position":2},"title":"Fallece medallista ol\u00edmpica estadounidense Tori Bowie a los 32 a\u00f1os","author":"prenxa100","date":"3 de mayo de 2023","format":false,"excerpt":"Florida, EE.UU., RT.-.La corredora estadounidense que fue tres veces medallista ol\u00edmpica y dos veces campeona del mundo Tori Bowie falleci\u00f3 a los 32 a\u00f1os, seg\u00fan anunci\u00f3 este mi\u00e9rcoles su empresa de gesti\u00f3n USA Track & Field (USATF). \"La USATF lamenta profundamente el fallecimiento de Tori Bowie, tres veces medallista ol\u00edmpica\u2026","rel":"","context":"En \u00abSin categor\u00eda\u00bb","block_context":{"text":"Sin categor\u00eda","link":"https:\/\/lasprimeras.com.do\/index.php\/category\/sin-categoria\/"},"img":{"alt_text":"","src":"","width":0,"height":0},"classes":[]},{"id":119022,"url":"https:\/\/lasprimeras.com.do\/index.php\/2026\/01\/06\/abinader-designa-a-jorge-subero-isa-como-consultor-juridico-del-poder-ejecutivo\/","url_meta":{"origin":106264,"position":3},"title":"Abinader designa a Jorge Subero Isa como consultor jur\u00eddico del Poder Ejecutivo","author":"Nelson Feliz","date":"6 de enero de 2026","format":false,"excerpt":"Jorge Subero Isa","rel":"","context":"En \u00abNACIONALES\u00bb","block_context":{"text":"NACIONALES","link":"https:\/\/lasprimeras.com.do\/index.php\/category\/nacionales\/"},"img":{"alt_text":"Jorge Subero Isa","src":"https:\/\/i0.wp.com\/lasprimeras.com.do\/wp-content\/uploads\/2023\/08\/Jorge-Subero-Isa.jpg?resize=350%2C200&ssl=1","width":350,"height":200,"srcset":"https:\/\/i0.wp.com\/lasprimeras.com.do\/wp-content\/uploads\/2023\/08\/Jorge-Subero-Isa.jpg?resize=350%2C200&ssl=1 1x, https:\/\/i0.wp.com\/lasprimeras.com.do\/wp-content\/uploads\/2023\/08\/Jorge-Subero-Isa.jpg?resize=525%2C300&ssl=1 1.5x"},"classes":[]},{"id":82622,"url":"https:\/\/lasprimeras.com.do\/index.php\/2024\/05\/06\/fallece-cesar-luis-menotti-leyenda-del-futbol-en-argentina-a-los-85-anos\/","url_meta":{"origin":106264,"position":4},"title":"Fallece C\u00e9sar Luis Menotti, leyenda del F\u00fatbol en Argentina, a los 85 a\u00f1os","author":"BIMARY DE JES\u00daS Matos","date":"6 de mayo de 2024","format":false,"excerpt":"Buenos Aires.- C\u00e9sar Luis Menotti, el entrenador campe\u00f3n del mundo con la selecci\u00f3n de Argentina en 1978, ext\u00e9cnico del Barcelona y el Atl\u00e9tico de Madrid y actual director de Selecciones Nacionales, falleci\u00f3 este domingo a los 85 a\u00f1os, informa la Asociaci\u00f3n de F\u00fatbol Argentino (AFA). \u00abCon profundo dolor, la Asociaci\u00f3n\u2026","rel":"","context":"En \u00abSin categor\u00eda\u00bb","block_context":{"text":"Sin categor\u00eda","link":"https:\/\/lasprimeras.com.do\/index.php\/category\/sin-categoria\/"},"img":{"alt_text":"","src":"https:\/\/i0.wp.com\/lasprimeras.com.do\/wp-content\/uploads\/2024\/05\/6a0c8a05-4f4b-48f5-a1d9-1ad180753c4a-1.webp?resize=350%2C200&ssl=1","width":350,"height":200,"srcset":"https:\/\/i0.wp.com\/lasprimeras.com.do\/wp-content\/uploads\/2024\/05\/6a0c8a05-4f4b-48f5-a1d9-1ad180753c4a-1.webp?resize=350%2C200&ssl=1 1x, https:\/\/i0.wp.com\/lasprimeras.com.do\/wp-content\/uploads\/2024\/05\/6a0c8a05-4f4b-48f5-a1d9-1ad180753c4a-1.webp?resize=525%2C300&ssl=1 1.5x, https:\/\/i0.wp.com\/lasprimeras.com.do\/wp-content\/uploads\/2024\/05\/6a0c8a05-4f4b-48f5-a1d9-1ad180753c4a-1.webp?resize=700%2C400&ssl=1 2x"},"classes":[]},{"id":98883,"url":"https:\/\/lasprimeras.com.do\/index.php\/2025\/05\/14\/senado-reconoce-trayectoria-del-jurista-jorge-subero-isa-expresidente-de-la-suprema-corte-de-justicia\/","url_meta":{"origin":106264,"position":5},"title":"Senado reconoce trayectoria del jurista Jorge Subero Isa, expresidente de la Suprema Corte de Justicia","author":"Nelson Feliz","date":"14 de mayo de 2025","format":false,"excerpt":"El Senado de la Rep\u00fablica reconoci\u00f3 este martes al jurista, escritor y catedr\u00e1tico, Jorge Subero Isa, por su impronta, legado y exitosa carrera en su vida p\u00fablica y privada, en beneficio de la naci\u00f3n dominicana. El acto solemne fue encabezado por el presidente de la C\u00e1mara Alta, Ricardo de los\u2026","rel":"","context":"En \u00abNACIONALES\u00bb","block_context":{"text":"NACIONALES","link":"https:\/\/lasprimeras.com.do\/index.php\/category\/nacionales\/"},"img":{"alt_text":"","src":"https:\/\/i0.wp.com\/lasprimeras.com.do\/wp-content\/uploads\/2025\/05\/subero.jpg?resize=350%2C200&ssl=1","width":350,"height":200,"srcset":"https:\/\/i0.wp.com\/lasprimeras.com.do\/wp-content\/uploads\/2025\/05\/subero.jpg?resize=350%2C200&ssl=1 1x, https:\/\/i0.wp.com\/lasprimeras.com.do\/wp-content\/uploads\/2025\/05\/subero.jpg?resize=525%2C300&ssl=1 1.5x, https:\/\/i0.wp.com\/lasprimeras.com.do\/wp-content\/uploads\/2025\/05\/subero.jpg?resize=700%2C400&ssl=1 2x"},"classes":[]}],"jetpack_sharing_enabled":true,"_links":{"self":[{"href":"https:\/\/lasprimeras.com.do\/index.php\/wp-json\/wp\/v2\/posts\/106264","targetHints":{"allow":["GET"]}}],"collection":[{"href":"https:\/\/lasprimeras.com.do\/index.php\/wp-json\/wp\/v2\/posts"}],"about":[{"href":"https:\/\/lasprimeras.com.do\/index.php\/wp-json\/wp\/v2\/types\/post"}],"author":[{"embeddable":true,"href":"https:\/\/lasprimeras.com.do\/index.php\/wp-json\/wp\/v2\/users\/10"}],"replies":[{"embeddable":true,"href":"https:\/\/lasprimeras.com.do\/index.php\/wp-json\/wp\/v2\/comments?post=106264"}],"version-history":[{"count":1,"href":"https:\/\/lasprimeras.com.do\/index.php\/wp-json\/wp\/v2\/posts\/106264\/revisions"}],"predecessor-version":[{"id":106265,"href":"https:\/\/lasprimeras.com.do\/index.php\/wp-json\/wp\/v2\/posts\/106264\/revisions\/106265"}],"wp:featuredmedia":[{"embeddable":true,"href":"https:\/\/lasprimeras.com.do\/index.php\/wp-json\/wp\/v2\/media\/93325"}],"wp:attachment":[{"href":"https:\/\/lasprimeras.com.do\/index.php\/wp-json\/wp\/v2\/media?parent=106264"}],"wp:term":[{"taxonomy":"category","embeddable":true,"href":"https:\/\/lasprimeras.com.do\/index.php\/wp-json\/wp\/v2\/categories?post=106264"},{"taxonomy":"post_tag","embeddable":true,"href":"https:\/\/lasprimeras.com.do\/index.php\/wp-json\/wp\/v2\/tags?post=106264"}],"curies":[{"name":"wp","href":"https:\/\/api.w.org\/{rel}","templated":true}]}}