{"id":106304,"date":"2025-08-13T12:11:16","date_gmt":"2025-08-13T16:11:16","guid":{"rendered":"https:\/\/lasprimeras.com.do\/?p=106304"},"modified":"2025-08-13T12:11:17","modified_gmt":"2025-08-13T16:11:17","slug":"el-infotep-y-el-coe-certifican-a-173-brigadistas-para-fortalecer-la-respuesta-ante-emergencias-a-nivel-nacional","status":"publish","type":"post","link":"https:\/\/lasprimeras.com.do\/index.php\/2025\/08\/13\/el-infotep-y-el-coe-certifican-a-173-brigadistas-para-fortalecer-la-respuesta-ante-emergencias-a-nivel-nacional\/","title":{"rendered":"El INFOTEP y el COE certifican a 173 brigadistas para fortalecer la respuesta ante emergencias a nivel nacional"},"content":{"rendered":"\n<p><strong>\u2022 Colaboradores de las principales sedes del INFOTEP recibieron formaci\u00f3n integral para actuar ante emergencias m\u00e9dicas, incendios y fen\u00f3menos naturales.<\/strong><\/p>\n\n\n\n<p>El Instituto Nacional de Formaci\u00f3n T\u00e9cnico Profesional (INFOTEP) dio un paso firme hacia la prevenci\u00f3n y la seguridad, al certificar a 173 colaboradores de sus sedes principales como brigadistas de emergencia, capacitados por el Centro de Operaciones de Emergencias (COE), para actuar ante incendios, emergencias m\u00e9dicas y fen\u00f3menos naturales.<\/p>\n\n\n\n<p>El director general del INFOTEP, Rafael Santos Bad\u00eda, destac\u00f3 que, con este programa, la instituci\u00f3n da un paso firme en la protecci\u00f3n de los colaboradores, participantes, facilitadores, visitantes y contratistas y da fiel cumplimiento a la ley General de Salud no. 42-01, la Ley General sobre Medio Ambiente 64-00 y los Reglamentos y Manual sobre Seguridad y Salud en el trabajo.<\/p>\n\n\n\n<p>\u201cComo parte de este programa institucional, orientado a fortalecer la preparaci\u00f3n ante situaciones cr\u00edticas, los colaboradores de la Oficina Nacional, as\u00ed como de las Direcciones Regionales Metropolitana, Cibao Norte y Sur, concluyeron satisfactoriamente la formaci\u00f3n del primer grupo de Brigadas de Emergencia\u201d afirm\u00f3 Santos Bad\u00eda.<\/p>\n\n\n\n<p><strong>Jornadas de capacitaci\u00f3n fueron te\u00f3ricas y pr\u00e1cticas<\/strong><\/p>\n\n\n\n<p>La capacitaci\u00f3n se desarroll\u00f3 en cuatro jornadas intensivas que combinaron teor\u00eda y pr\u00e1ctica, permitiendo a los participantes adquirir y aplicar habilidades esenciales para responder a emergencias m\u00e9dicas, incendios y fen\u00f3menos naturales.<\/p>\n\n\n\n<p>La formaci\u00f3n, de car\u00e1cter din\u00e1mico y participativo, foment\u00f3 la confianza y la acci\u00f3n coordinada en escenarios de riesgo.<\/p>\n\n\n\n<p>Los participantes recibieron capacitaciones en las \u00e1reas: Trauma Pre-Hospitalario, Prevenci\u00f3n y Mitigaci\u00f3n de Incendios y Manejo de Emergencias.<\/p>\n\n\n\n<p>Durante el proceso tambi\u00e9n qued\u00f3 conformada la Brigada de Comunicaci\u00f3n, pieza clave en la gesti\u00f3n de la informaci\u00f3n durante emergencias.<\/p>\n\n\n\n<p>En esta primera fase se capacitaron 173 voluntarios distribuidos de la siguiente manera, 74 voluntarios corresponden a la Oficina Nacional, 35 voluntarios a la Direcci\u00f3n Metropolitana, 34 a la Direcci\u00f3n Regional Cibao Norte y 30 a Direcci\u00f3n Regional Sur.<\/p>\n\n\n\n<p>El programa es una iniciativa impulsada por el Departamento de Riesgos Operacionales y Medio Ambiente, en coordinaci\u00f3n con la Direcci\u00f3n General del INFOTEP y el Centro de Operaciones de Emergencia (COE), lo que constituye un paso significativo en el fortalecimiento de la cultura de prevenci\u00f3n de la instituci\u00f3n.<\/p>\n\n\n\n<p><strong>Palabras de agradecimiento<\/strong><\/p>\n\n\n\n<p>Jennyfer L\u00f3pez, brigadista, tuvo a su cargo las palabras de agradecimiento y en nombre de los 173 brigadistas certificados, describi\u00f3 las capacitaciones recibidas como un paso importante en sus vidas como colaboradores de la instituci\u00f3n y como seres humanos.<\/p>\n\n\n\n<p>\u201cSer brigadista no es solo aprender t\u00e9cnicas. Es tener el coraz\u00f3n dispuesto. Es pensar primero en el otro, aun en los momentos m\u00e1s dif\u00edciles. Es saber que, si alg\u00fan d\u00eda ocurre una emergencia, no vamos a dudar en dar un paso al frente, porque ahora sabemos qu\u00e9 hacer\u2026 y queremos hacerlo\u201d expres\u00f3 L\u00f3pez.<\/p>\n\n\n\n<p>Tras concluida esta primera etapa, el INFOTEP inform\u00f3 que, en una segunda etapa, la formaci\u00f3n ser\u00e1 replicada en las dem\u00e1s direcciones regionales, con el objetivo de extender este modelo de preparaci\u00f3n a todo el pa\u00eds.<\/p>\n","protected":false},"excerpt":{"rendered":"<p>\u2022 Colaboradores de las principales sedes del INFOTEP recibieron formaci\u00f3n integral para actuar ante emergencias m\u00e9dicas, incendios y fen\u00f3menos naturales. El Instituto Nacional de Formaci\u00f3n T\u00e9cnico Profesional (INFOTEP) dio un&hellip;<\/p>\n","protected":false},"author":10,"featured_media":106305,"comment_status":"open","ping_status":"open","sticky":false,"template":"","format":"standard","meta":{"content-type":"","jetpack_post_was_ever_published":false,"_jetpack_newsletter_access":"","_jetpack_dont_email_post_to_subs":false,"_jetpack_newsletter_tier_id":0,"_jetpack_memberships_contains_paywalled_content":false,"_jetpack_memberships_contains_paid_content":false,"footnotes":""},"categories":[35],"tags":[23121,4034,2266,3682,1036,1880,172,981,146],"class_list":["post-106304","post","type-post","status-publish","format-standard","has-post-thumbnail","hentry","category-nacionales","tag-brigadistas","tag-certifica","tag-coe","tag-emergencias","tag-fortalecer","tag-infotep","tag-nacional","tag-nivel","tag-respuesta"],"jetpack_featured_media_url":"https:\/\/lasprimeras.com.do\/wp-content\/uploads\/2025\/08\/info-1.jpg","jetpack-related-posts":[{"id":102792,"url":"https:\/\/lasprimeras.com.do\/index.php\/2025\/07\/08\/senado-e-infotep-formalizan-acuerdo-para-robustecer-la-formacion-institucional\/","url_meta":{"origin":106304,"position":0},"title":"Senado e INFOTEP formalizan acuerdo para robustecer la formaci\u00f3n institucional","author":"Nelson Feliz","date":"8 de julio de 2025","format":false,"excerpt":"\u2022La C\u00e1mara Alta y el \u00f3rgano rector de la formaci\u00f3n t\u00e9cnico profesional unen esfuerzos para capacitar a senadores y su personal en \u00e1reas estrat\u00e9gicas. El Senado de la Rep\u00fablica y el Instituto Nacional de Formaci\u00f3n T\u00e9cnico Profesional (INFOTEP) firmaron un acuerdo de colaboraci\u00f3n interinstitucional dirigido a los legisladores y colaboradores\u2026","rel":"","context":"En \u00abNACIONALES\u00bb","block_context":{"text":"NACIONALES","link":"https:\/\/lasprimeras.com.do\/index.php\/category\/nacionales\/"},"img":{"alt_text":"","src":"https:\/\/i0.wp.com\/lasprimeras.com.do\/wp-content\/uploads\/2025\/07\/Ricardo-de-los-Santos-y-Rafael-Santos-Badia-1.jpg?resize=350%2C200&ssl=1","width":350,"height":200,"srcset":"https:\/\/i0.wp.com\/lasprimeras.com.do\/wp-content\/uploads\/2025\/07\/Ricardo-de-los-Santos-y-Rafael-Santos-Badia-1.jpg?resize=350%2C200&ssl=1 1x, https:\/\/i0.wp.com\/lasprimeras.com.do\/wp-content\/uploads\/2025\/07\/Ricardo-de-los-Santos-y-Rafael-Santos-Badia-1.jpg?resize=525%2C300&ssl=1 1.5x, https:\/\/i0.wp.com\/lasprimeras.com.do\/wp-content\/uploads\/2025\/07\/Ricardo-de-los-Santos-y-Rafael-Santos-Badia-1.jpg?resize=700%2C400&ssl=1 2x"},"classes":[]},{"id":126280,"url":"https:\/\/lasprimeras.com.do\/index.php\/2026\/03\/31\/coe-pide-actuar-con-prudencia-durante-primer-lanzamiento-del-operativo-semana-santa-2026\/","url_meta":{"origin":106304,"position":1},"title":"COE pide actuar con prudencia durante primer lanzamiento del Operativo Semana Santa 2026","author":"Nelson Feliz","date":"31 de marzo de 2026","format":false,"excerpt":"_El organismo tiene previsto realizar otros dos lanzamientos este mi\u00e9rcoles y jueves santo._ El Centro de Operaciones de Emergencias (COE), junto a las instituciones que lo integran, realiz\u00f3 *el primer lanzamiento del operativo \u201cConciencia por la Vida, Semana Santa 2026\u201d, desde el peaje del kil\u00f3metro 32 de la Autopista Duarte,*\u2026","rel":"","context":"En \u00abNACIONALES\u00bb","block_context":{"text":"NACIONALES","link":"https:\/\/lasprimeras.com.do\/index.php\/category\/nacionales\/"},"img":{"alt_text":"","src":"https:\/\/i0.wp.com\/lasprimeras.com.do\/wp-content\/uploads\/2026\/03\/IMG-20260331-WA0778.jpg?resize=350%2C200&ssl=1","width":350,"height":200,"srcset":"https:\/\/i0.wp.com\/lasprimeras.com.do\/wp-content\/uploads\/2026\/03\/IMG-20260331-WA0778.jpg?resize=350%2C200&ssl=1 1x, https:\/\/i0.wp.com\/lasprimeras.com.do\/wp-content\/uploads\/2026\/03\/IMG-20260331-WA0778.jpg?resize=525%2C300&ssl=1 1.5x, https:\/\/i0.wp.com\/lasprimeras.com.do\/wp-content\/uploads\/2026\/03\/IMG-20260331-WA0778.jpg?resize=700%2C400&ssl=1 2x, https:\/\/i0.wp.com\/lasprimeras.com.do\/wp-content\/uploads\/2026\/03\/IMG-20260331-WA0778.jpg?resize=1050%2C600&ssl=1 3x"},"classes":[]},{"id":101077,"url":"https:\/\/lasprimeras.com.do\/index.php\/2025\/06\/15\/infotep-entrega-certificados-a-colaboradores-del-parque-industrial-itabo-en-haina\/","url_meta":{"origin":106304,"position":2},"title":"INFOTEP entrega certificados a colaboradores del Parque Industrial ITABO en Haina","author":"Nelson Feliz","date":"15 de junio de 2025","format":false,"excerpt":"El Instituto Nacional de Formaci\u00f3n T\u00e9cnico Profesional (INFOTEP) entreg\u00f3 932 certificados a 882 colaboradores de 26 empresas del Parque Industrial de ITABO, quienes completaron satisfactoriamente 44 acciones formativas especializadas, como parte del acuerdo estrat\u00e9gico con la Asociaci\u00f3n Dominicana de Zonas Francas (ADOZONA). Algunos participantes cursaron m\u00e1s de una capacitaci\u00f3n, lo\u2026","rel":"","context":"En \u00abNACIONALES\u00bb","block_context":{"text":"NACIONALES","link":"https:\/\/lasprimeras.com.do\/index.php\/category\/nacionales\/"},"img":{"alt_text":"","src":"https:\/\/i0.wp.com\/lasprimeras.com.do\/wp-content\/uploads\/2025\/06\/INFOTEP-1.jpg?resize=350%2C200&ssl=1","width":350,"height":200,"srcset":"https:\/\/i0.wp.com\/lasprimeras.com.do\/wp-content\/uploads\/2025\/06\/INFOTEP-1.jpg?resize=350%2C200&ssl=1 1x, https:\/\/i0.wp.com\/lasprimeras.com.do\/wp-content\/uploads\/2025\/06\/INFOTEP-1.jpg?resize=525%2C300&ssl=1 1.5x, https:\/\/i0.wp.com\/lasprimeras.com.do\/wp-content\/uploads\/2025\/06\/INFOTEP-1.jpg?resize=700%2C400&ssl=1 2x"},"classes":[]},{"id":83368,"url":"https:\/\/lasprimeras.com.do\/index.php\/2024\/05\/15\/infotep-impulsa-desarrollo-profesional-de-trabajadores-zona-franca-en-bonao\/","url_meta":{"origin":106304,"position":3},"title":"INFOTEP impulsa desarrollo profesional de trabajadores Zona Franca en Bonao","author":"Nelson Feliz","date":"15 de mayo de 2024","format":false,"excerpt":"> Entreg\u00f3 certificados a 715 trabajadores de Hanes Brands capacitados en treinta acciones formativas El Instituto Nacional de Formaci\u00f3n T\u00e9cnico Profesional (INFOTEP), entreg\u00f3 715 certificados a colaboradores de la empresa Hanes Brands, ubicada en la Zona Franca Industrial Dos R\u00edos, en Bonao, que completaron capacitaci\u00f3n en treinta diferentes acciones formativas.\u2026","rel":"","context":"En \u00abNACIONALES\u00bb","block_context":{"text":"NACIONALES","link":"https:\/\/lasprimeras.com.do\/index.php\/category\/nacionales\/"},"img":{"alt_text":"INFOTEP","src":"https:\/\/i0.wp.com\/lasprimeras.com.do\/wp-content\/uploads\/2024\/05\/INFOTEP.jpg?resize=350%2C200&ssl=1","width":350,"height":200,"srcset":"https:\/\/i0.wp.com\/lasprimeras.com.do\/wp-content\/uploads\/2024\/05\/INFOTEP.jpg?resize=350%2C200&ssl=1 1x, https:\/\/i0.wp.com\/lasprimeras.com.do\/wp-content\/uploads\/2024\/05\/INFOTEP.jpg?resize=525%2C300&ssl=1 1.5x, https:\/\/i0.wp.com\/lasprimeras.com.do\/wp-content\/uploads\/2024\/05\/INFOTEP.jpg?resize=700%2C400&ssl=1 2x"},"classes":[]},{"id":117884,"url":"https:\/\/lasprimeras.com.do\/index.php\/2025\/12\/16\/coe-pondra-en-marcha-operativo-de-navidad-y-ano-nuevo-con-mas-de-48-mil-colaboradores-y-voluntarios\/","url_meta":{"origin":106304,"position":4},"title":"COE pondr\u00e1 en marcha operativo de Navidad y A\u00f1o Nuevo, con m\u00e1s de 48 mil colaboradores y voluntarios","author":"Nelson Feliz","date":"16 de diciembre de 2025","format":false,"excerpt":"Primera fase iniciar\u00e1 el 23 de diciembre a las 2:00pm El Centro de Operaciones de Emergencias (COE) anuncia el Operativo \u201cConciencia por la Vida, Navidad y A\u00f1o Nuevo 2025-2026\u201d, con el objetivo de prevenir incidentes y responder ante las emergencias que pudieran tener los ciudadanos que se trasladan a diferentes\u2026","rel":"","context":"En \u00abNACIONALES\u00bb","block_context":{"text":"NACIONALES","link":"https:\/\/lasprimeras.com.do\/index.php\/category\/nacionales\/"},"img":{"alt_text":"coe","src":"https:\/\/i0.wp.com\/lasprimeras.com.do\/wp-content\/uploads\/2025\/12\/coe.jpg?resize=350%2C200&ssl=1","width":350,"height":200,"srcset":"https:\/\/i0.wp.com\/lasprimeras.com.do\/wp-content\/uploads\/2025\/12\/coe.jpg?resize=350%2C200&ssl=1 1x, https:\/\/i0.wp.com\/lasprimeras.com.do\/wp-content\/uploads\/2025\/12\/coe.jpg?resize=525%2C300&ssl=1 1.5x, https:\/\/i0.wp.com\/lasprimeras.com.do\/wp-content\/uploads\/2025\/12\/coe.jpg?resize=700%2C400&ssl=1 2x"},"classes":[]},{"id":113143,"url":"https:\/\/lasprimeras.com.do\/index.php\/2025\/10\/30\/republica-dominicana-fortalece-la-capacidad-de-respuesta-ante-temporada-ciclonica\/","url_meta":{"origin":106304,"position":5},"title":"Rep\u00fablica Dominicana fortalece la capacidad de respuesta ante temporada cicl\u00f3nica","author":"Nelson Feliz","date":"30 de octubre de 2025","format":false,"excerpt":"Antonio G\u00f3mez Pe\u00f1aOficina Pol\u00edtica PRM \u2013 Barcelona, Espa\u00f1a Los organismos de emergencia y las autoridades en la Rep\u00fablica Dominicana desplegaron una acci\u00f3n r\u00e1pida, coordinada y efectiva para proteger a la poblaci\u00f3n ante la tormenta tropical Melissa. La Rep\u00fablica Dominicana ha fortalecido la capacidad de respuesta ante la temporada cicl\u00f3nica que\u2026","rel":"","context":"En \u00abOPINI\u00d3N\u00bb","block_context":{"text":"OPINI\u00d3N","link":"https:\/\/lasprimeras.com.do\/index.php\/category\/opinion\/"},"img":{"alt_text":"Antonio G\u00f3mez Pe\u00f1a","src":"https:\/\/i0.wp.com\/lasprimeras.com.do\/wp-content\/uploads\/2025\/10\/Antonio-Gomez-Pena.jpg?resize=350%2C200&ssl=1","width":350,"height":200,"srcset":"https:\/\/i0.wp.com\/lasprimeras.com.do\/wp-content\/uploads\/2025\/10\/Antonio-Gomez-Pena.jpg?resize=350%2C200&ssl=1 1x, https:\/\/i0.wp.com\/lasprimeras.com.do\/wp-content\/uploads\/2025\/10\/Antonio-Gomez-Pena.jpg?resize=525%2C300&ssl=1 1.5x, https:\/\/i0.wp.com\/lasprimeras.com.do\/wp-content\/uploads\/2025\/10\/Antonio-Gomez-Pena.jpg?resize=700%2C400&ssl=1 2x"},"classes":[]}],"jetpack_sharing_enabled":true,"_links":{"self":[{"href":"https:\/\/lasprimeras.com.do\/index.php\/wp-json\/wp\/v2\/posts\/106304","targetHints":{"allow":["GET"]}}],"collection":[{"href":"https:\/\/lasprimeras.com.do\/index.php\/wp-json\/wp\/v2\/posts"}],"about":[{"href":"https:\/\/lasprimeras.com.do\/index.php\/wp-json\/wp\/v2\/types\/post"}],"author":[{"embeddable":true,"href":"https:\/\/lasprimeras.com.do\/index.php\/wp-json\/wp\/v2\/users\/10"}],"replies":[{"embeddable":true,"href":"https:\/\/lasprimeras.com.do\/index.php\/wp-json\/wp\/v2\/comments?post=106304"}],"version-history":[{"count":1,"href":"https:\/\/lasprimeras.com.do\/index.php\/wp-json\/wp\/v2\/posts\/106304\/revisions"}],"predecessor-version":[{"id":106306,"href":"https:\/\/lasprimeras.com.do\/index.php\/wp-json\/wp\/v2\/posts\/106304\/revisions\/106306"}],"wp:featuredmedia":[{"embeddable":true,"href":"https:\/\/lasprimeras.com.do\/index.php\/wp-json\/wp\/v2\/media\/106305"}],"wp:attachment":[{"href":"https:\/\/lasprimeras.com.do\/index.php\/wp-json\/wp\/v2\/media?parent=106304"}],"wp:term":[{"taxonomy":"category","embeddable":true,"href":"https:\/\/lasprimeras.com.do\/index.php\/wp-json\/wp\/v2\/categories?post=106304"},{"taxonomy":"post_tag","embeddable":true,"href":"https:\/\/lasprimeras.com.do\/index.php\/wp-json\/wp\/v2\/tags?post=106304"}],"curies":[{"name":"wp","href":"https:\/\/api.w.org\/{rel}","templated":true}]}}