{"id":106313,"date":"2025-08-13T12:37:03","date_gmt":"2025-08-13T16:37:03","guid":{"rendered":"https:\/\/lasprimeras.com.do\/?p=106313"},"modified":"2025-08-13T12:37:05","modified_gmt":"2025-08-13T16:37:05","slug":"jpld-la-juventud-dominicana-vive-momentos-dificiles","status":"publish","type":"post","link":"https:\/\/lasprimeras.com.do\/index.php\/2025\/08\/13\/jpld-la-juventud-dominicana-vive-momentos-dificiles\/","title":{"rendered":"JPLD: \u201cLa juventud dominicana vive momentos dif\u00edciles\u201d"},"content":{"rendered":"\n<p>La Secretar\u00eda de la Juventud del Partido de la Liberaci\u00f3n Dominicana anunci\u00f3 que el 14 de agosto depositar\u00e1 ante el bloque de diputados del PLD un anteproyecto de ley elaborado por j\u00f3venes y t\u00e9cnicos de esta secretar\u00eda titulado \u201cMiPymes Joven\u201d.<\/p>\n\n\n\n<p>Este anteproyecto busca establecer, por ley, una pol\u00edtica de Estado que garantice el apoyo real, integral y sostenido a los j\u00f3venes dominicanos que desean emprender.<\/p>\n\n\n\n<p>El anuncio fue hecho por Carolina Wegmuller, titular de la Secretar\u00eda de Asuntos Juveniles del Partido de la Liberaci\u00f3n Dominicana junto a sus sub secretarios, congresistas y regidores y un equipo t\u00e9cnico de j\u00f3venes, a prop\u00f3sito del D\u00eda Internacional de la Juventud, en rueda de prensa realizada en la Plaza Don Bosco o del Quetzal, en la Avenida 27 de febrero.<\/p>\n\n\n\n<p>Wegmuller detall\u00f3 que la propuesta incluye la creaci\u00f3n del Fondo Nacional de Emprendimiento Joven, acceso a cr\u00e9ditos sin burocracia ni clientelismo, formaci\u00f3n t\u00e9cnica gratuita, incentivos fiscales, prioridad en las compras del Estado, y un sistema nacional de mentor\u00eda y acompa\u00f1amiento para guiar a cada joven desde su idea hasta su negocio sostenible.<\/p>\n\n\n\n<p>\u201cEsta propuesta no es un favor. Es un derecho. Porque la juventud dominicana no est\u00e1 pidiendo caridad, est\u00e1 exigiendo oportunidades. Est\u00e1 exigiendo condiciones para crecer, para desarrollarse, para quedarse en su pa\u00eds, para aportar, para progresar\u201d, dijo Carolina Wegmuller teniendo de fondo un mural con el rostro del sacerdote San Juan Bosco, el defensor de la juventud.<\/p>\n\n\n\n<p>\u201cHoy, en este D\u00eda Internacional de la Juventud, no queremos m\u00e1s discursos vac\u00edos. Queremos acci\u00f3n. Queremos compromiso. Queremos que el gobierno deje de mirar hacia otro lado y asuma su responsabilidad con una generaci\u00f3n que se siente abandonada, burlada y traicionada\u201d, expuso.<\/p>\n\n\n\n<p>Declar\u00f3 que cada joven que se pierde por falta de oportunidades es una tragedia nacional y cada joven que logra emprender, estudiar, trabajar y salir adelante, es una victoria colectiva que vale la pena construir.<\/p>\n\n\n\n<p>\u201cLa juventud dominicana vive momentos dif\u00edciles. Vive con el peso del desempleo, la desesperanza, la falta de apoyo para emprender, el abandono de un Estado que le ha dado la espalda, y la amenaza constante de caer en entornos de violencia o delincuencia por falta de oportunidades. En vez de promesas cumplidas, hemos recibido indiferencia. En vez de pol\u00edticas p\u00fablicas efectivas, hemos recibido excusas y propaganda\u201d, manifest\u00f3 la titular de la JPLD.<\/p>\n\n\n\n<p>Dijo que el gobierno del presidente Luis Abinader y el PRM ha sido, sin duda, uno de los m\u00e1s irresponsables e indolentes con la juventud dominicana y que a pesar de contar con recursos, instituciones, plataformas y muchos anuncios en las redes sociales; han sido incapaces de dise\u00f1ar y ejecutar pol\u00edticas reales que respondan a las verdaderas necesidades de nuestra juventud.<\/p>\n\n\n\n<p>Indic\u00f3 que hoy, en ocasi\u00f3n del D\u00eda Internacional de la Juventud, desde la Secretar\u00eda de Juventud del Partido de la Liberaci\u00f3n Dominicana, lamentablemente no estamos aqu\u00ed para celebrar con globos y fotos; \u201cestamos aqu\u00ed porque miles de j\u00f3venes dominicanos sienten que el futuro les fue arrebatado antes de empezar. Lo hacemos con responsabilidad, con la frente en alto, y con un profundo compromiso con el presente y el futuro de nuestra juventud\u201d.<\/p>\n","protected":false},"excerpt":{"rendered":"<p>La Secretar\u00eda de la Juventud del Partido de la Liberaci\u00f3n Dominicana anunci\u00f3 que el 14 de agosto depositar\u00e1 ante el bloque de diputados del PLD un anteproyecto de ley elaborado&hellip;<\/p>\n","protected":false},"author":10,"featured_media":106314,"comment_status":"open","ping_status":"open","sticky":false,"template":"","format":"standard","meta":{"content-type":"","jetpack_post_was_ever_published":false,"_jetpack_newsletter_access":"","_jetpack_dont_email_post_to_subs":false,"_jetpack_newsletter_tier_id":0,"_jetpack_memberships_contains_paywalled_content":false,"_jetpack_memberships_contains_paid_content":false,"footnotes":""},"categories":[16559],"tags":[14926,23127,23128,23126],"class_list":["post-106313","post","type-post","status-publish","format-standard","has-post-thumbnail","hentry","category-politica","tag-jpld","tag-la-desesperanza","tag-la-falta-de-apoyo-para-emprender","tag-la-juventud-dominicana-vive-momentos-dificiles-vive-con-el-peso-del-desempleo"],"jetpack_featured_media_url":"https:\/\/lasprimeras.com.do\/wp-content\/uploads\/2025\/08\/juventud.jpg","jetpack-related-posts":[{"id":120629,"url":"https:\/\/lasprimeras.com.do\/index.php\/2026\/01\/26\/jovenes-denuncian-abandono-y-desprecio-del-gobierno-prm-exigen-politicas-integrales-video\/","url_meta":{"origin":106313,"position":0},"title":"J\u00f3venes denuncian abandono y desprecio del Gobierno PRM; exigen pol\u00edticas integrales | Video","author":"Nelson Feliz","date":"26 de enero de 2026","format":false,"excerpt":"El PLD, en el d\u00eda de Duarte, demanda la adopci\u00f3n de una Estrategia Nacional de Juventud En la celebraci\u00f3n del d\u00eda del Natalicio del Patricio Juan Pablo Duarte, el Partido de la Liberaci\u00f3n Dominicana (PLD) al resaltar el eterno liderazgo joven del Padre de la Patria, demand\u00f3 del Gobierno adoptar,\u2026","rel":"","context":"En \u00abPOLITICA\u00bb","block_context":{"text":"POLITICA","link":"https:\/\/lasprimeras.com.do\/index.php\/category\/politica\/"},"img":{"alt_text":"Estrategia Nacional de Juventud","src":"https:\/\/i0.wp.com\/lasprimeras.com.do\/wp-content\/uploads\/2026\/01\/pld.jpg?resize=350%2C200&ssl=1","width":350,"height":200,"srcset":"https:\/\/i0.wp.com\/lasprimeras.com.do\/wp-content\/uploads\/2026\/01\/pld.jpg?resize=350%2C200&ssl=1 1x, https:\/\/i0.wp.com\/lasprimeras.com.do\/wp-content\/uploads\/2026\/01\/pld.jpg?resize=525%2C300&ssl=1 1.5x, https:\/\/i0.wp.com\/lasprimeras.com.do\/wp-content\/uploads\/2026\/01\/pld.jpg?resize=700%2C400&ssl=1 2x"},"classes":[]},{"id":124651,"url":"https:\/\/lasprimeras.com.do\/index.php\/2026\/03\/14\/gobierno-otorga-8000-becas-steam-para-jovenes-dominicana\/","url_meta":{"origin":106313,"position":1},"title":"Gobierno otorga 8,000 becas STEAM para j\u00f3venes dominicana","author":"Nelson Feliz","date":"14 de marzo de 2026","format":false,"excerpt":"Ministro de la Juventud exhorta a los becarios a aprovechar esta oportunidad, destacando que el futuro tecnol\u00f3gico del pa\u00eds depende de su talento y preparaci\u00f3n. Los beneficiarios acceder\u00e1n a 135 programas formativos especializados en \u00e1reas tecnol\u00f3gicas, desarrollados con instituciones acad\u00e9micas nacionales e internacionales. En el marco del D\u00eda Internacional de\u2026","rel":"","context":"En \u00abNACIONALES\u00bb","block_context":{"text":"NACIONALES","link":"https:\/\/lasprimeras.com.do\/index.php\/category\/nacionales\/"},"img":{"alt_text":"","src":"https:\/\/i0.wp.com\/lasprimeras.com.do\/wp-content\/uploads\/2026\/03\/stem.jpg?resize=350%2C200&ssl=1","width":350,"height":200,"srcset":"https:\/\/i0.wp.com\/lasprimeras.com.do\/wp-content\/uploads\/2026\/03\/stem.jpg?resize=350%2C200&ssl=1 1x, https:\/\/i0.wp.com\/lasprimeras.com.do\/wp-content\/uploads\/2026\/03\/stem.jpg?resize=525%2C300&ssl=1 1.5x, https:\/\/i0.wp.com\/lasprimeras.com.do\/wp-content\/uploads\/2026\/03\/stem.jpg?resize=700%2C400&ssl=1 2x"},"classes":[]},{"id":123354,"url":"https:\/\/lasprimeras.com.do\/index.php\/2026\/02\/27\/juventud-fp-ee-uu-abinader-ignora-la-realidad-dominicana\/","url_meta":{"origin":106313,"position":2},"title":"Juventud FP, EE. UU.:\u00a0Abinader ignora la realidad dominicana","author":"Nelson Feliz","date":"27 de febrero de 2026","format":false,"excerpt":"Lirisi M\u00e1rmol puntualiz\u00f3 que el discurso del presidente Luis Abinader fue una exposici\u00f3n cargada de cifras y promesas, muy distante de la realidad que vive el pueblo dominicano. La presidenta de la Juventud de la Fuerza del Pueblo en Estados Unidos, Lirisi M\u00e1rmol, dijo que el discurso del presidente Luis\u2026","rel":"","context":"En \u00abPOLITICA\u00bb","block_context":{"text":"POLITICA","link":"https:\/\/lasprimeras.com.do\/index.php\/category\/politica\/"},"img":{"alt_text":"Juventud FP EE. UU","src":"https:\/\/i0.wp.com\/lasprimeras.com.do\/wp-content\/uploads\/2026\/02\/Juventud-FP-EE.-UU.jpg?resize=350%2C200&ssl=1","width":350,"height":200,"srcset":"https:\/\/i0.wp.com\/lasprimeras.com.do\/wp-content\/uploads\/2026\/02\/Juventud-FP-EE.-UU.jpg?resize=350%2C200&ssl=1 1x, https:\/\/i0.wp.com\/lasprimeras.com.do\/wp-content\/uploads\/2026\/02\/Juventud-FP-EE.-UU.jpg?resize=525%2C300&ssl=1 1.5x, https:\/\/i0.wp.com\/lasprimeras.com.do\/wp-content\/uploads\/2026\/02\/Juventud-FP-EE.-UU.jpg?resize=700%2C400&ssl=1 2x"},"classes":[]},{"id":106331,"url":"https:\/\/lasprimeras.com.do\/index.php\/2025\/08\/12\/luis-alberto-tejeda-la-juventud-es-la-fuerza-que-transforma-la-nacion\/","url_meta":{"origin":106313,"position":3},"title":"Luis Alberto Tejeda: \u201cLa juventud es la fuerza que transforma la naci\u00f3n\u201d","author":"Nelson Feliz","date":"12 de agosto de 2025","format":false,"excerpt":"El miembro del Comit\u00e9 Pol\u00edtico del Partido de la Liberaci\u00f3n Dominicana (PLD), Luis Alberto Tejeda, destac\u00f3 que la juventud es una fuerza transformadora capaz de impulsar los cambios que demanda la sociedad y de construir un futuro de mayores oportunidades para todos. \u201cIndiscutiblemente, nuestros j\u00f3venes son la energ\u00eda que impulsa\u2026","rel":"","context":"En \u00abPOLITICA\u00bb","block_context":{"text":"POLITICA","link":"https:\/\/lasprimeras.com.do\/index.php\/category\/politica\/"},"img":{"alt_text":"Luis Alberto Tejeda","src":"https:\/\/i0.wp.com\/lasprimeras.com.do\/wp-content\/uploads\/2024\/06\/Luis-Alberto-Tejeda.jpg?resize=350%2C200&ssl=1","width":350,"height":200,"srcset":"https:\/\/i0.wp.com\/lasprimeras.com.do\/wp-content\/uploads\/2024\/06\/Luis-Alberto-Tejeda.jpg?resize=350%2C200&ssl=1 1x, https:\/\/i0.wp.com\/lasprimeras.com.do\/wp-content\/uploads\/2024\/06\/Luis-Alberto-Tejeda.jpg?resize=525%2C300&ssl=1 1.5x"},"classes":[]},{"id":87939,"url":"https:\/\/lasprimeras.com.do\/index.php\/2024\/08\/19\/sheila-brito-denuncia-que-el-desempleo-de-jovenes-supera-el-25\/","url_meta":{"origin":106313,"position":4},"title":"Sheila Brito denuncia que el desempleo de j\u00f3venes supera el 25%","author":"Nelson Feliz","date":"19 de agosto de 2024","format":false,"excerpt":"En el accionar del Gobierno y en el discurso del presidente Luis Abinader, el sector juvenil est\u00e1 ausente, denuncia Sheila Brito, subsecretar\u00eda JPLD La subsecretaria de la Juventud del Partido de la Liberaci\u00f3n Dominicana (PLD), Sheila Brito, denunci\u00f3 en un art\u00edculo publicado en Vanguardia del Pueblo bajo el t\u00edtulo: \u201cLa\u2026","rel":"","context":"En \u00abSin categor\u00eda\u00bb","block_context":{"text":"Sin categor\u00eda","link":"https:\/\/lasprimeras.com.do\/index.php\/category\/sin-categoria\/"},"img":{"alt_text":"Sheila Brito","src":"https:\/\/i0.wp.com\/lasprimeras.com.do\/wp-content\/uploads\/2024\/08\/Sheila-Brito.jpg?resize=350%2C200&ssl=1","width":350,"height":200,"srcset":"https:\/\/i0.wp.com\/lasprimeras.com.do\/wp-content\/uploads\/2024\/08\/Sheila-Brito.jpg?resize=350%2C200&ssl=1 1x, https:\/\/i0.wp.com\/lasprimeras.com.do\/wp-content\/uploads\/2024\/08\/Sheila-Brito.jpg?resize=525%2C300&ssl=1 1.5x"},"classes":[]},{"id":75380,"url":"https:\/\/lasprimeras.com.do\/index.php\/2024\/01\/31\/jovenes-con-abel-senalan-dia-de-la-juventud-los-encuentra-sin-oportunidades\/","url_meta":{"origin":106313,"position":5},"title":"J\u00f3venes con Abel se\u00f1alan D\u00eda de la Juventud los encuentra sin oportunidades","author":"Nelson Feliz","date":"31 de enero de 2024","format":false,"excerpt":"El D\u00eda Nacional de la Juventud en Rep\u00fablica Dominicana encuentra a j\u00f3venes del pa\u00eds con falta de oportunidades, desempleo y desatenci\u00f3n por parte del Gobierno del PRM. As\u00ed lo describi\u00f3 la coordinadora nacional de J\u00f3venes con Abel, Carolina Wegmuller, quien indic\u00f3 que las Casas de la Juventud prometidas por el\u2026","rel":"","context":"En \u00abSin categor\u00eda\u00bb","block_context":{"text":"Sin categor\u00eda","link":"https:\/\/lasprimeras.com.do\/index.php\/category\/sin-categoria\/"},"img":{"alt_text":"","src":"https:\/\/i0.wp.com\/lasprimeras.com.do\/wp-content\/uploads\/2024\/01\/jovenes.jpeg?resize=350%2C200&ssl=1","width":350,"height":200,"srcset":"https:\/\/i0.wp.com\/lasprimeras.com.do\/wp-content\/uploads\/2024\/01\/jovenes.jpeg?resize=350%2C200&ssl=1 1x, https:\/\/i0.wp.com\/lasprimeras.com.do\/wp-content\/uploads\/2024\/01\/jovenes.jpeg?resize=525%2C300&ssl=1 1.5x, https:\/\/i0.wp.com\/lasprimeras.com.do\/wp-content\/uploads\/2024\/01\/jovenes.jpeg?resize=700%2C400&ssl=1 2x"},"classes":[]}],"jetpack_sharing_enabled":true,"_links":{"self":[{"href":"https:\/\/lasprimeras.com.do\/index.php\/wp-json\/wp\/v2\/posts\/106313","targetHints":{"allow":["GET"]}}],"collection":[{"href":"https:\/\/lasprimeras.com.do\/index.php\/wp-json\/wp\/v2\/posts"}],"about":[{"href":"https:\/\/lasprimeras.com.do\/index.php\/wp-json\/wp\/v2\/types\/post"}],"author":[{"embeddable":true,"href":"https:\/\/lasprimeras.com.do\/index.php\/wp-json\/wp\/v2\/users\/10"}],"replies":[{"embeddable":true,"href":"https:\/\/lasprimeras.com.do\/index.php\/wp-json\/wp\/v2\/comments?post=106313"}],"version-history":[{"count":1,"href":"https:\/\/lasprimeras.com.do\/index.php\/wp-json\/wp\/v2\/posts\/106313\/revisions"}],"predecessor-version":[{"id":106315,"href":"https:\/\/lasprimeras.com.do\/index.php\/wp-json\/wp\/v2\/posts\/106313\/revisions\/106315"}],"wp:featuredmedia":[{"embeddable":true,"href":"https:\/\/lasprimeras.com.do\/index.php\/wp-json\/wp\/v2\/media\/106314"}],"wp:attachment":[{"href":"https:\/\/lasprimeras.com.do\/index.php\/wp-json\/wp\/v2\/media?parent=106313"}],"wp:term":[{"taxonomy":"category","embeddable":true,"href":"https:\/\/lasprimeras.com.do\/index.php\/wp-json\/wp\/v2\/categories?post=106313"},{"taxonomy":"post_tag","embeddable":true,"href":"https:\/\/lasprimeras.com.do\/index.php\/wp-json\/wp\/v2\/tags?post=106313"}],"curies":[{"name":"wp","href":"https:\/\/api.w.org\/{rel}","templated":true}]}}