{"id":106316,"date":"2025-08-13T15:37:00","date_gmt":"2025-08-13T19:37:00","guid":{"rendered":"https:\/\/lasprimeras.com.do\/?p=106316"},"modified":"2025-08-13T12:40:17","modified_gmt":"2025-08-13T16:40:17","slug":"comite-de-coordinacion-general-del-dialogo-sobre-la-crisis-haitiana-aprueba-informe-final","status":"publish","type":"post","link":"https:\/\/lasprimeras.com.do\/index.php\/2025\/08\/13\/comite-de-coordinacion-general-del-dialogo-sobre-la-crisis-haitiana-aprueba-informe-final\/","title":{"rendered":"Comit\u00e9 de Coordinaci\u00f3n General del Di\u00e1logo sobre la crisis haitiana aprueba Informe Final"},"content":{"rendered":"\n<p>El Comit\u00e9 de Coordinaci\u00f3n General revis\u00f3 y aprob\u00f3 en la ma\u00f1ana de este mi\u00e9rcoles el \u201cInforme Final del Di\u00e1logo sobre la crisis haitiana y sus implicaciones para la Rep\u00fablica Dominicana\u201d.<\/p>\n\n\n\n<p>En un encuentro realizado en el sal\u00f3n de reuniones del Consejo Econ\u00f3mico y Social, de manera un\u00e1nime se ratific\u00f3 el documento preparado por una comisi\u00f3n de redacci\u00f3n<\/p>\n\n\n\n<p>Los representantes del Presidente Luis Abinader, de los Expresidentes Hip\u00f3lito Mej\u00eda, Leonel Fern\u00e1ndez y Danilo Medina, y los representantes de la Comisi\u00f3n Ejecutiva del CES escucharon el resumen de las conclusiones de las mesas tem\u00e1ticas<\/p>\n\n\n\n<p>\u201cEl valor de los acuerdos que recoge el informe, no reside \u00fanicamente en su contenido, sino en el m\u00e9todo que los hizo posibles: un proceso deliberativo abierto, plural y t\u00e9cnicamente riguroso, donde prevaleci\u00f3 el esp\u00edritu de cooperaci\u00f3n por encima de las diferencias\u201d, se explic\u00f3 en el encuentro realizado en la sede del CES.<\/p>\n\n\n\n<p>Para la elaboraci\u00f3n del informe final, el comit\u00e9 de redacci\u00f3n parti\u00f3 de los consensos, disensos y recomendaciones generales obtenidos en las mesas tem\u00e1ticas, que durante un mes de intenso trabajo abordaron de manera exhaustiva los desaf\u00edos que plantea la crisis haitiana para la Rep\u00fablica Dominicana.<\/p>\n\n\n\n<p>Fruto del an\u00e1lisis y la reflexi\u00f3n realizada por los delegados, actores clave y expertos participantes en las mesas, que partieron de 6 ejes tem\u00e1ticos, se identificaron y recogieron 26 l\u00edneas de acci\u00f3n, y un total de 150 propuestas que resumen los acuerdos a los que se arribaron en esa etapa del proceso.<\/p>\n\n\n\n<p>El Comit\u00e9 de Coordinaci\u00f3n General considera ahora el modo en que el CES har\u00e1 entrega y presentar\u00e1 el Informe Final con los resultados del Di\u00e1logo sobre la crisis haitiana, a quienes confiaron y lo convocaron como principal \u00f3rgano de concertaci\u00f3n, para concretar este hist\u00f3rico di\u00e1logo social institucionalizado.<\/p>\n\n\n\n<p>En los pr\u00f3ximos d\u00edas, de manera oportuna, el CES dar\u00e1 a conocer cu\u00e1ndo y de qu\u00e9 manera har\u00e1 entrega del Informe Final al Presidente de la Rep\u00fablica y a los Expresidentes.<\/p>\n","protected":false},"excerpt":{"rendered":"<p>El Comit\u00e9 de Coordinaci\u00f3n General revis\u00f3 y aprob\u00f3 en la ma\u00f1ana de este mi\u00e9rcoles el \u201cInforme Final del Di\u00e1logo sobre la crisis haitiana y sus implicaciones para la Rep\u00fablica Dominicana\u201d.&hellip;<\/p>\n","protected":false},"author":10,"featured_media":106317,"comment_status":"open","ping_status":"open","sticky":false,"template":"","format":"standard","meta":{"content-type":"","jetpack_post_was_ever_published":false,"_jetpack_newsletter_access":"","_jetpack_dont_email_post_to_subs":false,"_jetpack_newsletter_tier_id":0,"_jetpack_memberships_contains_paywalled_content":false,"_jetpack_memberships_contains_paid_content":false,"footnotes":""},"categories":[16559],"tags":[408,1840,2587,264,1220,1444,23129],"class_list":["post-106316","post","type-post","status-publish","format-standard","has-post-thumbnail","hentry","category-politica","tag-aprueba","tag-comite","tag-coordinacion","tag-crisis-haitiana","tag-dialogo","tag-general","tag-informe-final"],"jetpack_featured_media_url":"https:\/\/lasprimeras.com.do\/wp-content\/uploads\/2025\/08\/informe.jpg","jetpack-related-posts":[{"id":109337,"url":"https:\/\/lasprimeras.com.do\/index.php\/2025\/09\/16\/fernandez-propone-comite-de-seguimiento-a-conclusiones-del-ces-sobre-crisis-haitiana\/","url_meta":{"origin":106316,"position":0},"title":"Fern\u00e1ndez propone comit\u00e9 de seguimiento a conclusiones del CES sobre crisis haitiana","author":"Nelson Feliz","date":"16 de septiembre de 2025","format":false,"excerpt":"El Consejo Econ\u00f3mico y Social (CES) entreg\u00f3 al expresidente de la Rep\u00fablica, Leonel Fern\u00e1ndez, el Informe Final del Di\u00e1logo por la Crisis Haitiana y sus implicaciones para la Rep\u00fablica Dominicana. El documento es resultado de seis mesas tem\u00e1ticas en las que participaron representantes del sector social, laboral, empresarial, de la\u2026","rel":"","context":"En \u00abPOLITICA\u00bb","block_context":{"text":"POLITICA","link":"https:\/\/lasprimeras.com.do\/index.php\/category\/politica\/"},"img":{"alt_text":"","src":"https:\/\/i0.wp.com\/lasprimeras.com.do\/wp-content\/uploads\/2025\/09\/Leonel-Fernandez.jpg?resize=350%2C200&ssl=1","width":350,"height":200,"srcset":"https:\/\/i0.wp.com\/lasprimeras.com.do\/wp-content\/uploads\/2025\/09\/Leonel-Fernandez.jpg?resize=350%2C200&ssl=1 1x, https:\/\/i0.wp.com\/lasprimeras.com.do\/wp-content\/uploads\/2025\/09\/Leonel-Fernandez.jpg?resize=525%2C300&ssl=1 1.5x, https:\/\/i0.wp.com\/lasprimeras.com.do\/wp-content\/uploads\/2025\/09\/Leonel-Fernandez.jpg?resize=700%2C400&ssl=1 2x"},"classes":[]},{"id":109346,"url":"https:\/\/lasprimeras.com.do\/index.php\/2025\/09\/16\/informe-final-del-dialogo-sobre-la-crisis-haitiana-a-disposicion-de-la-ciudadania\/","url_meta":{"origin":106316,"position":1},"title":"Informe final del \u201cDi\u00e1logo sobre la crisis haitiana&#8221; a disposici\u00f3n de la ciudadan\u00eda","author":"Nelson Feliz","date":"16 de septiembre de 2025","format":false,"excerpt":"El Consejo Econ\u00f3mico y Social, como coordinador general del \u201cDi\u00e1logo sobre la crisis haitiana y sus implicaciones para la Rep\u00fablica Dominicana\u201d, a trav\u00e9s de su portal institucional (www.ces.gob.do) pone a disposici\u00f3n y comparte con toda la ciudadan\u00eda el Informe Final de este hist\u00f3rico proceso de concertaci\u00f3n. El producto es el\u2026","rel":"","context":"En \u00abECONOM\u00cdA\u00bb","block_context":{"text":"ECONOM\u00cdA","link":"https:\/\/lasprimeras.com.do\/index.php\/category\/economia\/"},"img":{"alt_text":"","src":"https:\/\/i0.wp.com\/lasprimeras.com.do\/wp-content\/uploads\/2025\/09\/ces.jpg?resize=350%2C200&ssl=1","width":350,"height":200,"srcset":"https:\/\/i0.wp.com\/lasprimeras.com.do\/wp-content\/uploads\/2025\/09\/ces.jpg?resize=350%2C200&ssl=1 1x, https:\/\/i0.wp.com\/lasprimeras.com.do\/wp-content\/uploads\/2025\/09\/ces.jpg?resize=525%2C300&ssl=1 1.5x, https:\/\/i0.wp.com\/lasprimeras.com.do\/wp-content\/uploads\/2025\/09\/ces.jpg?resize=700%2C400&ssl=1 2x"},"classes":[]},{"id":104138,"url":"https:\/\/lasprimeras.com.do\/index.php\/2025\/07\/21\/concluyen-las-mesas-tematicas-del-dialogo-sobre-la-crisis-haitiana-video\/","url_meta":{"origin":106316,"position":2},"title":"Concluyen las Mesas Tem\u00e1ticas del Di\u00e1logo Sobre la Crisis Haitiana | Video","author":"Nelson Feliz","date":"21 de julio de 2025","format":false,"excerpt":"El Comit\u00e9 de Coordinaci\u00f3n General del \u201cDi\u00e1logo sobre la crisis haitiana y sus implicaciones para la Rep\u00fablica Dominicana\u201d recibi\u00f3 los documentos producidos por las Mesas Tem\u00e1ticas que de forma intensiva y simult\u00e1nea abordaron los siguientes ejes: Migraci\u00f3n; Comercio Bilateral; Desarrollo de Comunidades Fronterizas; Seguridad Nacional; Relaciones Internacionales y Asuntos Laborales.\u2026","rel":"","context":"En \u00abPOLITICA\u00bb","block_context":{"text":"POLITICA","link":"https:\/\/lasprimeras.com.do\/index.php\/category\/politica\/"},"img":{"alt_text":"","src":"https:\/\/i0.wp.com\/lasprimeras.com.do\/wp-content\/uploads\/2025\/07\/mesas.jpg?resize=350%2C200&ssl=1","width":350,"height":200,"srcset":"https:\/\/i0.wp.com\/lasprimeras.com.do\/wp-content\/uploads\/2025\/07\/mesas.jpg?resize=350%2C200&ssl=1 1x, https:\/\/i0.wp.com\/lasprimeras.com.do\/wp-content\/uploads\/2025\/07\/mesas.jpg?resize=525%2C300&ssl=1 1.5x, https:\/\/i0.wp.com\/lasprimeras.com.do\/wp-content\/uploads\/2025\/07\/mesas.jpg?resize=700%2C400&ssl=1 2x"},"classes":[]},{"id":108701,"url":"https:\/\/lasprimeras.com.do\/index.php\/2025\/09\/09\/ces-entrega-informe-final-sobre-crisis-haitiana-al-presidente-abinader\/","url_meta":{"origin":106316,"position":3},"title":"CES entrega informe final sobre crisis haitiana al presidente Abinader","author":"Nelson Feliz","date":"9 de septiembre de 2025","format":false,"excerpt":"En los pr\u00f3ximos d\u00edas ser\u00e1n entregados a cada expresidente de la Rep\u00fablica; el contenido del documento se har\u00e1 p\u00fablico el pr\u00f3ximo martes 16 de septiembre a las 2pm. El informe contempla 26 l\u00edneas de acci\u00f3n y un total de 151 propuestas que condensan e integran los acuerdos arribados. El Consejo\u2026","rel":"","context":"En \u00abECONOM\u00cdA\u00bb","block_context":{"text":"ECONOM\u00cdA","link":"https:\/\/lasprimeras.com.do\/index.php\/category\/economia\/"},"img":{"alt_text":"","src":"https:\/\/i0.wp.com\/lasprimeras.com.do\/wp-content\/uploads\/2025\/09\/Luis-Abinader-1-1.jpg?resize=350%2C200&ssl=1","width":350,"height":200,"srcset":"https:\/\/i0.wp.com\/lasprimeras.com.do\/wp-content\/uploads\/2025\/09\/Luis-Abinader-1-1.jpg?resize=350%2C200&ssl=1 1x, https:\/\/i0.wp.com\/lasprimeras.com.do\/wp-content\/uploads\/2025\/09\/Luis-Abinader-1-1.jpg?resize=525%2C300&ssl=1 1.5x, https:\/\/i0.wp.com\/lasprimeras.com.do\/wp-content\/uploads\/2025\/09\/Luis-Abinader-1-1.jpg?resize=700%2C400&ssl=1 2x"},"classes":[]},{"id":108799,"url":"https:\/\/lasprimeras.com.do\/index.php\/2025\/09\/10\/danilo-saluda-consenso-nacional-por-la-frontera-y-llama-a-sacar-provecho-del-dialogo\/","url_meta":{"origin":106316,"position":4},"title":"Danilo saluda consenso nacional por la frontera y llama a sacar provecho del di\u00e1logo","author":"Nelson Feliz","date":"10 de septiembre de 2025","format":false,"excerpt":"El ex expresidente de la Rep\u00fablica, Danilo Medina, presidente del Partido de la Liberaci\u00f3n Dominicana recibi\u00f3 este mi\u00e9rcoles el documento final del di\u00e1logo sobre la crisis haitiana y sus implicaciones para la Rep\u00fablica Dominicana entregado por una delegaci\u00f3n del Consejo Econ\u00f3mico y Social (CES), encabezada por su presidente Rafael Toribio.\u2026","rel":"","context":"En \u00abPOLITICA\u00bb","block_context":{"text":"POLITICA","link":"https:\/\/lasprimeras.com.do\/index.php\/category\/politica\/"},"img":{"alt_text":"","src":"https:\/\/i0.wp.com\/lasprimeras.com.do\/wp-content\/uploads\/2025\/09\/PLD-1.jpg?resize=350%2C200&ssl=1","width":350,"height":200,"srcset":"https:\/\/i0.wp.com\/lasprimeras.com.do\/wp-content\/uploads\/2025\/09\/PLD-1.jpg?resize=350%2C200&ssl=1 1x, https:\/\/i0.wp.com\/lasprimeras.com.do\/wp-content\/uploads\/2025\/09\/PLD-1.jpg?resize=525%2C300&ssl=1 1.5x, https:\/\/i0.wp.com\/lasprimeras.com.do\/wp-content\/uploads\/2025\/09\/PLD-1.jpg?resize=700%2C400&ssl=1 2x"},"classes":[]},{"id":108759,"url":"https:\/\/lasprimeras.com.do\/index.php\/2025\/09\/10\/abinader-destaca-madurez-politica-de-republica-dominicana-en-dialogo-de-alto-nivel-sobre-haiti\/","url_meta":{"origin":106316,"position":5},"title":"Abinader destaca madurez pol\u00edtica de Rep\u00fablica Dominicana en di\u00e1logo de alto nivel sobre Hait\u00ed","author":"Nelson Feliz","date":"10 de septiembre de 2025","format":false,"excerpt":"El mandatario abordar\u00e1 el abandono de la comunidad internacional ante crisis haitiana en su intervenci\u00f3n en la Asamblea General de la ONU. El presidente Luis Abinader felicit\u00f3 y agradeci\u00f3 al liderazgo pol\u00edtico dominicano por su participaci\u00f3n en el di\u00e1logo de alto nivel sobre la crisis en Hait\u00ed, convocado por el\u2026","rel":"","context":"En \u00abNACIONALES\u00bb","block_context":{"text":"NACIONALES","link":"https:\/\/lasprimeras.com.do\/index.php\/category\/nacionales\/"},"img":{"alt_text":"Luis Abinader","src":"https:\/\/i0.wp.com\/lasprimeras.com.do\/wp-content\/uploads\/2025\/07\/Luis-Abinader-9.jpg?resize=350%2C200&ssl=1","width":350,"height":200,"srcset":"https:\/\/i0.wp.com\/lasprimeras.com.do\/wp-content\/uploads\/2025\/07\/Luis-Abinader-9.jpg?resize=350%2C200&ssl=1 1x, https:\/\/i0.wp.com\/lasprimeras.com.do\/wp-content\/uploads\/2025\/07\/Luis-Abinader-9.jpg?resize=525%2C300&ssl=1 1.5x, https:\/\/i0.wp.com\/lasprimeras.com.do\/wp-content\/uploads\/2025\/07\/Luis-Abinader-9.jpg?resize=700%2C400&ssl=1 2x"},"classes":[]}],"jetpack_sharing_enabled":true,"_links":{"self":[{"href":"https:\/\/lasprimeras.com.do\/index.php\/wp-json\/wp\/v2\/posts\/106316","targetHints":{"allow":["GET"]}}],"collection":[{"href":"https:\/\/lasprimeras.com.do\/index.php\/wp-json\/wp\/v2\/posts"}],"about":[{"href":"https:\/\/lasprimeras.com.do\/index.php\/wp-json\/wp\/v2\/types\/post"}],"author":[{"embeddable":true,"href":"https:\/\/lasprimeras.com.do\/index.php\/wp-json\/wp\/v2\/users\/10"}],"replies":[{"embeddable":true,"href":"https:\/\/lasprimeras.com.do\/index.php\/wp-json\/wp\/v2\/comments?post=106316"}],"version-history":[{"count":1,"href":"https:\/\/lasprimeras.com.do\/index.php\/wp-json\/wp\/v2\/posts\/106316\/revisions"}],"predecessor-version":[{"id":106318,"href":"https:\/\/lasprimeras.com.do\/index.php\/wp-json\/wp\/v2\/posts\/106316\/revisions\/106318"}],"wp:featuredmedia":[{"embeddable":true,"href":"https:\/\/lasprimeras.com.do\/index.php\/wp-json\/wp\/v2\/media\/106317"}],"wp:attachment":[{"href":"https:\/\/lasprimeras.com.do\/index.php\/wp-json\/wp\/v2\/media?parent=106316"}],"wp:term":[{"taxonomy":"category","embeddable":true,"href":"https:\/\/lasprimeras.com.do\/index.php\/wp-json\/wp\/v2\/categories?post=106316"},{"taxonomy":"post_tag","embeddable":true,"href":"https:\/\/lasprimeras.com.do\/index.php\/wp-json\/wp\/v2\/tags?post=106316"}],"curies":[{"name":"wp","href":"https:\/\/api.w.org\/{rel}","templated":true}]}}