{"id":106328,"date":"2025-08-13T22:49:12","date_gmt":"2025-08-14T02:49:12","guid":{"rendered":"https:\/\/lasprimeras.com.do\/?p=106328"},"modified":"2025-08-13T22:49:13","modified_gmt":"2025-08-14T02:49:13","slug":"zoraima-cuello-insta-a-america-latina-a-liderar-la-ia-con-vision-competitiva-y-enfoque-humano","status":"publish","type":"post","link":"https:\/\/lasprimeras.com.do\/index.php\/2025\/08\/13\/zoraima-cuello-insta-a-america-latina-a-liderar-la-ia-con-vision-competitiva-y-enfoque-humano\/","title":{"rendered":"Zoraima Cuello insta a Am\u00e9rica Latina a liderar la IA con visi\u00f3n competitiva y enfoque humano"},"content":{"rendered":"\n<p>Medell\u00edn, Colombia \u2013 . La vicepresidenta del Partido de la Liberaci\u00f3n Dominicana (PLD), Zoraima Cuello, inst\u00f3 a que Am\u00e9rica Latina asuma con decisi\u00f3n el liderazgo en Inteligencia Artificial (IA) como herramienta estrat\u00e9gica para impulsar la competitividad, la productividad y la equidad social, durante su conferencia magistral en el encuentro internacional \u201cInteligencia Artificial en Latinoam\u00e9rica: Futuro y Prospectiva\u201d, celebrado en Medell\u00edn, Colombia.<\/p>\n\n\n\n<p>En su discurso, Cuello precis\u00f3 que la IA ya no es una opci\u00f3n, sino una urgencia estrat\u00e9gica para el progreso de la regi\u00f3n, y que su adopci\u00f3n debe estar acompa\u00f1ada de estrategias nacionales s\u00f3lidas, inversi\u00f3n decidida y un enfoque \u00e9tico que ponga a la persona en el centro, tal como promueve el \u00faltimo informe de Desarrollo Humano del Programa de Naciones Unidas para el Desarrollo (PNUD).<\/p>\n\n\n\n<p>Durante su intervenci\u00f3n, destac\u00f3 que en este momento, solo 7 pa\u00edses de la regi\u00f3n cuentan con una estrategia nacional de IA, mientras que la inversi\u00f3n en Investigaci\u00f3n y Desarrollo no supera el 1% del PIB, y es a\u00fan menor en IA, sumado a esto, explic\u00f3 c\u00f3mo profesionales altamente capacitados migran hacia otros pa\u00edses, debilitando la capacidad de innovaci\u00f3n local.<\/p>\n\n\n\n<p>Hizo un llamado a renovar los sistemas educativos heredado del siglo XIX que no preparan a los estudiantes para la era digital y ha recomendado un modelo centrado en pensamiento cr\u00edtico, la creatividad y el uso \u00e9tico y responsable de la IA.<\/p>\n\n\n\n<p>La doctora Cuello present\u00f3 estudios que muestran evidencias de c\u00f3mo el uso de la IA reduce tiempos de trabajo y fortalece pol\u00edticas sociales, destacando su potencial para transformar vidas y resolver problemas estructurales,<\/p>\n\n\n\n<figure class=\"wp-block-embed is-type-video is-provider-youtube wp-block-embed-youtube wp-embed-aspect-9-16 wp-has-aspect-ratio\"><div class=\"wp-block-embed__wrapper\">\n<iframe title=\"Zoraima Cuello insta a Am\u00e9rica Latina a liderar IA con visi\u00f3n competitiva y enfoque humano\" width=\"422\" height=\"750\" src=\"https:\/\/www.youtube.com\/embed\/lx8HrvNrDlI?feature=oembed\" frameborder=\"0\" allow=\"accelerometer; autoplay; clipboard-write; encrypted-media; gyroscope; picture-in-picture; web-share\" referrerpolicy=\"strict-origin-when-cross-origin\" allowfullscreen><\/iframe>\n<\/div><\/figure>\n\n\n\n<p>\u201cAm\u00e9rica Latina no es pobre en talento, es pobre en visi\u00f3n estrat\u00e9gica com\u00fan\u201d, afirm\u00f3, llamando a construir una red regional de IA al estilo de la Uni\u00f3n Europea. Urgi\u00f3 a definir marcos claros para evitar abusos y formar a las nuevas generaciones en el uso correcto de la tecnolog\u00eda y recalc\u00f3 que sin conectividad y actualizaci\u00f3n permanente, la regi\u00f3n no podr\u00e1 competir globalmente.<\/p>\n\n\n\n<p>Zoraima Cuello reafirm\u00f3 su compromiso con una transformaci\u00f3n digital inclusiva y competitiva, que no solo impulse el crecimiento econ\u00f3mico, sino que reduzca desigualdades y fortalezca el desarrollo humano en Am\u00e9rica Latina.<\/p>\n\n\n\n<p>Este encuentro fue organizado por la Red de Inteligencia Artificial de Am\u00e9rica Latina con el apoyo de la Universidad Lux de M\u00e9xico y la Universidad CEIPA de Colombia.<\/p>\n","protected":false},"excerpt":{"rendered":"<p>Medell\u00edn, Colombia \u2013 . La vicepresidenta del Partido de la Liberaci\u00f3n Dominicana (PLD), Zoraima Cuello, inst\u00f3 a que Am\u00e9rica Latina asuma con decisi\u00f3n el liderazgo en Inteligencia Artificial (IA) como&hellip;<\/p>\n","protected":false},"author":10,"featured_media":106329,"comment_status":"open","ping_status":"open","sticky":false,"template":"","format":"standard","meta":{"content-type":"","jetpack_post_was_ever_published":false,"_jetpack_newsletter_access":"","_jetpack_dont_email_post_to_subs":false,"_jetpack_newsletter_tier_id":0,"_jetpack_memberships_contains_paywalled_content":false,"_jetpack_memberships_contains_paid_content":false,"footnotes":""},"categories":[16559,25],"tags":[875,23136,85,23135,12713],"class_list":["post-106328","post","type-post","status-publish","format-standard","has-post-thumbnail","hentry","category-politica","category-portada","tag-america-latina","tag-enfoque-humano","tag-inteligencia-artificial","tag-vision-competitiva","tag-zoraima-cuello"],"jetpack_featured_media_url":"https:\/\/lasprimeras.com.do\/wp-content\/uploads\/2025\/08\/zoraima.jpg","jetpack-related-posts":[{"id":92818,"url":"https:\/\/lasprimeras.com.do\/index.php\/2025\/01\/15\/zoraima-cuello-retrasos-en-educacion-debilita-capacidad-para-avanzar\/","url_meta":{"origin":106328,"position":0},"title":"Zoraima Cuello: Retrasos en educaci\u00f3n debilita capacidad para avanzar","author":"Nelson Feliz","date":"15 de enero de 2025","format":false,"excerpt":"\u201cEl uso del 4 % del PIB en educaci\u00f3n en los \u00faltimos a\u00f1os revela falta de enfoque estrat\u00e9gico para impactar positivamente en los resultados. El vicepresidenta del Partido de la Liberaci\u00f3n Dominicana, Zoraima Cuello, advirti\u00f3 que los retrocesos en nuestro sistema educativo representan una forma m\u00e1s sutil, pero peligrosa, que\u2026","rel":"","context":"En \u00abPOLITICA\u00bb","block_context":{"text":"POLITICA","link":"https:\/\/lasprimeras.com.do\/index.php\/category\/politica\/"},"img":{"alt_text":"","src":"https:\/\/i0.wp.com\/lasprimeras.com.do\/wp-content\/uploads\/2025\/01\/Zoraima-Cuello-1.jpg?resize=350%2C200&ssl=1","width":350,"height":200,"srcset":"https:\/\/i0.wp.com\/lasprimeras.com.do\/wp-content\/uploads\/2025\/01\/Zoraima-Cuello-1.jpg?resize=350%2C200&ssl=1 1x, https:\/\/i0.wp.com\/lasprimeras.com.do\/wp-content\/uploads\/2025\/01\/Zoraima-Cuello-1.jpg?resize=525%2C300&ssl=1 1.5x, https:\/\/i0.wp.com\/lasprimeras.com.do\/wp-content\/uploads\/2025\/01\/Zoraima-Cuello-1.jpg?resize=700%2C400&ssl=1 2x"},"classes":[]},{"id":115806,"url":"https:\/\/lasprimeras.com.do\/index.php\/2025\/11\/25\/zoraima-cuello-presenta-estudio-que-desmonta-mitos-sobre-el-liderazgo-femenino-y-masculino\/","url_meta":{"origin":106328,"position":1},"title":"Zoraima Cuello presenta estudio que desmonta mitos sobre el liderazgo femenino y masculino","author":"Nelson Feliz","date":"25 de noviembre de 2025","format":false,"excerpt":"Los hallazgos confirman que tanto hombres como mujeres poseen niveles equivalentes de competencias. La pol\u00edtica, acad\u00e9mica e investigadora Zoraima Cuello present\u00f3 este martes los resultados de un estudio que analiza el desempe\u00f1o de 6,046 personas evaluadas para asumir roles directivos en el sector privado, en el IV Congreso Internacional de\u2026","rel":"","context":"En \u00abPOLITICA\u00bb","block_context":{"text":"POLITICA","link":"https:\/\/lasprimeras.com.do\/index.php\/category\/politica\/"},"img":{"alt_text":"Zoraima Cuello","src":"https:\/\/i0.wp.com\/lasprimeras.com.do\/wp-content\/uploads\/2024\/10\/Zoraima-Cuello.jpg?resize=350%2C200&ssl=1","width":350,"height":200,"srcset":"https:\/\/i0.wp.com\/lasprimeras.com.do\/wp-content\/uploads\/2024\/10\/Zoraima-Cuello.jpg?resize=350%2C200&ssl=1 1x, https:\/\/i0.wp.com\/lasprimeras.com.do\/wp-content\/uploads\/2024\/10\/Zoraima-Cuello.jpg?resize=525%2C300&ssl=1 1.5x"},"classes":[]},{"id":87607,"url":"https:\/\/lasprimeras.com.do\/index.php\/2024\/08\/14\/bartolome-pujals-llama-a-paises-latinoamericanos-a-crear-juntos-un-ecosistema-regional-de-ia\/","url_meta":{"origin":106328,"position":2},"title":"Bartolom\u00e9 Pujals llama a pa\u00edses latinoamericanos a crear juntos un ecosistema regional de IA","author":"Nelson Feliz","date":"14 de agosto de 2024","format":false,"excerpt":"El director general de la Oficina Gubernamental de Tecnolog\u00edas de la Informaci\u00f3n y Comunicaci\u00f3n (OGTIC) expuso en la Cumbre Ministerial Latinoamericana y del Caribe sobre Inteligencia Artificial desarrollada en Cartagena, Colombia, las iniciativas que se han implementado para la creaci\u00f3n de un ecosistema de inteligencia artificial y el desarrollo de\u2026","rel":"","context":"En \u00abPORTADA\u00bb","block_context":{"text":"PORTADA","link":"https:\/\/lasprimeras.com.do\/index.php\/category\/portada\/"},"img":{"alt_text":"Participantes Cumbre Ministerial IA","src":"https:\/\/i0.wp.com\/lasprimeras.com.do\/wp-content\/uploads\/2024\/08\/Participantes-Cumbre-Ministerial-IA.jpg?resize=350%2C200&ssl=1","width":350,"height":200,"srcset":"https:\/\/i0.wp.com\/lasprimeras.com.do\/wp-content\/uploads\/2024\/08\/Participantes-Cumbre-Ministerial-IA.jpg?resize=350%2C200&ssl=1 1x, https:\/\/i0.wp.com\/lasprimeras.com.do\/wp-content\/uploads\/2024\/08\/Participantes-Cumbre-Ministerial-IA.jpg?resize=525%2C300&ssl=1 1.5x, https:\/\/i0.wp.com\/lasprimeras.com.do\/wp-content\/uploads\/2024\/08\/Participantes-Cumbre-Ministerial-IA.jpg?resize=700%2C400&ssl=1 2x"},"classes":[]},{"id":86392,"url":"https:\/\/lasprimeras.com.do\/index.php\/2024\/07\/24\/zoraima-cuello-aboga-una-gestion-publica-centrada-en-la-gente\/","url_meta":{"origin":106328,"position":3},"title":"Zoraima Cuello aboga una gesti\u00f3n p\u00fablica centrada en la gente","author":"Nelson Feliz","date":"24 de julio de 2024","format":false,"excerpt":"La ex candidata vicepresidencial del Partido de la Liberaci\u00f3n Dominicana, Zoraima Cuello, considera que el pa\u00eds requiere una gesti\u00f3n p\u00fablica centrada en la gente, que responda a sus demandas y necesidades, lo que impone, en primer plano la eficiencia en el gasto p\u00fablico, lo que considera clave para el desarrollo\u2026","rel":"","context":"En \u00abPORTADA\u00bb","block_context":{"text":"PORTADA","link":"https:\/\/lasprimeras.com.do\/index.php\/category\/portada\/"},"img":{"alt_text":"Zoraima Cuello","src":"https:\/\/i0.wp.com\/lasprimeras.com.do\/wp-content\/uploads\/2024\/07\/Zoraima-Cuello.jpg?resize=350%2C200&ssl=1","width":350,"height":200,"srcset":"https:\/\/i0.wp.com\/lasprimeras.com.do\/wp-content\/uploads\/2024\/07\/Zoraima-Cuello.jpg?resize=350%2C200&ssl=1 1x, https:\/\/i0.wp.com\/lasprimeras.com.do\/wp-content\/uploads\/2024\/07\/Zoraima-Cuello.jpg?resize=525%2C300&ssl=1 1.5x"},"classes":[]},{"id":99085,"url":"https:\/\/lasprimeras.com.do\/index.php\/2025\/05\/17\/las-tecnologias-exponenciales-como-catalizadores-de-la-competitividad-empresarial\/","url_meta":{"origin":106328,"position":4},"title":"Las tecnolog\u00edas exponenciales como catalizadores de la competitividad empresarial","author":"Nelson Feliz","date":"17 de mayo de 2025","format":false,"excerpt":"En el contexto del D\u00eda Mundial del Internet, este 17 de mayo, expertos se\u00f1alan como crucial reflexionar sobre el papel transformador que la tecnolog\u00eda desempe\u00f1a en el \u00e1mbito empresarial. Hoy en d\u00eda, la tecnolog\u00eda no solo act\u00faa como un medio de conexi\u00f3n, sino que se ha convertido en un motor\u2026","rel":"","context":"En \u00abOPINI\u00d3N\u00bb","block_context":{"text":"OPINI\u00d3N","link":"https:\/\/lasprimeras.com.do\/index.php\/category\/opinion\/"},"img":{"alt_text":"","src":"https:\/\/i0.wp.com\/lasprimeras.com.do\/wp-content\/uploads\/2025\/05\/IMAGEN-REFERENCIA.jpg?resize=350%2C200&ssl=1","width":350,"height":200,"srcset":"https:\/\/i0.wp.com\/lasprimeras.com.do\/wp-content\/uploads\/2025\/05\/IMAGEN-REFERENCIA.jpg?resize=350%2C200&ssl=1 1x, https:\/\/i0.wp.com\/lasprimeras.com.do\/wp-content\/uploads\/2025\/05\/IMAGEN-REFERENCIA.jpg?resize=525%2C300&ssl=1 1.5x, https:\/\/i0.wp.com\/lasprimeras.com.do\/wp-content\/uploads\/2025\/05\/IMAGEN-REFERENCIA.jpg?resize=700%2C400&ssl=1 2x"},"classes":[]},{"id":101956,"url":"https:\/\/lasprimeras.com.do\/index.php\/2025\/06\/29\/expertos-analizan-desafios-y-perspectivas-de-la-ia-en-la-educacion-superior-de-america-latina\/","url_meta":{"origin":106328,"position":5},"title":"Expertos analizan desaf\u00edos y perspectivas de la IA en la Educaci\u00f3n Superior de Am\u00e9rica Latina","author":"Nelson Feliz","date":"29 de junio de 2025","format":false,"excerpt":"-RD se suma al debate regional sobre Inteligencia Artificial en la educaci\u00f3n superior con apoyo de Corea del Sur. -Rep\u00fablica Dominicana fue sede por primera vez del Congreso Regional de IA organizado por el KDI de Corea del Sur. El Ministerio de Educaci\u00f3n Superior, Ciencia y Tecnolog\u00eda (MESCyT), celebr\u00f3 el\u2026","rel":"","context":"En \u00abNACIONALES\u00bb","block_context":{"text":"NACIONALES","link":"https:\/\/lasprimeras.com.do\/index.php\/category\/nacionales\/"},"img":{"alt_text":"","src":"https:\/\/i0.wp.com\/lasprimeras.com.do\/wp-content\/uploads\/2025\/06\/Expertos.jpg?resize=350%2C200&ssl=1","width":350,"height":200,"srcset":"https:\/\/i0.wp.com\/lasprimeras.com.do\/wp-content\/uploads\/2025\/06\/Expertos.jpg?resize=350%2C200&ssl=1 1x, https:\/\/i0.wp.com\/lasprimeras.com.do\/wp-content\/uploads\/2025\/06\/Expertos.jpg?resize=525%2C300&ssl=1 1.5x, https:\/\/i0.wp.com\/lasprimeras.com.do\/wp-content\/uploads\/2025\/06\/Expertos.jpg?resize=700%2C400&ssl=1 2x"},"classes":[]}],"jetpack_sharing_enabled":true,"_links":{"self":[{"href":"https:\/\/lasprimeras.com.do\/index.php\/wp-json\/wp\/v2\/posts\/106328","targetHints":{"allow":["GET"]}}],"collection":[{"href":"https:\/\/lasprimeras.com.do\/index.php\/wp-json\/wp\/v2\/posts"}],"about":[{"href":"https:\/\/lasprimeras.com.do\/index.php\/wp-json\/wp\/v2\/types\/post"}],"author":[{"embeddable":true,"href":"https:\/\/lasprimeras.com.do\/index.php\/wp-json\/wp\/v2\/users\/10"}],"replies":[{"embeddable":true,"href":"https:\/\/lasprimeras.com.do\/index.php\/wp-json\/wp\/v2\/comments?post=106328"}],"version-history":[{"count":1,"href":"https:\/\/lasprimeras.com.do\/index.php\/wp-json\/wp\/v2\/posts\/106328\/revisions"}],"predecessor-version":[{"id":106330,"href":"https:\/\/lasprimeras.com.do\/index.php\/wp-json\/wp\/v2\/posts\/106328\/revisions\/106330"}],"wp:featuredmedia":[{"embeddable":true,"href":"https:\/\/lasprimeras.com.do\/index.php\/wp-json\/wp\/v2\/media\/106329"}],"wp:attachment":[{"href":"https:\/\/lasprimeras.com.do\/index.php\/wp-json\/wp\/v2\/media?parent=106328"}],"wp:term":[{"taxonomy":"category","embeddable":true,"href":"https:\/\/lasprimeras.com.do\/index.php\/wp-json\/wp\/v2\/categories?post=106328"},{"taxonomy":"post_tag","embeddable":true,"href":"https:\/\/lasprimeras.com.do\/index.php\/wp-json\/wp\/v2\/tags?post=106328"}],"curies":[{"name":"wp","href":"https:\/\/api.w.org\/{rel}","templated":true}]}}