{"id":106333,"date":"2025-08-13T22:58:25","date_gmt":"2025-08-14T02:58:25","guid":{"rendered":"https:\/\/lasprimeras.com.do\/?p=106333"},"modified":"2025-08-13T22:58:29","modified_gmt":"2025-08-14T02:58:29","slug":"abinader-inaugurara-circunvalacion-de-bani-este-jueves","status":"publish","type":"post","link":"https:\/\/lasprimeras.com.do\/index.php\/2025\/08\/13\/abinader-inaugurara-circunvalacion-de-bani-este-jueves\/","title":{"rendered":"Abinader inaugurar\u00e1 circunvalaci\u00f3n de Ban\u00ed este jueves"},"content":{"rendered":"\n<p><strong>Esta obra permitir\u00e1 reducir tiempos de desplazamiento y dinamizar\u00e1 econom\u00eda en regi\u00f3n sur.<\/strong><\/p>\n\n\n\n<p>El presidente Luis Abinader encabezar\u00e1 este jueves la inauguraci\u00f3n de la circunvalaci\u00f3n de Ban\u00ed, obra vial de gran importancia que permitir\u00e1, no solo reducir el tiempo de desplazamiento por la regi\u00f3n sur del pa\u00eds, sino tambi\u00e9n que dinamizar\u00e1 su econom\u00eda.<\/p>\n\n\n\n<p>Se proyecta que esta nueva v\u00eda contribuya con el desarrollo tur\u00edstico, social y econ\u00f3mico del sur. Adem\u00e1s facilitar\u00e1 el desahogo del tr\u00e1nsito vehicular en Ban\u00ed.<\/p>\n\n\n\n<p>Con una extensi\u00f3n de 19 kil\u00f3metros, la misma forma parte de un plan integral que incluye la circunvalaci\u00f3n de Azua y la carretera Barahona-Enriquillo.<\/p>\n","protected":false},"excerpt":{"rendered":"<p>Esta obra permitir\u00e1 reducir tiempos de desplazamiento y dinamizar\u00e1 econom\u00eda en regi\u00f3n sur. El presidente Luis Abinader encabezar\u00e1 este jueves la inauguraci\u00f3n de la circunvalaci\u00f3n de Ban\u00ed, obra vial de&hellip;<\/p>\n","protected":false},"author":10,"featured_media":106334,"comment_status":"open","ping_status":"open","sticky":false,"template":"","format":"standard","meta":{"content-type":"","jetpack_post_was_ever_published":false,"_jetpack_newsletter_access":"","_jetpack_dont_email_post_to_subs":false,"_jetpack_newsletter_tier_id":0,"_jetpack_memberships_contains_paywalled_content":false,"_jetpack_memberships_contains_paid_content":false,"footnotes":""},"categories":[35,25],"tags":[963,7322,21129,23137,67],"class_list":["post-106333","post","type-post","status-publish","format-standard","has-post-thumbnail","hentry","category-nacionales","category-portada","tag-bani","tag-circunvalacion","tag-este-jueves","tag-inaugurara","tag-luis-abinader"],"jetpack_featured_media_url":"https:\/\/lasprimeras.com.do\/wp-content\/uploads\/2025\/08\/Circunvalacion-Bani.jpg","jetpack-related-posts":[{"id":126417,"url":"https:\/\/lasprimeras.com.do\/index.php\/2026\/04\/01\/circunvalacion-de-bani-solo-hacia-el-sur-desde-hoy\/","url_meta":{"origin":106333,"position":0},"title":"Circunvalaci\u00f3n de Ban\u00ed: solo hacia el Sur desde hoy","author":"Nelson Feliz","date":"1 de abril de 2026","format":false,"excerpt":"A partir de la tarde de este Mi\u00e9rcoles Santo, la Circunvalaci\u00f3n de Ban\u00ed funcionar\u00e1 de una v\u00eda hacia la regi\u00f3n sur, para evitar accidentes de tr\u00e1nsito. Y el Domingo de Resurrecci\u00f3n ser\u00e1 todo lo contrario: de una v\u00eda, pero desde el sur hacia Santo Domingo, a partir de las 2:00\u2026","rel":"","context":"En \u00abNACIONALES\u00bb","block_context":{"text":"NACIONALES","link":"https:\/\/lasprimeras.com.do\/index.php\/category\/nacionales\/"},"img":{"alt_text":"Circunvalaci\u00f3n de Ban\u00ed","src":"https:\/\/i0.wp.com\/lasprimeras.com.do\/wp-content\/uploads\/2026\/04\/Circunvalacion-de-Bani.jpeg?resize=350%2C200&ssl=1","width":350,"height":200,"srcset":"https:\/\/i0.wp.com\/lasprimeras.com.do\/wp-content\/uploads\/2026\/04\/Circunvalacion-de-Bani.jpeg?resize=350%2C200&ssl=1 1x, https:\/\/i0.wp.com\/lasprimeras.com.do\/wp-content\/uploads\/2026\/04\/Circunvalacion-de-Bani.jpeg?resize=525%2C300&ssl=1 1.5x, https:\/\/i0.wp.com\/lasprimeras.com.do\/wp-content\/uploads\/2026\/04\/Circunvalacion-de-Bani.jpeg?resize=700%2C400&ssl=1 2x"},"classes":[]},{"id":112750,"url":"https:\/\/lasprimeras.com.do\/index.php\/2025\/10\/27\/circunvalacion-de-bani-presenta-grietas-a-dos-meses-de-su-inauguracion\/","url_meta":{"origin":106333,"position":1},"title":"Circunvalaci\u00f3n de Ban\u00ed presenta grietas a dos meses de su inauguraci\u00f3n","author":"Nelson Feliz","date":"27 de octubre de 2025","format":false,"excerpt":"El tramo de la circunvalaci\u00f3n de Ban\u00ed, ubicado justo antes de la entrada de Gale\u00f3n, presenta diversas grietas en su infraestructura vial, lo que ha generado preocupaci\u00f3n a tan solo dos meses y medio de su inauguraci\u00f3n. Las grietas fueron reportadas tras un recorrido por la zona en los d\u00edas\u2026","rel":"","context":"En \u00abNACIONALES\u00bb","block_context":{"text":"NACIONALES","link":"https:\/\/lasprimeras.com.do\/index.php\/category\/nacionales\/"},"img":{"alt_text":"","src":"https:\/\/i0.wp.com\/lasprimeras.com.do\/wp-content\/uploads\/2025\/10\/GRIETAS-EN-CIRCUNVALACION-DE-BANI-780x470-1.jpeg?resize=350%2C200&ssl=1","width":350,"height":200,"srcset":"https:\/\/i0.wp.com\/lasprimeras.com.do\/wp-content\/uploads\/2025\/10\/GRIETAS-EN-CIRCUNVALACION-DE-BANI-780x470-1.jpeg?resize=350%2C200&ssl=1 1x, https:\/\/i0.wp.com\/lasprimeras.com.do\/wp-content\/uploads\/2025\/10\/GRIETAS-EN-CIRCUNVALACION-DE-BANI-780x470-1.jpeg?resize=525%2C300&ssl=1 1.5x, https:\/\/i0.wp.com\/lasprimeras.com.do\/wp-content\/uploads\/2025\/10\/GRIETAS-EN-CIRCUNVALACION-DE-BANI-780x470-1.jpeg?resize=700%2C400&ssl=1 2x"},"classes":[]},{"id":126521,"url":"https:\/\/lasprimeras.com.do\/index.php\/2026\/04\/02\/caos-en-la-carretera-bani-sc-por-alto-flujo-vehicular\/","url_meta":{"origin":106333,"position":2},"title":"Caos en la carretera Ban\u00ed-SC por alto flujo vehicular","author":"Nelson Feliz","date":"2 de abril de 2026","format":false,"excerpt":"Cientos de veh\u00edculos transitan por las carreteras y calles de las provincias del Sur y Suroeste del pa\u00eds, movilizando a miles de personas que se trasladan durante esta Semana Santa para visitar familiares, playas y balnearios desde este Jueves Santo hasta el Domingo de Resurrecci\u00f3n. En la carretera S\u00e1nchez, espec\u00edficamente\u2026","rel":"","context":"En \u00abNACIONALES\u00bb","block_context":{"text":"NACIONALES","link":"https:\/\/lasprimeras.com.do\/index.php\/category\/nacionales\/"},"img":{"alt_text":"","src":"https:\/\/i0.wp.com\/lasprimeras.com.do\/wp-content\/uploads\/2026\/04\/tapon.jpg?resize=350%2C200&ssl=1","width":350,"height":200,"srcset":"https:\/\/i0.wp.com\/lasprimeras.com.do\/wp-content\/uploads\/2026\/04\/tapon.jpg?resize=350%2C200&ssl=1 1x, https:\/\/i0.wp.com\/lasprimeras.com.do\/wp-content\/uploads\/2026\/04\/tapon.jpg?resize=525%2C300&ssl=1 1.5x"},"classes":[]},{"id":121291,"url":"https:\/\/lasprimeras.com.do\/index.php\/2026\/02\/03\/ex-senador-pedro-alegriala-circunvalacion-de-bani-es-la-mas-peligrosa-del-pais\/","url_meta":{"origin":106333,"position":3},"title":"Ex senador Pedro Alegr\u00eda:La circunvalaci\u00f3n de Ban\u00ed es la m\u00e1s peligrosa del pa\u00eds","author":"Nelson Feliz","date":"3 de febrero de 2026","format":false,"excerpt":"Alegria critica circunvalaci\u00f3n no sea de cuatro carriles ni tenga espacios centrales para futura ampliaci\u00f3n. La circunvalaci\u00f3n de Ban\u00ed se ha convertido, en tiempo r\u00e9cord, en un s\u00edmbolo de improvisaci\u00f3n, falta de visi\u00f3n y alto costo humano. El m\u00e1s reciente accidente de tr\u00e1nsito, que dej\u00f3 tres personas fallecidas y varios\u2026","rel":"","context":"En \u00abPOLITICA\u00bb","block_context":{"text":"POLITICA","link":"https:\/\/lasprimeras.com.do\/index.php\/category\/politica\/"},"img":{"alt_text":"","src":"https:\/\/i0.wp.com\/lasprimeras.com.do\/wp-content\/uploads\/2025\/08\/Circunvalacion-Bani.jpg?resize=350%2C200&ssl=1","width":350,"height":200,"srcset":"https:\/\/i0.wp.com\/lasprimeras.com.do\/wp-content\/uploads\/2025\/08\/Circunvalacion-Bani.jpg?resize=350%2C200&ssl=1 1x, https:\/\/i0.wp.com\/lasprimeras.com.do\/wp-content\/uploads\/2025\/08\/Circunvalacion-Bani.jpg?resize=525%2C300&ssl=1 1.5x"},"classes":[]},{"id":122542,"url":"https:\/\/lasprimeras.com.do\/index.php\/2026\/02\/19\/presidente-abinader-supervisa-avances-en-la-circunvalacion-de-navarrete\/","url_meta":{"origin":106333,"position":4},"title":"Presidente Abinader supervisa avances en la Circunvalaci\u00f3n de Navarrete","author":"Nelson Feliz","date":"19 de febrero de 2026","format":false,"excerpt":"La inauguraci\u00f3n est\u00e1 proyectada para agosto 2026. El presidente Luis Abinader supervis\u00f3 este mi\u00e9rcoles los avances en la construcci\u00f3n de la Circunvalaci\u00f3n de Navarrete, una obra vial de 12.9 kil\u00f3metros que fortalecer\u00e1 la conectividad y el desarrollo de la regi\u00f3n noroeste del pa\u00eds, cuya inauguraci\u00f3n est\u00e1 proyectada para agosto del\u2026","rel":"","context":"En \u00abNACIONALES\u00bb","block_context":{"text":"NACIONALES","link":"https:\/\/lasprimeras.com.do\/index.php\/category\/nacionales\/"},"img":{"alt_text":"Luis Abinader","src":"https:\/\/i0.wp.com\/lasprimeras.com.do\/wp-content\/uploads\/2026\/02\/Luis-Abinader-4.jpg?resize=350%2C200&ssl=1","width":350,"height":200,"srcset":"https:\/\/i0.wp.com\/lasprimeras.com.do\/wp-content\/uploads\/2026\/02\/Luis-Abinader-4.jpg?resize=350%2C200&ssl=1 1x, https:\/\/i0.wp.com\/lasprimeras.com.do\/wp-content\/uploads\/2026\/02\/Luis-Abinader-4.jpg?resize=525%2C300&ssl=1 1.5x, https:\/\/i0.wp.com\/lasprimeras.com.do\/wp-content\/uploads\/2026\/02\/Luis-Abinader-4.jpg?resize=700%2C400&ssl=1 2x"},"classes":[]},{"id":114268,"url":"https:\/\/lasprimeras.com.do\/index.php\/2025\/11\/12\/teodoro-estima-fallo-en-la-circunvalacion-de-bani-es-minimo-en-relacion-a-los-kilometros-lineales-de-los-taludes\/","url_meta":{"origin":106333,"position":5},"title":"Teodoro estima fallo en la circunvalaci\u00f3n de Ban\u00ed es m\u00ednimo en relaci\u00f3n a los kil\u00f3metros lineales de los taludes","author":"Nelson Feliz","date":"12 de noviembre de 2025","format":false,"excerpt":"El ex presidente del Colegio de Ingenieros, Arquitectos y Agrimensores \u2013CODIA-, Ing. Teodoro Tejada consider\u00f3 que el fallo en el talud de la circunvalaci\u00f3n de Ban\u00ed, se produjo fundamentalmente por los intensos aguaceros que dejaron un acumulado de lluvias de unos 300 mil\u00edmetros de lluvias por metro cuadrado en la\u2026","rel":"","context":"En \u00abNACIONALES\u00bb","block_context":{"text":"NACIONALES","link":"https:\/\/lasprimeras.com.do\/index.php\/category\/nacionales\/"},"img":{"alt_text":"Teodoro Tejada","src":"https:\/\/i0.wp.com\/lasprimeras.com.do\/wp-content\/uploads\/2025\/09\/Teodoro-Tejada.jpg?resize=350%2C200&ssl=1","width":350,"height":200,"srcset":"https:\/\/i0.wp.com\/lasprimeras.com.do\/wp-content\/uploads\/2025\/09\/Teodoro-Tejada.jpg?resize=350%2C200&ssl=1 1x, https:\/\/i0.wp.com\/lasprimeras.com.do\/wp-content\/uploads\/2025\/09\/Teodoro-Tejada.jpg?resize=525%2C300&ssl=1 1.5x, https:\/\/i0.wp.com\/lasprimeras.com.do\/wp-content\/uploads\/2025\/09\/Teodoro-Tejada.jpg?resize=700%2C400&ssl=1 2x"},"classes":[]}],"jetpack_sharing_enabled":true,"_links":{"self":[{"href":"https:\/\/lasprimeras.com.do\/index.php\/wp-json\/wp\/v2\/posts\/106333","targetHints":{"allow":["GET"]}}],"collection":[{"href":"https:\/\/lasprimeras.com.do\/index.php\/wp-json\/wp\/v2\/posts"}],"about":[{"href":"https:\/\/lasprimeras.com.do\/index.php\/wp-json\/wp\/v2\/types\/post"}],"author":[{"embeddable":true,"href":"https:\/\/lasprimeras.com.do\/index.php\/wp-json\/wp\/v2\/users\/10"}],"replies":[{"embeddable":true,"href":"https:\/\/lasprimeras.com.do\/index.php\/wp-json\/wp\/v2\/comments?post=106333"}],"version-history":[{"count":1,"href":"https:\/\/lasprimeras.com.do\/index.php\/wp-json\/wp\/v2\/posts\/106333\/revisions"}],"predecessor-version":[{"id":106335,"href":"https:\/\/lasprimeras.com.do\/index.php\/wp-json\/wp\/v2\/posts\/106333\/revisions\/106335"}],"wp:featuredmedia":[{"embeddable":true,"href":"https:\/\/lasprimeras.com.do\/index.php\/wp-json\/wp\/v2\/media\/106334"}],"wp:attachment":[{"href":"https:\/\/lasprimeras.com.do\/index.php\/wp-json\/wp\/v2\/media?parent=106333"}],"wp:term":[{"taxonomy":"category","embeddable":true,"href":"https:\/\/lasprimeras.com.do\/index.php\/wp-json\/wp\/v2\/categories?post=106333"},{"taxonomy":"post_tag","embeddable":true,"href":"https:\/\/lasprimeras.com.do\/index.php\/wp-json\/wp\/v2\/tags?post=106333"}],"curies":[{"name":"wp","href":"https:\/\/api.w.org\/{rel}","templated":true}]}}