{"id":106336,"date":"2025-08-13T23:08:09","date_gmt":"2025-08-14T03:08:09","guid":{"rendered":"https:\/\/lasprimeras.com.do\/?p=106336"},"modified":"2025-08-13T23:08:12","modified_gmt":"2025-08-14T03:08:12","slug":"logan-jimenez-denuncia-quiebra-de-productores-de-tv-y-abandono-a-periodistas","status":"publish","type":"post","link":"https:\/\/lasprimeras.com.do\/index.php\/2025\/08\/13\/logan-jimenez-denuncia-quiebra-de-productores-de-tv-y-abandono-a-periodistas\/","title":{"rendered":"Logan Jim\u00e9nez denuncia quiebra de productores de TV y abandono a periodistas"},"content":{"rendered":"\n<p>El comunicador denuncia que la DIECOM solo beneficia a un grupito de plantas televisivas, mientras peque\u00f1os productores, medios digitales y gremios period\u00edsticos quedan fuera de la publicidad estatal.<\/p>\n\n\n\n<p>El periodista y activista social Logan Jim\u00e9nez Ramos advirti\u00f3 que los productores de televisi\u00f3n locales, en todo el pa\u00eds, atraviesan una crisis sin precedentes como consecuencia de la miseria que viven, causada por el sectarismo publicitario oficial.<\/p>\n\n\n\n<p>El profesional de la comunicaci\u00f3n afirma que el supuesto maltrato del director de Estrategia y Comunicaci\u00f3n Gubernamental (DIECOM), Homero Figueroa, quien estar\u00eda concentrando la millonaria publicidad oficial (11 mil millones de pesos) \u00fanicamente en grandes empresas publicitarias y del sector de la televisi\u00f3n capitalina, donde muchos productores de televisi\u00f3n local languidecen y otros han tenido que irse en yola para Puerto Rico.<\/p>\n\n\n\n<p>Jim\u00e9nez Ramos denunci\u00f3 que esta pol\u00edtica de comunicaci\u00f3n ha generado un grave deterioro en las condiciones econ\u00f3micas de los profesionales de la prensa: \u201cHoy muchos periodistas no tienen ni para comprar los \u00fatiles escolares de sus hijos, medicinas para tratar sus enfermedades, y en muchos casos ni siquiera encuentran qu\u00e9 comer.<\/p>\n\n\n\n<p>En Rep\u00fablica Dominicana, si est\u00e1s muy preparado es malo, y si no lo est\u00e1s, peor; es por ello que no cuentan con recursos econ\u00f3micos apropiados\u201d, afirm\u00f3.<\/p>\n\n\n\n<p>De igual manera el comunicador se\u00f1al\u00f3 que el abandono no afecta solo a periodistas independientes, sino tambi\u00e9n a los gremios que los agrupan.<\/p>\n\n\n\n<p>\u201cEl Colegio Dominicano de Periodistas (CDP) y el Sindicato Nacional de Trabajadores de la Prensa (SNTP) en cada provincia y municipio del pa\u00eds no reciben apoyo. Lo mismo sucede con la Sociedad Dominicana de Medios Digitales (SODOMEDI), cuyos miembros en su mayor\u00eda no cuentan con publicidad estatal, a pesar de hacer una labor informativa permanente y de gran valor en sus comunidades\u201d, puntualiz\u00f3.<\/p>\n\n\n\n<p>De igual forma, lament\u00f3 que se est\u00e9 dejando fuera a peque\u00f1os productores de televisi\u00f3n, medios digitales y periodistas comunitarios, quienes, sin respaldo oficial, sostienen espacios que sirven como plataformas de orientaci\u00f3n ciudadana y vigilancia social. \u201cSe est\u00e1 concentrando el poder medi\u00e1tico en pocas manos y dejando morir a quienes comunican desde las bases\u201d, sostuvo.<\/p>\n\n\n\n<p>En su cr\u00edtica, el periodista afirm\u00f3 que el presidente Luis Abinader \u201cno ha tenido suerte en materia de comunicaci\u00f3n\u201d, al contar con \u201cun vocero elitista\u201d y un director de prensa que, seg\u00fan denunci\u00f3, persigue y maltrata a periodistas, llegando incluso a retirarles acreditaciones, incidir para que pierdan sus empleos y marginarlos de actos oficiales.<\/p>\n\n\n\n<p>Record\u00f3 que, durante la gesti\u00f3n de Milagros Germ\u00e1n como vocera presidencial y directora de DICOM, pese a no contar con experiencia previa, se evidenci\u00f3 apertura y sensibilidad hacia los comunicadores.<\/p>\n\n\n\n<p>\u201cMilagros ayudaba a todos o a la mayor\u00eda, y el presupuesto llegaba a muchos rincones del pa\u00eds sin discriminar entre medios grandes o peque\u00f1os\u201d, se\u00f1al\u00f3.<\/p>\n\n\n\n<p>Asimismo, rindi\u00f3 homenaje al fenecido Roberto Rodr\u00edguez Marchena, a quien calific\u00f3 como \u201cel decano de la comunicaci\u00f3n gubernamental\u201d por su trato fino, respeto y cercan\u00eda con la prensa.<\/p>\n\n\n\n<p>\u201cDeber\u00edan poner un sal\u00f3n en el Palacio Nacional con su nombre. \u201cComo Marchena no hay m\u00e1s copias\u201d, expres\u00f3.<\/p>\n\n\n\n<p>&#8220;En la gesti\u00f3n de don Roberto, nunca se le pregunt\u00f3 a ning\u00fan comunicador en la fuente del Palacio Nacional de qu\u00e9 partido eres; adem\u00e1s, nunca se le dijo a nadie en los pasillos: tienes que decir o hacer tal pregunta; era un ambiente muy respetuoso con los colegas&#8221;, agreg\u00f3 Jim\u00e9nez.<\/p>\n\n\n\n<p>Finalmente, hizo un llamado al mandatario para que instruya a sus funcionarios de comunicaci\u00f3n a erradicar el sectarismo tanto en la DIECOM como en la Direcci\u00f3n de Prensa de la Presidencia (DPP), y a garantizar que la inversi\u00f3n publicitaria llegue a todos los sectores, incluyendo gremios, medios peque\u00f1os y digitales.<\/p>\n\n\n\n<p>&nbsp;\u201cLos comunicadores no son enemigos de ning\u00fan gobierno, son la voz que conecta la gesti\u00f3n p\u00fablica con la ciudadan\u00eda\u201d, subray\u00f3.<\/p>\n","protected":false},"excerpt":{"rendered":"<p>El comunicador denuncia que la DIECOM solo beneficia a un grupito de plantas televisivas, mientras peque\u00f1os productores, medios digitales y gremios period\u00edsticos quedan fuera de la publicidad estatal. El periodista&hellip;<\/p>\n","protected":false},"author":10,"featured_media":106337,"comment_status":"open","ping_status":"open","sticky":false,"template":"","format":"standard","meta":{"content-type":"","jetpack_post_was_ever_published":false,"_jetpack_newsletter_access":"","_jetpack_dont_email_post_to_subs":false,"_jetpack_newsletter_tier_id":0,"_jetpack_memberships_contains_paywalled_content":false,"_jetpack_memberships_contains_paid_content":false,"footnotes":""},"categories":[39,25],"tags":[3709,23138,89,23139,10303],"class_list":["post-106336","post","type-post","status-publish","format-standard","has-post-thumbnail","hentry","category-economia","category-portada","tag-abandono","tag-logan-jimenez-ramos","tag-periodistas","tag-productores-de-tv","tag-quiebra"],"jetpack_featured_media_url":"https:\/\/lasprimeras.com.do\/wp-content\/uploads\/2025\/08\/logan-jimenez.jpg","jetpack-related-posts":[{"id":107202,"url":"https:\/\/lasprimeras.com.do\/index.php\/2025\/08\/24\/fiscalia-de-ciudad-juan-bosch-cita-al-periodista-logan-jimenez-ramos-tras-denuncia-de-dirigente-comunitaria\/","url_meta":{"origin":106336,"position":0},"title":"Fiscal\u00eda de Ciudad Juan Bosch cita al periodista Logan Jim\u00e9nez Ramos tras denuncia de dirigente comunitaria","author":"Nelson Feliz","date":"24 de agosto de 2025","format":false,"excerpt":"Comunicador atribuye la acci\u00f3n en su contra a represalias por sus denuncias sobre camiones del Ayuntamiento SDE que invaden aceras en el residencial El Sembrador I. El periodista y director del multimedio \"La Voz Sin Censura\", Logan Jim\u00e9nez Ramos, denunci\u00f3 que ha sido citado por la Fiscal\u00eda de Ciudad Juan\u2026","rel":"","context":"En \u00abJUSTICIA\u00bb","block_context":{"text":"JUSTICIA","link":"https:\/\/lasprimeras.com.do\/index.php\/category\/justicia\/"},"img":{"alt_text":"Logan Jim\u00e9nez","src":"https:\/\/i0.wp.com\/lasprimeras.com.do\/wp-content\/uploads\/2023\/12\/Logan-Jimenez.jpg?resize=350%2C200&ssl=1","width":350,"height":200,"srcset":"https:\/\/i0.wp.com\/lasprimeras.com.do\/wp-content\/uploads\/2023\/12\/Logan-Jimenez.jpg?resize=350%2C200&ssl=1 1x, https:\/\/i0.wp.com\/lasprimeras.com.do\/wp-content\/uploads\/2023\/12\/Logan-Jimenez.jpg?resize=525%2C300&ssl=1 1.5x, https:\/\/i0.wp.com\/lasprimeras.com.do\/wp-content\/uploads\/2023\/12\/Logan-Jimenez.jpg?resize=700%2C400&ssl=1 2x"},"classes":[]},{"id":103449,"url":"https:\/\/lasprimeras.com.do\/index.php\/2025\/07\/15\/conadeco-red-y-productores-cebolla-denuncian-exclusion-y-exigen-pago-deuda\/","url_meta":{"origin":106336,"position":1},"title":"CONADECO RED y productores cebolla denuncian exclusi\u00f3n y exigen pago deuda","author":"Nelson Feliz","date":"15 de julio de 2025","format":false,"excerpt":"Peque\u00f1os importadores advierten posible crisis alimentaria, dicen Agricultura le debe RD$200 MM El presidente del Consejo Nacional para la Defensa del Comercio (CONADECO RED), Graciano Jim\u00e9nez, denunci\u00f3 el grave impacto que est\u00e1 causando la exclusi\u00f3n sistem\u00e1tica de los peque\u00f1os importadores por parte del Ministerio de Agricultura, en la asignaci\u00f3n de\u2026","rel":"","context":"En \u00abECONOM\u00cdA\u00bb","block_context":{"text":"ECONOM\u00cdA","link":"https:\/\/lasprimeras.com.do\/index.php\/category\/economia\/"},"img":{"alt_text":"","src":"https:\/\/i0.wp.com\/lasprimeras.com.do\/wp-content\/uploads\/2025\/07\/cebolla.jpg?resize=350%2C200&ssl=1","width":350,"height":200,"srcset":"https:\/\/i0.wp.com\/lasprimeras.com.do\/wp-content\/uploads\/2025\/07\/cebolla.jpg?resize=350%2C200&ssl=1 1x, https:\/\/i0.wp.com\/lasprimeras.com.do\/wp-content\/uploads\/2025\/07\/cebolla.jpg?resize=525%2C300&ssl=1 1.5x, https:\/\/i0.wp.com\/lasprimeras.com.do\/wp-content\/uploads\/2025\/07\/cebolla.jpg?resize=700%2C400&ssl=1 2x"},"classes":[]},{"id":72880,"url":"https:\/\/lasprimeras.com.do\/index.php\/2024\/01\/04\/cdp-sntp-consideran-decreto-regula-publicidad-de-gobierno-desfavorece-a-los-medios-alternativos\/","url_meta":{"origin":106336,"position":2},"title":"CDP-SNTP consideran decreto regula publicidad de Gobierno desfavorece a los medios alternativos","author":"Nelson Feliz","date":"4 de enero de 2024","format":false,"excerpt":"El Colegio Dominicano de Periodistas (CDP) y Sindicato Nacional de Trabajadores de la Prensa calificaron de positivo el inicio un proceso de regulaci\u00f3n de la publicidad del Gobierno, aunque considera que el decreto 1-24 desfavorece a los medios alternativos de provincias y a los periodistas que producen programas televisi\u00f3n o\u2026","rel":"","context":"En \u00abNACIONALES\u00bb","block_context":{"text":"NACIONALES","link":"https:\/\/lasprimeras.com.do\/index.php\/category\/nacionales\/"},"img":{"alt_text":"Aurelio Henriquez y Jos\u00e9 Beato","src":"https:\/\/i0.wp.com\/lasprimeras.com.do\/wp-content\/uploads\/2024\/01\/Aurelio-Henriquez-y-Jose-Beato.jpg?resize=350%2C200&ssl=1","width":350,"height":200,"srcset":"https:\/\/i0.wp.com\/lasprimeras.com.do\/wp-content\/uploads\/2024\/01\/Aurelio-Henriquez-y-Jose-Beato.jpg?resize=350%2C200&ssl=1 1x, https:\/\/i0.wp.com\/lasprimeras.com.do\/wp-content\/uploads\/2024\/01\/Aurelio-Henriquez-y-Jose-Beato.jpg?resize=525%2C300&ssl=1 1.5x, https:\/\/i0.wp.com\/lasprimeras.com.do\/wp-content\/uploads\/2024\/01\/Aurelio-Henriquez-y-Jose-Beato.jpg?resize=700%2C400&ssl=1 2x"},"classes":[]},{"id":70915,"url":"https:\/\/lasprimeras.com.do\/index.php\/2023\/12\/15\/aspirante-a-regidor-logan-jimenez-asegura-boca-chica-necesita-verdaderos-defensores\/","url_meta":{"origin":106336,"position":3},"title":"Aspirante a regidor Logan Jim\u00e9nez asegura Boca Chica necesita verdaderos defensores","author":"Nelson Feliz","date":"15 de diciembre de 2023","format":false,"excerpt":"Aspirante a regidor asegura que hacen falta personas comprometidas en los concejos municipales de cada territorio y en especial en Boca Chica. El comunicador Logan Jim\u00e9nez Ramos quien recientemente sorprendi\u00f3 a muchos de sus seguidores en las redes sociales por dar a conocer sus aspiraciones pol\u00edticas como regidor en el\u2026","rel":"","context":"En \u00abPORTADA\u00bb","block_context":{"text":"PORTADA","link":"https:\/\/lasprimeras.com.do\/index.php\/category\/portada\/"},"img":{"alt_text":"Logan Jim\u00e9nez","src":"https:\/\/i0.wp.com\/lasprimeras.com.do\/wp-content\/uploads\/2023\/12\/Logan-Jimenez.jpg?resize=350%2C200&ssl=1","width":350,"height":200,"srcset":"https:\/\/i0.wp.com\/lasprimeras.com.do\/wp-content\/uploads\/2023\/12\/Logan-Jimenez.jpg?resize=350%2C200&ssl=1 1x, https:\/\/i0.wp.com\/lasprimeras.com.do\/wp-content\/uploads\/2023\/12\/Logan-Jimenez.jpg?resize=525%2C300&ssl=1 1.5x, https:\/\/i0.wp.com\/lasprimeras.com.do\/wp-content\/uploads\/2023\/12\/Logan-Jimenez.jpg?resize=700%2C400&ssl=1 2x"},"classes":[]},{"id":72793,"url":"https:\/\/lasprimeras.com.do\/index.php\/2024\/01\/03\/programa-frontal-integra-en-su-produccion-a-dos-jovenes-de-la-plataforma-imaginativa-tv\/","url_meta":{"origin":106336,"position":4},"title":"Programa &#8220;Frontal&#8221; integra en su producci\u00f3n a dos j\u00f3venes de la plataforma &#8220;Imaginativa TV&#8221;","author":"BIMARY DE JES\u00daS Matos","date":"3 de enero de 2024","format":false,"excerpt":"Santo Domingo.-En v\u00edspera del cuarto a\u00f1o de transmisi\u00f3n continua de \"Frontal\", programa especializado en an\u00e1lisis noticioso e investigaci\u00f3n social, su productora Laura Guzm\u00e1n de Ruiz anunci\u00f3 la entrada de dos nuevos talentos provenientes de la plataforma \"TV Imaginativa\u201d. Los j\u00f3venes Jay Jim\u00e9nez y Wen Caminero fueron seleccionados por Laura Guzm\u00e1n\u2026","rel":"","context":"En \u00abENTRETENIMIENTO\u00bb","block_context":{"text":"ENTRETENIMIENTO","link":"https:\/\/lasprimeras.com.do\/index.php\/category\/entretenimiento\/"},"img":{"alt_text":"","src":"https:\/\/i0.wp.com\/lasprimeras.com.do\/wp-content\/uploads\/2024\/01\/WhatsApp-Image-2023-12-30-at-3.02.08-PM-1.jpeg?resize=350%2C200&ssl=1","width":350,"height":200,"srcset":"https:\/\/i0.wp.com\/lasprimeras.com.do\/wp-content\/uploads\/2024\/01\/WhatsApp-Image-2023-12-30-at-3.02.08-PM-1.jpeg?resize=350%2C200&ssl=1 1x, https:\/\/i0.wp.com\/lasprimeras.com.do\/wp-content\/uploads\/2024\/01\/WhatsApp-Image-2023-12-30-at-3.02.08-PM-1.jpeg?resize=525%2C300&ssl=1 1.5x, https:\/\/i0.wp.com\/lasprimeras.com.do\/wp-content\/uploads\/2024\/01\/WhatsApp-Image-2023-12-30-at-3.02.08-PM-1.jpeg?resize=700%2C400&ssl=1 2x"},"classes":[]},{"id":106752,"url":"https:\/\/lasprimeras.com.do\/index.php\/2025\/08\/18\/andres-bautista-juramenta-a-felix-reyna-como-director-de-la-diecom\/","url_meta":{"origin":106336,"position":5},"title":"Andr\u00e9s Bautista juramenta a F\u00e9lix Reyna como director de la DIECOM","author":"Nelson Feliz","date":"18 de agosto de 2025","format":false,"excerpt":"El ministro Administrativo de la Presidencia, Andr\u00e9s Bautista, jurament\u00f3 este lunes a F\u00e9lix Reyna, designado por el presidente Luis Abinader, mediante el Decreto 461-25, como director de la Direcci\u00f3n de Estrategia y Comunicaci\u00f3n Gubernamental (DIECOM). El acto de juramentaci\u00f3n se realiz\u00f3 en el despacho del director de la DIECOM, y\u2026","rel":"","context":"En \u00abNACIONALES\u00bb","block_context":{"text":"NACIONALES","link":"https:\/\/lasprimeras.com.do\/index.php\/category\/nacionales\/"},"img":{"alt_text":"","src":"","width":0,"height":0},"classes":[]}],"jetpack_sharing_enabled":true,"_links":{"self":[{"href":"https:\/\/lasprimeras.com.do\/index.php\/wp-json\/wp\/v2\/posts\/106336","targetHints":{"allow":["GET"]}}],"collection":[{"href":"https:\/\/lasprimeras.com.do\/index.php\/wp-json\/wp\/v2\/posts"}],"about":[{"href":"https:\/\/lasprimeras.com.do\/index.php\/wp-json\/wp\/v2\/types\/post"}],"author":[{"embeddable":true,"href":"https:\/\/lasprimeras.com.do\/index.php\/wp-json\/wp\/v2\/users\/10"}],"replies":[{"embeddable":true,"href":"https:\/\/lasprimeras.com.do\/index.php\/wp-json\/wp\/v2\/comments?post=106336"}],"version-history":[{"count":1,"href":"https:\/\/lasprimeras.com.do\/index.php\/wp-json\/wp\/v2\/posts\/106336\/revisions"}],"predecessor-version":[{"id":106338,"href":"https:\/\/lasprimeras.com.do\/index.php\/wp-json\/wp\/v2\/posts\/106336\/revisions\/106338"}],"wp:featuredmedia":[{"embeddable":true,"href":"https:\/\/lasprimeras.com.do\/index.php\/wp-json\/wp\/v2\/media\/106337"}],"wp:attachment":[{"href":"https:\/\/lasprimeras.com.do\/index.php\/wp-json\/wp\/v2\/media?parent=106336"}],"wp:term":[{"taxonomy":"category","embeddable":true,"href":"https:\/\/lasprimeras.com.do\/index.php\/wp-json\/wp\/v2\/categories?post=106336"},{"taxonomy":"post_tag","embeddable":true,"href":"https:\/\/lasprimeras.com.do\/index.php\/wp-json\/wp\/v2\/tags?post=106336"}],"curies":[{"name":"wp","href":"https:\/\/api.w.org\/{rel}","templated":true}]}}