{"id":106345,"date":"2025-08-13T23:24:34","date_gmt":"2025-08-14T03:24:34","guid":{"rendered":"https:\/\/lasprimeras.com.do\/?p=106345"},"modified":"2025-08-13T23:24:35","modified_gmt":"2025-08-14T03:24:35","slug":"margarita-cedeno-expone-en-foro-onu-mujeres","status":"publish","type":"post","link":"https:\/\/lasprimeras.com.do\/index.php\/2025\/08\/13\/margarita-cedeno-expone-en-foro-onu-mujeres\/","title":{"rendered":"Margarita Cede\u00f1o expone en foro ONU Mujeres"},"content":{"rendered":"\n<p><strong>Exvicepresidenta llama a legislar por sistemas de cuidados que impulsen el desarrollo humano y econ\u00f3mico.<\/strong><\/p>\n\n\n\n<p>La exvicepresidenta de la Rep\u00fablica Dominicana y miembro del Comit\u00e9 Pol\u00edtico del Partido de la Liberaci\u00f3n Dominicana, Margarita Cede\u00f1o, destac\u00f3 la urgencia de reconocer el trabajo de cuidados como un derecho humano, un bien p\u00fablico y un motor para el desarrollo sostenible, durante su participaci\u00f3n en la XVI Conferencia Regional sobre la Mujer de Am\u00e9rica Latina y el Caribe en M\u00e9xico, convocada por ONU Mujeres, en la que abord\u00f3 los desaf\u00edos y oportunidades de la econom\u00eda de cuidados en la regi\u00f3n.<\/p>\n\n\n\n<p>&#8220;El cuidado es un trabajo, un derecho, un bien p\u00fablico y un cambio de paradigma que act\u00faa como motor e impulsor para dinamizar el crecimiento econ\u00f3mico y el desarrollo humano&#8221;, expres\u00f3 Cede\u00f1o, al tiempo que hizo un llamado a los gobiernos de la regi\u00f3n a adoptar legislaciones que integren esta visi\u00f3n de forma estructural y permanente.<\/p>\n\n\n\n<p>Cede\u00f1o record\u00f3 que en 2017 impuls\u00f3 desde la Vicepresidencia de la Rep\u00fablica la construcci\u00f3n del Sistema Nacional de Cuidados Integral, una pol\u00edtica p\u00fablica pionera en la regi\u00f3n, desarrollada con el respaldo del Banco Interamericano de Desarrollo (BID) y de las Naciones Unidas.<\/p>\n\n\n\n<p>\u201cSin sistemas de cuidados s\u00f3lidos no hay sociedad que prospere, y sin un planeta sano no hay bienestar\u201d, sentenci\u00f3 la tambi\u00e9n ex primera dama, subrayando el car\u00e1cter transversal de los cuidados en la vida social, econ\u00f3mica y ambiental de los pueblos.<\/p>\n\n\n\n<p>Durante su intervenci\u00f3n, que comparti\u00f3 en sus redes sociales abog\u00f3 por una mirada m\u00e1s inclusiva y transformadora: \u201cFrente a la policrisis que vivimos, necesitamos sumar voluntades y tender puentes para construir un futuro donde todas las personas puedan vivir con dignidad, con seguridad y sobre todo con esperanza\u201d.<\/p>\n\n\n\n<p>Insisti\u00f3 en que el reconocimiento del trabajo de cuidados debe ir m\u00e1s all\u00e1 del discurso y plasmarse en leyes y presupuestos que asuman el acto de cuidar como un acto de producci\u00f3n, de protecci\u00f3n de la vida y de construcci\u00f3n de ciudadan\u00eda.<\/p>\n\n\n\n<p>\u201cEste foro debe ser el inicio de leyes que abracen ambas agendas y que reconozcan que cuidar tambi\u00e9n es producir, que cuidar tambi\u00e9n es construir futuro y proteger la vida\u201d, afirm\u00f3 y aclar\u00f3 que la econom\u00eda de cuidados no es un asunto menor, sino una columna vertebral para el desarrollo justo y equitativo.<\/p>\n\n\n\n<p>La ex vicepresidenta concluy\u00f3 su conferencia, Desaf\u00edos y oportunidades de la econom\u00eda de cuidados en Am\u00e9rica Latina y el Caribe, afirmando que \u201cdefinitivamente, en Rep\u00fablica Dominicana, las mujeres tambi\u00e9n damos un paso al frente\u201d.<\/p>\n\n\n\n<p>Con estas palabras, Margarita Cede\u00f1o reiter\u00f3 su compromiso con la lucha por la igualdad, la participaci\u00f3n plena de la mujer en todos los espacios de decisi\u00f3n; con el empoderamiento de las mujeres, la justicia social y la creaci\u00f3n de pol\u00edticas que dignifiquen el cuidado, para construir una regi\u00f3n m\u00e1s equitativa y solidaria.<\/p>\n","protected":false},"excerpt":{"rendered":"<p>Exvicepresidenta llama a legislar por sistemas de cuidados que impulsen el desarrollo humano y econ\u00f3mico. La exvicepresidenta de la Rep\u00fablica Dominicana y miembro del Comit\u00e9 Pol\u00edtico del Partido de la&hellip;<\/p>\n","protected":false},"author":10,"featured_media":106346,"comment_status":"open","ping_status":"open","sticky":false,"template":"","format":"standard","meta":{"content-type":"","jetpack_post_was_ever_published":false,"_jetpack_newsletter_access":"","_jetpack_dont_email_post_to_subs":false,"_jetpack_newsletter_tier_id":0,"_jetpack_memberships_contains_paywalled_content":false,"_jetpack_memberships_contains_paid_content":false,"footnotes":""},"categories":[16559,25],"tags":[23143],"class_list":["post-106345","post","type-post","status-publish","format-standard","has-post-thumbnail","hentry","category-politica","category-portada","tag-margarita-cedeno-expone-en-foro-onu-mujeres"],"jetpack_featured_media_url":"https:\/\/lasprimeras.com.do\/wp-content\/uploads\/2025\/08\/Margarita-ONU.jpg","jetpack-related-posts":[{"id":106876,"url":"https:\/\/lasprimeras.com.do\/index.php\/2025\/08\/20\/parlacen-reconoce-a-celines-toribio-como-mujer-migrante-destacada-en-el-exterior\/","url_meta":{"origin":106345,"position":0},"title":"PARLACEN reconoce a Celin\u00e9s Toribio como Mujer Migrante Destacada en el Exterior","author":"Nelson Feliz","date":"20 de agosto de 2025","format":false,"excerpt":"\u201cLa migraci\u00f3n tiene rostro femenino y la participaci\u00f3n de las mujeres es clave para una democracia justa\". La Comisi\u00f3n de Mujer, Ni\u00f1ez y Familia (COMFAM) del Parlamento Centroamericano (PARLACEN), inaugur\u00f3 el XXII Encuentro Nacional de Mujeres de Partidos Pol\u00edticos, donde entreg\u00f3 un reconocimiento a la embajadora y viceministra para las\u2026","rel":"","context":"En \u00abNACIONALES\u00bb","block_context":{"text":"NACIONALES","link":"https:\/\/lasprimeras.com.do\/index.php\/category\/nacionales\/"},"img":{"alt_text":"","src":"https:\/\/i0.wp.com\/lasprimeras.com.do\/wp-content\/uploads\/2025\/08\/PARLACEN.jpg?resize=350%2C200&ssl=1","width":350,"height":200,"srcset":"https:\/\/i0.wp.com\/lasprimeras.com.do\/wp-content\/uploads\/2025\/08\/PARLACEN.jpg?resize=350%2C200&ssl=1 1x, https:\/\/i0.wp.com\/lasprimeras.com.do\/wp-content\/uploads\/2025\/08\/PARLACEN.jpg?resize=525%2C300&ssl=1 1.5x, https:\/\/i0.wp.com\/lasprimeras.com.do\/wp-content\/uploads\/2025\/08\/PARLACEN.jpg?resize=700%2C400&ssl=1 2x"},"classes":[]},{"id":126070,"url":"https:\/\/lasprimeras.com.do\/index.php\/2026\/03\/29\/margarita-cedeno-el-gobierno-desconectado-de-las-necesidades-de-la-poblacion\/","url_meta":{"origin":106345,"position":1},"title":"Margarita Cede\u00f1o: El Gobierno desconectado de las necesidades de la poblaci\u00f3n","author":"Nelson Feliz","date":"29 de marzo de 2026","format":false,"excerpt":"La ex vicepresidenta, Margarita Cede\u00f1o, define al PLD como el partido que s\u00ed sabe trabajar en beneficio del pueblo dominicano. La ex vicepresidenta de la Rep\u00fablica, Margarita Cede\u00f1o cuestion\u00f3 la gesti\u00f3n de gobierno del PRM, se\u00f1alando una desconexi\u00f3n con las necesidades de la poblaci\u00f3n, planteando que el pa\u00eds est\u00e1 enfrentando\u2026","rel":"","context":"En \u00abPOLITICA\u00bb","block_context":{"text":"POLITICA","link":"https:\/\/lasprimeras.com.do\/index.php\/category\/politica\/"},"img":{"alt_text":"Margarita Cede\u00f1o","src":"https:\/\/i0.wp.com\/lasprimeras.com.do\/wp-content\/uploads\/2026\/03\/Margarita-Cedeno.jpg?resize=350%2C200&ssl=1","width":350,"height":200,"srcset":"https:\/\/i0.wp.com\/lasprimeras.com.do\/wp-content\/uploads\/2026\/03\/Margarita-Cedeno.jpg?resize=350%2C200&ssl=1 1x, https:\/\/i0.wp.com\/lasprimeras.com.do\/wp-content\/uploads\/2026\/03\/Margarita-Cedeno.jpg?resize=525%2C300&ssl=1 1.5x, https:\/\/i0.wp.com\/lasprimeras.com.do\/wp-content\/uploads\/2026\/03\/Margarita-Cedeno.jpg?resize=700%2C400&ssl=1 2x"},"classes":[]},{"id":102352,"url":"https:\/\/lasprimeras.com.do\/index.php\/2025\/07\/03\/se-hace-necesario-seguir-el-ejemplo-del-profesor-juan-bosch\/","url_meta":{"origin":106345,"position":2},"title":"Se hace necesario seguir el ejemplo del Profesor Juan Bosch","author":"Nelson Feliz","date":"3 de julio de 2025","format":false,"excerpt":"La exvicepresidenta Margarita Cede\u00f1o exhorta honrar al Profesor Juan Bosch, ejerciendo la pol\u00edtica como un sacerdocio, no como un mercado. En medio de una democracia asediada por la desinformaci\u00f3n, la polarizaci\u00f3n y el oportunismo, el ejemplo de Juan Bosch es m\u00e1s necesario que nunca. La opini\u00f3n es de la exvicepresidenta\u2026","rel":"","context":"En \u00abOPINI\u00d3N\u00bb","block_context":{"text":"OPINI\u00d3N","link":"https:\/\/lasprimeras.com.do\/index.php\/category\/opinion\/"},"img":{"alt_text":"","src":"https:\/\/i0.wp.com\/lasprimeras.com.do\/wp-content\/uploads\/2025\/07\/Margarita-Cedeno.jpg?resize=350%2C200&ssl=1","width":350,"height":200,"srcset":"https:\/\/i0.wp.com\/lasprimeras.com.do\/wp-content\/uploads\/2025\/07\/Margarita-Cedeno.jpg?resize=350%2C200&ssl=1 1x, https:\/\/i0.wp.com\/lasprimeras.com.do\/wp-content\/uploads\/2025\/07\/Margarita-Cedeno.jpg?resize=525%2C300&ssl=1 1.5x, https:\/\/i0.wp.com\/lasprimeras.com.do\/wp-content\/uploads\/2025\/07\/Margarita-Cedeno.jpg?resize=700%2C400&ssl=1 2x"},"classes":[]},{"id":96612,"url":"https:\/\/lasprimeras.com.do\/index.php\/2025\/04\/04\/margarita-cedeno-exhorta-a-fortalecer-politicas-sociales-para-prevenir-feminicidios\/","url_meta":{"origin":106345,"position":3},"title":"Margarita Cede\u00f1o exhorta a fortalecer pol\u00edticas sociales para prevenir feminicidios","author":"Nelson Feliz","date":"4 de abril de 2025","format":false,"excerpt":"\u201cLos feminicidios son el reflejo de una cultura que debemos transformar desde la educaci\u00f3n, la crianza y la justicia. El Estado no puede ser espectador.\", consider\u00f3 Margarita Cede\u00f1o. La ex vicepresidenta de la Rep\u00fablica y miembro del Comit\u00e9 Pol\u00edtico del Partido de la Liberaci\u00f3n Dominicana (PLD), Margarita Cede\u00f1o, exhort\u00f3 al\u2026","rel":"","context":"En \u00abPOLITICA\u00bb","block_context":{"text":"POLITICA","link":"https:\/\/lasprimeras.com.do\/index.php\/category\/politica\/"},"img":{"alt_text":"","src":"https:\/\/i0.wp.com\/lasprimeras.com.do\/wp-content\/uploads\/2025\/04\/Margarita-Cedeno.jpg?resize=350%2C200&ssl=1","width":350,"height":200,"srcset":"https:\/\/i0.wp.com\/lasprimeras.com.do\/wp-content\/uploads\/2025\/04\/Margarita-Cedeno.jpg?resize=350%2C200&ssl=1 1x, https:\/\/i0.wp.com\/lasprimeras.com.do\/wp-content\/uploads\/2025\/04\/Margarita-Cedeno.jpg?resize=525%2C300&ssl=1 1.5x, https:\/\/i0.wp.com\/lasprimeras.com.do\/wp-content\/uploads\/2025\/04\/Margarita-Cedeno.jpg?resize=700%2C400&ssl=1 2x"},"classes":[]},{"id":72210,"url":"https:\/\/lasprimeras.com.do\/index.php\/2023\/12\/27\/margarita-sale-al-frente-a-campana-sucia-contra-omar-fernadez\/","url_meta":{"origin":106345,"position":4},"title":"Margarita sale al frente a campa\u00f1a sucia contra Omar Fern\u00e1dez","author":"Nelson Feliz","date":"27 de diciembre de 2023","format":false,"excerpt":"Por Pedro Cuevas La exvicepresidente de la Rep\u00fablica, Margarita Cede\u00f1o, sali\u00f3 en defensa de una campa\u00f1a que se viene desarrollando en redes sociales contra el diputado Omar Fern\u00e1ndez, candidato a senador en el Distrito Nacional por la Alianza Rescate RD que integran los partidos Fuerza del Pueblo (FP), de la\u2026","rel":"","context":"En \u00abSin categor\u00eda\u00bb","block_context":{"text":"Sin categor\u00eda","link":"https:\/\/lasprimeras.com.do\/index.php\/category\/sin-categoria\/"},"img":{"alt_text":"","src":"","width":0,"height":0},"classes":[]},{"id":126795,"url":"https:\/\/lasprimeras.com.do\/index.php\/2026\/04\/05\/mensaje-de-margarita-cedeno-a-los-periodistas-en-su-dia-video\/","url_meta":{"origin":106345,"position":5},"title":"Mensaje de Margarita Cede\u00f1o a los periodistas en su dia | Video","author":"Nelson Feliz","date":"5 de abril de 2026","format":false,"excerpt":"La ex vicepresidenta de la Rep\u00fablica, Margarita Cede\u00f1o, resalt\u00f3 la integridad, valent\u00eda y \u00e9tica como pilares del ejercicio period\u00edstico. \u201cFelicito en especial a quienes ejercen esta profesi\u00f3n con integridad, valent\u00eda y un compromiso inquebrantable con la verdad\u201d, escribi\u00f3 en sus cuentas de redes sociales a prop\u00f3sito del D\u00eda Nacional del\u2026","rel":"","context":"En \u00abPOLITICA\u00bb","block_context":{"text":"POLITICA","link":"https:\/\/lasprimeras.com.do\/index.php\/category\/politica\/"},"img":{"alt_text":"Margarita Cede\u00f1o","src":"https:\/\/i0.wp.com\/lasprimeras.com.do\/wp-content\/uploads\/2026\/04\/Margarita-Cedeno-4.jpg?resize=350%2C200&ssl=1","width":350,"height":200,"srcset":"https:\/\/i0.wp.com\/lasprimeras.com.do\/wp-content\/uploads\/2026\/04\/Margarita-Cedeno-4.jpg?resize=350%2C200&ssl=1 1x, https:\/\/i0.wp.com\/lasprimeras.com.do\/wp-content\/uploads\/2026\/04\/Margarita-Cedeno-4.jpg?resize=525%2C300&ssl=1 1.5x, https:\/\/i0.wp.com\/lasprimeras.com.do\/wp-content\/uploads\/2026\/04\/Margarita-Cedeno-4.jpg?resize=700%2C400&ssl=1 2x"},"classes":[]}],"jetpack_sharing_enabled":true,"_links":{"self":[{"href":"https:\/\/lasprimeras.com.do\/index.php\/wp-json\/wp\/v2\/posts\/106345","targetHints":{"allow":["GET"]}}],"collection":[{"href":"https:\/\/lasprimeras.com.do\/index.php\/wp-json\/wp\/v2\/posts"}],"about":[{"href":"https:\/\/lasprimeras.com.do\/index.php\/wp-json\/wp\/v2\/types\/post"}],"author":[{"embeddable":true,"href":"https:\/\/lasprimeras.com.do\/index.php\/wp-json\/wp\/v2\/users\/10"}],"replies":[{"embeddable":true,"href":"https:\/\/lasprimeras.com.do\/index.php\/wp-json\/wp\/v2\/comments?post=106345"}],"version-history":[{"count":1,"href":"https:\/\/lasprimeras.com.do\/index.php\/wp-json\/wp\/v2\/posts\/106345\/revisions"}],"predecessor-version":[{"id":106347,"href":"https:\/\/lasprimeras.com.do\/index.php\/wp-json\/wp\/v2\/posts\/106345\/revisions\/106347"}],"wp:featuredmedia":[{"embeddable":true,"href":"https:\/\/lasprimeras.com.do\/index.php\/wp-json\/wp\/v2\/media\/106346"}],"wp:attachment":[{"href":"https:\/\/lasprimeras.com.do\/index.php\/wp-json\/wp\/v2\/media?parent=106345"}],"wp:term":[{"taxonomy":"category","embeddable":true,"href":"https:\/\/lasprimeras.com.do\/index.php\/wp-json\/wp\/v2\/categories?post=106345"},{"taxonomy":"post_tag","embeddable":true,"href":"https:\/\/lasprimeras.com.do\/index.php\/wp-json\/wp\/v2\/tags?post=106345"}],"curies":[{"name":"wp","href":"https:\/\/api.w.org\/{rel}","templated":true}]}}