{"id":106397,"date":"2025-08-14T11:09:36","date_gmt":"2025-08-14T15:09:36","guid":{"rendered":"https:\/\/lasprimeras.com.do\/?p=106397"},"modified":"2025-08-14T11:09:38","modified_gmt":"2025-08-14T15:09:38","slug":"roberto-rojas-afirma-juegos-juan-pablo-duarte-estan-listos-para-iniciar-en-ny","status":"publish","type":"post","link":"https:\/\/lasprimeras.com.do\/index.php\/2025\/08\/14\/roberto-rojas-afirma-juegos-juan-pablo-duarte-estan-listos-para-iniciar-en-ny\/","title":{"rendered":"Roberto Rojas afirma \u00abJuegos Juan Pablo Duarte\u00bb est\u00e1n listos para iniciar en NY"},"content":{"rendered":"\n<figure class=\"wp-block-embed is-type-video is-provider-youtube wp-block-embed-youtube wp-embed-aspect-16-9 wp-has-aspect-ratio\"><div class=\"wp-block-embed__wrapper\">\n<iframe title=\"Roberto Rojas afirma \u00abJuegos Juan Pablo Duarte\u00bb est\u00e1n listos para iniciar en NY\" width=\"500\" height=\"281\" src=\"https:\/\/www.youtube.com\/embed\/BVF7WGv5XB0?feature=oembed\" frameborder=\"0\" allow=\"accelerometer; autoplay; clipboard-write; encrypted-media; gyroscope; picture-in-picture; web-share\" referrerpolicy=\"strict-origin-when-cross-origin\" allowfullscreen><\/iframe>\n<\/div><\/figure>\n\n\n\n<p>Por Ram\u00f3n Mercedes<\/p>\n\n\n\n<p>NUEVA YORK.- El Ministro de Deportes y Recreaci\u00f3n de la Rep\u00fablica Dominicana, Kelvin Cruz, encabezar\u00e1 la inauguraci\u00f3n de los \u00abJuegos Deportivos de Verano Juan Pablo Duarte NY 2025\u00bb, a efectuarse este viernes 15 de agosto a las 4:00 de la tarde, en el Centro Apex de Lehman College, en El Bronx, y en otras instalaciones deportivas de la Gran Manzana.<\/p>\n\n\n\n<p>El anuncio lo hizo el director general de los juegos, Roberto Rojas, en rueda de prensa realizada en el despacho del c\u00f3nsul dominicano en esta ciudad, Jes\u00fas -Chu- V\u00e1squez.<\/p>\n\n\n\n<p>El evento reunir\u00e1 alrededor de 2,300 atletas dominicanos en m\u00e1s de 20 disciplinas, entre Atletismo, Ajedrez, Baloncesto, B\u00e9isbol, Billar, Bolinche, Ciclismo, Tablero, Domin\u00f3, Judo, F\u00fatbol, Tae Kwan Do, Karate, Footkey, Tenis de Campo, Tenis de Mesa, S\u00f3ftbol, Rigoball, Volibol, Vitilla, Lacrose, Arco y Flecha.<\/p>\n\n\n\n<p>Los atletas, que provienen de esta misma ciudad, Rhode Island, Lawrence y Boston, estar\u00e1n compitiendo por las diferentes medallas de estos hist\u00f3ricos juegos, que estar\u00e1n dedicados a Luis\u00edn Mej\u00eda y Meris De \u00d3leo. Los mismos cuentan con el apoyo del Gobierno Dominicano y con el montaje de la Uni\u00f3n Deportiva Dominicana NY.<\/p>\n\n\n\n<p>El pasado s\u00e1bado inici\u00f3 en Manhattan el recorrido del fuego patrio, el cual fue paseado por calles y avenidas por decenas de atletas quisqueyanos.<\/p>\n\n\n\n<p>Rojas, dirigente deportivo tanto en NY como en RD, dijo que los \u00abJuegos Juan Pablo Duarte 2025\u00bb quedar\u00e1n marcados en la historia del deporte dominicano en el exterior.<\/p>\n\n\n\n<p>\u201cEstamos listos para llevar a cabo la fiesta deportiva de la dominicanidad\u201d, subray\u00f3 Rojas, quien agradeci\u00f3 al ministro Cruz el inter\u00e9s de llevar a cabo el montaje de estos juegos deportivos.<\/p>\n\n\n\n<p>Asimismo, extendi\u00f3 el agradecimiento al c\u00f3nsul V\u00e1squez por su preocupaci\u00f3n por el deporte aqu\u00ed.<\/p>\n\n\n\n<p>Por su parte, el C\u00f3nsul, en su intervenci\u00f3n, record\u00f3 que a su llegada a Nueva York a desempe\u00f1ar su funci\u00f3n, se reuni\u00f3 con los dirigentes deportivos y precisamente ah\u00ed naci\u00f3 el inter\u00e9s de montar estos juegos.<\/p>\n\n\n\n<p>Agreg\u00f3 que la comunidad dominicana no va a olvidar la celebraci\u00f3n de los Juegos Deportivos Juan Pablo Duarte.<\/p>\n\n\n\n<p>Evaristo Madrigal, presidente de la Uni\u00f3n Deportiva Dominicana y Pedro Pablo P\u00e9rez, director t\u00e9cnico, intervinieron en el masivo encuentro con miembros de la prensa dominicana en NYC, destacando el desbordante entusiasmos que reina entre los quisqueyanos en la urbe. En el encuentro estuvo presente la gloria del deporte nacional, Jos\u00e9 -Grillo- Vargas.<\/p>\n","protected":false},"excerpt":{"rendered":"<p>Por Ram\u00f3n Mercedes NUEVA YORK.- El Ministro de Deportes y Recreaci\u00f3n de la Rep\u00fablica Dominicana, Kelvin Cruz, encabezar\u00e1 la inauguraci\u00f3n de los \u00abJuegos Deportivos de Verano Juan Pablo Duarte NY&hellip;<\/p>\n","protected":false},"author":10,"featured_media":106398,"comment_status":"open","ping_status":"open","sticky":false,"template":"","format":"standard","meta":{"content-type":"","jetpack_post_was_ever_published":false,"_jetpack_newsletter_access":"","_jetpack_dont_email_post_to_subs":false,"_jetpack_newsletter_tier_id":0,"_jetpack_memberships_contains_paywalled_content":false,"_jetpack_memberships_contains_paid_content":false,"footnotes":""},"categories":[630],"tags":[23165,104,2788],"class_list":["post-106397","post","type-post","status-publish","format-standard","has-post-thumbnail","hentry","category-deportes","tag-juegos-juan-pablo-duarte","tag-nueva-york","tag-roberto-rojas"],"jetpack_featured_media_url":"https:\/\/lasprimeras.com.do\/wp-content\/uploads\/2025\/08\/WhatsApp-Image-2025-08-14-at-6.10.37-AM.jpeg","jetpack-related-posts":[{"id":105779,"url":"https:\/\/lasprimeras.com.do\/index.php\/2025\/08\/07\/afirma-reina-entusiasmo-entre-juventud-dominicana-ny-por-juegos-juan-pablo-duarte\/","url_meta":{"origin":106397,"position":0},"title":"Afirma reina entusiasmo entre juventud dominicana NY por juegos Juan Pablo Duarte","author":"Nelson Feliz","date":"7 de agosto de 2025","format":false,"excerpt":"Por Ram\u00f3n Mercedes NUEVA YORK.- El director general de los juegos \u00abJuan Pablo Duarte\u00bb a celebrarse en esta ciudad, Roberto Rojas, destac\u00f3 el gran entusiasmo que reina entre la juventud dominicana en este estados y otros en Estados Unidos por la celebraci\u00f3n de los mismos. El evento reunir\u00e1 a 2,232\u2026","rel":"","context":"En \u00abDEPORTES\u00bb","block_context":{"text":"DEPORTES","link":"https:\/\/lasprimeras.com.do\/index.php\/category\/deportes\/"},"img":{"alt_text":"","src":"https:\/\/i0.wp.com\/lasprimeras.com.do\/wp-content\/uploads\/2025\/08\/WhatsApp-Image-2025-08-07-at-5.42.07-AM.jpeg?resize=350%2C200&ssl=1","width":350,"height":200,"srcset":"https:\/\/i0.wp.com\/lasprimeras.com.do\/wp-content\/uploads\/2025\/08\/WhatsApp-Image-2025-08-07-at-5.42.07-AM.jpeg?resize=350%2C200&ssl=1 1x, https:\/\/i0.wp.com\/lasprimeras.com.do\/wp-content\/uploads\/2025\/08\/WhatsApp-Image-2025-08-07-at-5.42.07-AM.jpeg?resize=525%2C300&ssl=1 1.5x"},"classes":[]},{"id":103282,"url":"https:\/\/lasprimeras.com.do\/index.php\/2025\/07\/14\/juramenta-comision-financiera-en-ny-para-juegos-recreativos-juan-pablo-duarte\/","url_meta":{"origin":106397,"position":1},"title":"Juramenta \u00abcomisi\u00f3n financiera\u00bb en NY para juegos recreativos Juan Pablo Duarte","author":"Nelson Feliz","date":"14 de julio de 2025","format":false,"excerpt":"Por Ram\u00f3n Mercedes NUEVA YORK.- El c\u00f3nsul dominicano en esta ciudad jurament\u00f3 recientemente en su despacho la comisi\u00f3n que tendr\u00e1 a cargo los aspectos financieros de los juegos recreativos \u00abJuan Pablo Duarte\u00bb que en diferentes disciplinas se celebran anualmente en Estados Unidos. Los mismas est\u00e1n bajo el apoyo del Ministerio\u2026","rel":"","context":"En \u00abECONOM\u00cdA\u00bb","block_context":{"text":"ECONOM\u00cdA","link":"https:\/\/lasprimeras.com.do\/index.php\/category\/economia\/"},"img":{"alt_text":"","src":"https:\/\/i0.wp.com\/lasprimeras.com.do\/wp-content\/uploads\/2025\/07\/WhatsApp-Image-2025-07-14-at-6.39.07-AM-2.jpeg?resize=350%2C200&ssl=1","width":350,"height":200,"srcset":"https:\/\/i0.wp.com\/lasprimeras.com.do\/wp-content\/uploads\/2025\/07\/WhatsApp-Image-2025-07-14-at-6.39.07-AM-2.jpeg?resize=350%2C200&ssl=1 1x, https:\/\/i0.wp.com\/lasprimeras.com.do\/wp-content\/uploads\/2025\/07\/WhatsApp-Image-2025-07-14-at-6.39.07-AM-2.jpeg?resize=525%2C300&ssl=1 1.5x, https:\/\/i0.wp.com\/lasprimeras.com.do\/wp-content\/uploads\/2025\/07\/WhatsApp-Image-2025-07-14-at-6.39.07-AM-2.jpeg?resize=700%2C400&ssl=1 2x"},"classes":[]},{"id":106689,"url":"https:\/\/lasprimeras.com.do\/index.php\/2025\/08\/18\/asistencia-masiva-inauguracion-en-juegos-juan-pablo-duarte-en-ny\/","url_meta":{"origin":106397,"position":2},"title":"Asistencia masiva inauguraci\u00f3n en juegos Juan Pablo Duarte en NY","author":"Nelson Feliz","date":"18 de agosto de 2025","format":false,"excerpt":"https:\/\/www.youtube.com\/watch?v=o_TrNU-WBnM Por Ram\u00f3n Mercedes NUEVA YORK.- La inauguraci\u00f3n de los juegos \u00abJuan Pablo Duarte 2025\u00bb el pasado fin de semana en esta ciudad fue todo un \u00e9xito en el Centro Apex de Lehman College, en El Bronx, y ser\u00e1n del 15 al 31 de este mes en varias instalaciones deportivas\u2026","rel":"","context":"En \u00abDEPORTES\u00bb","block_context":{"text":"DEPORTES","link":"https:\/\/lasprimeras.com.do\/index.php\/category\/deportes\/"},"img":{"alt_text":"","src":"https:\/\/i0.wp.com\/lasprimeras.com.do\/wp-content\/uploads\/2025\/08\/WhatsApp-Image-2025-08-18-at-6.46.04-AM.jpeg?resize=350%2C200&ssl=1","width":350,"height":200},"classes":[]},{"id":107049,"url":"https:\/\/lasprimeras.com.do\/index.php\/2025\/08\/22\/rojas-afirma-juegos-juan-pablo-duarte-en-nyc-marchan-bien-reconocen-unidad-deportistas-por-su-liderazgo\/","url_meta":{"origin":106397,"position":3},"title":"Rojas afirma juegos Juan Pablo Duarte en NYC marchan bien; reconocen unidad deportistas por su liderazgo","author":"Nelson Feliz","date":"22 de agosto de 2025","format":false,"excerpt":"https:\/\/www.youtube.com\/watch?v=3ER_LET9-4g Por Ram\u00f3n Mercedes NUEVA YORK.- El director general de los juegos Juan Pablo Duarte que se celebran en esta ciudad, Roberto Rojas, afirm\u00f3 que los mismos se est\u00e1n desarrollando de una forma satisfactoria y muy participativa de todos los atletas. La participaci\u00f3n de los atletas corresponde a diferentes estados,\u2026","rel":"","context":"En \u00abDEPORTES\u00bb","block_context":{"text":"DEPORTES","link":"https:\/\/lasprimeras.com.do\/index.php\/category\/deportes\/"},"img":{"alt_text":"","src":"https:\/\/i0.wp.com\/lasprimeras.com.do\/wp-content\/uploads\/2025\/08\/WhatsApp-Image-2025-08-22-at-7.47.12-AM-1.jpeg?resize=350%2C200&ssl=1","width":350,"height":200,"srcset":"https:\/\/i0.wp.com\/lasprimeras.com.do\/wp-content\/uploads\/2025\/08\/WhatsApp-Image-2025-08-22-at-7.47.12-AM-1.jpeg?resize=350%2C200&ssl=1 1x, https:\/\/i0.wp.com\/lasprimeras.com.do\/wp-content\/uploads\/2025\/08\/WhatsApp-Image-2025-08-22-at-7.47.12-AM-1.jpeg?resize=525%2C300&ssl=1 1.5x"},"classes":[]},{"id":106615,"url":"https:\/\/lasprimeras.com.do\/index.php\/2025\/08\/17\/ministro-kelvin-cruz-deja-iniciados-los-juegos-juan-pablo-duarte-en-nueva-york\/","url_meta":{"origin":106397,"position":4},"title":"Ministro Kelvin Cruz deja iniciados los Juegos Juan Pablo Duarte en Nueva York","author":"Nelson Feliz","date":"17 de agosto de 2025","format":false,"excerpt":"En el marco de una vistosa y nutrida ceremonia caracterizada por el fervor patrio, el ministro de Deportes, Kelvin Cruz, el C\u00f3nsul General Jes\u00fas \"Ch\u00fa\" V\u00e1squez y el alcalde de la ciudad de Nueva York, Eric Adams, entre otras personalidades, dejaron formalmente inaugurados en esta ciudad los Juegos deportivos Juan\u2026","rel":"","context":"En \u00abDEPORTES\u00bb","block_context":{"text":"DEPORTES","link":"https:\/\/lasprimeras.com.do\/index.php\/category\/deportes\/"},"img":{"alt_text":"","src":"https:\/\/i0.wp.com\/lasprimeras.com.do\/wp-content\/uploads\/2025\/08\/Kelvin-Cruz.jpg?resize=350%2C200&ssl=1","width":350,"height":200,"srcset":"https:\/\/i0.wp.com\/lasprimeras.com.do\/wp-content\/uploads\/2025\/08\/Kelvin-Cruz.jpg?resize=350%2C200&ssl=1 1x, https:\/\/i0.wp.com\/lasprimeras.com.do\/wp-content\/uploads\/2025\/08\/Kelvin-Cruz.jpg?resize=525%2C300&ssl=1 1.5x, https:\/\/i0.wp.com\/lasprimeras.com.do\/wp-content\/uploads\/2025\/08\/Kelvin-Cruz.jpg?resize=700%2C400&ssl=1 2x"},"classes":[]},{"id":106482,"url":"https:\/\/lasprimeras.com.do\/index.php\/2025\/08\/15\/peloteros-dominicanos-grandes-ligas-felicitan-celebracion-en-nyc-juegos-juan-pablo-duarte\/","url_meta":{"origin":106397,"position":5},"title":"Peloteros dominicanos Grandes Ligas felicitan celebraci\u00f3n en NYC \u00abJuegos Juan Pablo Duarte\u00bb","author":"Nelson Feliz","date":"15 de agosto de 2025","format":false,"excerpt":"Por Ram\u00f3n Mercedes NUEVA YORK.- Varios peloteros dominicanos de Grandes Ligas enviaron mensajes de apoyo a los atletas dominicanos que participar\u00e1n en esta ciudad del 15 al 31 de este mes en los \u00abJuegos Juan Pablo Duarte\u00bb, que dirige el empresario y deportista Roberto Rojas. Los jugadores Juan Soto, Ronny\u2026","rel":"","context":"En \u00abDEPORTES\u00bb","block_context":{"text":"DEPORTES","link":"https:\/\/lasprimeras.com.do\/index.php\/category\/deportes\/"},"img":{"alt_text":"","src":"https:\/\/i0.wp.com\/lasprimeras.com.do\/wp-content\/uploads\/2025\/08\/WhatsApp-Image-2025-08-15-at-6.18.24-AM.jpeg?resize=350%2C200&ssl=1","width":350,"height":200,"srcset":"https:\/\/i0.wp.com\/lasprimeras.com.do\/wp-content\/uploads\/2025\/08\/WhatsApp-Image-2025-08-15-at-6.18.24-AM.jpeg?resize=350%2C200&ssl=1 1x, https:\/\/i0.wp.com\/lasprimeras.com.do\/wp-content\/uploads\/2025\/08\/WhatsApp-Image-2025-08-15-at-6.18.24-AM.jpeg?resize=525%2C300&ssl=1 1.5x"},"classes":[]}],"jetpack_sharing_enabled":true,"_links":{"self":[{"href":"https:\/\/lasprimeras.com.do\/index.php\/wp-json\/wp\/v2\/posts\/106397","targetHints":{"allow":["GET"]}}],"collection":[{"href":"https:\/\/lasprimeras.com.do\/index.php\/wp-json\/wp\/v2\/posts"}],"about":[{"href":"https:\/\/lasprimeras.com.do\/index.php\/wp-json\/wp\/v2\/types\/post"}],"author":[{"embeddable":true,"href":"https:\/\/lasprimeras.com.do\/index.php\/wp-json\/wp\/v2\/users\/10"}],"replies":[{"embeddable":true,"href":"https:\/\/lasprimeras.com.do\/index.php\/wp-json\/wp\/v2\/comments?post=106397"}],"version-history":[{"count":1,"href":"https:\/\/lasprimeras.com.do\/index.php\/wp-json\/wp\/v2\/posts\/106397\/revisions"}],"predecessor-version":[{"id":106399,"href":"https:\/\/lasprimeras.com.do\/index.php\/wp-json\/wp\/v2\/posts\/106397\/revisions\/106399"}],"wp:featuredmedia":[{"embeddable":true,"href":"https:\/\/lasprimeras.com.do\/index.php\/wp-json\/wp\/v2\/media\/106398"}],"wp:attachment":[{"href":"https:\/\/lasprimeras.com.do\/index.php\/wp-json\/wp\/v2\/media?parent=106397"}],"wp:term":[{"taxonomy":"category","embeddable":true,"href":"https:\/\/lasprimeras.com.do\/index.php\/wp-json\/wp\/v2\/categories?post=106397"},{"taxonomy":"post_tag","embeddable":true,"href":"https:\/\/lasprimeras.com.do\/index.php\/wp-json\/wp\/v2\/tags?post=106397"}],"curies":[{"name":"wp","href":"https:\/\/api.w.org\/{rel}","templated":true}]}}