{"id":106470,"date":"2025-08-15T09:54:35","date_gmt":"2025-08-15T13:54:35","guid":{"rendered":"https:\/\/lasprimeras.com.do\/?p=106470"},"modified":"2025-08-15T09:54:36","modified_gmt":"2025-08-15T13:54:36","slug":"hezbollah-no-depondra-las-armas-afirma-que-plan-de-desarme-en-libano-beneficia-a-israel","status":"publish","type":"post","link":"https:\/\/lasprimeras.com.do\/index.php\/2025\/08\/15\/hezbollah-no-depondra-las-armas-afirma-que-plan-de-desarme-en-libano-beneficia-a-israel\/","title":{"rendered":"Hezbollah no depondr\u00e1 las armas; afirma que plan de desarme en L\u00edbano beneficia a Israel"},"content":{"rendered":"\n<p>POR BASSEM MROUE<\/p>\n\n\n\n<p>BEIRUT (AP) \u2014 El l\u00edder del grupo pol\u00edtico-militar liban\u00e9s Hezbollah afirm\u00f3 el viernes que la organizaci\u00f3n no se desarmar\u00e1 y afirm\u00f3 que la decisi\u00f3n que el gobierno nacional tom\u00f3 la semana pasada de desarmar al grupo, respaldado por Ir\u00e1n, para finales de a\u00f1o, sirve a los intereses de Israel.<\/p>\n\n\n\n<p>Naim Kassem expres\u00f3 que la decisi\u00f3n del gobierno de retirar \u201clas armas defensivas a la resistencia, a su pueblo y a L\u00edbano durante una agresi\u00f3n\u201d facilita el asesinato de \u201ccombatientes de la resistencia y sus familias y los expulsa de sus tierras y hogares\u201d.<\/p>\n\n\n\n<p>Manifest\u00f3 que el gobierno debi\u00f3 haber \u201cextendido su autoridad y expulsado a Israel de L\u00edbano\u201d. En un discurso televisado para conmemorar un evento religioso chi\u00ed, a\u00f1adi\u00f3 que \u201cel gobierno sirve al proyecto israel\u00ed\u201d.<\/p>\n\n\n\n<p>Kassem a\u00f1adi\u00f3 que, si la crisis actual provoca un conflicto interno, el gobierno es el responsable. Se\u00f1al\u00f3 que Hezbollah y su aliado chi\u00ed, el movimiento Amal, no pidieron a sus seguidores que protestaran en las calles para dar paso a m\u00e1s di\u00e1logos.<\/p>\n\n\n\n<p>El movimiento Amal fue uno de los principales grupos armados en la guerra civil de L\u00edbano de 1975 a 1990 y ahora es un poderoso partido pol\u00edtico liderado por el presidente del Parlamento, Nabih Berri.<\/p>\n\n\n\n<p>Sin embargo, dijo que, si se toma la decisi\u00f3n de protestar en las calles, los manifestantes \u201cestar\u00e1n por todo L\u00edbano y se dirigir\u00e1n a la embajada de Estados Unidos\u201d. No dio m\u00e1s detalles.<\/p>\n\n\n\n<p>Las armas de Hezbollah han sido un importante punto de divisi\u00f3n en L\u00edbano, y algunos grupos opuestos a la organizaci\u00f3n afirman que solo el estado deber\u00eda tener armas.<\/p>\n\n\n\n<p>El gobierno liban\u00e9s vot\u00f3 la semana pasada a favor de un plan respaldado por Estados Unidos para desarmar a Hezbollah para finales de a\u00f1o e implementar un alto el fuego con Israel.<\/p>\n\n\n\n<p>El peque\u00f1o pa\u00eds mediterr\u00e1neo ha estado bajo presi\u00f3n internacional para que Hezbollah deponga las armas desde la guerra de 14 meses con Israel, que termin\u00f3 con un alto el fuego mediado por Estados Unidos en noviembre.<\/p>\n\n\n\n<p>Sin embargo, el l\u00edder del grupo dijo que \u00e9ste solo discutir\u00e1 una estrategia de defensa nacional sobre sus armas una vez que Israel se retire de L\u00edbano y detenga sus ataques a\u00e9reos casi diarios, que han matado a decenas de miembros de Hezbollah desde el fin de la guerra.<\/p>\n\n\n\n<p>\u201cLa resistencia no entregar\u00e1 sus armas mientras la agresi\u00f3n contin\u00fae y la ocupaci\u00f3n permanezca,\u201d dijo Kassem, y a\u00f1adi\u00f3 que el grupo luchar\u00e1 una larga batalla si es necesario.<\/p>\n\n\n\n<p>La guerra entre Israel y Hezbollah debilit\u00f3 al grupo, respaldado por Ir\u00e1n, y abati\u00f3 a gran parte de su liderazgo militar y pol\u00edtico.<\/p>\n\n\n\n<p>La guerra provoc\u00f3 la muerte de m\u00e1s de 4.000 personas en L\u00edbano, desplaz\u00f3 a m\u00e1s de 1 mill\u00f3n y caus\u00f3 una destrucci\u00f3n cuyo remedio costar\u00e1 11.000 millones de d\u00f3lares, seg\u00fan el Banco Mundial,.<\/p>\n\n\n\n<p>Tras el fin de la guerra, las fuerzas israel\u00edes permanecieron en cinco ubicaciones dominantes dentro de L\u00edbano.<\/p>\n\n\n\n<p>Israel ha acusado a Hezbollah de intentar reconstruir sus capacidades militares. El ej\u00e9rcito israel\u00ed ha dicho que las cinco ubicaciones en L\u00edbano proporcionan puntos de observaci\u00f3n o est\u00e1n ubicadas frente a comunidades en el norte de Israel, donde unos 60.000 israel\u00edes fueron desplazados durante la guerra.<\/p>\n","protected":false},"excerpt":{"rendered":"<p>POR BASSEM MROUE BEIRUT (AP) \u2014 El l\u00edder del grupo pol\u00edtico-militar liban\u00e9s Hezbollah afirm\u00f3 el viernes que la organizaci\u00f3n no se desarmar\u00e1 y afirm\u00f3 que la decisi\u00f3n que el gobierno&hellip;<\/p>\n","protected":false},"author":10,"featured_media":106471,"comment_status":"open","ping_status":"open","sticky":false,"template":"","format":"standard","meta":{"content-type":"","jetpack_post_was_ever_published":false,"_jetpack_newsletter_access":"","_jetpack_dont_email_post_to_subs":false,"_jetpack_newsletter_tier_id":0,"_jetpack_memberships_contains_paywalled_content":false,"_jetpack_memberships_contains_paid_content":false,"footnotes":""},"categories":[16289],"tags":[23201,23202],"class_list":["post-106470","post","type-post","status-publish","format-standard","has-post-thumbnail","hentry","category-internacionales","tag-hezbollah-no-depondra-las-armas","tag-plan-de-desarme-en-libano-beneficia-a-israel"],"jetpack_featured_media_url":"https:\/\/lasprimeras.com.do\/wp-content\/uploads\/2025\/08\/Hezbollah.jpg","jetpack-related-posts":[{"id":107245,"url":"https:\/\/lasprimeras.com.do\/index.php\/2025\/08\/25\/netanyahu-dice-que-israel-podria-retirarse-de-libano-si-hezbollah-es-desarmado\/","url_meta":{"origin":106470,"position":0},"title":"Netanyahu dice que Israel podr\u00eda retirarse de L\u00edbano si Hezbollah es desarmado","author":"Nelson Feliz","date":"25 de agosto de 2025","format":false,"excerpt":"JERUSAL\u00c9N (AP) \u2014 El primer ministro israel\u00ed, Benjamin Netanyahu, dijo que celebraba la \u201ctrascendental decisi\u00f3n\u201d del gabinete liban\u00e9s a principios de este mes de trabajar hacia el desarme de Hezbollah para finales de 2025, lo que podr\u00eda llevar a la retirada de las tropas israel\u00edes del pa\u00eds. Netanyahu manifest\u00f3 que\u2026","rel":"","context":"En \u00abINTERNACIONALES\u00bb","block_context":{"text":"INTERNACIONALES","link":"https:\/\/lasprimeras.com.do\/index.php\/category\/sin-categoria\/internacionales\/"},"img":{"alt_text":"","src":"https:\/\/i0.wp.com\/lasprimeras.com.do\/wp-content\/uploads\/2025\/08\/Benjamin-Netanyahu-1.jpg?resize=350%2C200&ssl=1","width":350,"height":200,"srcset":"https:\/\/i0.wp.com\/lasprimeras.com.do\/wp-content\/uploads\/2025\/08\/Benjamin-Netanyahu-1.jpg?resize=350%2C200&ssl=1 1x, https:\/\/i0.wp.com\/lasprimeras.com.do\/wp-content\/uploads\/2025\/08\/Benjamin-Netanyahu-1.jpg?resize=525%2C300&ssl=1 1.5x, https:\/\/i0.wp.com\/lasprimeras.com.do\/wp-content\/uploads\/2025\/08\/Benjamin-Netanyahu-1.jpg?resize=700%2C400&ssl=1 2x"},"classes":[]},{"id":96264,"url":"https:\/\/lasprimeras.com.do\/index.php\/2025\/03\/28\/israel-ataca-beirut-por-1ra-vez-desde-el-alto-el-fuego-que-puso-fin-a-la-ultima-guerra-con-hezbollah\/","url_meta":{"origin":106470,"position":1},"title":"Israel ataca Beirut por 1ra vez desde el alto el fuego que puso fin a la \u00faltima guerra con Hezbollah","author":"Nelson Feliz","date":"28 de marzo de 2025","format":false,"excerpt":"BEIRUT (AP) \u2014 Israel lanz\u00f3 un ataque sobre Beirut por primera vez desde que un alto el fuego puso fin a la guerra m\u00e1s reciente entre Israel y Hezbollah en noviembre. Reporteros de The Associated Press en la capital libanesa escucharon un fuerte estruendo y vieron humo elev\u00e1ndose desde el\u2026","rel":"","context":"En \u00abINTERNACIONALES\u00bb","block_context":{"text":"INTERNACIONALES","link":"https:\/\/lasprimeras.com.do\/index.php\/category\/sin-categoria\/internacionales\/"},"img":{"alt_text":"","src":"https:\/\/i0.wp.com\/lasprimeras.com.do\/wp-content\/uploads\/2025\/03\/israel-ataca-beirut-por-1ra-vez-desde-el-alto-el-fuego-que-puso-fin-a-la-ultima-guerra-con-hezbollah.webp?resize=350%2C200&ssl=1","width":350,"height":200,"srcset":"https:\/\/i0.wp.com\/lasprimeras.com.do\/wp-content\/uploads\/2025\/03\/israel-ataca-beirut-por-1ra-vez-desde-el-alto-el-fuego-que-puso-fin-a-la-ultima-guerra-con-hezbollah.webp?resize=350%2C200&ssl=1 1x, https:\/\/i0.wp.com\/lasprimeras.com.do\/wp-content\/uploads\/2025\/03\/israel-ataca-beirut-por-1ra-vez-desde-el-alto-el-fuego-que-puso-fin-a-la-ultima-guerra-con-hezbollah.webp?resize=525%2C300&ssl=1 1.5x"},"classes":[]},{"id":92489,"url":"https:\/\/lasprimeras.com.do\/index.php\/2025\/01\/05\/lider-de-hezbollah-fue-asesinado-en-la-sala-de-operaciones-belicas-dice-asistente\/","url_meta":{"origin":106470,"position":2},"title":"L\u00edder de Hezbollah fue asesinado en la sala de operaciones b\u00e9licas, dice asistente","author":"Nelson Feliz","date":"5 de enero de 2025","format":false,"excerpt":"By KAREEM CHEHAYEB BEIRUT (AP) \u2014 El l\u00edder de Hezbollah Has\u00e1n Nasrala fue asesinado en un ataque a\u00e9reo israel\u00ed el a\u00f1o pasado mientras se encontraba dentro de la sala de operaciones de guerra del grupo militante, seg\u00fan nuevos detalles revelados el domingo por un alto oficial de Hezbollah. Una serie\u2026","rel":"","context":"En \u00abINTERNACIONALES\u00bb","block_context":{"text":"INTERNACIONALES","link":"https:\/\/lasprimeras.com.do\/index.php\/category\/sin-categoria\/internacionales\/"},"img":{"alt_text":"","src":"https:\/\/i0.wp.com\/lasprimeras.com.do\/wp-content\/uploads\/2025\/01\/muerto.jpg?resize=350%2C200&ssl=1","width":350,"height":200,"srcset":"https:\/\/i0.wp.com\/lasprimeras.com.do\/wp-content\/uploads\/2025\/01\/muerto.jpg?resize=350%2C200&ssl=1 1x, https:\/\/i0.wp.com\/lasprimeras.com.do\/wp-content\/uploads\/2025\/01\/muerto.jpg?resize=525%2C300&ssl=1 1.5x, https:\/\/i0.wp.com\/lasprimeras.com.do\/wp-content\/uploads\/2025\/01\/muerto.jpg?resize=700%2C400&ssl=1 2x"},"classes":[]},{"id":127328,"url":"https:\/\/lasprimeras.com.do\/index.php\/2026\/04\/10\/israel-mata-a-13-miembros-de-las-fuerzas-de-seguridad-de-libano-antes-de-inicio-de-conversaciones\/","url_meta":{"origin":106470,"position":3},"title":"Israel mata a 13 miembros de las fuerzas de seguridad de L\u00edbano antes de inicio de conversaciones","author":"Nelson Feliz","date":"10 de abril de 2026","format":false,"excerpt":"POR KAREEM CHEHAYEB BEIRUT (AP) \u2014 Los ataques entre Israel y el grupo pol\u00edtico-paramilitar liban\u00e9s Hezbollah se intensificaron el viernes, antes de las conversaciones directas entre el gobierno de L\u00edbano e Israel, programadas para la pr\u00f3xima semana. Las conversaciones comenzar\u00e1n el martes en Washington y ser\u00e1n mediadas por diplom\u00e1ticos estadounidenses,\u2026","rel":"","context":"En \u00abINTERNACIONALES\u00bb","block_context":{"text":"INTERNACIONALES","link":"https:\/\/lasprimeras.com.do\/index.php\/category\/sin-categoria\/internacionales\/"},"img":{"alt_text":"","src":"https:\/\/i0.wp.com\/lasprimeras.com.do\/wp-content\/uploads\/2026\/04\/Libano-1.jpg?resize=350%2C200&ssl=1","width":350,"height":200,"srcset":"https:\/\/i0.wp.com\/lasprimeras.com.do\/wp-content\/uploads\/2026\/04\/Libano-1.jpg?resize=350%2C200&ssl=1 1x, https:\/\/i0.wp.com\/lasprimeras.com.do\/wp-content\/uploads\/2026\/04\/Libano-1.jpg?resize=525%2C300&ssl=1 1.5x, https:\/\/i0.wp.com\/lasprimeras.com.do\/wp-content\/uploads\/2026\/04\/Libano-1.jpg?resize=700%2C400&ssl=1 2x"},"classes":[]},{"id":127666,"url":"https:\/\/lasprimeras.com.do\/index.php\/2026\/04\/14\/israel-y-libano-mantienen-primeras-conversaciones-diplomaticas-en-washington\/","url_meta":{"origin":106470,"position":4},"title":"Israel y L\u00edbano mantienen primeras conversaciones diplom\u00e1ticas en Washington","author":"Nelson Feliz","date":"14 de abril de 2026","format":false,"excerpt":"POR KAREEM CHEHAYEB and MATTHEW LEE WASHINGTON (AP) \u2014 L\u00edbano e Israel iniciaron el martes en Washington sus primeras conversaciones diplom\u00e1ticas directas en d\u00e9cadas, tras m\u00e1s de un mes de guerra entre Israel y el grupo pol\u00edtico-paramilitar Hezbollah respaldado por Ir\u00e1n; el secretario de Estado de Estados Unidos, Marco Rubio,\u2026","rel":"","context":"En \u00abINTERNACIONALES\u00bb","block_context":{"text":"INTERNACIONALES","link":"https:\/\/lasprimeras.com.do\/index.php\/category\/sin-categoria\/internacionales\/"},"img":{"alt_text":"","src":"https:\/\/i0.wp.com\/lasprimeras.com.do\/wp-content\/uploads\/2026\/04\/dialogo.jpg?resize=350%2C200&ssl=1","width":350,"height":200,"srcset":"https:\/\/i0.wp.com\/lasprimeras.com.do\/wp-content\/uploads\/2026\/04\/dialogo.jpg?resize=350%2C200&ssl=1 1x, https:\/\/i0.wp.com\/lasprimeras.com.do\/wp-content\/uploads\/2026\/04\/dialogo.jpg?resize=525%2C300&ssl=1 1.5x, https:\/\/i0.wp.com\/lasprimeras.com.do\/wp-content\/uploads\/2026\/04\/dialogo.jpg?resize=700%2C400&ssl=1 2x"},"classes":[]},{"id":86575,"url":"https:\/\/lasprimeras.com.do\/index.php\/2024\/07\/28\/un-ataque-desde-libano-mata-a-12-jovenes\/","url_meta":{"origin":106470,"position":5},"title":"Un ataque desde L\u00edbano mata a 12 j\u00f3venes","author":"Nelson Feliz","date":"28 de julio de 2024","format":false,"excerpt":"\u00bfPuede esa chispa iniciar una guerra Israel-Hezbollah? BY MELANIE LIDMAN AND SAMY MAGDY TEL AVIV, Israel (AP) \u2014 Oriente Medio se preparaba el domingo para una posible escalada en la violencia despu\u00e9s de que las autoridades israel\u00edes dijeran que un cohete procedente de L\u00edbano hab\u00eda golpeado un campo de f\u00fatbol\u2026","rel":"","context":"En \u00abSin categor\u00eda\u00bb","block_context":{"text":"Sin categor\u00eda","link":"https:\/\/lasprimeras.com.do\/index.php\/category\/sin-categoria\/"},"img":{"alt_text":"","src":"https:\/\/i0.wp.com\/lasprimeras.com.do\/wp-content\/uploads\/2024\/07\/Guerra.png?resize=350%2C200&ssl=1","width":350,"height":200,"srcset":"https:\/\/i0.wp.com\/lasprimeras.com.do\/wp-content\/uploads\/2024\/07\/Guerra.png?resize=350%2C200&ssl=1 1x, https:\/\/i0.wp.com\/lasprimeras.com.do\/wp-content\/uploads\/2024\/07\/Guerra.png?resize=525%2C300&ssl=1 1.5x, https:\/\/i0.wp.com\/lasprimeras.com.do\/wp-content\/uploads\/2024\/07\/Guerra.png?resize=700%2C400&ssl=1 2x"},"classes":[]}],"jetpack_sharing_enabled":true,"_links":{"self":[{"href":"https:\/\/lasprimeras.com.do\/index.php\/wp-json\/wp\/v2\/posts\/106470","targetHints":{"allow":["GET"]}}],"collection":[{"href":"https:\/\/lasprimeras.com.do\/index.php\/wp-json\/wp\/v2\/posts"}],"about":[{"href":"https:\/\/lasprimeras.com.do\/index.php\/wp-json\/wp\/v2\/types\/post"}],"author":[{"embeddable":true,"href":"https:\/\/lasprimeras.com.do\/index.php\/wp-json\/wp\/v2\/users\/10"}],"replies":[{"embeddable":true,"href":"https:\/\/lasprimeras.com.do\/index.php\/wp-json\/wp\/v2\/comments?post=106470"}],"version-history":[{"count":1,"href":"https:\/\/lasprimeras.com.do\/index.php\/wp-json\/wp\/v2\/posts\/106470\/revisions"}],"predecessor-version":[{"id":106472,"href":"https:\/\/lasprimeras.com.do\/index.php\/wp-json\/wp\/v2\/posts\/106470\/revisions\/106472"}],"wp:featuredmedia":[{"embeddable":true,"href":"https:\/\/lasprimeras.com.do\/index.php\/wp-json\/wp\/v2\/media\/106471"}],"wp:attachment":[{"href":"https:\/\/lasprimeras.com.do\/index.php\/wp-json\/wp\/v2\/media?parent=106470"}],"wp:term":[{"taxonomy":"category","embeddable":true,"href":"https:\/\/lasprimeras.com.do\/index.php\/wp-json\/wp\/v2\/categories?post=106470"},{"taxonomy":"post_tag","embeddable":true,"href":"https:\/\/lasprimeras.com.do\/index.php\/wp-json\/wp\/v2\/tags?post=106470"}],"curies":[{"name":"wp","href":"https:\/\/api.w.org\/{rel}","templated":true}]}}