{"id":106473,"date":"2025-08-15T10:06:42","date_gmt":"2025-08-15T14:06:42","guid":{"rendered":"https:\/\/lasprimeras.com.do\/?p=106473"},"modified":"2025-08-15T10:06:44","modified_gmt":"2025-08-15T14:06:44","slug":"espana-portugal-y-grecia-luchan-contra-incendios-forestales-en-plena-ola-de-calor","status":"publish","type":"post","link":"https:\/\/lasprimeras.com.do\/index.php\/2025\/08\/15\/espana-portugal-y-grecia-luchan-contra-incendios-forestales-en-plena-ola-de-calor\/","title":{"rendered":"Espa\u00f1a, Portugal y Grecia luchan contra incendios forestales en plena ola de calor"},"content":{"rendered":"\n<p>POR SUMAN NAISHADHAM<\/p>\n\n\n\n<p>MADRID (AP) \u2014 Bomberos en Espa\u00f1a, Portugal y Grecia segu\u00edan combatiendo los incendios forestales activos el viernes en una jornada festiva en los tres pa\u00edses, mientras las persistentes condiciones de calor y sequ\u00eda complicaban los esfuerzos para contener las llamas.<\/p>\n\n\n\n<p>En Espa\u00f1a, donde se espera que las temperaturas aumenten durante el fin de semana, se luchaba contra 14 incendios importantes.<\/p>\n\n\n\n<p>\u201cHoy volver\u00e1 a ser un d\u00eda muy duro, con riesgo extremo de nuevos incendios\u201d, dijo el presidente del gobierno espa\u00f1ol, Pedro S\u00e1nchez, en X.<\/p>\n\n\n\n<p>La agencia meteorol\u00f3gica nacional, AEMET, advirti\u00f3 sobre un riesgo extremo de incendios en la mayor parte del pa\u00eds, incluyendo el norte y el oeste, donde segu\u00edan ardiendo los fuegos m\u00e1s graves.<\/p>\n\n\n\n<p>Se espera que la ola de calor que dej\u00f3 temperaturas por encima de los 40\u00ba C (104\u00ba F) varios d\u00edas de este mes contin\u00fae hasta el lunes.<\/p>\n\n\n\n<p>Los incendios en Galicia, una regi\u00f3n en el extremo noroccidental de la pen\u00ednsula, provocaron al cierre de varias carreteras. La l\u00ednea de tren de alta velocidad con la capital, Madrid, segu\u00eda suspendida.<\/p>\n\n\n\n<p>En lo que va de a\u00f1o, las llamas han arrasado 158.000 hect\u00e1reas (610 millas cuadradas) en Espa\u00f1a, seg\u00fan el Sistema Europeo de Informaci\u00f3n sobre Incendios Forestales de la Uni\u00f3n Europea.<\/p>\n\n\n\n<p>Tanto en Espa\u00f1a como en Portugal se conmemora la Asunci\u00f3n, una importante festividad cat\u00f3lica que suele celebrarse con reuniones familiares y procesiones religiosas.<\/p>\n\n\n\n<p>En Portugal, casi 4.000 bomberos trataban de sofocar siete incendios importantes. Las autoridades extendieron el estado de alerta hasta el domingo debido a las altas temperaturas previstas para el fin de semana.<\/p>\n\n\n\n<p>En la isla griega de Qu\u00edos, un incendio forestal ard\u00eda sin control por cuarto d\u00eda. El fuego provoc\u00f3 varias evacuaciones nocturnas m\u00e1s.<\/p>\n\n\n\n<p>Dos aviones de descarga de agua y dos helic\u00f3pteros trabajaban en el norte de la isla del Egeo oriental, donde las autoridades locales dijeron que una pausa en los fuertes vientos estaba ayudando a los bomberos el viernes por la ma\u00f1ana.<\/p>\n\n\n\n<p>Tras una serie de grandes incendios en el oeste del pa\u00eds a principios de semana, el Servicio de Bomberos de Grecia estaba en alerta el viernes en las afueras de Atenas y en zonas pr\u00f3ximas en el sur del pa\u00eds, donde las condiciones meteorol\u00f3gicas adversas elevaban el riesgo de incendios.<\/p>\n\n\n\n<p>El l\u00edder espiritual de los cristianos ortodoxos del mundo, el patriarca ecum\u00e9nico Bartolom\u00e9, expres\u00f3 el viernes su solidaridad con las v\u00edctimas de los incendios forestales en el sur de Europa durante las oraciones por la Dormici\u00f3n de la Virgen Mar\u00eda, una importante festividad religiosa para los cristianos ortodoxos.<\/p>\n","protected":false},"excerpt":{"rendered":"<p>POR SUMAN NAISHADHAM MADRID (AP) \u2014 Bomberos en Espa\u00f1a, Portugal y Grecia segu\u00edan combatiendo los incendios forestales activos el viernes en una jornada festiva en los tres pa\u00edses, mientras las&hellip;<\/p>\n","protected":false},"author":10,"featured_media":106474,"comment_status":"open","ping_status":"open","sticky":false,"template":"","format":"standard","meta":{"content-type":"","jetpack_post_was_ever_published":false,"_jetpack_newsletter_access":"","_jetpack_dont_email_post_to_subs":false,"_jetpack_newsletter_tier_id":0,"_jetpack_memberships_contains_paywalled_content":false,"_jetpack_memberships_contains_paid_content":false,"footnotes":""},"categories":[16289],"tags":[28,16655,23203,23204,10696],"class_list":["post-106473","post","type-post","status-publish","format-standard","has-post-thumbnail","hentry","category-internacionales","tag-espana","tag-grecia","tag-incendios-forestales","tag-plena-ola-de-calor","tag-portugal"],"jetpack_featured_media_url":"https:\/\/lasprimeras.com.do\/wp-content\/uploads\/2025\/08\/incendios-forestales.jpg","jetpack-related-posts":[{"id":63998,"url":"https:\/\/lasprimeras.com.do\/index.php\/2023\/10\/17\/bomberos-de-espana-capacitan-a-dominicanos-en-protocolos-para-combatir-incendios-forestales\/","url_meta":{"origin":106473,"position":0},"title":"Bomberos de Espa\u00f1a capacitan a dominicanos en protocolos para combatir incendios forestales","author":"Nelson Feliz","date":"17 de octubre de 2023","format":false,"excerpt":"El Ministerio de Medio Ambiente desarrolla un taller t\u00e9cnico con el apoyo de la Uni\u00f3n Europea y el programa Euroclima. El Ministerio de Medio Ambiente y Recursos Naturales desarrolla esta semana un taller de capacitaci\u00f3n impartido por bomberos de Espa\u00f1a a integrantes de las agencias de emergencias del Estado dominicano\u2026","rel":"","context":"En \u00abNACIONALES\u00bb","block_context":{"text":"NACIONALES","link":"https:\/\/lasprimeras.com.do\/index.php\/category\/nacionales\/"},"img":{"alt_text":"Ministerio de Medio Ambiente y Recursos Naturales","src":"https:\/\/i0.wp.com\/lasprimeras.com.do\/wp-content\/uploads\/2023\/10\/Ministerio-de-Medio-Ambiente-y-Recursos-Naturales-1.jpg?resize=350%2C200&ssl=1","width":350,"height":200,"srcset":"https:\/\/i0.wp.com\/lasprimeras.com.do\/wp-content\/uploads\/2023\/10\/Ministerio-de-Medio-Ambiente-y-Recursos-Naturales-1.jpg?resize=350%2C200&ssl=1 1x, https:\/\/i0.wp.com\/lasprimeras.com.do\/wp-content\/uploads\/2023\/10\/Ministerio-de-Medio-Ambiente-y-Recursos-Naturales-1.jpg?resize=525%2C300&ssl=1 1.5x"},"classes":[]},{"id":102004,"url":"https:\/\/lasprimeras.com.do\/index.php\/2025\/06\/30\/temperaturas-abrasadoras-azotan-europa-y-ponen-regiones-en-alerta-maxima\/","url_meta":{"origin":106473,"position":1},"title":"Temperaturas abrasadoras azotan Europa y ponen regiones en alerta m\u00e1xima","author":"Nelson Feliz","date":"30 de junio de 2025","format":false,"excerpt":"POR SUZAN FRASER ANKARA, Turqu\u00eda (AP) \u2014 Los incendios forestales avivados por fuertes vientos y un clima caluroso y seco da\u00f1aron algunas casas de vacaciones en Turqu\u00eda, mientras que una persistente ola de calor que ha afectado a gran parte de Europa llev\u00f3 a las autoridades a elevar las advertencias\u2026","rel":"","context":"En \u00abINTERNACIONALES\u00bb","block_context":{"text":"INTERNACIONALES","link":"https:\/\/lasprimeras.com.do\/index.php\/category\/sin-categoria\/internacionales\/"},"img":{"alt_text":"","src":"https:\/\/i0.wp.com\/lasprimeras.com.do\/wp-content\/uploads\/2025\/06\/calor-1.jpg?resize=350%2C200&ssl=1","width":350,"height":200,"srcset":"https:\/\/i0.wp.com\/lasprimeras.com.do\/wp-content\/uploads\/2025\/06\/calor-1.jpg?resize=350%2C200&ssl=1 1x, https:\/\/i0.wp.com\/lasprimeras.com.do\/wp-content\/uploads\/2025\/06\/calor-1.jpg?resize=525%2C300&ssl=1 1.5x, https:\/\/i0.wp.com\/lasprimeras.com.do\/wp-content\/uploads\/2025\/06\/calor-1.jpg?resize=700%2C400&ssl=1 2x"},"classes":[]},{"id":86462,"url":"https:\/\/lasprimeras.com.do\/index.php\/2024\/07\/25\/un-rayo-y-un-coche-en-llamas-arrojado-a-un-barranco-son-los-responsables-de-los-incendios-forestales-que-asolan-el-oeste\/","url_meta":{"origin":106473,"position":2},"title":"Un rayo y un coche en llamas arrojado a un barranco son los responsables de los incendios forestales que asolan el oeste","author":"Nelson Feliz","date":"25 de julio de 2024","format":false,"excerpt":"POR JOHN ANTCZAK Y HOLLY RAMER Un coche en llamas arrojado a un barranco provoc\u00f3 el mayor incendio forestal del a\u00f1o en California, seg\u00fan informaron las autoridades el jueves, al tiempo que anunciaron el arresto de un sospechoso. Mientras tanto, otros incendios arrasaron el noroeste del Pac\u00edfico. Las llamas del\u2026","rel":"","context":"En \u00abSin categor\u00eda\u00bb","block_context":{"text":"Sin categor\u00eda","link":"https:\/\/lasprimeras.com.do\/index.php\/category\/sin-categoria\/"},"img":{"alt_text":"","src":"https:\/\/i0.wp.com\/lasprimeras.com.do\/wp-content\/uploads\/2024\/07\/incendios-forestales-1.png?resize=350%2C200&ssl=1","width":350,"height":200,"srcset":"https:\/\/i0.wp.com\/lasprimeras.com.do\/wp-content\/uploads\/2024\/07\/incendios-forestales-1.png?resize=350%2C200&ssl=1 1x, https:\/\/i0.wp.com\/lasprimeras.com.do\/wp-content\/uploads\/2024\/07\/incendios-forestales-1.png?resize=525%2C300&ssl=1 1.5x, https:\/\/i0.wp.com\/lasprimeras.com.do\/wp-content\/uploads\/2024\/07\/incendios-forestales-1.png?resize=700%2C400&ssl=1 2x"},"classes":[]},{"id":102093,"url":"https:\/\/lasprimeras.com.do\/index.php\/2025\/07\/01\/barcelona-registra-el-junio-mas-caluroso-en-mas-de-100-anos-mientras-una-ola-de-calor-azota-europa\/","url_meta":{"origin":106473,"position":3},"title":"Barcelona registra el junio m\u00e1s caluroso en m\u00e1s de 100 a\u00f1os mientras una ola de calor azota Europa","author":"Nelson Feliz","date":"1 de julio de 2025","format":false,"excerpt":"POR SAMUEL PETREQUIN PAR\u00cdS (AP) \u2014 Barcelona registr\u00f3 su mes de junio m\u00e1s caluroso desde que comenzaron los registros hace m\u00e1s de un siglo, seg\u00fan inform\u00f3 el martes la agencia meteorol\u00f3gica nacional de Espa\u00f1a, mientras Europa segu\u00eda bajo la primera gran ola de calor de este verano. El Observatorio de\u2026","rel":"","context":"En \u00abINTERNACIONALES\u00bb","block_context":{"text":"INTERNACIONALES","link":"https:\/\/lasprimeras.com.do\/index.php\/category\/sin-categoria\/internacionales\/"},"img":{"alt_text":"","src":"https:\/\/i0.wp.com\/lasprimeras.com.do\/wp-content\/uploads\/2025\/07\/calor-1.jpg?resize=350%2C200&ssl=1","width":350,"height":200,"srcset":"https:\/\/i0.wp.com\/lasprimeras.com.do\/wp-content\/uploads\/2025\/07\/calor-1.jpg?resize=350%2C200&ssl=1 1x, https:\/\/i0.wp.com\/lasprimeras.com.do\/wp-content\/uploads\/2025\/07\/calor-1.jpg?resize=525%2C300&ssl=1 1.5x, https:\/\/i0.wp.com\/lasprimeras.com.do\/wp-content\/uploads\/2025\/07\/calor-1.jpg?resize=700%2C400&ssl=1 2x"},"classes":[]},{"id":54809,"url":"https:\/\/lasprimeras.com.do\/index.php\/2023\/07\/14\/bombero-canadiense-muere-luchando-contra-incendio-en-columbia-britanica\/","url_meta":{"origin":106473,"position":4},"title":"Bombero canadiense muere luchando contra incendio en Columbia Brit\u00e1nica","author":"Nelson Feliz","date":"14 de julio de 2023","format":false,"excerpt":"Un bombero canadiense muri\u00f3 el jueves mientras luchaba contra un incendio masivo en un bosque en Columbia Brit\u00e1nica, dijeron las autoridades, mientras los incendios forestales contin\u00faan arrasando el pa\u00eds. El Sindicato General de Empleados de BC anunci\u00f3 la muerte del bombero en un comunicado el jueves por la noche. La\u2026","rel":"","context":"En \u00abSin categor\u00eda\u00bb","block_context":{"text":"Sin categor\u00eda","link":"https:\/\/lasprimeras.com.do\/index.php\/category\/sin-categoria\/"},"img":{"alt_text":"Bombero canadiense muere luchando contra incendio en Columbia Brit\u00e1nica","src":"https:\/\/i0.wp.com\/lasprimeras.com.do\/wp-content\/uploads\/2023\/07\/Bombero-canadiense-muere-luchando-contra-incendio-en-Columbia-Britanica.jpg?resize=350%2C200&ssl=1","width":350,"height":200,"srcset":"https:\/\/i0.wp.com\/lasprimeras.com.do\/wp-content\/uploads\/2023\/07\/Bombero-canadiense-muere-luchando-contra-incendio-en-Columbia-Britanica.jpg?resize=350%2C200&ssl=1 1x, https:\/\/i0.wp.com\/lasprimeras.com.do\/wp-content\/uploads\/2023\/07\/Bombero-canadiense-muere-luchando-contra-incendio-en-Columbia-Britanica.jpg?resize=525%2C300&ssl=1 1.5x, https:\/\/i0.wp.com\/lasprimeras.com.do\/wp-content\/uploads\/2023\/07\/Bombero-canadiense-muere-luchando-contra-incendio-en-Columbia-Britanica.jpg?resize=700%2C400&ssl=1 2x"},"classes":[]},{"id":54074,"url":"https:\/\/lasprimeras.com.do\/index.php\/2023\/07\/06\/los-incendios-forestales-en-canada-han-batido-records-de-area-quemada-evacuaciones-y-costo-dice-un-funcionario\/","url_meta":{"origin":106473,"position":5},"title":"Los incendios forestales en Canad\u00e1 han batido r\u00e9cords de \u00e1rea quemada, evacuaciones y costo, dice un funcionario","author":"Nelson Feliz","date":"6 de julio de 2023","format":false,"excerpt":"VANCOUVER, Columbia Brit\u00e1nica (AP) \u2014 Los incendios forestales que arrasan Canad\u00e1 ya han batido r\u00e9cords de \u00e1rea total quemada, la cantidad de personas obligadas a evacuar sus hogares y el costo de combatir las llamas, y la temporada de incendios est\u00e1 a mitad de camino, dijeron las autoridades el jueves.\u2026","rel":"","context":"En \u00abSin categor\u00eda\u00bb","block_context":{"text":"Sin categor\u00eda","link":"https:\/\/lasprimeras.com.do\/index.php\/category\/sin-categoria\/"},"img":{"alt_text":"Incendios Forestales","src":"https:\/\/i0.wp.com\/lasprimeras.com.do\/wp-content\/uploads\/2023\/07\/Incendios-Forestales.jpg?resize=350%2C200&ssl=1","width":350,"height":200,"srcset":"https:\/\/i0.wp.com\/lasprimeras.com.do\/wp-content\/uploads\/2023\/07\/Incendios-Forestales.jpg?resize=350%2C200&ssl=1 1x, https:\/\/i0.wp.com\/lasprimeras.com.do\/wp-content\/uploads\/2023\/07\/Incendios-Forestales.jpg?resize=525%2C300&ssl=1 1.5x, https:\/\/i0.wp.com\/lasprimeras.com.do\/wp-content\/uploads\/2023\/07\/Incendios-Forestales.jpg?resize=700%2C400&ssl=1 2x"},"classes":[]}],"jetpack_sharing_enabled":true,"_links":{"self":[{"href":"https:\/\/lasprimeras.com.do\/index.php\/wp-json\/wp\/v2\/posts\/106473","targetHints":{"allow":["GET"]}}],"collection":[{"href":"https:\/\/lasprimeras.com.do\/index.php\/wp-json\/wp\/v2\/posts"}],"about":[{"href":"https:\/\/lasprimeras.com.do\/index.php\/wp-json\/wp\/v2\/types\/post"}],"author":[{"embeddable":true,"href":"https:\/\/lasprimeras.com.do\/index.php\/wp-json\/wp\/v2\/users\/10"}],"replies":[{"embeddable":true,"href":"https:\/\/lasprimeras.com.do\/index.php\/wp-json\/wp\/v2\/comments?post=106473"}],"version-history":[{"count":1,"href":"https:\/\/lasprimeras.com.do\/index.php\/wp-json\/wp\/v2\/posts\/106473\/revisions"}],"predecessor-version":[{"id":106475,"href":"https:\/\/lasprimeras.com.do\/index.php\/wp-json\/wp\/v2\/posts\/106473\/revisions\/106475"}],"wp:featuredmedia":[{"embeddable":true,"href":"https:\/\/lasprimeras.com.do\/index.php\/wp-json\/wp\/v2\/media\/106474"}],"wp:attachment":[{"href":"https:\/\/lasprimeras.com.do\/index.php\/wp-json\/wp\/v2\/media?parent=106473"}],"wp:term":[{"taxonomy":"category","embeddable":true,"href":"https:\/\/lasprimeras.com.do\/index.php\/wp-json\/wp\/v2\/categories?post=106473"},{"taxonomy":"post_tag","embeddable":true,"href":"https:\/\/lasprimeras.com.do\/index.php\/wp-json\/wp\/v2\/tags?post=106473"}],"curies":[{"name":"wp","href":"https:\/\/api.w.org\/{rel}","templated":true}]}}