{"id":106482,"date":"2025-08-15T11:57:47","date_gmt":"2025-08-15T15:57:47","guid":{"rendered":"https:\/\/lasprimeras.com.do\/?p=106482"},"modified":"2025-08-15T11:57:49","modified_gmt":"2025-08-15T15:57:49","slug":"peloteros-dominicanos-grandes-ligas-felicitan-celebracion-en-nyc-juegos-juan-pablo-duarte","status":"publish","type":"post","link":"https:\/\/lasprimeras.com.do\/index.php\/2025\/08\/15\/peloteros-dominicanos-grandes-ligas-felicitan-celebracion-en-nyc-juegos-juan-pablo-duarte\/","title":{"rendered":"Peloteros dominicanos Grandes Ligas felicitan celebraci\u00f3n en NYC \u00abJuegos Juan Pablo Duarte\u00bb"},"content":{"rendered":"\n<p>Por Ram\u00f3n Mercedes<\/p>\n\n\n\n<p>NUEVA YORK.- Varios peloteros dominicanos de Grandes Ligas enviaron mensajes de apoyo a los atletas dominicanos que participar\u00e1n en esta ciudad del 15 al 31 de este mes en los \u00abJuegos Juan Pablo Duarte\u00bb, que dirige el empresario y deportista Roberto Rojas.<\/p>\n\n\n\n<p>Los jugadores Juan Soto, Ronny Mauricio, Frankie Mont\u00e1s y Gregory Soto, de los Mets de Nueva York, enviaron mensajes de apoyo a los 2,300 deportistas dominicanos residentes en esta ciudad, Rhode Island, Lawrence y Boston, que participar\u00e1n en las siguientes disciplinas:<\/p>\n\n\n\n<p>Atletismo, Ajedrez, Baloncesto, B\u00e9isbol, Billar, Bolinche, Ciclismo, Tablero, Domin\u00f3, Judo, F\u00fatbol, Tae Kwan Do, Karate, Footkey, Tenis de Campo, Tenis de Mesa, S\u00f3ftbol, Rigoball, Volibol, Vitilla, Lacrose, Arco y Flecha.<\/p>\n\n\n\n<p>\u00abMucho \u00e9xito a las delegaciones que representan a sus respectivos lugares en estos Juegos Juan Pablo Duarte. Estoy seguro que todos sus desvelos y esfuerzos se ver\u00e1n recompensados con una medalla\u00bb, expres\u00f3 Juan Soto.<\/p>\n\n\n\n<p>El lanzador Mont\u00e1s tambi\u00e9n le dese\u00f3 \u00e9xito a los j\u00f3venes quisqueyanos que van a competir en esta edici\u00f3n.<\/p>\n\n\n\n<p>\u201cExito a los j\u00f3venes atletas del pa\u00eds caribe\u00f1o que participar\u00e1n en esta justa atl\u00e9tica en m\u00faltiples disciplinas deportivas\u201d, dese\u00f3 por su parte el utility Ronny Mauricio.<\/p>\n\n\n\n<p>Mientras que el lanzador Gregory Soto precis\u00f3 \u00abestamos seguros de que, gracias a su preparaci\u00f3n, enfoque y esfuerzo pondr\u00e1n en alto el nombre de nuestro pa\u00eds. Deseamos el mayor de los \u00e9xitos a nuestros atletas\u00bb.<\/p>\n\n\n\n<p>Por su parte, Rojas afirm\u00f3 que existe gran entusiasmo entre la comunidad dominicana en NYC con la celebraci\u00f3n de estos juegos, que pondran la bandera tricolor en alto, sostuvo.<\/p>\n","protected":false},"excerpt":{"rendered":"<p>Por Ram\u00f3n Mercedes NUEVA YORK.- Varios peloteros dominicanos de Grandes Ligas enviaron mensajes de apoyo a los atletas dominicanos que participar\u00e1n en esta ciudad del 15 al 31 de este&hellip;<\/p>\n","protected":false},"author":10,"featured_media":106483,"comment_status":"open","ping_status":"open","sticky":false,"template":"","format":"standard","meta":{"content-type":"","jetpack_post_was_ever_published":false,"_jetpack_newsletter_access":"","_jetpack_dont_email_post_to_subs":false,"_jetpack_newsletter_tier_id":0,"_jetpack_memberships_contains_paywalled_content":false,"_jetpack_memberships_contains_paid_content":false,"footnotes":""},"categories":[630],"tags":[1326,545,567,23165,316,23206],"class_list":["post-106482","post","type-post","status-publish","format-standard","has-post-thumbnail","hentry","category-deportes","tag-celebracion","tag-felicitan","tag-grandes-ligas","tag-juegos-juan-pablo-duarte","tag-nyc","tag-peloteros-dominicanos"],"jetpack_featured_media_url":"https:\/\/lasprimeras.com.do\/wp-content\/uploads\/2025\/08\/WhatsApp-Image-2025-08-15-at-6.18.24-AM.jpeg","jetpack-related-posts":[{"id":106397,"url":"https:\/\/lasprimeras.com.do\/index.php\/2025\/08\/14\/roberto-rojas-afirma-juegos-juan-pablo-duarte-estan-listos-para-iniciar-en-ny\/","url_meta":{"origin":106482,"position":0},"title":"Roberto Rojas afirma \u00abJuegos Juan Pablo Duarte\u00bb est\u00e1n listos para iniciar en NY","author":"Nelson Feliz","date":"14 de agosto de 2025","format":false,"excerpt":"https:\/\/www.youtube.com\/watch?v=BVF7WGv5XB0 Por Ram\u00f3n Mercedes NUEVA YORK.- El Ministro de Deportes y Recreaci\u00f3n de la Rep\u00fablica Dominicana, Kelvin Cruz, encabezar\u00e1 la inauguraci\u00f3n de los \u00abJuegos Deportivos de Verano Juan Pablo Duarte NY 2025\u00bb, a efectuarse este viernes 15 de agosto a las 4:00 de la tarde, en el Centro Apex de\u2026","rel":"","context":"En \u00abDEPORTES\u00bb","block_context":{"text":"DEPORTES","link":"https:\/\/lasprimeras.com.do\/index.php\/category\/deportes\/"},"img":{"alt_text":"","src":"https:\/\/i0.wp.com\/lasprimeras.com.do\/wp-content\/uploads\/2025\/08\/WhatsApp-Image-2025-08-14-at-6.10.37-AM.jpeg?resize=350%2C200&ssl=1","width":350,"height":200,"srcset":"https:\/\/i0.wp.com\/lasprimeras.com.do\/wp-content\/uploads\/2025\/08\/WhatsApp-Image-2025-08-14-at-6.10.37-AM.jpeg?resize=350%2C200&ssl=1 1x, https:\/\/i0.wp.com\/lasprimeras.com.do\/wp-content\/uploads\/2025\/08\/WhatsApp-Image-2025-08-14-at-6.10.37-AM.jpeg?resize=525%2C300&ssl=1 1.5x, https:\/\/i0.wp.com\/lasprimeras.com.do\/wp-content\/uploads\/2025\/08\/WhatsApp-Image-2025-08-14-at-6.10.37-AM.jpeg?resize=700%2C400&ssl=1 2x"},"classes":[]},{"id":105779,"url":"https:\/\/lasprimeras.com.do\/index.php\/2025\/08\/07\/afirma-reina-entusiasmo-entre-juventud-dominicana-ny-por-juegos-juan-pablo-duarte\/","url_meta":{"origin":106482,"position":1},"title":"Afirma reina entusiasmo entre juventud dominicana NY por juegos Juan Pablo Duarte","author":"Nelson Feliz","date":"7 de agosto de 2025","format":false,"excerpt":"Por Ram\u00f3n Mercedes NUEVA YORK.- El director general de los juegos \u00abJuan Pablo Duarte\u00bb a celebrarse en esta ciudad, Roberto Rojas, destac\u00f3 el gran entusiasmo que reina entre la juventud dominicana en este estados y otros en Estados Unidos por la celebraci\u00f3n de los mismos. El evento reunir\u00e1 a 2,232\u2026","rel":"","context":"En \u00abDEPORTES\u00bb","block_context":{"text":"DEPORTES","link":"https:\/\/lasprimeras.com.do\/index.php\/category\/deportes\/"},"img":{"alt_text":"","src":"https:\/\/i0.wp.com\/lasprimeras.com.do\/wp-content\/uploads\/2025\/08\/WhatsApp-Image-2025-08-07-at-5.42.07-AM.jpeg?resize=350%2C200&ssl=1","width":350,"height":200,"srcset":"https:\/\/i0.wp.com\/lasprimeras.com.do\/wp-content\/uploads\/2025\/08\/WhatsApp-Image-2025-08-07-at-5.42.07-AM.jpeg?resize=350%2C200&ssl=1 1x, https:\/\/i0.wp.com\/lasprimeras.com.do\/wp-content\/uploads\/2025\/08\/WhatsApp-Image-2025-08-07-at-5.42.07-AM.jpeg?resize=525%2C300&ssl=1 1.5x"},"classes":[]},{"id":115107,"url":"https:\/\/lasprimeras.com.do\/index.php\/2025\/11\/19\/peloteros-dominicanos-de-gl-reconocen-en-ny-labor-filantropica-de-roberto-rojas\/","url_meta":{"origin":106482,"position":2},"title":"Peloteros dominicanos de GL reconocen en NY labor filantr\u00f3pica de Roberto Rojas","author":"Nelson Feliz","date":"19 de noviembre de 2025","format":false,"excerpt":"Por Ram\u00f3n Mercedes NUEVA YORK.- Peloteros dominicanos de Grandes Ligas reconocieron en esta ciudad las labores filantr\u00f3picas que viene efectuando durante a\u00f1os el empresario y activo manager de ligas deportivas, Roberto Rojas, tanto en esta ciudad como en Rep\u00fablica Dominicana, a favor de personas necesitadas. Recibi\u00f3 el aprecio y felicitaciones\u2026","rel":"","context":"En \u00abLA VOZ DE LA DIASPORA\u00bb","block_context":{"text":"LA VOZ DE LA DIASPORA","link":"https:\/\/lasprimeras.com.do\/index.php\/category\/la-voz-de-la-diaspora\/"},"img":{"alt_text":"Peloteros dominicanos de GL reconocen en NY labor filantr\u00f3pica de Roberto Rojas","src":"https:\/\/i0.wp.com\/lasprimeras.com.do\/wp-content\/uploads\/2025\/11\/WhatsApp-Image-2025-11-19-at-7.20.14-AM-2.jpeg?resize=350%2C200&ssl=1","width":350,"height":200,"srcset":"https:\/\/i0.wp.com\/lasprimeras.com.do\/wp-content\/uploads\/2025\/11\/WhatsApp-Image-2025-11-19-at-7.20.14-AM-2.jpeg?resize=350%2C200&ssl=1 1x, https:\/\/i0.wp.com\/lasprimeras.com.do\/wp-content\/uploads\/2025\/11\/WhatsApp-Image-2025-11-19-at-7.20.14-AM-2.jpeg?resize=525%2C300&ssl=1 1.5x"},"classes":[]},{"id":106689,"url":"https:\/\/lasprimeras.com.do\/index.php\/2025\/08\/18\/asistencia-masiva-inauguracion-en-juegos-juan-pablo-duarte-en-ny\/","url_meta":{"origin":106482,"position":3},"title":"Asistencia masiva inauguraci\u00f3n en juegos Juan Pablo Duarte en NY","author":"Nelson Feliz","date":"18 de agosto de 2025","format":false,"excerpt":"https:\/\/www.youtube.com\/watch?v=o_TrNU-WBnM Por Ram\u00f3n Mercedes NUEVA YORK.- La inauguraci\u00f3n de los juegos \u00abJuan Pablo Duarte 2025\u00bb el pasado fin de semana en esta ciudad fue todo un \u00e9xito en el Centro Apex de Lehman College, en El Bronx, y ser\u00e1n del 15 al 31 de este mes en varias instalaciones deportivas\u2026","rel":"","context":"En \u00abDEPORTES\u00bb","block_context":{"text":"DEPORTES","link":"https:\/\/lasprimeras.com.do\/index.php\/category\/deportes\/"},"img":{"alt_text":"","src":"https:\/\/i0.wp.com\/lasprimeras.com.do\/wp-content\/uploads\/2025\/08\/WhatsApp-Image-2025-08-18-at-6.46.04-AM.jpeg?resize=350%2C200&ssl=1","width":350,"height":200},"classes":[]},{"id":107049,"url":"https:\/\/lasprimeras.com.do\/index.php\/2025\/08\/22\/rojas-afirma-juegos-juan-pablo-duarte-en-nyc-marchan-bien-reconocen-unidad-deportistas-por-su-liderazgo\/","url_meta":{"origin":106482,"position":4},"title":"Rojas afirma juegos Juan Pablo Duarte en NYC marchan bien; reconocen unidad deportistas por su liderazgo","author":"Nelson Feliz","date":"22 de agosto de 2025","format":false,"excerpt":"https:\/\/www.youtube.com\/watch?v=3ER_LET9-4g Por Ram\u00f3n Mercedes NUEVA YORK.- El director general de los juegos Juan Pablo Duarte que se celebran en esta ciudad, Roberto Rojas, afirm\u00f3 que los mismos se est\u00e1n desarrollando de una forma satisfactoria y muy participativa de todos los atletas. La participaci\u00f3n de los atletas corresponde a diferentes estados,\u2026","rel":"","context":"En \u00abDEPORTES\u00bb","block_context":{"text":"DEPORTES","link":"https:\/\/lasprimeras.com.do\/index.php\/category\/deportes\/"},"img":{"alt_text":"","src":"https:\/\/i0.wp.com\/lasprimeras.com.do\/wp-content\/uploads\/2025\/08\/WhatsApp-Image-2025-08-22-at-7.47.12-AM-1.jpeg?resize=350%2C200&ssl=1","width":350,"height":200,"srcset":"https:\/\/i0.wp.com\/lasprimeras.com.do\/wp-content\/uploads\/2025\/08\/WhatsApp-Image-2025-08-22-at-7.47.12-AM-1.jpeg?resize=350%2C200&ssl=1 1x, https:\/\/i0.wp.com\/lasprimeras.com.do\/wp-content\/uploads\/2025\/08\/WhatsApp-Image-2025-08-22-at-7.47.12-AM-1.jpeg?resize=525%2C300&ssl=1 1.5x"},"classes":[]},{"id":106615,"url":"https:\/\/lasprimeras.com.do\/index.php\/2025\/08\/17\/ministro-kelvin-cruz-deja-iniciados-los-juegos-juan-pablo-duarte-en-nueva-york\/","url_meta":{"origin":106482,"position":5},"title":"Ministro Kelvin Cruz deja iniciados los Juegos Juan Pablo Duarte en Nueva York","author":"Nelson Feliz","date":"17 de agosto de 2025","format":false,"excerpt":"En el marco de una vistosa y nutrida ceremonia caracterizada por el fervor patrio, el ministro de Deportes, Kelvin Cruz, el C\u00f3nsul General Jes\u00fas \"Ch\u00fa\" V\u00e1squez y el alcalde de la ciudad de Nueva York, Eric Adams, entre otras personalidades, dejaron formalmente inaugurados en esta ciudad los Juegos deportivos Juan\u2026","rel":"","context":"En \u00abDEPORTES\u00bb","block_context":{"text":"DEPORTES","link":"https:\/\/lasprimeras.com.do\/index.php\/category\/deportes\/"},"img":{"alt_text":"","src":"https:\/\/i0.wp.com\/lasprimeras.com.do\/wp-content\/uploads\/2025\/08\/Kelvin-Cruz.jpg?resize=350%2C200&ssl=1","width":350,"height":200,"srcset":"https:\/\/i0.wp.com\/lasprimeras.com.do\/wp-content\/uploads\/2025\/08\/Kelvin-Cruz.jpg?resize=350%2C200&ssl=1 1x, https:\/\/i0.wp.com\/lasprimeras.com.do\/wp-content\/uploads\/2025\/08\/Kelvin-Cruz.jpg?resize=525%2C300&ssl=1 1.5x, https:\/\/i0.wp.com\/lasprimeras.com.do\/wp-content\/uploads\/2025\/08\/Kelvin-Cruz.jpg?resize=700%2C400&ssl=1 2x"},"classes":[]}],"jetpack_sharing_enabled":true,"_links":{"self":[{"href":"https:\/\/lasprimeras.com.do\/index.php\/wp-json\/wp\/v2\/posts\/106482","targetHints":{"allow":["GET"]}}],"collection":[{"href":"https:\/\/lasprimeras.com.do\/index.php\/wp-json\/wp\/v2\/posts"}],"about":[{"href":"https:\/\/lasprimeras.com.do\/index.php\/wp-json\/wp\/v2\/types\/post"}],"author":[{"embeddable":true,"href":"https:\/\/lasprimeras.com.do\/index.php\/wp-json\/wp\/v2\/users\/10"}],"replies":[{"embeddable":true,"href":"https:\/\/lasprimeras.com.do\/index.php\/wp-json\/wp\/v2\/comments?post=106482"}],"version-history":[{"count":1,"href":"https:\/\/lasprimeras.com.do\/index.php\/wp-json\/wp\/v2\/posts\/106482\/revisions"}],"predecessor-version":[{"id":106484,"href":"https:\/\/lasprimeras.com.do\/index.php\/wp-json\/wp\/v2\/posts\/106482\/revisions\/106484"}],"wp:featuredmedia":[{"embeddable":true,"href":"https:\/\/lasprimeras.com.do\/index.php\/wp-json\/wp\/v2\/media\/106483"}],"wp:attachment":[{"href":"https:\/\/lasprimeras.com.do\/index.php\/wp-json\/wp\/v2\/media?parent=106482"}],"wp:term":[{"taxonomy":"category","embeddable":true,"href":"https:\/\/lasprimeras.com.do\/index.php\/wp-json\/wp\/v2\/categories?post=106482"},{"taxonomy":"post_tag","embeddable":true,"href":"https:\/\/lasprimeras.com.do\/index.php\/wp-json\/wp\/v2\/tags?post=106482"}],"curies":[{"name":"wp","href":"https:\/\/api.w.org\/{rel}","templated":true}]}}