{"id":106606,"date":"2025-08-16T15:34:00","date_gmt":"2025-08-16T19:34:00","guid":{"rendered":"https:\/\/lasprimeras.com.do\/?p=106606"},"modified":"2025-08-17T15:37:48","modified_gmt":"2025-08-17T19:37:48","slug":"academia-amaury-nina-lamenta-fallecimiento-del-prospecto-gustavo-talmare-de-14-anos","status":"publish","type":"post","link":"https:\/\/lasprimeras.com.do\/index.php\/2025\/08\/16\/academia-amaury-nina-lamenta-fallecimiento-del-prospecto-gustavo-talmare-de-14-anos\/","title":{"rendered":"Academia Amaury Nina lamenta fallecimiento del prospecto Gustavo Talmare de 14 a\u00f1os"},"content":{"rendered":"\n<p>La Academia Amaury Nina, dedicada a la formaci\u00f3n y desarrollo de talentos del b\u00e9isbol, expres\u00f3 su m\u00e1s profundo pesar por el fallecimiento del joven prospecto Gustavo Talmare, de 14 a\u00f1os, ocurrido la madrugada de este s\u00e1bado a causa de ahogamiento en una laguna.<\/p>\n\n\n\n<p>De acuerdo con la informaci\u00f3n ofrecida por la academia, ayer viernes en la tarde, Gustavo particip\u00f3 en un juego de pr\u00e1ctica en las instalaciones del complejo ubicado en Santo Domingo Este y, luego de terminar sali\u00f3 junto a otros cuatro compa\u00f1eros y se desplaz\u00f3 a una laguna situada a 40 minutos de distancia, donde ocurri\u00f3 la tragedia.<\/p>\n\n\n\n<p>\u201cEste es un momento devastador. Gustavo no solo era un talento prometedor, era un joven lleno de sue\u00f1os y cualidades humanas que lo hac\u00edan muy especial para todos. En nombre de la Academia Amaury Nina, enviamos nuestras m\u00e1s sinceras condolencias y toda nuestra solidaridad a sus padres, familiares y amigos en este momento tan doloroso\u201d, expres\u00f3 Amaury Nina, entrenador y propietario de la academia.<\/p>\n\n\n\n<p>El cuerpo sin vida del joven pelotero fue recuperado por miembros de los organismos de socorro, como el 911 y la Fuerza A\u00e9rea Dominicana, quienes trabajaron toda la noche y la madrugada de este s\u00e1bado.<\/p>\n\n\n\n<p>Gustavo Talmare, reconocido por su entusiasmo y talento en el terreno de juego, form\u00f3 parte de la selecci\u00f3n dominicana que represent\u00f3 al pa\u00eds en la Serie del Caribe Kids 2024, celebrada en Panam\u00e1, donde gan\u00f3 el premio como Jugador M\u00e1s Valioso por ser l\u00edder en cuadrangulares.<\/p>\n","protected":false},"excerpt":{"rendered":"<p>La Academia Amaury Nina, dedicada a la formaci\u00f3n y desarrollo de talentos del b\u00e9isbol, expres\u00f3 su m\u00e1s profundo pesar por el fallecimiento del joven prospecto Gustavo Talmare, de 14 a\u00f1os,&hellip;<\/p>\n","protected":false},"author":10,"featured_media":106607,"comment_status":"open","ping_status":"open","sticky":false,"template":"","format":"standard","meta":{"content-type":"","jetpack_post_was_ever_published":false,"_jetpack_newsletter_access":"","_jetpack_dont_email_post_to_subs":false,"_jetpack_newsletter_tier_id":0,"_jetpack_memberships_contains_paywalled_content":false,"_jetpack_memberships_contains_paid_content":false,"footnotes":""},"categories":[630],"tags":[23272,1065,23273,1608,23274],"class_list":["post-106606","post","type-post","status-publish","format-standard","has-post-thumbnail","hentry","category-deportes","tag-academia-amaury-nina","tag-fallecimiento","tag-gustavo-talmare","tag-prospecto","tag-talentos-del-beisbol"],"jetpack_featured_media_url":"https:\/\/lasprimeras.com.do\/wp-content\/uploads\/2025\/08\/Gustavo-Talmare.jpg","jetpack-related-posts":[{"id":106658,"url":"https:\/\/lasprimeras.com.do\/index.php\/2025\/08\/17\/amaurys-nina-rompe-en-llanto-al-recordar-a-su-prospecto-gustavo-talmare\/","url_meta":{"origin":106606,"position":0},"title":"Amaurys Nina rompe en llanto al recordar a su prospecto Gustavo Talmare","author":"Nelson Feliz","date":"17 de agosto de 2025","format":false,"excerpt":"En el velatorio del prospecto de 14 a\u00f1os, Gustavo Talmare, compa\u00f1eros y entrenadores de la Academia Amaurys Nina se concentraron para recordar sus haza\u00f1as. Rostros tristes, llorosos, que buscan palabras, frases de aliento ante esta tragedia que marca las vidas de todos. Entre ellos, las palabras del conocido y reputado\u2026","rel":"","context":"En \u00abDEPORTES\u00bb","block_context":{"text":"DEPORTES","link":"https:\/\/lasprimeras.com.do\/index.php\/category\/deportes\/"},"img":{"alt_text":"","src":"https:\/\/i0.wp.com\/lasprimeras.com.do\/wp-content\/uploads\/2025\/08\/Amaurys-Nina.jpg?resize=350%2C200&ssl=1","width":350,"height":200,"srcset":"https:\/\/i0.wp.com\/lasprimeras.com.do\/wp-content\/uploads\/2025\/08\/Amaurys-Nina.jpg?resize=350%2C200&ssl=1 1x, https:\/\/i0.wp.com\/lasprimeras.com.do\/wp-content\/uploads\/2025\/08\/Amaurys-Nina.jpg?resize=525%2C300&ssl=1 1.5x"},"classes":[]},{"id":128500,"url":"https:\/\/lasprimeras.com.do\/index.php\/2026\/04\/23\/big-prospect-league-bpl-beisbol-pondra-en-marcha-4to-torneo-en-guerra-san-isidro\/","url_meta":{"origin":106606,"position":1},"title":"Big Prospect League (BPL-BEISBOL) pondr\u00e1 en marcha 4to Torneo en Guerra &#8211; San Isidro","author":"Nelson Feliz","date":"23 de abril de 2026","format":false,"excerpt":"Participaran 8 academias con jugadores elegibles clase Enero 2028 Enero 2029 Con la participaci\u00f3n de m\u00e1s de 200 atletas La Big Prospect League pondr\u00e1 en marcha su 4to Torneo de Beisbol correspondiente a la zona de Guerra San Isidro en el cual estar\u00e1n participando jugadores Clase enero 2028 enero 2029.\u2026","rel":"","context":"En \u00abDEPORTES\u00bb","block_context":{"text":"DEPORTES","link":"https:\/\/lasprimeras.com.do\/index.php\/category\/deportes\/"},"img":{"alt_text":"","src":"https:\/\/i0.wp.com\/lasprimeras.com.do\/wp-content\/uploads\/2026\/04\/Osiris-Reynoso-Entrega-la-copa-de-Campeones-al-manager-Rennie-Francisco-de-la-Academia-Los-Bautys-y-los-jugadores.jpg?resize=350%2C200&ssl=1","width":350,"height":200,"srcset":"https:\/\/i0.wp.com\/lasprimeras.com.do\/wp-content\/uploads\/2026\/04\/Osiris-Reynoso-Entrega-la-copa-de-Campeones-al-manager-Rennie-Francisco-de-la-Academia-Los-Bautys-y-los-jugadores.jpg?resize=350%2C200&ssl=1 1x, https:\/\/i0.wp.com\/lasprimeras.com.do\/wp-content\/uploads\/2026\/04\/Osiris-Reynoso-Entrega-la-copa-de-Campeones-al-manager-Rennie-Francisco-de-la-Academia-Los-Bautys-y-los-jugadores.jpg?resize=525%2C300&ssl=1 1.5x, https:\/\/i0.wp.com\/lasprimeras.com.do\/wp-content\/uploads\/2026\/04\/Osiris-Reynoso-Entrega-la-copa-de-Campeones-al-manager-Rennie-Francisco-de-la-Academia-Los-Bautys-y-los-jugadores.jpg?resize=700%2C400&ssl=1 2x"},"classes":[]},{"id":100991,"url":"https:\/\/lasprimeras.com.do\/index.php\/2025\/06\/14\/vaughn-sports-academy-dona-uniformes-a-la-big-prospect-league\/","url_meta":{"origin":106606,"position":2},"title":"Vaughn Sports Academy dona uniformes a la Big Prospect League","author":"Nelson Feliz","date":"14 de junio de 2025","format":false,"excerpt":"La empresa Vaughn Sports Factory del ex jugador de grandes ligas Mo Vaughn realiz\u00f3 la donaci\u00f3n de uniformes a la Big Prospect League (BPL-B\u00c9ISBOL) para ser utlizados en los diferentes torneos que participen a nivel nacional e internacional. Los uniformes fueron recibidos por Osiris Reynoso, CEO de BPL-B\u00c9ISBOL, quien dijo\u2026","rel":"","context":"En \u00abDEPORTES\u00bb","block_context":{"text":"DEPORTES","link":"https:\/\/lasprimeras.com.do\/index.php\/category\/deportes\/"},"img":{"alt_text":"","src":"https:\/\/i0.wp.com\/lasprimeras.com.do\/wp-content\/uploads\/2025\/06\/Osiris-Reynoso-Ceo-de-Bpl-Beisbol-y-algunos-de-los-jugadores-reciben-el-uniforme-de-Vaughn-Sports-Academy.jpg?resize=350%2C200&ssl=1","width":350,"height":200,"srcset":"https:\/\/i0.wp.com\/lasprimeras.com.do\/wp-content\/uploads\/2025\/06\/Osiris-Reynoso-Ceo-de-Bpl-Beisbol-y-algunos-de-los-jugadores-reciben-el-uniforme-de-Vaughn-Sports-Academy.jpg?resize=350%2C200&ssl=1 1x, https:\/\/i0.wp.com\/lasprimeras.com.do\/wp-content\/uploads\/2025\/06\/Osiris-Reynoso-Ceo-de-Bpl-Beisbol-y-algunos-de-los-jugadores-reciben-el-uniforme-de-Vaughn-Sports-Academy.jpg?resize=525%2C300&ssl=1 1.5x, https:\/\/i0.wp.com\/lasprimeras.com.do\/wp-content\/uploads\/2025\/06\/Osiris-Reynoso-Ceo-de-Bpl-Beisbol-y-algunos-de-los-jugadores-reciben-el-uniforme-de-Vaughn-Sports-Academy.jpg?resize=700%2C400&ssl=1 2x"},"classes":[]},{"id":91833,"url":"https:\/\/lasprimeras.com.do\/index.php\/2024\/12\/03\/nace-el-club-deportivo-y-academia-hermanos-leon-en-cartagena\/","url_meta":{"origin":106606,"position":3},"title":"Nace el Club Deportivo y Academia Hermanos Le\u00f3n en Cartagena","author":"Nelson Feliz","date":"3 de diciembre de 2024","format":false,"excerpt":"Con \u00e9nfasis en prospectos y formaci\u00f3n infantil, el club promete revitalizar el deporte en la regi\u00f3n. Cartagena de Indias- En Cartagena, el b\u00e9isbol da un paso firme hacia el futuro con el lanzamiento oficial del Club Deportivo Hermanos Le\u00f3n, una iniciativa que integra el talento local con la oportunidad de\u2026","rel":"","context":"En \u00abDEPORTES\u00bb","block_context":{"text":"DEPORTES","link":"https:\/\/lasprimeras.com.do\/index.php\/category\/deportes\/"},"img":{"alt_text":"Cartagena de Indias","src":"https:\/\/i0.wp.com\/lasprimeras.com.do\/wp-content\/uploads\/2024\/12\/WhatsApp-Image-2024-12-03-at-7.29.53-AM-3.jpeg?resize=350%2C200&ssl=1","width":350,"height":200,"srcset":"https:\/\/i0.wp.com\/lasprimeras.com.do\/wp-content\/uploads\/2024\/12\/WhatsApp-Image-2024-12-03-at-7.29.53-AM-3.jpeg?resize=350%2C200&ssl=1 1x, https:\/\/i0.wp.com\/lasprimeras.com.do\/wp-content\/uploads\/2024\/12\/WhatsApp-Image-2024-12-03-at-7.29.53-AM-3.jpeg?resize=525%2C300&ssl=1 1.5x, https:\/\/i0.wp.com\/lasprimeras.com.do\/wp-content\/uploads\/2024\/12\/WhatsApp-Image-2024-12-03-at-7.29.53-AM-3.jpeg?resize=700%2C400&ssl=1 2x, https:\/\/i0.wp.com\/lasprimeras.com.do\/wp-content\/uploads\/2024\/12\/WhatsApp-Image-2024-12-03-at-7.29.53-AM-3.jpeg?resize=1050%2C600&ssl=1 3x, https:\/\/i0.wp.com\/lasprimeras.com.do\/wp-content\/uploads\/2024\/12\/WhatsApp-Image-2024-12-03-at-7.29.53-AM-3.jpeg?resize=1400%2C800&ssl=1 4x"},"classes":[]},{"id":102042,"url":"https:\/\/lasprimeras.com.do\/index.php\/2025\/06\/30\/inicia-el-focus-training-program-de-la-mano-de-amaury-nina-el-niche-y-jd-ozuna\/","url_meta":{"origin":106606,"position":4},"title":"Inicia el \u201cFocus Training Program\u201d de la mano de Amaury Nina, El Niche y JD Ozuna","author":"Nelson Feliz","date":"30 de junio de 2025","format":false,"excerpt":"Con una entusiasta participaci\u00f3n de decenas de ni\u00f1os y j\u00f3venes, qued\u00f3 inaugurado el \u201cFocus Training Program\u201d, un ambicioso proyecto de entrenamiento intensivo que busca transformar el desarrollo de ni\u00f1os y j\u00f3venes peloteros, bajo la gu\u00eda de tres referentes del b\u00e9isbol nacional: Amaury Nina, Cristhian \u201cEl Niche\u201d P\u00e9rez y JD Ozuna.\u2026","rel":"","context":"En \u00abDEPORTES\u00bb","block_context":{"text":"DEPORTES","link":"https:\/\/lasprimeras.com.do\/index.php\/category\/deportes\/"},"img":{"alt_text":"","src":"https:\/\/i0.wp.com\/lasprimeras.com.do\/wp-content\/uploads\/2025\/06\/Amaury-Nina-El-Niche-y-JD-Ozuna-1.jpg?resize=350%2C200&ssl=1","width":350,"height":200,"srcset":"https:\/\/i0.wp.com\/lasprimeras.com.do\/wp-content\/uploads\/2025\/06\/Amaury-Nina-El-Niche-y-JD-Ozuna-1.jpg?resize=350%2C200&ssl=1 1x, https:\/\/i0.wp.com\/lasprimeras.com.do\/wp-content\/uploads\/2025\/06\/Amaury-Nina-El-Niche-y-JD-Ozuna-1.jpg?resize=525%2C300&ssl=1 1.5x, https:\/\/i0.wp.com\/lasprimeras.com.do\/wp-content\/uploads\/2025\/06\/Amaury-Nina-El-Niche-y-JD-Ozuna-1.jpg?resize=700%2C400&ssl=1 2x"},"classes":[]},{"id":108140,"url":"https:\/\/lasprimeras.com.do\/index.php\/2025\/09\/03\/academia-blanco-de-santiago-obtiene-corona-en-torneo-the-next-big-sign-cibao\/","url_meta":{"origin":106606,"position":5},"title":"Academia Blanco de Santiago obtiene corona en torneo The Next Big Sign Cibao","author":"Nelson Feliz","date":"3 de septiembre de 2025","format":false,"excerpt":"Yonkairo Ram\u00edrez fue elegido el M\u00e1s Valioso. El seleccionado de la Academia Blanco de sector Uberal de Santiago derroto en un emocionante partido 2 carreras por 1 a la Academia Candy Valdez de la Vega para coronarse campeones del Torneo The Big Sign de la Big Prospect League (BPL-BEISBOL) correspondiente\u2026","rel":"","context":"En \u00abDEPORTES\u00bb","block_context":{"text":"DEPORTES","link":"https:\/\/lasprimeras.com.do\/index.php\/category\/deportes\/"},"img":{"alt_text":"","src":"https:\/\/i0.wp.com\/lasprimeras.com.do\/wp-content\/uploads\/2025\/09\/Osiris-Reynoso-Ceo-de-BPLBEISBOL-entrega-el-trofeo-de-Sub-Campeones-al-entrenador-el-Fathers-y-los-jugadores-de-Candy-Valdez.jpg?resize=350%2C200&ssl=1","width":350,"height":200,"srcset":"https:\/\/i0.wp.com\/lasprimeras.com.do\/wp-content\/uploads\/2025\/09\/Osiris-Reynoso-Ceo-de-BPLBEISBOL-entrega-el-trofeo-de-Sub-Campeones-al-entrenador-el-Fathers-y-los-jugadores-de-Candy-Valdez.jpg?resize=350%2C200&ssl=1 1x, https:\/\/i0.wp.com\/lasprimeras.com.do\/wp-content\/uploads\/2025\/09\/Osiris-Reynoso-Ceo-de-BPLBEISBOL-entrega-el-trofeo-de-Sub-Campeones-al-entrenador-el-Fathers-y-los-jugadores-de-Candy-Valdez.jpg?resize=525%2C300&ssl=1 1.5x, https:\/\/i0.wp.com\/lasprimeras.com.do\/wp-content\/uploads\/2025\/09\/Osiris-Reynoso-Ceo-de-BPLBEISBOL-entrega-el-trofeo-de-Sub-Campeones-al-entrenador-el-Fathers-y-los-jugadores-de-Candy-Valdez.jpg?resize=700%2C400&ssl=1 2x"},"classes":[]}],"jetpack_sharing_enabled":true,"_links":{"self":[{"href":"https:\/\/lasprimeras.com.do\/index.php\/wp-json\/wp\/v2\/posts\/106606","targetHints":{"allow":["GET"]}}],"collection":[{"href":"https:\/\/lasprimeras.com.do\/index.php\/wp-json\/wp\/v2\/posts"}],"about":[{"href":"https:\/\/lasprimeras.com.do\/index.php\/wp-json\/wp\/v2\/types\/post"}],"author":[{"embeddable":true,"href":"https:\/\/lasprimeras.com.do\/index.php\/wp-json\/wp\/v2\/users\/10"}],"replies":[{"embeddable":true,"href":"https:\/\/lasprimeras.com.do\/index.php\/wp-json\/wp\/v2\/comments?post=106606"}],"version-history":[{"count":1,"href":"https:\/\/lasprimeras.com.do\/index.php\/wp-json\/wp\/v2\/posts\/106606\/revisions"}],"predecessor-version":[{"id":106608,"href":"https:\/\/lasprimeras.com.do\/index.php\/wp-json\/wp\/v2\/posts\/106606\/revisions\/106608"}],"wp:featuredmedia":[{"embeddable":true,"href":"https:\/\/lasprimeras.com.do\/index.php\/wp-json\/wp\/v2\/media\/106607"}],"wp:attachment":[{"href":"https:\/\/lasprimeras.com.do\/index.php\/wp-json\/wp\/v2\/media?parent=106606"}],"wp:term":[{"taxonomy":"category","embeddable":true,"href":"https:\/\/lasprimeras.com.do\/index.php\/wp-json\/wp\/v2\/categories?post=106606"},{"taxonomy":"post_tag","embeddable":true,"href":"https:\/\/lasprimeras.com.do\/index.php\/wp-json\/wp\/v2\/tags?post=106606"}],"curies":[{"name":"wp","href":"https:\/\/api.w.org\/{rel}","templated":true}]}}