{"id":106615,"date":"2025-08-17T15:56:53","date_gmt":"2025-08-17T19:56:53","guid":{"rendered":"https:\/\/lasprimeras.com.do\/?p=106615"},"modified":"2025-08-17T15:58:39","modified_gmt":"2025-08-17T19:58:39","slug":"ministro-kelvin-cruz-deja-iniciados-los-juegos-juan-pablo-duarte-en-nueva-york","status":"publish","type":"post","link":"https:\/\/lasprimeras.com.do\/index.php\/2025\/08\/17\/ministro-kelvin-cruz-deja-iniciados-los-juegos-juan-pablo-duarte-en-nueva-york\/","title":{"rendered":"Ministro Kelvin Cruz deja iniciados los Juegos Juan Pablo Duarte en Nueva York"},"content":{"rendered":"\n<p>En el marco de una vistosa y nutrida ceremonia caracterizada por el fervor patrio, el ministro de Deportes, Kelvin Cruz, el C\u00f3nsul General Jes\u00fas &#8220;Ch\u00fa&#8221; V\u00e1squez y el alcalde de la ciudad de Nueva York, Eric Adams, entre otras personalidades, dejaron formalmente inaugurados en esta ciudad los Juegos deportivos Juan Pablo Duarte.<\/p>\n\n\n\n<p>La ceremonia inaugural se celebr\u00f3 en Lehman College del Bronx y cont\u00f3 con la presencia de autoridades locales, representantes consulares del gobierno dominicano, dirigentes deportivos, entrenadores, familias y l\u00edderes de la comunidad dominicana en Nueva York.<\/p>\n\n\n\n<p>El ministro Cruz dijo sentirse honrado de ser parte del relanzamiento de estos juegos y destac\u00f3 el apoyo del presidente Luis Abinader para la celebraci\u00f3n de los mismos.<\/p>\n\n\n\n<p>&#8220;Un gran honor para m\u00ed venir a la ciudad de Nueva York a relanzar los Juegos Juan Pablo Duarte, unos juegos que est\u00e1n sembrados en el coraz\u00f3n de los dominicanos y aprovecho para felicitar a todos los que han puesto su granito de arena para que este evento sea hoy una realidad&#8221;, indic\u00f3, al tiempo de agradecer a las personalidades presentes por su encomiable labor.<\/p>\n\n\n\n<p>&#8220;Quiero agradecer a mi gran amigo, el C\u00f3nsul General Ch\u00fa V\u00e1squez, a la Uni\u00f3n Deportiva de dominicanos en Nueva York y su presidente Evaristo Madrigal, a Roberto Rojas, Director General de estos juegos. Asimismo, felicito la merecida elecci\u00f3n de la dedicatoria de estos juegos a Nurys D&#8217;Oleo y Luis\u00edn Mej\u00eda. Darle las gracias a ustedes, a Dios y al presidente Luis Abinader por darme la oportunidad de dirigir el Ministerio de Deportes en la Rep\u00fablica Dominicana&#8221;, signific\u00f3.<\/p>\n\n\n\n<p>\u00c1mbar Fulgencio, destacada corredora de los 100 metros con vallas en las universidades de Estados Unidos, tuvo a su cargo el juramento deportivo.<\/p>\n\n\n\n<p>En tanto, Luis\u00edn Mej\u00eda, presidente del Centro Caribe Sports, hizo una retrospectiva de los a\u00f1os en que se fund\u00f3 la Asociaci\u00f3n de Softbol en esta ciudad de Nueva York y destac\u00f3 el potencial de la comunidad dominicana para lograr conquistas importantes en favor de los j\u00f3venes dominicanos de la di\u00e1spora.<\/p>\n\n\n\n<p>Otros que hicieron uso de la palabra fueron Garibaldi Bautista, presidente del Comit\u00e9 Ol\u00edmpico Dominicano; Evaristo Madrigal, presidente de la Uni\u00f3n Deportiva de Nueva York; Roberto Rojas, Director General de los Juegos Juan Pablo Duarte; as\u00ed como Jes\u00fas &#8220;Ch\u00fa&#8221; V\u00e1squez, C\u00f3nsul General de la Rep\u00fablica Dominicana en Nueva York; y Eric Adams, alcalde de Nueva York, quien expres\u00f3 la identificaci\u00f3n que tiene con el deporte.<\/p>\n","protected":false},"excerpt":{"rendered":"<p>En el marco de una vistosa y nutrida ceremonia caracterizada por el fervor patrio, el ministro de Deportes, Kelvin Cruz, el C\u00f3nsul General Jes\u00fas &#8220;Ch\u00fa&#8221; V\u00e1squez y el alcalde de&hellip;<\/p>\n","protected":false},"author":10,"featured_media":106616,"comment_status":"open","ping_status":"open","sticky":false,"template":"","format":"standard","meta":{"content-type":"","jetpack_post_was_ever_published":false,"_jetpack_newsletter_access":"","_jetpack_dont_email_post_to_subs":false,"_jetpack_newsletter_tier_id":0,"_jetpack_memberships_contains_paywalled_content":false,"_jetpack_memberships_contains_paid_content":false,"footnotes":""},"categories":[630],"tags":[23279,5318,23165,1874,23280,104],"class_list":["post-106615","post","type-post","status-publish","format-standard","has-post-thumbnail","hentry","category-deportes","tag-ceremonia-inaugural","tag-eric-adams","tag-juegos-juan-pablo-duarte","tag-kelvin-cruz","tag-lehman-college","tag-nueva-york"],"jetpack_featured_media_url":"https:\/\/lasprimeras.com.do\/wp-content\/uploads\/2025\/08\/Kelvin-Cruz.jpg","jetpack-related-posts":[{"id":105779,"url":"https:\/\/lasprimeras.com.do\/index.php\/2025\/08\/07\/afirma-reina-entusiasmo-entre-juventud-dominicana-ny-por-juegos-juan-pablo-duarte\/","url_meta":{"origin":106615,"position":0},"title":"Afirma reina entusiasmo entre juventud dominicana NY por juegos Juan Pablo Duarte","author":"Nelson Feliz","date":"7 de agosto de 2025","format":false,"excerpt":"Por Ram\u00f3n Mercedes NUEVA YORK.- El director general de los juegos \u00abJuan Pablo Duarte\u00bb a celebrarse en esta ciudad, Roberto Rojas, destac\u00f3 el gran entusiasmo que reina entre la juventud dominicana en este estados y otros en Estados Unidos por la celebraci\u00f3n de los mismos. El evento reunir\u00e1 a 2,232\u2026","rel":"","context":"En \u00abDEPORTES\u00bb","block_context":{"text":"DEPORTES","link":"https:\/\/lasprimeras.com.do\/index.php\/category\/deportes\/"},"img":{"alt_text":"","src":"https:\/\/i0.wp.com\/lasprimeras.com.do\/wp-content\/uploads\/2025\/08\/WhatsApp-Image-2025-08-07-at-5.42.07-AM.jpeg?resize=350%2C200&ssl=1","width":350,"height":200,"srcset":"https:\/\/i0.wp.com\/lasprimeras.com.do\/wp-content\/uploads\/2025\/08\/WhatsApp-Image-2025-08-07-at-5.42.07-AM.jpeg?resize=350%2C200&ssl=1 1x, https:\/\/i0.wp.com\/lasprimeras.com.do\/wp-content\/uploads\/2025\/08\/WhatsApp-Image-2025-08-07-at-5.42.07-AM.jpeg?resize=525%2C300&ssl=1 1.5x"},"classes":[]},{"id":106397,"url":"https:\/\/lasprimeras.com.do\/index.php\/2025\/08\/14\/roberto-rojas-afirma-juegos-juan-pablo-duarte-estan-listos-para-iniciar-en-ny\/","url_meta":{"origin":106615,"position":1},"title":"Roberto Rojas afirma \u00abJuegos Juan Pablo Duarte\u00bb est\u00e1n listos para iniciar en NY","author":"Nelson Feliz","date":"14 de agosto de 2025","format":false,"excerpt":"https:\/\/www.youtube.com\/watch?v=BVF7WGv5XB0 Por Ram\u00f3n Mercedes NUEVA YORK.- El Ministro de Deportes y Recreaci\u00f3n de la Rep\u00fablica Dominicana, Kelvin Cruz, encabezar\u00e1 la inauguraci\u00f3n de los \u00abJuegos Deportivos de Verano Juan Pablo Duarte NY 2025\u00bb, a efectuarse este viernes 15 de agosto a las 4:00 de la tarde, en el Centro Apex de\u2026","rel":"","context":"En \u00abDEPORTES\u00bb","block_context":{"text":"DEPORTES","link":"https:\/\/lasprimeras.com.do\/index.php\/category\/deportes\/"},"img":{"alt_text":"","src":"https:\/\/i0.wp.com\/lasprimeras.com.do\/wp-content\/uploads\/2025\/08\/WhatsApp-Image-2025-08-14-at-6.10.37-AM.jpeg?resize=350%2C200&ssl=1","width":350,"height":200,"srcset":"https:\/\/i0.wp.com\/lasprimeras.com.do\/wp-content\/uploads\/2025\/08\/WhatsApp-Image-2025-08-14-at-6.10.37-AM.jpeg?resize=350%2C200&ssl=1 1x, https:\/\/i0.wp.com\/lasprimeras.com.do\/wp-content\/uploads\/2025\/08\/WhatsApp-Image-2025-08-14-at-6.10.37-AM.jpeg?resize=525%2C300&ssl=1 1.5x, https:\/\/i0.wp.com\/lasprimeras.com.do\/wp-content\/uploads\/2025\/08\/WhatsApp-Image-2025-08-14-at-6.10.37-AM.jpeg?resize=700%2C400&ssl=1 2x"},"classes":[]},{"id":106689,"url":"https:\/\/lasprimeras.com.do\/index.php\/2025\/08\/18\/asistencia-masiva-inauguracion-en-juegos-juan-pablo-duarte-en-ny\/","url_meta":{"origin":106615,"position":2},"title":"Asistencia masiva inauguraci\u00f3n en juegos Juan Pablo Duarte en NY","author":"Nelson Feliz","date":"18 de agosto de 2025","format":false,"excerpt":"https:\/\/www.youtube.com\/watch?v=o_TrNU-WBnM Por Ram\u00f3n Mercedes NUEVA YORK.- La inauguraci\u00f3n de los juegos \u00abJuan Pablo Duarte 2025\u00bb el pasado fin de semana en esta ciudad fue todo un \u00e9xito en el Centro Apex de Lehman College, en El Bronx, y ser\u00e1n del 15 al 31 de este mes en varias instalaciones deportivas\u2026","rel":"","context":"En \u00abDEPORTES\u00bb","block_context":{"text":"DEPORTES","link":"https:\/\/lasprimeras.com.do\/index.php\/category\/deportes\/"},"img":{"alt_text":"","src":"https:\/\/i0.wp.com\/lasprimeras.com.do\/wp-content\/uploads\/2025\/08\/WhatsApp-Image-2025-08-18-at-6.46.04-AM.jpeg?resize=350%2C200&ssl=1","width":350,"height":200},"classes":[]},{"id":107602,"url":"https:\/\/lasprimeras.com.do\/index.php\/2025\/08\/28\/juegos-jpd-en-ny-van-en-80-clausura-este-domingo-con-fernando-villalona-y-chimbala-en-el-alto-manhattan\/","url_meta":{"origin":106615,"position":3},"title":"Juegos JPD en NY van en 80%; clausura este domingo con Fernando Villalona y Chimbala en el Alto Manhattan","author":"Nelson Feliz","date":"28 de agosto de 2025","format":false,"excerpt":"https:\/\/www.youtube.com\/watch?v=wASIZ4Y70Eo Por Ram\u00f3n Mercedes NUEVA YORK.- El director general de los juegos Juan Pablo Duarte que se celebran en diferentes condados de esta ciudad, afirm\u00f3 que los mismos se han desarrollado en m\u00e1s de un 80% de manera institucional, de unidad, respeto y orden. Roberto Rojas a\u00f1adi\u00f3 que ha habido\u2026","rel":"","context":"En \u00abDEPORTES\u00bb","block_context":{"text":"DEPORTES","link":"https:\/\/lasprimeras.com.do\/index.php\/category\/deportes\/"},"img":{"alt_text":"","src":"https:\/\/i0.wp.com\/lasprimeras.com.do\/wp-content\/uploads\/2025\/08\/Juegos-J.P.D.-en-NY.jpg?resize=350%2C200&ssl=1","width":350,"height":200,"srcset":"https:\/\/i0.wp.com\/lasprimeras.com.do\/wp-content\/uploads\/2025\/08\/Juegos-J.P.D.-en-NY.jpg?resize=350%2C200&ssl=1 1x, https:\/\/i0.wp.com\/lasprimeras.com.do\/wp-content\/uploads\/2025\/08\/Juegos-J.P.D.-en-NY.jpg?resize=525%2C300&ssl=1 1.5x"},"classes":[]},{"id":107049,"url":"https:\/\/lasprimeras.com.do\/index.php\/2025\/08\/22\/rojas-afirma-juegos-juan-pablo-duarte-en-nyc-marchan-bien-reconocen-unidad-deportistas-por-su-liderazgo\/","url_meta":{"origin":106615,"position":4},"title":"Rojas afirma juegos Juan Pablo Duarte en NYC marchan bien; reconocen unidad deportistas por su liderazgo","author":"Nelson Feliz","date":"22 de agosto de 2025","format":false,"excerpt":"https:\/\/www.youtube.com\/watch?v=3ER_LET9-4g Por Ram\u00f3n Mercedes NUEVA YORK.- El director general de los juegos Juan Pablo Duarte que se celebran en esta ciudad, Roberto Rojas, afirm\u00f3 que los mismos se est\u00e1n desarrollando de una forma satisfactoria y muy participativa de todos los atletas. La participaci\u00f3n de los atletas corresponde a diferentes estados,\u2026","rel":"","context":"En \u00abDEPORTES\u00bb","block_context":{"text":"DEPORTES","link":"https:\/\/lasprimeras.com.do\/index.php\/category\/deportes\/"},"img":{"alt_text":"","src":"https:\/\/i0.wp.com\/lasprimeras.com.do\/wp-content\/uploads\/2025\/08\/WhatsApp-Image-2025-08-22-at-7.47.12-AM-1.jpeg?resize=350%2C200&ssl=1","width":350,"height":200,"srcset":"https:\/\/i0.wp.com\/lasprimeras.com.do\/wp-content\/uploads\/2025\/08\/WhatsApp-Image-2025-08-22-at-7.47.12-AM-1.jpeg?resize=350%2C200&ssl=1 1x, https:\/\/i0.wp.com\/lasprimeras.com.do\/wp-content\/uploads\/2025\/08\/WhatsApp-Image-2025-08-22-at-7.47.12-AM-1.jpeg?resize=525%2C300&ssl=1 1.5x"},"classes":[]},{"id":117527,"url":"https:\/\/lasprimeras.com.do\/index.php\/2025\/12\/11\/dirigente-deportivo-en-ny-valora-dedicaran-torneo-softbol-empresarial-al-ministro-deportes-rd\/","url_meta":{"origin":106615,"position":5},"title":"Dirigente deportivo en NY valora dedicaran torneo softbol empresarial al ministro Deportes-RD","author":"Nelson Feliz","date":"11 de diciembre de 2025","format":false,"excerpt":"Por Ram\u00f3n Mercedes NUEVA YORK.- El connotado empresario y dirigente deportivo, tanto en esta ciudad como en la Rep\u00fablica Dominicana, Roberto Rojas, valor\u00f3 como positivo que le dedicaran el XV torneo de softbol empresarial de la provincia S\u00e1nchez Ram\u00edrez al ministro de Deportes, Kelvin Cruz. Rojas, oriundo de dicha provincia\u2026","rel":"","context":"En \u00abDEPORTES\u00bb","block_context":{"text":"DEPORTES","link":"https:\/\/lasprimeras.com.do\/index.php\/category\/deportes\/"},"img":{"alt_text":"Dirigente deportivo en NY valora dedicaran torneo softbol empresarial al ministro Deportes-RD","src":"https:\/\/i0.wp.com\/lasprimeras.com.do\/wp-content\/uploads\/2025\/12\/WhatsApp-Image-2025-12-11-at-5.58.47-AM.jpeg?resize=350%2C200&ssl=1","width":350,"height":200,"srcset":"https:\/\/i0.wp.com\/lasprimeras.com.do\/wp-content\/uploads\/2025\/12\/WhatsApp-Image-2025-12-11-at-5.58.47-AM.jpeg?resize=350%2C200&ssl=1 1x, https:\/\/i0.wp.com\/lasprimeras.com.do\/wp-content\/uploads\/2025\/12\/WhatsApp-Image-2025-12-11-at-5.58.47-AM.jpeg?resize=525%2C300&ssl=1 1.5x"},"classes":[]}],"jetpack_sharing_enabled":true,"_links":{"self":[{"href":"https:\/\/lasprimeras.com.do\/index.php\/wp-json\/wp\/v2\/posts\/106615","targetHints":{"allow":["GET"]}}],"collection":[{"href":"https:\/\/lasprimeras.com.do\/index.php\/wp-json\/wp\/v2\/posts"}],"about":[{"href":"https:\/\/lasprimeras.com.do\/index.php\/wp-json\/wp\/v2\/types\/post"}],"author":[{"embeddable":true,"href":"https:\/\/lasprimeras.com.do\/index.php\/wp-json\/wp\/v2\/users\/10"}],"replies":[{"embeddable":true,"href":"https:\/\/lasprimeras.com.do\/index.php\/wp-json\/wp\/v2\/comments?post=106615"}],"version-history":[{"count":1,"href":"https:\/\/lasprimeras.com.do\/index.php\/wp-json\/wp\/v2\/posts\/106615\/revisions"}],"predecessor-version":[{"id":106617,"href":"https:\/\/lasprimeras.com.do\/index.php\/wp-json\/wp\/v2\/posts\/106615\/revisions\/106617"}],"wp:featuredmedia":[{"embeddable":true,"href":"https:\/\/lasprimeras.com.do\/index.php\/wp-json\/wp\/v2\/media\/106616"}],"wp:attachment":[{"href":"https:\/\/lasprimeras.com.do\/index.php\/wp-json\/wp\/v2\/media?parent=106615"}],"wp:term":[{"taxonomy":"category","embeddable":true,"href":"https:\/\/lasprimeras.com.do\/index.php\/wp-json\/wp\/v2\/categories?post=106615"},{"taxonomy":"post_tag","embeddable":true,"href":"https:\/\/lasprimeras.com.do\/index.php\/wp-json\/wp\/v2\/tags?post=106615"}],"curies":[{"name":"wp","href":"https:\/\/api.w.org\/{rel}","templated":true}]}}