{"id":106658,"date":"2025-08-17T21:16:39","date_gmt":"2025-08-18T01:16:39","guid":{"rendered":"https:\/\/lasprimeras.com.do\/?p=106658"},"modified":"2025-08-17T21:16:41","modified_gmt":"2025-08-18T01:16:41","slug":"amaurys-nina-rompe-en-llanto-al-recordar-a-su-prospecto-gustavo-talmare","status":"publish","type":"post","link":"https:\/\/lasprimeras.com.do\/index.php\/2025\/08\/17\/amaurys-nina-rompe-en-llanto-al-recordar-a-su-prospecto-gustavo-talmare\/","title":{"rendered":"Amaurys Nina rompe en llanto al recordar a su prospecto Gustavo Talmare"},"content":{"rendered":"\n<p>En el velatorio del prospecto de 14 a\u00f1os, Gustavo Talmare, compa\u00f1eros y entrenadores de la Academia Amaurys Nina se concentraron para recordar sus haza\u00f1as.<\/p>\n\n\n\n<p>Rostros tristes, llorosos, que buscan palabras, frases de aliento ante esta tragedia que marca las vidas de todos.<\/p>\n\n\n\n<p>Entre ellos, las palabras del conocido y reputado entrenador de b\u00e9isbol Amaurys Nina, propietario de la Academia Amaurys Nina \/ IPL Academy, al momento de llegar a la funeraria donde se velaron los restos del prospecto de b\u00e9isbol Gustavo Talmare, quien falleci\u00f3 el pasado viernes por ahogamiento, de acuerdo al parte policial oficial, en la Laguna El Toro en Santo Domingo Este.<\/p>\n\n\n\n<p>\u00abEn estos momentos, por lo menos de mi parte, estoy pensando en ese ni\u00f1o, que para m\u00ed era un jugador de b\u00e9isbol especial. Para m\u00ed era m\u00e1s que un hijo, incluso. Todo el que me conoce sabe que ese era uno de los jugadores m\u00edos favoritos\u00bb.<\/p>\n\n\n\n<p>\u00abFue un ni\u00f1o, verdaderamente, como dijo su madre, un ni\u00f1o muy disciplinado. Fue un ni\u00f1o con el que nunca tuvimos ning\u00fan tipo de quejas, porque todo lo que nosotros le dec\u00edamos lo hac\u00eda. Es un ni\u00f1o que val\u00eda oro\u00bb.<\/p>\n\n\n\n<p>\u00abYo no creo, yo no creo, que nos vamos a tener un ni\u00f1o as\u00ed. Yo no creo que yo vuelva a tener otro as\u00ed\u00bb.<\/p>\n\n\n\n<p>Nina no contuvo el llanto y visiblemente trastornado por lo ocurrido intentaba mantener las palabras coherentes y claras, pero la tristeza super\u00f3 el deseo de expresarse.<\/p>\n\n\n\n<p>\u00abVerdaderamente es algo muy doloroso. Yo s\u00e9 que para su madre y para todo el mundo, cualquiera madre se va a sentir as\u00ed. Y eso yo lo entiendo\u00bb.<\/p>\n\n\n\n<p>\u00abY todo ser humano que no entienda eso est\u00e1 equivocado. Porque esa misma sorpresa la tengo yo y la tenemos todos los que conocimos al ni\u00f1o. El ni\u00f1o fue verdaderamente, as\u00ed mismo como dijo su mam\u00e1, obediente\u00bb.<\/p>\n\n\n\n<p>Talmare fue el Jugador M\u00e1s Valioso de la primera edici\u00f3n de la Serie del Caribe Kids que se organiz\u00f3 en Panam\u00e1 en el 2024, pero antes hab\u00eda sido un jugador destacado en el mundial Sub-12 de b\u00e9isbol, siempre representando a la Rep\u00fablica Dominicana.<\/p>\n\n\n\n<p>\u00abLa seguridad la tenemos las 24 horas en las instalaciones, pero ahora mismo yo lo que estoy pensando es en el ni\u00f1o. \u00bfPor qu\u00e9? Porque ese ni\u00f1o verdaderamente era especial. No como pelotero, porque como pelotero hay muchos que juegan b\u00e9isbol, sino como ser humano\u00bb, continu\u00f3 Amaurys en un conversatorio con los medios de comunicaci\u00f3n.<\/p>\n\n\n\n<p>\u00abUstedes se est\u00e1n dando cuenta, todas las personas que est\u00e1n aqu\u00ed, est\u00e1n aqu\u00ed porque ese ni\u00f1o se dejaba querer. No simplemente que era un ni\u00f1o de la Academia Amaurys Nina, sino era un ni\u00f1o que verdaderamente luch\u00f3 por la patria, luch\u00f3 por su madre. Eso es todo lo que yo le puedo decir\u00bb.<\/p>\n\n\n\n<figure class=\"wp-block-embed is-type-video is-provider-youtube wp-block-embed-youtube wp-embed-aspect-4-3 wp-has-aspect-ratio\"><div class=\"wp-block-embed__wrapper\">\n<iframe title=\"Amaurys Nina rompe en llanto al recordar a su prospecto Gustavo Talmare\" width=\"500\" height=\"375\" src=\"https:\/\/www.youtube.com\/embed\/Sa-KTM_9Ko8?feature=oembed\" frameborder=\"0\" allow=\"accelerometer; autoplay; clipboard-write; encrypted-media; gyroscope; picture-in-picture; web-share\" referrerpolicy=\"strict-origin-when-cross-origin\" allowfullscreen><\/iframe>\n<\/div><\/figure>\n","protected":false},"excerpt":{"rendered":"<p>En el velatorio del prospecto de 14 a\u00f1os, Gustavo Talmare, compa\u00f1eros y entrenadores de la Academia Amaurys Nina se concentraron para recordar sus haza\u00f1as. Rostros tristes, llorosos, que buscan palabras,&hellip;<\/p>\n","protected":false},"author":10,"featured_media":106659,"comment_status":"open","ping_status":"open","sticky":false,"template":"","format":"standard","meta":{"content-type":"","jetpack_post_was_ever_published":false,"_jetpack_newsletter_access":"","_jetpack_dont_email_post_to_subs":false,"_jetpack_newsletter_tier_id":0,"_jetpack_memberships_contains_paywalled_content":false,"_jetpack_memberships_contains_paid_content":false,"footnotes":""},"categories":[630],"tags":[23300,23273,1608,23299,23298],"class_list":["post-106658","post","type-post","status-publish","format-standard","has-post-thumbnail","hentry","category-deportes","tag-amaurys-nina","tag-gustavo-talmare","tag-prospecto","tag-recordar","tag-rompe-en-llanto"],"jetpack_featured_media_url":"https:\/\/lasprimeras.com.do\/wp-content\/uploads\/2025\/08\/Amaurys-Nina.jpg","jetpack-related-posts":[{"id":106606,"url":"https:\/\/lasprimeras.com.do\/index.php\/2025\/08\/16\/academia-amaury-nina-lamenta-fallecimiento-del-prospecto-gustavo-talmare-de-14-anos\/","url_meta":{"origin":106658,"position":0},"title":"Academia Amaury Nina lamenta fallecimiento del prospecto Gustavo Talmare de 14 a\u00f1os","author":"Nelson Feliz","date":"16 de agosto de 2025","format":false,"excerpt":"La Academia Amaury Nina, dedicada a la formaci\u00f3n y desarrollo de talentos del b\u00e9isbol, expres\u00f3 su m\u00e1s profundo pesar por el fallecimiento del joven prospecto Gustavo Talmare, de 14 a\u00f1os, ocurrido la madrugada de este s\u00e1bado a causa de ahogamiento en una laguna. De acuerdo con la informaci\u00f3n ofrecida por\u2026","rel":"","context":"En \u00abDEPORTES\u00bb","block_context":{"text":"DEPORTES","link":"https:\/\/lasprimeras.com.do\/index.php\/category\/deportes\/"},"img":{"alt_text":"","src":"https:\/\/i0.wp.com\/lasprimeras.com.do\/wp-content\/uploads\/2025\/08\/Gustavo-Talmare.jpg?resize=350%2C200&ssl=1","width":350,"height":200,"srcset":"https:\/\/i0.wp.com\/lasprimeras.com.do\/wp-content\/uploads\/2025\/08\/Gustavo-Talmare.jpg?resize=350%2C200&ssl=1 1x, https:\/\/i0.wp.com\/lasprimeras.com.do\/wp-content\/uploads\/2025\/08\/Gustavo-Talmare.jpg?resize=525%2C300&ssl=1 1.5x, https:\/\/i0.wp.com\/lasprimeras.com.do\/wp-content\/uploads\/2025\/08\/Gustavo-Talmare.jpg?resize=700%2C400&ssl=1 2x"},"classes":[]},{"id":80503,"url":"https:\/\/lasprimeras.com.do\/index.php\/2024\/04\/09\/inauguran-los-laverintos-de-amaurys-reyes-en-estados-unidos\/","url_meta":{"origin":106658,"position":1},"title":"Inauguran Los Laverintos de Amaurys Reyes en Estados Unidos","author":"BIMARY DE JES\u00daS Matos","date":"9 de abril de 2024","format":false,"excerpt":"EE.UU.-Con la participaci\u00f3n de Roberto Rojas, la Direcci\u00f3n de Cultura Dominicana en el Exterior con el apoyo de YARD Foundation inauguraron la exposici\u00f3n individual \u201cLos Laberintos\u201d, del artista dominicano Amaurys Reyes. Las palabras de bienvenida fueron pronunciadas por en representaci\u00f3n de Rey And\u00fajar, quien expres\u00f3 que Por la instituci\u00f3n cultural\u2026","rel":"","context":"En \u00abNACIONALES\u00bb","block_context":{"text":"NACIONALES","link":"https:\/\/lasprimeras.com.do\/index.php\/category\/nacionales\/"},"img":{"alt_text":"","src":"https:\/\/i0.wp.com\/lasprimeras.com.do\/wp-content\/uploads\/2024\/04\/WhatsApp-Image-2024-04-09-at-11.01.10-AM.jpeg?resize=350%2C200&ssl=1","width":350,"height":200,"srcset":"https:\/\/i0.wp.com\/lasprimeras.com.do\/wp-content\/uploads\/2024\/04\/WhatsApp-Image-2024-04-09-at-11.01.10-AM.jpeg?resize=350%2C200&ssl=1 1x, https:\/\/i0.wp.com\/lasprimeras.com.do\/wp-content\/uploads\/2024\/04\/WhatsApp-Image-2024-04-09-at-11.01.10-AM.jpeg?resize=525%2C300&ssl=1 1.5x, https:\/\/i0.wp.com\/lasprimeras.com.do\/wp-content\/uploads\/2024\/04\/WhatsApp-Image-2024-04-09-at-11.01.10-AM.jpeg?resize=700%2C400&ssl=1 2x, https:\/\/i0.wp.com\/lasprimeras.com.do\/wp-content\/uploads\/2024\/04\/WhatsApp-Image-2024-04-09-at-11.01.10-AM.jpeg?resize=1050%2C600&ssl=1 3x, https:\/\/i0.wp.com\/lasprimeras.com.do\/wp-content\/uploads\/2024\/04\/WhatsApp-Image-2024-04-09-at-11.01.10-AM.jpeg?resize=1400%2C800&ssl=1 4x"},"classes":[]},{"id":91833,"url":"https:\/\/lasprimeras.com.do\/index.php\/2024\/12\/03\/nace-el-club-deportivo-y-academia-hermanos-leon-en-cartagena\/","url_meta":{"origin":106658,"position":2},"title":"Nace el Club Deportivo y Academia Hermanos Le\u00f3n en Cartagena","author":"Nelson Feliz","date":"3 de diciembre de 2024","format":false,"excerpt":"Con \u00e9nfasis en prospectos y formaci\u00f3n infantil, el club promete revitalizar el deporte en la regi\u00f3n. Cartagena de Indias- En Cartagena, el b\u00e9isbol da un paso firme hacia el futuro con el lanzamiento oficial del Club Deportivo Hermanos Le\u00f3n, una iniciativa que integra el talento local con la oportunidad de\u2026","rel":"","context":"En \u00abDEPORTES\u00bb","block_context":{"text":"DEPORTES","link":"https:\/\/lasprimeras.com.do\/index.php\/category\/deportes\/"},"img":{"alt_text":"Cartagena de Indias","src":"https:\/\/i0.wp.com\/lasprimeras.com.do\/wp-content\/uploads\/2024\/12\/WhatsApp-Image-2024-12-03-at-7.29.53-AM-3.jpeg?resize=350%2C200&ssl=1","width":350,"height":200,"srcset":"https:\/\/i0.wp.com\/lasprimeras.com.do\/wp-content\/uploads\/2024\/12\/WhatsApp-Image-2024-12-03-at-7.29.53-AM-3.jpeg?resize=350%2C200&ssl=1 1x, https:\/\/i0.wp.com\/lasprimeras.com.do\/wp-content\/uploads\/2024\/12\/WhatsApp-Image-2024-12-03-at-7.29.53-AM-3.jpeg?resize=525%2C300&ssl=1 1.5x, https:\/\/i0.wp.com\/lasprimeras.com.do\/wp-content\/uploads\/2024\/12\/WhatsApp-Image-2024-12-03-at-7.29.53-AM-3.jpeg?resize=700%2C400&ssl=1 2x, https:\/\/i0.wp.com\/lasprimeras.com.do\/wp-content\/uploads\/2024\/12\/WhatsApp-Image-2024-12-03-at-7.29.53-AM-3.jpeg?resize=1050%2C600&ssl=1 3x, https:\/\/i0.wp.com\/lasprimeras.com.do\/wp-content\/uploads\/2024\/12\/WhatsApp-Image-2024-12-03-at-7.29.53-AM-3.jpeg?resize=1400%2C800&ssl=1 4x"},"classes":[]},{"id":128500,"url":"https:\/\/lasprimeras.com.do\/index.php\/2026\/04\/23\/big-prospect-league-bpl-beisbol-pondra-en-marcha-4to-torneo-en-guerra-san-isidro\/","url_meta":{"origin":106658,"position":3},"title":"Big Prospect League (BPL-BEISBOL) pondr\u00e1 en marcha 4to Torneo en Guerra &#8211; San Isidro","author":"Nelson Feliz","date":"23 de abril de 2026","format":false,"excerpt":"Participaran 8 academias con jugadores elegibles clase Enero 2028 Enero 2029 Con la participaci\u00f3n de m\u00e1s de 200 atletas La Big Prospect League pondr\u00e1 en marcha su 4to Torneo de Beisbol correspondiente a la zona de Guerra San Isidro en el cual estar\u00e1n participando jugadores Clase enero 2028 enero 2029.\u2026","rel":"","context":"En \u00abDEPORTES\u00bb","block_context":{"text":"DEPORTES","link":"https:\/\/lasprimeras.com.do\/index.php\/category\/deportes\/"},"img":{"alt_text":"","src":"https:\/\/i0.wp.com\/lasprimeras.com.do\/wp-content\/uploads\/2026\/04\/Osiris-Reynoso-Entrega-la-copa-de-Campeones-al-manager-Rennie-Francisco-de-la-Academia-Los-Bautys-y-los-jugadores.jpg?resize=350%2C200&ssl=1","width":350,"height":200,"srcset":"https:\/\/i0.wp.com\/lasprimeras.com.do\/wp-content\/uploads\/2026\/04\/Osiris-Reynoso-Entrega-la-copa-de-Campeones-al-manager-Rennie-Francisco-de-la-Academia-Los-Bautys-y-los-jugadores.jpg?resize=350%2C200&ssl=1 1x, https:\/\/i0.wp.com\/lasprimeras.com.do\/wp-content\/uploads\/2026\/04\/Osiris-Reynoso-Entrega-la-copa-de-Campeones-al-manager-Rennie-Francisco-de-la-Academia-Los-Bautys-y-los-jugadores.jpg?resize=525%2C300&ssl=1 1.5x, https:\/\/i0.wp.com\/lasprimeras.com.do\/wp-content\/uploads\/2026\/04\/Osiris-Reynoso-Entrega-la-copa-de-Campeones-al-manager-Rennie-Francisco-de-la-Academia-Los-Bautys-y-los-jugadores.jpg?resize=700%2C400&ssl=1 2x"},"classes":[]},{"id":99563,"url":"https:\/\/lasprimeras.com.do\/index.php\/2025\/05\/23\/bplbeisbol-impacta-con-showcase-de-jugadores-clase-2027-2028\/","url_meta":{"origin":106658,"position":4},"title":"BPLB\u00c9ISBOL impacta con showcase de jugadores clase 2027-2028","author":"Nelson Feliz","date":"23 de mayo de 2025","format":false,"excerpt":"La Big Prospect League realiz\u00f3 durante dos d\u00edas un showcase con jugadores clase enero 2027-2028 en los terrenos de la academia de Ray, ubicada en el kil\u00f3metro 22 de la autopista Duarte. El evento se desarroll\u00f3 con una excelente participaci\u00f3n de 24 prospectos de posiciones y 28 pitcher divididos en\u2026","rel":"","context":"En \u00abDEPORTES\u00bb","block_context":{"text":"DEPORTES","link":"https:\/\/lasprimeras.com.do\/index.php\/category\/deportes\/"},"img":{"alt_text":"Big Prospect League","src":"https:\/\/i0.wp.com\/lasprimeras.com.do\/wp-content\/uploads\/2025\/05\/Big-Prospect-League-1.jpg?resize=350%2C200&ssl=1","width":350,"height":200,"srcset":"https:\/\/i0.wp.com\/lasprimeras.com.do\/wp-content\/uploads\/2025\/05\/Big-Prospect-League-1.jpg?resize=350%2C200&ssl=1 1x, https:\/\/i0.wp.com\/lasprimeras.com.do\/wp-content\/uploads\/2025\/05\/Big-Prospect-League-1.jpg?resize=525%2C300&ssl=1 1.5x, https:\/\/i0.wp.com\/lasprimeras.com.do\/wp-content\/uploads\/2025\/05\/Big-Prospect-League-1.jpg?resize=700%2C400&ssl=1 2x"},"classes":[]},{"id":105076,"url":"https:\/\/lasprimeras.com.do\/index.php\/2025\/07\/30\/bpl-beisbol-impacta-con-showcase-en-santiago\/","url_meta":{"origin":106658,"position":5},"title":"BPL-B\u00c9ISBOL impacta con showcase en Santiago","author":"Nelson Feliz","date":"30 de julio de 2025","format":false,"excerpt":"Con gran impacto la Big Prospect League celebr\u00f3 un showcase a casa llena en las instalaciones de Blanco Baseball Academy de la ciudad de Santiago donde participaron m\u00e1s de 40 jugadores de diferentes academias del Cibao, pertenecientes a las clases 2027, 2028, 2029 y 2030. El evento inicio con el\u2026","rel":"","context":"En \u00abDEPORTES\u00bb","block_context":{"text":"DEPORTES","link":"https:\/\/lasprimeras.com.do\/index.php\/category\/deportes\/"},"img":{"alt_text":"","src":"https:\/\/i0.wp.com\/lasprimeras.com.do\/wp-content\/uploads\/2025\/07\/Osiris-Reynoso-Ceo-de-Bpl-junto-a-los-jugadores-del-Cibao-en-el-showcase.jpg?resize=350%2C200&ssl=1","width":350,"height":200,"srcset":"https:\/\/i0.wp.com\/lasprimeras.com.do\/wp-content\/uploads\/2025\/07\/Osiris-Reynoso-Ceo-de-Bpl-junto-a-los-jugadores-del-Cibao-en-el-showcase.jpg?resize=350%2C200&ssl=1 1x, https:\/\/i0.wp.com\/lasprimeras.com.do\/wp-content\/uploads\/2025\/07\/Osiris-Reynoso-Ceo-de-Bpl-junto-a-los-jugadores-del-Cibao-en-el-showcase.jpg?resize=525%2C300&ssl=1 1.5x, https:\/\/i0.wp.com\/lasprimeras.com.do\/wp-content\/uploads\/2025\/07\/Osiris-Reynoso-Ceo-de-Bpl-junto-a-los-jugadores-del-Cibao-en-el-showcase.jpg?resize=700%2C400&ssl=1 2x"},"classes":[]}],"jetpack_sharing_enabled":true,"_links":{"self":[{"href":"https:\/\/lasprimeras.com.do\/index.php\/wp-json\/wp\/v2\/posts\/106658","targetHints":{"allow":["GET"]}}],"collection":[{"href":"https:\/\/lasprimeras.com.do\/index.php\/wp-json\/wp\/v2\/posts"}],"about":[{"href":"https:\/\/lasprimeras.com.do\/index.php\/wp-json\/wp\/v2\/types\/post"}],"author":[{"embeddable":true,"href":"https:\/\/lasprimeras.com.do\/index.php\/wp-json\/wp\/v2\/users\/10"}],"replies":[{"embeddable":true,"href":"https:\/\/lasprimeras.com.do\/index.php\/wp-json\/wp\/v2\/comments?post=106658"}],"version-history":[{"count":1,"href":"https:\/\/lasprimeras.com.do\/index.php\/wp-json\/wp\/v2\/posts\/106658\/revisions"}],"predecessor-version":[{"id":106660,"href":"https:\/\/lasprimeras.com.do\/index.php\/wp-json\/wp\/v2\/posts\/106658\/revisions\/106660"}],"wp:featuredmedia":[{"embeddable":true,"href":"https:\/\/lasprimeras.com.do\/index.php\/wp-json\/wp\/v2\/media\/106659"}],"wp:attachment":[{"href":"https:\/\/lasprimeras.com.do\/index.php\/wp-json\/wp\/v2\/media?parent=106658"}],"wp:term":[{"taxonomy":"category","embeddable":true,"href":"https:\/\/lasprimeras.com.do\/index.php\/wp-json\/wp\/v2\/categories?post=106658"},{"taxonomy":"post_tag","embeddable":true,"href":"https:\/\/lasprimeras.com.do\/index.php\/wp-json\/wp\/v2\/tags?post=106658"}],"curies":[{"name":"wp","href":"https:\/\/api.w.org\/{rel}","templated":true}]}}