{"id":106689,"date":"2025-08-18T08:33:11","date_gmt":"2025-08-18T12:33:11","guid":{"rendered":"https:\/\/lasprimeras.com.do\/?p=106689"},"modified":"2025-08-18T08:33:12","modified_gmt":"2025-08-18T12:33:12","slug":"asistencia-masiva-inauguracion-en-juegos-juan-pablo-duarte-en-ny","status":"publish","type":"post","link":"https:\/\/lasprimeras.com.do\/index.php\/2025\/08\/18\/asistencia-masiva-inauguracion-en-juegos-juan-pablo-duarte-en-ny\/","title":{"rendered":"Asistencia masiva inauguraci\u00f3n en juegos Juan Pablo Duarte en NY"},"content":{"rendered":"\n<figure class=\"wp-block-embed is-type-video is-provider-youtube wp-block-embed-youtube wp-embed-aspect-16-9 wp-has-aspect-ratio\"><div class=\"wp-block-embed__wrapper\">\n<iframe title=\"Asistencia masiva inauguraci\u00f3n jugos Juan Pablo Duarte en NY\" width=\"500\" height=\"281\" src=\"https:\/\/www.youtube.com\/embed\/o_TrNU-WBnM?feature=oembed\" frameborder=\"0\" allow=\"accelerometer; autoplay; clipboard-write; encrypted-media; gyroscope; picture-in-picture; web-share\" referrerpolicy=\"strict-origin-when-cross-origin\" allowfullscreen><\/iframe>\n<\/div><\/figure>\n\n\n\n<p>Por Ram\u00f3n Mercedes<\/p>\n\n\n\n<p>NUEVA YORK.- La inauguraci\u00f3n de los juegos \u00abJuan Pablo Duarte 2025\u00bb el pasado fin de semana en esta ciudad fue todo un \u00e9xito en el Centro Apex de Lehman College, en El Bronx, y ser\u00e1n del 15 al 31 de este mes en varias instalaciones deportivas en NYC.<\/p>\n\n\n\n<p>La asistencia fue cerca de dos mil, entre los 2,300 atletas que se disputar\u00e1n en las disciplinas de Atletismo, Ajedrez, Baloncesto, B\u00e9isbol, Billar, Bolinche, Ciclismo, Tablero, Domin\u00f3, Judo, F\u00fatbol, Tae Kwan Do, Karate, Footkey, Tenis de Campo, Tenis de Mesa, S\u00f3ftbol, Rigoball, Volibol, Vitilla, Lacrose, Arco y Flecha, entre otros.<\/p>\n\n\n\n<p>Provienen de NY, Nueva Jersey, Filadelfia, Pensylvania, Providencia, Conecticut, Lawrence, Boston y Rhode Island.<\/p>\n\n\n\n<p>Encabezaron la inauguraci\u00f3n, el ministro de Deportes (Miderec), Kelvin Cruz; el alcalde NYC, Eric Adam; el c\u00f3nsul RD-NY, Jes\u00fas -Ch\u00fa- V\u00e1squez; el director general de los juegos, Roberto Rojas; Evaristo Madrigal, de la Uni\u00f3n Deportiva NY; Garibaldy Bautista, del Comit\u00e9 Ol\u00edmpico Dominicano, y Luis\u00edn Mej\u00eda, ex presidente del Comit\u00e9 Ol\u00edmpico Dominicano -COLIMDO- (2006-2021).<\/p>\n\n\n\n<p>La atleta \u00c1mbar Fulgencio, jurament\u00f3 a los deportistas. Los juegos est\u00e1n dedicados a Luis\u00edn y a Nurys de \u00d3leo.<\/p>\n\n\n\n<p>El ministro Cruz agradeci\u00f3 el esfuerzo de los dirigentes deportivos, y agreg\u00f3, \u00abeste logro es de toda una comunidad\u00bb. Rojas, empresario y deportista tanto en NY como en RD, y director general de los juegos, destac\u00f3 la unidad que vive el deporte en NY.<\/p>\n\n\n\n<p>\u00abEstos juegos ponen m\u00e1s en alto la bandera tricolor en playas extranjeras, adem\u00e1s, quedar\u00e1n marcados en la historia del deporte dominicano en el exterior\u00bb, afirm\u00f3.<\/p>\n\n\n\n<p>Varios de los presentes en el acto precisaron que \u00e9l logr\u00f3 por primera vez unificar todos los dirigentes de las diferentes disciplinas en estos juegos \u00abJuan Pablo Duarte\u00bb, fruto de la conexi\u00f3n que Rojas tiene con los dirigentes de la di\u00e1spora.<\/p>\n\n\n\n<p>Evaristo Madrigal, de la Uni\u00f3n Deportiva de NY, agradeci\u00f3 el apoyo e inter\u00e9s del Gobierno por los juegos. Garibaldy Bautista, de COLIMDO, asegur\u00f3 que el futuro del deporte dominicano est\u00e1 asegurado, al observar la gran cantidad de j\u00f3venes envueltos en esta actividad.<\/p>\n\n\n\n<p>Luis\u00edn Mej\u00eda, presidente de Centro Caribe Sports y ex del COLIMDO, hizo una retrospectiva de los a\u00f1os en que se fund\u00f3 la Asociaci\u00f3n de S\u00f3ftbol en NY y destac\u00f3 el potencial de la comunidad dominicana para lograr conquistas importantes en favor de los j\u00f3venes dominicanos residentes en esta y otras urbes estadounidenses.<\/p>\n\n\n\n<p>Su discurso liber\u00f3 la adrenalina entre los presentes y los aplausos fueron prolongados hacia Luis\u00edn. El pebetero fue encendido por Verm\u00e1n Mej\u00eda, pas\u00f3 por las manos de figuras hist\u00f3ricas del deporte RD, fue recibido por el ministro Cruz.<\/p>\n","protected":false},"excerpt":{"rendered":"<p>Por Ram\u00f3n Mercedes NUEVA YORK.- La inauguraci\u00f3n de los juegos \u00abJuan Pablo Duarte 2025\u00bb el pasado fin de semana en esta ciudad fue todo un \u00e9xito en el Centro Apex&hellip;<\/p>\n","protected":false},"author":10,"featured_media":106690,"comment_status":"open","ping_status":"open","sticky":false,"template":"","format":"standard","meta":{"content-type":"","jetpack_post_was_ever_published":false,"_jetpack_newsletter_access":"","_jetpack_dont_email_post_to_subs":false,"_jetpack_newsletter_tier_id":0,"_jetpack_memberships_contains_paywalled_content":false,"_jetpack_memberships_contains_paid_content":false,"footnotes":""},"categories":[630],"tags":[23314,63,11154,4316,104],"class_list":["post-106689","post","type-post","status-publish","format-standard","has-post-thumbnail","hentry","category-deportes","tag-asistencia-masiva","tag-inauguracion","tag-juan-pablo-duarte","tag-juegos","tag-nueva-york"],"jetpack_featured_media_url":"https:\/\/lasprimeras.com.do\/wp-content\/uploads\/2025\/08\/WhatsApp-Image-2025-08-18-at-6.46.04-AM.jpeg","jetpack-related-posts":[{"id":106397,"url":"https:\/\/lasprimeras.com.do\/index.php\/2025\/08\/14\/roberto-rojas-afirma-juegos-juan-pablo-duarte-estan-listos-para-iniciar-en-ny\/","url_meta":{"origin":106689,"position":0},"title":"Roberto Rojas afirma \u00abJuegos Juan Pablo Duarte\u00bb est\u00e1n listos para iniciar en NY","author":"Nelson Feliz","date":"14 de agosto de 2025","format":false,"excerpt":"https:\/\/www.youtube.com\/watch?v=BVF7WGv5XB0 Por Ram\u00f3n Mercedes NUEVA YORK.- El Ministro de Deportes y Recreaci\u00f3n de la Rep\u00fablica Dominicana, Kelvin Cruz, encabezar\u00e1 la inauguraci\u00f3n de los \u00abJuegos Deportivos de Verano Juan Pablo Duarte NY 2025\u00bb, a efectuarse este viernes 15 de agosto a las 4:00 de la tarde, en el Centro Apex de\u2026","rel":"","context":"En \u00abDEPORTES\u00bb","block_context":{"text":"DEPORTES","link":"https:\/\/lasprimeras.com.do\/index.php\/category\/deportes\/"},"img":{"alt_text":"","src":"https:\/\/i0.wp.com\/lasprimeras.com.do\/wp-content\/uploads\/2025\/08\/WhatsApp-Image-2025-08-14-at-6.10.37-AM.jpeg?resize=350%2C200&ssl=1","width":350,"height":200,"srcset":"https:\/\/i0.wp.com\/lasprimeras.com.do\/wp-content\/uploads\/2025\/08\/WhatsApp-Image-2025-08-14-at-6.10.37-AM.jpeg?resize=350%2C200&ssl=1 1x, https:\/\/i0.wp.com\/lasprimeras.com.do\/wp-content\/uploads\/2025\/08\/WhatsApp-Image-2025-08-14-at-6.10.37-AM.jpeg?resize=525%2C300&ssl=1 1.5x, https:\/\/i0.wp.com\/lasprimeras.com.do\/wp-content\/uploads\/2025\/08\/WhatsApp-Image-2025-08-14-at-6.10.37-AM.jpeg?resize=700%2C400&ssl=1 2x"},"classes":[]},{"id":107005,"url":"https:\/\/lasprimeras.com.do\/index.php\/2025\/08\/21\/luisin-mejia-dice-en-ny-con-juegos-juan-pablo-duarte-esta-viva-la-esencia-del-dominicano\/","url_meta":{"origin":106689,"position":1},"title":"Luis\u00edn Mej\u00eda dice en NY \u00abcon juegos Juan Pablo Duarte est\u00e1 viva la esencia del dominicano\u00bb","author":"Nelson Feliz","date":"21 de agosto de 2025","format":false,"excerpt":"https:\/\/www.youtube.com\/watch?v=Q2EDf4V1N48 Por Ram\u00f3n Mercedes NUEVA YORK.- Uno de los soportes fundamentales del deportes en la Rep\u00fablica Dominicana, Luis\u00edn Mej\u00eda, declar\u00f3 en esta ciudad, durante la reciente inauguraci\u00f3n de los juegos \u00abJuan Pablo Duarte\u00bb, que est\u00e1 viva la esencia del dominicano. \u00abVine a NY hace 40 a\u00f1os a promover el rescate\u2026","rel":"","context":"En \u00abDEPORTES\u00bb","block_context":{"text":"DEPORTES","link":"https:\/\/lasprimeras.com.do\/index.php\/category\/deportes\/"},"img":{"alt_text":"","src":"https:\/\/i0.wp.com\/lasprimeras.com.do\/wp-content\/uploads\/2025\/08\/WhatsApp-Image-2025-08-21-at-5.36.37-AM.jpeg?resize=350%2C200&ssl=1","width":350,"height":200,"srcset":"https:\/\/i0.wp.com\/lasprimeras.com.do\/wp-content\/uploads\/2025\/08\/WhatsApp-Image-2025-08-21-at-5.36.37-AM.jpeg?resize=350%2C200&ssl=1 1x, https:\/\/i0.wp.com\/lasprimeras.com.do\/wp-content\/uploads\/2025\/08\/WhatsApp-Image-2025-08-21-at-5.36.37-AM.jpeg?resize=525%2C300&ssl=1 1.5x, https:\/\/i0.wp.com\/lasprimeras.com.do\/wp-content\/uploads\/2025\/08\/WhatsApp-Image-2025-08-21-at-5.36.37-AM.jpeg?resize=700%2C400&ssl=1 2x"},"classes":[]},{"id":106482,"url":"https:\/\/lasprimeras.com.do\/index.php\/2025\/08\/15\/peloteros-dominicanos-grandes-ligas-felicitan-celebracion-en-nyc-juegos-juan-pablo-duarte\/","url_meta":{"origin":106689,"position":2},"title":"Peloteros dominicanos Grandes Ligas felicitan celebraci\u00f3n en NYC \u00abJuegos Juan Pablo Duarte\u00bb","author":"Nelson Feliz","date":"15 de agosto de 2025","format":false,"excerpt":"Por Ram\u00f3n Mercedes NUEVA YORK.- Varios peloteros dominicanos de Grandes Ligas enviaron mensajes de apoyo a los atletas dominicanos que participar\u00e1n en esta ciudad del 15 al 31 de este mes en los \u00abJuegos Juan Pablo Duarte\u00bb, que dirige el empresario y deportista Roberto Rojas. Los jugadores Juan Soto, Ronny\u2026","rel":"","context":"En \u00abDEPORTES\u00bb","block_context":{"text":"DEPORTES","link":"https:\/\/lasprimeras.com.do\/index.php\/category\/deportes\/"},"img":{"alt_text":"","src":"https:\/\/i0.wp.com\/lasprimeras.com.do\/wp-content\/uploads\/2025\/08\/WhatsApp-Image-2025-08-15-at-6.18.24-AM.jpeg?resize=350%2C200&ssl=1","width":350,"height":200,"srcset":"https:\/\/i0.wp.com\/lasprimeras.com.do\/wp-content\/uploads\/2025\/08\/WhatsApp-Image-2025-08-15-at-6.18.24-AM.jpeg?resize=350%2C200&ssl=1 1x, https:\/\/i0.wp.com\/lasprimeras.com.do\/wp-content\/uploads\/2025\/08\/WhatsApp-Image-2025-08-15-at-6.18.24-AM.jpeg?resize=525%2C300&ssl=1 1.5x"},"classes":[]},{"id":105779,"url":"https:\/\/lasprimeras.com.do\/index.php\/2025\/08\/07\/afirma-reina-entusiasmo-entre-juventud-dominicana-ny-por-juegos-juan-pablo-duarte\/","url_meta":{"origin":106689,"position":3},"title":"Afirma reina entusiasmo entre juventud dominicana NY por juegos Juan Pablo Duarte","author":"Nelson Feliz","date":"7 de agosto de 2025","format":false,"excerpt":"Por Ram\u00f3n Mercedes NUEVA YORK.- El director general de los juegos \u00abJuan Pablo Duarte\u00bb a celebrarse en esta ciudad, Roberto Rojas, destac\u00f3 el gran entusiasmo que reina entre la juventud dominicana en este estados y otros en Estados Unidos por la celebraci\u00f3n de los mismos. El evento reunir\u00e1 a 2,232\u2026","rel":"","context":"En \u00abDEPORTES\u00bb","block_context":{"text":"DEPORTES","link":"https:\/\/lasprimeras.com.do\/index.php\/category\/deportes\/"},"img":{"alt_text":"","src":"https:\/\/i0.wp.com\/lasprimeras.com.do\/wp-content\/uploads\/2025\/08\/WhatsApp-Image-2025-08-07-at-5.42.07-AM.jpeg?resize=350%2C200&ssl=1","width":350,"height":200,"srcset":"https:\/\/i0.wp.com\/lasprimeras.com.do\/wp-content\/uploads\/2025\/08\/WhatsApp-Image-2025-08-07-at-5.42.07-AM.jpeg?resize=350%2C200&ssl=1 1x, https:\/\/i0.wp.com\/lasprimeras.com.do\/wp-content\/uploads\/2025\/08\/WhatsApp-Image-2025-08-07-at-5.42.07-AM.jpeg?resize=525%2C300&ssl=1 1.5x"},"classes":[]},{"id":106615,"url":"https:\/\/lasprimeras.com.do\/index.php\/2025\/08\/17\/ministro-kelvin-cruz-deja-iniciados-los-juegos-juan-pablo-duarte-en-nueva-york\/","url_meta":{"origin":106689,"position":4},"title":"Ministro Kelvin Cruz deja iniciados los Juegos Juan Pablo Duarte en Nueva York","author":"Nelson Feliz","date":"17 de agosto de 2025","format":false,"excerpt":"En el marco de una vistosa y nutrida ceremonia caracterizada por el fervor patrio, el ministro de Deportes, Kelvin Cruz, el C\u00f3nsul General Jes\u00fas \"Ch\u00fa\" V\u00e1squez y el alcalde de la ciudad de Nueva York, Eric Adams, entre otras personalidades, dejaron formalmente inaugurados en esta ciudad los Juegos deportivos Juan\u2026","rel":"","context":"En \u00abDEPORTES\u00bb","block_context":{"text":"DEPORTES","link":"https:\/\/lasprimeras.com.do\/index.php\/category\/deportes\/"},"img":{"alt_text":"","src":"https:\/\/i0.wp.com\/lasprimeras.com.do\/wp-content\/uploads\/2025\/08\/Kelvin-Cruz.jpg?resize=350%2C200&ssl=1","width":350,"height":200,"srcset":"https:\/\/i0.wp.com\/lasprimeras.com.do\/wp-content\/uploads\/2025\/08\/Kelvin-Cruz.jpg?resize=350%2C200&ssl=1 1x, https:\/\/i0.wp.com\/lasprimeras.com.do\/wp-content\/uploads\/2025\/08\/Kelvin-Cruz.jpg?resize=525%2C300&ssl=1 1.5x, https:\/\/i0.wp.com\/lasprimeras.com.do\/wp-content\/uploads\/2025\/08\/Kelvin-Cruz.jpg?resize=700%2C400&ssl=1 2x"},"classes":[]},{"id":107049,"url":"https:\/\/lasprimeras.com.do\/index.php\/2025\/08\/22\/rojas-afirma-juegos-juan-pablo-duarte-en-nyc-marchan-bien-reconocen-unidad-deportistas-por-su-liderazgo\/","url_meta":{"origin":106689,"position":5},"title":"Rojas afirma juegos Juan Pablo Duarte en NYC marchan bien; reconocen unidad deportistas por su liderazgo","author":"Nelson Feliz","date":"22 de agosto de 2025","format":false,"excerpt":"https:\/\/www.youtube.com\/watch?v=3ER_LET9-4g Por Ram\u00f3n Mercedes NUEVA YORK.- El director general de los juegos Juan Pablo Duarte que se celebran en esta ciudad, Roberto Rojas, afirm\u00f3 que los mismos se est\u00e1n desarrollando de una forma satisfactoria y muy participativa de todos los atletas. La participaci\u00f3n de los atletas corresponde a diferentes estados,\u2026","rel":"","context":"En \u00abDEPORTES\u00bb","block_context":{"text":"DEPORTES","link":"https:\/\/lasprimeras.com.do\/index.php\/category\/deportes\/"},"img":{"alt_text":"","src":"https:\/\/i0.wp.com\/lasprimeras.com.do\/wp-content\/uploads\/2025\/08\/WhatsApp-Image-2025-08-22-at-7.47.12-AM-1.jpeg?resize=350%2C200&ssl=1","width":350,"height":200,"srcset":"https:\/\/i0.wp.com\/lasprimeras.com.do\/wp-content\/uploads\/2025\/08\/WhatsApp-Image-2025-08-22-at-7.47.12-AM-1.jpeg?resize=350%2C200&ssl=1 1x, https:\/\/i0.wp.com\/lasprimeras.com.do\/wp-content\/uploads\/2025\/08\/WhatsApp-Image-2025-08-22-at-7.47.12-AM-1.jpeg?resize=525%2C300&ssl=1 1.5x"},"classes":[]}],"jetpack_sharing_enabled":true,"_links":{"self":[{"href":"https:\/\/lasprimeras.com.do\/index.php\/wp-json\/wp\/v2\/posts\/106689","targetHints":{"allow":["GET"]}}],"collection":[{"href":"https:\/\/lasprimeras.com.do\/index.php\/wp-json\/wp\/v2\/posts"}],"about":[{"href":"https:\/\/lasprimeras.com.do\/index.php\/wp-json\/wp\/v2\/types\/post"}],"author":[{"embeddable":true,"href":"https:\/\/lasprimeras.com.do\/index.php\/wp-json\/wp\/v2\/users\/10"}],"replies":[{"embeddable":true,"href":"https:\/\/lasprimeras.com.do\/index.php\/wp-json\/wp\/v2\/comments?post=106689"}],"version-history":[{"count":1,"href":"https:\/\/lasprimeras.com.do\/index.php\/wp-json\/wp\/v2\/posts\/106689\/revisions"}],"predecessor-version":[{"id":106691,"href":"https:\/\/lasprimeras.com.do\/index.php\/wp-json\/wp\/v2\/posts\/106689\/revisions\/106691"}],"wp:featuredmedia":[{"embeddable":true,"href":"https:\/\/lasprimeras.com.do\/index.php\/wp-json\/wp\/v2\/media\/106690"}],"wp:attachment":[{"href":"https:\/\/lasprimeras.com.do\/index.php\/wp-json\/wp\/v2\/media?parent=106689"}],"wp:term":[{"taxonomy":"category","embeddable":true,"href":"https:\/\/lasprimeras.com.do\/index.php\/wp-json\/wp\/v2\/categories?post=106689"},{"taxonomy":"post_tag","embeddable":true,"href":"https:\/\/lasprimeras.com.do\/index.php\/wp-json\/wp\/v2\/tags?post=106689"}],"curies":[{"name":"wp","href":"https:\/\/api.w.org\/{rel}","templated":true}]}}