{"id":106776,"date":"2025-08-19T09:17:36","date_gmt":"2025-08-19T13:17:36","guid":{"rendered":"https:\/\/lasprimeras.com.do\/?p=106776"},"modified":"2025-08-19T09:17:39","modified_gmt":"2025-08-19T13:17:39","slug":"en-recientes-dias-9-muertos-y-18-heridos-a-balazos-en-ny-ultima-victima-fue-en-el-alto-manhattan","status":"publish","type":"post","link":"https:\/\/lasprimeras.com.do\/index.php\/2025\/08\/19\/en-recientes-dias-9-muertos-y-18-heridos-a-balazos-en-ny-ultima-victima-fue-en-el-alto-manhattan\/","title":{"rendered":"En recientes d\u00edas 9 muertos y 18 heridos a balazos en NY; \u00faltima v\u00edctima fue en el Alto Manhattan"},"content":{"rendered":"\n<p>Por Ram\u00f3n Mercedes<\/p>\n\n\n\n<p>NUEVA YORK.- La violencia a tiros en Estados Unidos ha cobrado las vidas, hasta este lunes, de 9,442 personas y 17,248, muchas de ellas quedando en estado de gravedad, seg\u00fan las estad\u00edsticas de la organizaci\u00f3n \u00abArchivo de Violencia Armada\u00bb (GVA), con sede en Washington DC.<\/p>\n\n\n\n<p>En recientes d\u00edas, esa violencia ha alcanzado esta ciudad con 9 personas muertas y 18 heridas a balazos, algunas quedando en estado de gravedad, seg\u00fan los informe de la policia.<\/p>\n\n\n\n<p>Entre los hechos de sangre, se citan: Un hombre, de 30 a\u00f1os, fue ultimado a tiros la noche del domingo por un polic\u00eda fuera de servicio en la calle 173 con la avenida Amsterdam, en el Alto Manhattan. El hecho ocurri\u00f3 cuando la victima le mostr\u00f3 una pistola al oficial.<\/p>\n\n\n\n<p>Tres personas fallecidas, de 27, 35 y 19 a\u00f1os, y nueve heridos durante un tiro en el club \u00abTaste of the City\u00bb, ubicado en la avenida Franklin, en el sector de Crown Heights en Brooklyn. El hecho ocurri\u00f3 la madrugada de este domingo. No hay detenidos.<\/p>\n\n\n\n<p>Dos empleados, de 48 y 52 a\u00f1os, de una tienda, ubicada en 84-48 de la calle Manton, en Briarwood, Queens, fueron heridos a balazos. El pistolero huy\u00f3.<\/p>\n\n\n\n<p>Un hombre armado enmascarado mat\u00f3 de un disparo en la cabeza a un hombre, de 33 a\u00f1os, frente a Exotic World Smoke Shop, ubicado en 1629 de la avenida Westchester en El Bronx. El gatillero huy\u00f3.<\/p>\n\n\n\n<p>Un oficial de polic\u00eda de la MTA se dispar\u00f3 accidentalmente con su propia y se hiri\u00f3 en una pierna, mientras limpiaba su arma de fuego en Grand Central Terminal, en Manhattan. El incidente ocurri\u00f3 este domingo, inform\u00f3 la polic\u00eda.<\/p>\n\n\n\n<p>Una mujer recibi\u00f3 este s\u00e1bado un disparo en la nalga en el \u00abGarden Bar and Grill\u00bb, ubicado en el 3392 de la avenida E. Tremont, en El Bronx. Fue internada. El gatillero huy\u00f3.<\/p>\n\n\n\n<p>Un hombre fue asesinado a balazos en el complejo de viviendas p\u00fablicas Throggs Neck Houses, ubicado en 2765 de la avenida Sampson, en El Bronx, el pasado fin de semana.<\/p>\n\n\n\n<p>Dos hombres fueron heridos a tiros el pasado fin de semana frente al 657 de la avenida Bryant, en Hunts Point, en El Bronx. Tres pistoleros huyeron en una camioneta negra.<\/p>\n\n\n\n<p>La policia mat\u00f3 un hombre a tiros luego que este le apuntara con su arma y no la soltara ante m\u00faltiples pedidos. Hecho ocurrido frente al 533 de la avenida Ocean, en Brooklyn. La v\u00edctima sosten\u00eda una ri\u00f1a con otro hombre cuando los uniformados se presentaron al lugar. El otro hombre fue herido y trasladado al hospital.<\/p>\n\n\n\n<p>Este s\u00e1bado hubo un tiroteo en la calle 174 E. entre las avenidas Rosedale y Commonwealth, en El Bronx. La polic\u00eda tiene en su poder un video cuando un hombre dispara a otro. No se reportaron heridos.<\/p>\n\n\n\n<p>Un hombre, de 45 a\u00f1os, fue herido de balas frente al 1260 de la avenida Suttler, en Cypress Hills Houses, en Brooklyn. El pistolero huy\u00f3.<\/p>\n\n\n\n<p>Una fiesta callejera en la calle 57 con la Cuarta avenida en Sunset Park, en Brooklyn, termin\u00f3 con el asesinato de un hombre hispano, de 45 a\u00f1os. El gatillero se encuentra profugo.<\/p>\n\n\n\n<p>Un hombre, de 27 a\u00f1os, muri\u00f3 luego que fuera tiroteado en Broadway con Kossuth Place, en Brooklyn.<\/p>\n\n\n\n<p>Un hombre, de 33 a\u00f1os, fue herido de balas en la avenida Washington con la calle 169, en El Bronx, cerca de varios parques infantiles. El pasado fin de semana.<\/p>\n\n\n\n<p>Un menor recibio disparos en la calle 11 en West Babylon, en Suffolk, Long Island, quedando en estado grave. El pasado fin de semana.<\/p>\n","protected":false},"excerpt":{"rendered":"<p>Por Ram\u00f3n Mercedes NUEVA YORK.- La violencia a tiros en Estados Unidos ha cobrado las vidas, hasta este lunes, de 9,442 personas y 17,248, muchas de ellas quedando en estado&hellip;<\/p>\n","protected":false},"author":10,"featured_media":103644,"comment_status":"open","ping_status":"open","sticky":false,"template":"","format":"standard","meta":{"content-type":"","jetpack_post_was_ever_published":false,"_jetpack_newsletter_access":"","_jetpack_dont_email_post_to_subs":false,"_jetpack_newsletter_tier_id":0,"_jetpack_memberships_contains_paywalled_content":false,"_jetpack_memberships_contains_paid_content":false,"footnotes":""},"categories":[16289],"tags":[7883,4104,1467,686,104,23360],"class_list":["post-106776","post","type-post","status-publish","format-standard","has-post-thumbnail","hentry","category-internacionales","tag-alto-manhattan","tag-balazos","tag-heridos","tag-muertos","tag-nueva-york","tag-ultima-victima"],"jetpack_featured_media_url":"https:\/\/lasprimeras.com.do\/wp-content\/uploads\/2025\/07\/WhatsApp-Image-2025-07-17-at-6.40.32-AM-2.jpeg","jetpack-related-posts":[{"id":98823,"url":"https:\/\/lasprimeras.com.do\/index.php\/2025\/05\/13\/sangriento-fin-de-semana-en-nyc-alto-manhattan-fue-escenario-duelo-a-machetazos\/","url_meta":{"origin":106776,"position":0},"title":"Sangriento fin de semana en NYC; Alto Manhattan fue escenario duelo a machetazos","author":"Nelson Feliz","date":"13 de mayo de 2025","format":false,"excerpt":"Por Ram\u00f3n Mercedes NUEVA YORK.- El pasado fin de semana se torno muy violento en esta ciudad, con muertos y heridos, entre ellos civiles y agentes policiales, en diferentes circunstancia. Dos hombres, presuntamente dominicanos, sostuvieron un duelo a machetazos, frente a una bodega en el 144 de la avenida Nagle\u2026","rel":"","context":"En \u00abINTERNACIONALES\u00bb","block_context":{"text":"INTERNACIONALES","link":"https:\/\/lasprimeras.com.do\/index.php\/category\/sin-categoria\/internacionales\/"},"img":{"alt_text":"","src":"https:\/\/i0.wp.com\/lasprimeras.com.do\/wp-content\/uploads\/2025\/05\/WhatsApp-Image-2025-05-13-at-5.49.20-AM.jpeg?resize=350%2C200&ssl=1","width":350,"height":200,"srcset":"https:\/\/i0.wp.com\/lasprimeras.com.do\/wp-content\/uploads\/2025\/05\/WhatsApp-Image-2025-05-13-at-5.49.20-AM.jpeg?resize=350%2C200&ssl=1 1x, https:\/\/i0.wp.com\/lasprimeras.com.do\/wp-content\/uploads\/2025\/05\/WhatsApp-Image-2025-05-13-at-5.49.20-AM.jpeg?resize=525%2C300&ssl=1 1.5x"},"classes":[]},{"id":48663,"url":"https:\/\/lasprimeras.com.do\/index.php\/2023\/05\/03\/un-muerto-estrangulado-y-un-herido-apunalado-en-el-metro-de-nueva-york\/","url_meta":{"origin":106776,"position":1},"title":"Un muerto estrangulado y un herido apu\u00f1alado en el Metro de Nueva York","author":"prenxa100","date":"3 de mayo de 2023","format":false,"excerpt":"Un hombre de 30 a\u00f1os muri\u00f3 estrangulado en medio de una discusi\u00f3n a bordo de un tren del Metro de Nueva York ayer a media tarde en el Bajo Manhattan. Horas despu\u00e9s otro pasajero fue apu\u00f1alado en Queens. Nueva York.-. Un hombre de 30 a\u00f1os con antecedentes penales muri\u00f3 estrangulado\u2026","rel":"","context":"En \u00abSin categor\u00eda\u00bb","block_context":{"text":"Sin categor\u00eda","link":"https:\/\/lasprimeras.com.do\/index.php\/category\/sin-categoria\/"},"img":{"alt_text":"","src":"","width":0,"height":0},"classes":[]},{"id":67167,"url":"https:\/\/lasprimeras.com.do\/index.php\/2023\/11\/13\/policia-mata-a-balazos-a-colombiano-secuestro-2-personas-en-bani\/","url_meta":{"origin":106776,"position":2},"title":"Polic\u00eda mata a balazos a colombiano secuestr\u00f3 2 personas en Ban\u00ed","author":"Nelson Feliz","date":"13 de noviembre de 2023","format":false,"excerpt":"La Polic\u00eda abati\u00f3 este lunes en Ban\u00ed a un colombiano que presuntamente mantuvo secuestradas a dos personas durante cuatro d\u00edas, informaron las fuerzas del orden. En un comunicado, la Polic\u00eda indic\u00f3 que las v\u00edctimas, un hombre y una adolescente, fueron rescatadas sanas y salvas. De acuerdo con la nota, John\u2026","rel":"","context":"En \u00abMILITARES\u00bb","block_context":{"text":"MILITARES","link":"https:\/\/lasprimeras.com.do\/index.php\/category\/militares\/"},"img":{"alt_text":"Polic\u00eda-Ban\u00ed","src":"https:\/\/i0.wp.com\/lasprimeras.com.do\/wp-content\/uploads\/2023\/11\/Policia-Bani.jpg?resize=350%2C200&ssl=1","width":350,"height":200,"srcset":"https:\/\/i0.wp.com\/lasprimeras.com.do\/wp-content\/uploads\/2023\/11\/Policia-Bani.jpg?resize=350%2C200&ssl=1 1x, https:\/\/i0.wp.com\/lasprimeras.com.do\/wp-content\/uploads\/2023\/11\/Policia-Bani.jpg?resize=525%2C300&ssl=1 1.5x, https:\/\/i0.wp.com\/lasprimeras.com.do\/wp-content\/uploads\/2023\/11\/Policia-Bani.jpg?resize=700%2C400&ssl=1 2x"},"classes":[]},{"id":97946,"url":"https:\/\/lasprimeras.com.do\/index.php\/2025\/04\/29\/se-debate-entre-la-vida-y-muerte-hombre-apunalado-en-el-alto-manhattan\/","url_meta":{"origin":106776,"position":3},"title":"Se debate entre la vida y muerte hombre apu\u00f1alado en el Alto Manhattan","author":"Nelson Feliz","date":"29 de abril de 2025","format":false,"excerpt":"Por Ram\u00f3n Mercedes NUEVA YORK.- Se debate entre la vida y la muerte un hombre apu\u00f1alado este lunes por la ma\u00f1ana varias veces en el torso en el interior del edificio The Armory en Washington Heights, lugar de refugio para 200 hombres que padecen trastornos de salud mental y consumo\u2026","rel":"","context":"En \u00abINTERNACIONALES\u00bb","block_context":{"text":"INTERNACIONALES","link":"https:\/\/lasprimeras.com.do\/index.php\/category\/sin-categoria\/internacionales\/"},"img":{"alt_text":"Se debate entre la vida y muerte hombre apu\u00f1alado en el Alto Manhattan","src":"https:\/\/i0.wp.com\/lasprimeras.com.do\/wp-content\/uploads\/2025\/04\/WhatsApp-Image-2025-04-29-at-5.43.41-AM-1.jpeg?resize=350%2C200&ssl=1","width":350,"height":200},"classes":[]},{"id":98151,"url":"https:\/\/lasprimeras.com.do\/index.php\/2025\/05\/02\/violaciones-sexuales-en-trenes-se-estan-volviendo-recurrentes-otros-hechos-muestran-a-un-nyc-salvaje\/","url_meta":{"origin":106776,"position":4},"title":"Violaciones sexuales en trenes se est\u00e1n volviendo recurrentes; otros hechos muestran a un NYC salvaje","author":"Nelson Feliz","date":"2 de mayo de 2025","format":false,"excerpt":"Por Ram\u00f3n Mercedes NUEVA YORK.- Acontecimientos sucedidos en los \u00faltimos d\u00edas en esta ciudad muestran y dan la percepci\u00f3n de un NYC salvaje por las caracter\u00edsticas de los hechos. El pasado mes, el hispano F\u00e9lix Rojas, de 44 a\u00f1os, rob\u00f3 y viol\u00f3 el cad\u00e1ver de un hombre que muriera por\u2026","rel":"","context":"En \u00abINTERNACIONALES\u00bb","block_context":{"text":"INTERNACIONALES","link":"https:\/\/lasprimeras.com.do\/index.php\/category\/sin-categoria\/internacionales\/"},"img":{"alt_text":"Violaciones sexuales en trenes se est\u00e1n volviendo recurrentes","src":"https:\/\/i0.wp.com\/lasprimeras.com.do\/wp-content\/uploads\/2025\/05\/WhatsApp-Image-2025-05-02-at-6.11.52-AM.jpeg?resize=350%2C200&ssl=1","width":350,"height":200,"srcset":"https:\/\/i0.wp.com\/lasprimeras.com.do\/wp-content\/uploads\/2025\/05\/WhatsApp-Image-2025-05-02-at-6.11.52-AM.jpeg?resize=350%2C200&ssl=1 1x, https:\/\/i0.wp.com\/lasprimeras.com.do\/wp-content\/uploads\/2025\/05\/WhatsApp-Image-2025-05-02-at-6.11.52-AM.jpeg?resize=525%2C300&ssl=1 1.5x, https:\/\/i0.wp.com\/lasprimeras.com.do\/wp-content\/uploads\/2025\/05\/WhatsApp-Image-2025-05-02-at-6.11.52-AM.jpeg?resize=700%2C400&ssl=1 2x"},"classes":[]},{"id":123636,"url":"https:\/\/lasprimeras.com.do\/index.php\/2026\/03\/03\/en-59-dias-1995-personas-fallecidas-por-balas-en-usa-y-3351-heridas-figuran-dominicanos\/","url_meta":{"origin":106776,"position":5},"title":"En 59 d\u00edas 1,995 personas fallecidas por balas en USA y 3,351 heridas; figuran dominicanos","author":"Nelson Feliz","date":"3 de marzo de 2026","format":false,"excerpt":"Por Ram\u00f3n Mercedes NUEVA YORK.- Estad\u00edsticas de la entidad \u201cArchivo de Violencia Armada\u201d (GVA), con sede en Washington DC, establece que durante los meses de enero y febrero (59 d\u00edas) en los Estados Unidos han fallecido a causa de balas la cantidad de 1,995 personas y 3,351 heridas, algunas de\u2026","rel":"","context":"En \u00abINTERNACIONALES\u00bb","block_context":{"text":"INTERNACIONALES","link":"https:\/\/lasprimeras.com.do\/index.php\/category\/sin-categoria\/internacionales\/"},"img":{"alt_text":"","src":"https:\/\/i0.wp.com\/lasprimeras.com.do\/wp-content\/uploads\/2026\/03\/En-59-dias-1995-personas-fallecidas-por-balas-en-USA-y-3351-heridas_-figuran-dominicanos.jpg?resize=350%2C200&ssl=1","width":350,"height":200},"classes":[]}],"jetpack_sharing_enabled":true,"_links":{"self":[{"href":"https:\/\/lasprimeras.com.do\/index.php\/wp-json\/wp\/v2\/posts\/106776","targetHints":{"allow":["GET"]}}],"collection":[{"href":"https:\/\/lasprimeras.com.do\/index.php\/wp-json\/wp\/v2\/posts"}],"about":[{"href":"https:\/\/lasprimeras.com.do\/index.php\/wp-json\/wp\/v2\/types\/post"}],"author":[{"embeddable":true,"href":"https:\/\/lasprimeras.com.do\/index.php\/wp-json\/wp\/v2\/users\/10"}],"replies":[{"embeddable":true,"href":"https:\/\/lasprimeras.com.do\/index.php\/wp-json\/wp\/v2\/comments?post=106776"}],"version-history":[{"count":1,"href":"https:\/\/lasprimeras.com.do\/index.php\/wp-json\/wp\/v2\/posts\/106776\/revisions"}],"predecessor-version":[{"id":106777,"href":"https:\/\/lasprimeras.com.do\/index.php\/wp-json\/wp\/v2\/posts\/106776\/revisions\/106777"}],"wp:featuredmedia":[{"embeddable":true,"href":"https:\/\/lasprimeras.com.do\/index.php\/wp-json\/wp\/v2\/media\/103644"}],"wp:attachment":[{"href":"https:\/\/lasprimeras.com.do\/index.php\/wp-json\/wp\/v2\/media?parent=106776"}],"wp:term":[{"taxonomy":"category","embeddable":true,"href":"https:\/\/lasprimeras.com.do\/index.php\/wp-json\/wp\/v2\/categories?post=106776"},{"taxonomy":"post_tag","embeddable":true,"href":"https:\/\/lasprimeras.com.do\/index.php\/wp-json\/wp\/v2\/tags?post=106776"}],"curies":[{"name":"wp","href":"https:\/\/api.w.org\/{rel}","templated":true}]}}