{"id":106781,"date":"2025-08-19T09:35:33","date_gmt":"2025-08-19T13:35:33","guid":{"rendered":"https:\/\/lasprimeras.com.do\/?p=106781"},"modified":"2025-08-19T09:35:35","modified_gmt":"2025-08-19T13:35:35","slug":"johnny-vasquez-declara-en-ny-el-mundo-de-hoy-reclama-dignidad-trabajo-y-seriedad","status":"publish","type":"post","link":"https:\/\/lasprimeras.com.do\/index.php\/2025\/08\/19\/johnny-vasquez-declara-en-ny-el-mundo-de-hoy-reclama-dignidad-trabajo-y-seriedad\/","title":{"rendered":"Johnny V\u00e1squez declara en NY \u00abel mundo de hoy reclama dignidad, trabajo y seriedad\u00bb"},"content":{"rendered":"\n<figure class=\"wp-block-embed is-type-video is-provider-youtube wp-block-embed-youtube wp-embed-aspect-16-9 wp-has-aspect-ratio\"><div class=\"wp-block-embed__wrapper\">\n<iframe title=\"Johnny V\u00e1squez declara en NY \u00abel mundo de hoy reclama dignidad, trabajo y seriedad\u00bb\" width=\"500\" height=\"281\" src=\"https:\/\/www.youtube.com\/embed\/iFSRmfI6vhw?start=42&#038;feature=oembed\" frameborder=\"0\" allow=\"accelerometer; autoplay; clipboard-write; encrypted-media; gyroscope; picture-in-picture; web-share\" referrerpolicy=\"strict-origin-when-cross-origin\" allowfullscreen><\/iframe>\n<\/div><\/figure>\n\n\n\n<p>Por Ram\u00f3n Mercedes<\/p>\n\n\n\n<p>NUEVA YORK.- El reconocido presentador y comunicador del programa \u00abDe Extremo a Extremo\u00bb por Telemicro Internacional, Johnny V\u00e1squez, declar\u00f3 en esta ciudad que \u00abel mundo de hoy reclama dignidad, trabajo y seriedad\u00bb<\/p>\n\n\n\n<p>As\u00ed respondi\u00f3 a la pregunta que le hiciera este reportero, mientras participaba de la inauguraci\u00f3n de los juegos \u00abJuan Pablo Duarte, la semana pasada en El Bronx.<\/p>\n\n\n\n<p>\u00bfQu\u00e9 le hace sentir o qu\u00e9 le motiva a decir las cosas tan claras, al pan, pan y al vino, vino?, porque sus comentarios a diario, comprometedores y muy duros sobre situaciones que afectan al pueblo dominicano los televidentes los perciben lleno de energia, valor, y decision, adem\u00e1s, se enfocas en los problemas como muy pocos o ninguno lo enfocan all\u00e1 (RD).<\/p>\n\n\n\n<p>A\u00f1adi\u00f3 \u00abyo pienso que lo que uno hace tiene que ser un trabajo honesto, serio, persistente y que sea a favor de la mayor\u00eda, en respeto a la libertad y a los derechos humanos\u00bb.<\/p>\n\n\n\n<p>\u00abSi los medios de comunicaci\u00f3n no actuamos as\u00ed, las sociedades se desgranan, por eso t\u00fa ves que yo insisto mucho en defender lo que menos tienen\u00bb, precis\u00f3.<\/p>\n\n\n\n<p>\u00abY a ustedes los que viven aqu\u00ed, yo les doy un gran reconocimiento, que han venido muchos, muchos a veces a triunfar, pero nunca dejan la dominicanidad\u00bb.<\/p>\n\n\n\n<p>\u00abSolamente con los gobiernos tengo una sola queja, con todos los gobiernos, y es que el aporte que hace la di\u00e1spora no es compensada\u00bb. Le pongo un solo ejemplo.<\/p>\n\n\n\n<p>\u00bfC\u00f3mo es posible que el gobierno, los gobiernos, mantengan una ley anacr\u00f3nica como la ley de importaci\u00f3n de veh\u00edculos? \u00abYo creo que esa ley, hay que bajar el n\u00famero, en vez de cinco a\u00f1os, debe ser establecida en 10 a\u00f1os para que los dominicanos que viven aqu\u00ed puedan enviarle un veh\u00edculo a su familia, con dignidad, un veh\u00edculo barato y en buenas condiciones\u00bb.<\/p>\n\n\n\n<p>Mantener esa ley como est\u00e1 es una \u00abretranca\u00bb y es un desconocimiento al aporte que hace la di\u00e1spora, que cada mes env\u00eda m\u00e1s de nueve mil millones de d\u00f3lares en remesas a la Rep\u00fablica Dominicana, lo que le ha servido a todos los gobiernos para resolver problemas de importaciones con esos recursos, indic\u00f3.<\/p>\n\n\n\n<p>Pienso en consecuencia que ustedes los dominicanos deben iniciar una lucha aqu\u00ed para que el Congreso de RD modifique esa ley y en vez de cinco a\u00f1os el requisito sea 10 para llevar un veh\u00edculo, reiter\u00f3.<\/p>\n\n\n\n<p>Finalizamos no solamente esa ley, tambi\u00e9n tenemos el cobro injustificado de los 10 d\u00f3lares cuando visitan su propio pa\u00eds, prometiendo las autoridades devolverlo, entrando a una aplicaci\u00f3n que nadie responde y nunca han devuelto los cuartos, sostiene V\u00e1squez.<\/p>\n\n\n\n<p>\u00abYo creo que as\u00ed no se debe tratar a una comunidad tan honesta, preocupada a veces m\u00e1s que nosotros que estamos all\u00e1, de los problemas de all\u00e1, incluida la haitianizaci\u00f3n de la RD, que nos quieren condenar en el mundo entero, a sabienda que nadie trata a los haitianos como lo hemos tratado nosotros en RD y nos quieren quitar el derecho a repatriar a los que violan nuestra frontera. Y eso aqu\u00ed eso no se va a permitir en RD.<\/p>\n\n\n\n<p>All\u00e1 van a entrar y se le va a aceptar a los que cumplan con la ley de inmigraci\u00f3n. Estados Unidos los sac\u00f3 a fuetazos de la frontera con M\u00e9xico.<\/p>\n\n\n\n<p>\u00abNosotros estamos repatriando a los haitianos en veh\u00edculos buenos, en autobuses, pero yo creo que en esa parte el gobierno est\u00e1 haciendo lo que tiene que hacer, \u00abrepatriar a los ilegales y proteger a los que cumplen la ley\u00bb, puntualiz\u00f3.<\/p>\n","protected":false},"excerpt":{"rendered":"<p>Por Ram\u00f3n Mercedes NUEVA YORK.- El reconocido presentador y comunicador del programa \u00abDe Extremo a Extremo\u00bb por Telemicro Internacional, Johnny V\u00e1squez, declar\u00f3 en esta ciudad que \u00abel mundo de hoy&hellip;<\/p>\n","protected":false},"author":10,"featured_media":0,"comment_status":"open","ping_status":"open","sticky":false,"template":"","format":"standard","meta":{"content-type":"","jetpack_post_was_ever_published":false,"_jetpack_newsletter_access":"","_jetpack_dont_email_post_to_subs":false,"_jetpack_newsletter_tier_id":0,"_jetpack_memberships_contains_paywalled_content":false,"_jetpack_memberships_contains_paid_content":false,"footnotes":""},"categories":[84],"tags":[11753,23365,104,23367,23366,967],"class_list":["post-106781","post","type-post","status-publish","format-standard","hentry","category-entretenimiento","tag-dignidad","tag-johnny-vasquez","tag-nueva-york","tag-seriedad","tag-telemicro-internacional","tag-trabajo"],"jetpack_featured_media_url":"","jetpack-related-posts":[{"id":117964,"url":"https:\/\/lasprimeras.com.do\/index.php\/2025\/12\/18\/pld-inaugura-local-en-villa-vasquez\/","url_meta":{"origin":106781,"position":0},"title":"PLD inaugura local en Villa V\u00e1squez","author":"Nelson Feliz","date":"18 de diciembre de 2025","format":false,"excerpt":"Johnny Pujols encabeza recorrido por Montecristi y exhorta a fortalecer la organizaci\u00f3n rumbo a 2028 El Partido de la Liberaci\u00f3n Dominicana (PLD) est\u00e1 cerrando un a\u00f1o de avances y reposicionamiento con las actividades realizadas este diciembre al tiempo que advierte que la situaci\u00f3n del pa\u00eds es preocupante y demanda mayor\u2026","rel":"","context":"En \u00abPOLITICA\u00bb","block_context":{"text":"POLITICA","link":"https:\/\/lasprimeras.com.do\/index.php\/category\/politica\/"},"img":{"alt_text":"","src":"https:\/\/i0.wp.com\/lasprimeras.com.do\/wp-content\/uploads\/2025\/12\/Ruben-Bichara-y-Mayobanex-Escoto.jpg?resize=350%2C200&ssl=1","width":350,"height":200,"srcset":"https:\/\/i0.wp.com\/lasprimeras.com.do\/wp-content\/uploads\/2025\/12\/Ruben-Bichara-y-Mayobanex-Escoto.jpg?resize=350%2C200&ssl=1 1x, https:\/\/i0.wp.com\/lasprimeras.com.do\/wp-content\/uploads\/2025\/12\/Ruben-Bichara-y-Mayobanex-Escoto.jpg?resize=525%2C300&ssl=1 1.5x, https:\/\/i0.wp.com\/lasprimeras.com.do\/wp-content\/uploads\/2025\/12\/Ruben-Bichara-y-Mayobanex-Escoto.jpg?resize=700%2C400&ssl=1 2x"},"classes":[]},{"id":81485,"url":"https:\/\/lasprimeras.com.do\/index.php\/2024\/04\/20\/leonel-el-sentido-del-honor-y-la-dignidad-caracterizo-a-franklin-almeyda\/","url_meta":{"origin":106781,"position":1},"title":"Leonel: El sentido del honor y la dignidad caracteriz\u00f3 a Franklin Almeyda","author":"Nelson Feliz","date":"20 de abril de 2024","format":false,"excerpt":"El ex presidente de la Rep\u00fablica y candidato presidencial por la Fuerza del Pueblo, Leonel Fern\u00e1ndez catalog\u00f3 hoy al fallecido pol\u00edtico, acad\u00e9mico e intelectual Franklin Almeyda Rancier, como \u201cuna figura de excepci\u00f3n, en la vida pol\u00edtica contempor\u00e1nea\u201d. Almeyda Rancier es, \u201cparte de una generaci\u00f3n que, tan pronto se produce la\u2026","rel":"","context":"En \u00abPORTADA\u00bb","block_context":{"text":"PORTADA","link":"https:\/\/lasprimeras.com.do\/index.php\/category\/portada\/"},"img":{"alt_text":"Leonel Fern\u00e1ndez","src":"https:\/\/i0.wp.com\/lasprimeras.com.do\/wp-content\/uploads\/2024\/04\/Leonel-Fernandez-7.jpg?resize=350%2C200&ssl=1","width":350,"height":200,"srcset":"https:\/\/i0.wp.com\/lasprimeras.com.do\/wp-content\/uploads\/2024\/04\/Leonel-Fernandez-7.jpg?resize=350%2C200&ssl=1 1x, https:\/\/i0.wp.com\/lasprimeras.com.do\/wp-content\/uploads\/2024\/04\/Leonel-Fernandez-7.jpg?resize=525%2C300&ssl=1 1.5x"},"classes":[]},{"id":118711,"url":"https:\/\/lasprimeras.com.do\/index.php\/2026\/01\/02\/geanilda-vasquezabinader-sera-recordado-como-el-presidente-mas-institucional-de-la-historia-republicana\/","url_meta":{"origin":106781,"position":2},"title":"Geanilda V\u00e1squez:\u201cAbinader ser\u00e1 recordado como el presidente m\u00e1s institucional de la historia republicana\u201d","author":"Nelson Feliz","date":"2 de enero de 2026","format":false,"excerpt":"Geanilda V\u00e1squez","rel":"","context":"En \u00abPOLITICA\u00bb","block_context":{"text":"POLITICA","link":"https:\/\/lasprimeras.com.do\/index.php\/category\/politica\/"},"img":{"alt_text":"Geanilda V\u00e1squez","src":"https:\/\/i0.wp.com\/lasprimeras.com.do\/wp-content\/uploads\/2026\/01\/Geanilda-Vasquez.jpg?resize=350%2C200&ssl=1","width":350,"height":200,"srcset":"https:\/\/i0.wp.com\/lasprimeras.com.do\/wp-content\/uploads\/2026\/01\/Geanilda-Vasquez.jpg?resize=350%2C200&ssl=1 1x, https:\/\/i0.wp.com\/lasprimeras.com.do\/wp-content\/uploads\/2026\/01\/Geanilda-Vasquez.jpg?resize=525%2C300&ssl=1 1.5x, https:\/\/i0.wp.com\/lasprimeras.com.do\/wp-content\/uploads\/2026\/01\/Geanilda-Vasquez.jpg?resize=700%2C400&ssl=1 2x"},"classes":[]},{"id":109541,"url":"https:\/\/lasprimeras.com.do\/index.php\/2025\/09\/18\/movimiento-feminista-hermanas-mirabal-exige-acciones-ante-la-ola-de-violaciones-sexuales-en-grupo\/","url_meta":{"origin":106781,"position":3},"title":"Movimiento feminista Hermanas Mirabal exige acciones ante la ola de violaciones sexuales en grupo","author":"Nelson Feliz","date":"18 de septiembre de 2025","format":false,"excerpt":"Reclaman implementar pol\u00edticas p\u00fablicas inclusivas y equitativas que garanticen el derecho de las mujeres a vivir libres de violencia El movimiento feminista Hermanas Mirabal expres\u00f3 este jueves su preocupaci\u00f3n por la ola de violencia que afecta a las mujeres en distintos puntos del pa\u00eds, situaci\u00f3n que describieron como una amenaza\u2026","rel":"","context":"En \u00abNACIONALES\u00bb","block_context":{"text":"NACIONALES","link":"https:\/\/lasprimeras.com.do\/index.php\/category\/nacionales\/"},"img":{"alt_text":"","src":"https:\/\/i0.wp.com\/lasprimeras.com.do\/wp-content\/uploads\/2025\/09\/movimiento-feminista-hermanas-mirabal-exige-acciones-ante-ola-de-viola-03123138-focus-0-0-896-504.jpg?resize=350%2C200&ssl=1","width":350,"height":200,"srcset":"https:\/\/i0.wp.com\/lasprimeras.com.do\/wp-content\/uploads\/2025\/09\/movimiento-feminista-hermanas-mirabal-exige-acciones-ante-ola-de-viola-03123138-focus-0-0-896-504.jpg?resize=350%2C200&ssl=1 1x, https:\/\/i0.wp.com\/lasprimeras.com.do\/wp-content\/uploads\/2025\/09\/movimiento-feminista-hermanas-mirabal-exige-acciones-ante-ola-de-viola-03123138-focus-0-0-896-504.jpg?resize=525%2C300&ssl=1 1.5x, https:\/\/i0.wp.com\/lasprimeras.com.do\/wp-content\/uploads\/2025\/09\/movimiento-feminista-hermanas-mirabal-exige-acciones-ante-ola-de-viola-03123138-focus-0-0-896-504.jpg?resize=700%2C400&ssl=1 2x"},"classes":[]},{"id":123404,"url":"https:\/\/lasprimeras.com.do\/index.php\/2026\/02\/28\/johnny-pujols-decepcion-silenciosa-en-los-hogares-dominicanos\/","url_meta":{"origin":106781,"position":4},"title":"Johnny Pujols: Decepci\u00f3n silenciosa en los hogares dominicanos","author":"Nelson Feliz","date":"28 de febrero de 2026","format":false,"excerpt":"Es notoria la sensaci\u00f3n de pausa de estancamiento que vive la poblaci\u00f3n dominicana, advierte Johnny Pujols, Secretario General del PLD. El secretario general del Partido de la Liberaci\u00f3n Dominicana (PLD), Johnny Pujols ratific\u00f3 que el gobierno del PRM ha generado una p\u00e9rdida notable de la confianza de la ciudadan\u00eda, un\u2026","rel":"","context":"En \u00abPOLITICA\u00bb","block_context":{"text":"POLITICA","link":"https:\/\/lasprimeras.com.do\/index.php\/category\/politica\/"},"img":{"alt_text":"Johnny Pujols","src":"https:\/\/i0.wp.com\/lasprimeras.com.do\/wp-content\/uploads\/2026\/02\/Johnny-Pujols-2.jpg?resize=350%2C200&ssl=1","width":350,"height":200,"srcset":"https:\/\/i0.wp.com\/lasprimeras.com.do\/wp-content\/uploads\/2026\/02\/Johnny-Pujols-2.jpg?resize=350%2C200&ssl=1 1x, https:\/\/i0.wp.com\/lasprimeras.com.do\/wp-content\/uploads\/2026\/02\/Johnny-Pujols-2.jpg?resize=525%2C300&ssl=1 1.5x, https:\/\/i0.wp.com\/lasprimeras.com.do\/wp-content\/uploads\/2026\/02\/Johnny-Pujols-2.jpg?resize=700%2C400&ssl=1 2x"},"classes":[]},{"id":101324,"url":"https:\/\/lasprimeras.com.do\/index.php\/2025\/06\/18\/consul-de-rd-en-ny-con-arajet-los-dominicanos-seran-tratados-con-dignidad-respeto\/","url_meta":{"origin":106781,"position":5},"title":"C\u00f3nsul de RD en NY: \u201cCon Arajet los dominicanos ser\u00e1n tratados con dignidad, respeto\u201d","author":"Nelson Feliz","date":"18 de junio de 2025","format":false,"excerpt":"El c\u00f3nsul general de la Rep\u00fablica Dominicana en Nueva York, Jes\u00fas V\u00e1squez Mart\u00ednez (Chu), valor\u00f3 como un paso trascendental el inicio de los vuelos de la aerol\u00ednea dominicana Arajet hacia esta ciudad, destacando el impacto que tendr\u00e1 en la comunidad criolla residente en los Estados Unidos. \u201cCon Arajet, los dominicanos\u2026","rel":"","context":"En \u00abNACIONALES\u00bb","block_context":{"text":"NACIONALES","link":"https:\/\/lasprimeras.com.do\/index.php\/category\/nacionales\/"},"img":{"alt_text":"","src":"https:\/\/i0.wp.com\/lasprimeras.com.do\/wp-content\/uploads\/2025\/06\/chu.jpg?resize=350%2C200&ssl=1","width":350,"height":200,"srcset":"https:\/\/i0.wp.com\/lasprimeras.com.do\/wp-content\/uploads\/2025\/06\/chu.jpg?resize=350%2C200&ssl=1 1x, https:\/\/i0.wp.com\/lasprimeras.com.do\/wp-content\/uploads\/2025\/06\/chu.jpg?resize=525%2C300&ssl=1 1.5x, https:\/\/i0.wp.com\/lasprimeras.com.do\/wp-content\/uploads\/2025\/06\/chu.jpg?resize=700%2C400&ssl=1 2x"},"classes":[]}],"jetpack_sharing_enabled":true,"_links":{"self":[{"href":"https:\/\/lasprimeras.com.do\/index.php\/wp-json\/wp\/v2\/posts\/106781","targetHints":{"allow":["GET"]}}],"collection":[{"href":"https:\/\/lasprimeras.com.do\/index.php\/wp-json\/wp\/v2\/posts"}],"about":[{"href":"https:\/\/lasprimeras.com.do\/index.php\/wp-json\/wp\/v2\/types\/post"}],"author":[{"embeddable":true,"href":"https:\/\/lasprimeras.com.do\/index.php\/wp-json\/wp\/v2\/users\/10"}],"replies":[{"embeddable":true,"href":"https:\/\/lasprimeras.com.do\/index.php\/wp-json\/wp\/v2\/comments?post=106781"}],"version-history":[{"count":2,"href":"https:\/\/lasprimeras.com.do\/index.php\/wp-json\/wp\/v2\/posts\/106781\/revisions"}],"predecessor-version":[{"id":106783,"href":"https:\/\/lasprimeras.com.do\/index.php\/wp-json\/wp\/v2\/posts\/106781\/revisions\/106783"}],"wp:attachment":[{"href":"https:\/\/lasprimeras.com.do\/index.php\/wp-json\/wp\/v2\/media?parent=106781"}],"wp:term":[{"taxonomy":"category","embeddable":true,"href":"https:\/\/lasprimeras.com.do\/index.php\/wp-json\/wp\/v2\/categories?post=106781"},{"taxonomy":"post_tag","embeddable":true,"href":"https:\/\/lasprimeras.com.do\/index.php\/wp-json\/wp\/v2\/tags?post=106781"}],"curies":[{"name":"wp","href":"https:\/\/api.w.org\/{rel}","templated":true}]}}