{"id":106823,"date":"2025-08-19T12:41:23","date_gmt":"2025-08-19T16:41:23","guid":{"rendered":"https:\/\/lasprimeras.com.do\/?p=106823"},"modified":"2025-08-19T12:41:24","modified_gmt":"2025-08-19T16:41:24","slug":"la-dea-anuncia-proyecto-fronterizo-con-mexico-contra-los-carteles-sheinbaum-lo-niega","status":"publish","type":"post","link":"https:\/\/lasprimeras.com.do\/index.php\/2025\/08\/19\/la-dea-anuncia-proyecto-fronterizo-con-mexico-contra-los-carteles-sheinbaum-lo-niega\/","title":{"rendered":"La DEA anuncia proyecto fronterizo con M\u00e9xico contra los c\u00e1rteles. Sheinbaum lo niega"},"content":{"rendered":"\n<p>CIUDAD DE M\u00c9XICO (AP) \u2014 La agencia antidrogas de Estados Unidos anunci\u00f3 el lanzamiento de una importante \u201ciniciativa binacional\u201d con M\u00e9xico para desmantelar a los \u201cguardianes\u201d de los c\u00e1rteles que controlan los corredores de contrabando en la frontera com\u00fan.<\/p>\n\n\n\n<p>Horas despu\u00e9s, la presidenta mexicana Claudia Sheinbaum hizo un inusual pronunciamiento: desminti\u00f3 a la DEA.<\/p>\n\n\n\n<p>\u201cNo hay ning\u00fan acuerdo con la DEA, la DEA emite comunicado no sabemos con base en qu\u00e9, nosotros no hemos llegado a ning\u00fan acuerdo\u201d, dijo visiblemente molesta al iniciar su conferencia matutina del martes y despu\u00e9s de d\u00edas en los que han proliferado las buenas palabras entre ambos pa\u00edses tras el env\u00edo a Estados Unidos de 26 presos vinculados con los c\u00e1rteles.<\/p>\n\n\n\n<p>Seg\u00fan el comunicado de la agencia estadounidense de la v\u00edspera, la nueva iniciativa llamada \u201cProyecto Portero\u201d tiene como objetivo desmantelar a los vigilantes de los c\u00e1rteles que \u201cdirigen el flujo de fentanilo, metanfetamina y coca\u00edna hacia Estados Unidos, al tiempo que garantizan el movimiento de armas de fuego y grandes cantidades de dinero en efectivo hacia M\u00e9xico\u201d.<\/p>\n\n\n\n<p>Para ello, la DEA indic\u00f3 que se puso en marcha un programa de capacitaci\u00f3n y colaboraci\u00f3n de varias semanas de duraci\u00f3n en uno de sus centros de inteligencia en su frontera sur que re\u00fane a \u201cinvestigadores mexicanos con agentes de la ley, fiscales, funcionarios de defensa y miembros de la comunidad de inteligencia de Estados Unidos\u201d.<\/p>\n\n\n\n<p>Sheinbaum reconoci\u00f3 que s\u00ed hay polic\u00edas mexicanos de la Secretar\u00eda de Seguridad federal capacit\u00e1ndose en un taller de Texas pero \u201cno hay nada m\u00e1s, no sabemos por qu\u00e9 emitieron este comunicado en materia de seguridad\u201d.<\/p>\n\n\n\n<p>Agreg\u00f3 que \u201clo \u00fanico que hay con el gobierno de Estados Unidos es un acuerdo que lleva varios meses trabaj\u00e1ndose\u2026 que ya est\u00e1 listo con el Departamento de Estado\u201d en referencia a un pacto del que no se han dado detalles, que todav\u00eda est\u00e1 por firmarse y del que comenz\u00f3 a hablarse tras las m\u00e1s recientes amenazas arancelarias de Donald Trump y del acuerdo de fines de julio para detener la suba de grav\u00e1menes durante 90 d\u00edas para poder negociar un acuerdo global.<\/p>\n\n\n\n<p>La embajada estadounidense en M\u00e9xico no contest\u00f3 de manera inmediata a una solicitud de comentarios sobre el entredicho.<\/p>\n\n\n\n<p>Seg\u00fan la DEA, el \u201cProyecto Portero\u201d est\u00e1 coordinado por el grupo de trabajo del Departamento de Seguridad Nacional estadounidense que incluye a fuerzas del orden y funcionarios de inteligencia, defensa y fiscal\u00eda de ese pa\u00eds.<\/p>\n\n\n\n<p>Terrance Cole, el administrador de la agencia y reci\u00e9n nombrado para dirigir a la polic\u00eda de emergencia de Washington, dijo que esta iniciativa muestra \u201cc\u00f3mo lucharemos: planificando y operando codo con codo con nuestros socios mexicanos y aportando toda la fuerza del gobierno de Estados Unidos\u201d.<\/p>\n","protected":false},"excerpt":{"rendered":"<p>CIUDAD DE M\u00c9XICO (AP) \u2014 La agencia antidrogas de Estados Unidos anunci\u00f3 el lanzamiento de una importante \u201ciniciativa binacional\u201d con M\u00e9xico para desmantelar a los \u201cguardianes\u201d de los c\u00e1rteles que&hellip;<\/p>\n","protected":false},"author":10,"featured_media":106824,"comment_status":"open","ping_status":"open","sticky":false,"template":"","format":"standard","meta":{"content-type":"","jetpack_post_was_ever_published":false,"_jetpack_newsletter_access":"","_jetpack_dont_email_post_to_subs":false,"_jetpack_newsletter_tier_id":0,"_jetpack_memberships_contains_paywalled_content":false,"_jetpack_memberships_contains_paid_content":false,"footnotes":""},"categories":[16289],"tags":[17410,15382,906,23384,23385],"class_list":["post-106823","post","type-post","status-publish","format-standard","has-post-thumbnail","hentry","category-internacionales","tag-carteles","tag-dea","tag-mexico","tag-proyecto-fronterizo","tag-sheinbaum-lo-niega"],"jetpack_featured_media_url":"https:\/\/lasprimeras.com.do\/wp-content\/uploads\/2025\/08\/Claudia-Sheinbaum-1.jpg","jetpack-related-posts":[{"id":86469,"url":"https:\/\/lasprimeras.com.do\/index.php\/2024\/07\/25\/ee-uu-arresta-a-2-lideres-del-cartel-de-sinaloa-en-mexico-el-mayo-zambada-e-hijo-de-el-chapo\/","url_meta":{"origin":106823,"position":0},"title":"EE.UU. arresta a 2 l\u00edderes del cartel de Sinaloa en M\u00e9xico: &#8216;El Mayo&#8217; Zambada e hijo de &#8216;El Chapo&#8217;","author":"Nelson Feliz","date":"25 de julio de 2024","format":false,"excerpt":"POR ALANNA DURKIN RICHER, MAR\u00cdA VERZA Y CHRISTOPHER SHERMAN WASHINGTON (AP) \u2014 Ismael \u201cEl Mayo\u201d Zambada, antiguo l\u00edder del c\u00e1rtel de Sinaloa de M\u00e9xico, y Joaqu\u00edn Guzm\u00e1n L\u00f3pez, hijo de otro infame l\u00edder del c\u00e1rtel, fueron arrestados por autoridades estadounidenses en Texas el jueves, dijo el Departamento de Justicia de\u2026","rel":"","context":"En \u00abSin categor\u00eda\u00bb","block_context":{"text":"Sin categor\u00eda","link":"https:\/\/lasprimeras.com.do\/index.php\/category\/sin-categoria\/"},"img":{"alt_text":"","src":"https:\/\/i0.wp.com\/lasprimeras.com.do\/wp-content\/uploads\/2024\/07\/CHAPITO.png?resize=350%2C200&ssl=1","width":350,"height":200},"classes":[]},{"id":96550,"url":"https:\/\/lasprimeras.com.do\/index.php\/2025\/04\/02\/eeuu-revoca-visas-de-grupo-musical-mexicano-que-proyecto-rostro-del-lider-de-un-cartel-en-concierto\/","url_meta":{"origin":106823,"position":1},"title":"EEUU revoca visas de grupo musical mexicano que proyect\u00f3 rostro del l\u00edder de un c\u00e1rtel en concierto","author":"Nelson Feliz","date":"2 de abril de 2025","format":false,"excerpt":"POR MEGAN JANETSKY CIUDAD DE M\u00c9XICO (AP) \u2014 El Departamento de Estado de Estados Unidos revoc\u00f3 las visas de los miembros de un grupo musical mexicano despu\u00e9s de que proyect\u00f3 la imagen del rostro de un capo del narcotr\u00e1fico en la pantalla gigante durante su concierto en el estado de\u2026","rel":"","context":"En \u00abINTERNACIONALES\u00bb","block_context":{"text":"INTERNACIONALES","link":"https:\/\/lasprimeras.com.do\/index.php\/category\/sin-categoria\/internacionales\/"},"img":{"alt_text":"","src":"https:\/\/i0.wp.com\/lasprimeras.com.do\/wp-content\/uploads\/2025\/04\/Christopher-Landau.jpg?resize=350%2C200&ssl=1","width":350,"height":200,"srcset":"https:\/\/i0.wp.com\/lasprimeras.com.do\/wp-content\/uploads\/2025\/04\/Christopher-Landau.jpg?resize=350%2C200&ssl=1 1x, https:\/\/i0.wp.com\/lasprimeras.com.do\/wp-content\/uploads\/2025\/04\/Christopher-Landau.jpg?resize=525%2C300&ssl=1 1.5x, https:\/\/i0.wp.com\/lasprimeras.com.do\/wp-content\/uploads\/2025\/04\/Christopher-Landau.jpg?resize=700%2C400&ssl=1 2x"},"classes":[]},{"id":93722,"url":"https:\/\/lasprimeras.com.do\/index.php\/2025\/02\/19\/administracion-de-trump-califica-de-organizaciones-terroristas-a-ocho-carteles-latinoamericanos\/","url_meta":{"origin":106823,"position":2},"title":"Administraci\u00f3n de Trump califica de organizaciones terroristas a ocho c\u00e1rteles latinoamericanos","author":"Nelson Feliz","date":"19 de febrero de 2025","format":false,"excerpt":"POR ELLEN KNICKMEYER and MAR\u00cdA VERZA WASHINGTON (AP) \u2014 La administraci\u00f3n del presidente Donald Trump design\u00f3 oficialmente a ocho organizaciones criminales latinoamericanas como \u201corganizaciones terroristas extranjeras\u201d, aumentando su presi\u00f3n sobre los c\u00e1rteles que operan en Estados Unidos y sobre cualquier persona que los ayude. En la medida, que cumple con\u2026","rel":"","context":"En \u00abINTERNACIONALES\u00bb","block_context":{"text":"INTERNACIONALES","link":"https:\/\/lasprimeras.com.do\/index.php\/category\/sin-categoria\/internacionales\/"},"img":{"alt_text":"","src":"https:\/\/i0.wp.com\/lasprimeras.com.do\/wp-content\/uploads\/2025\/02\/Donald-Trump-1-1.jpg?resize=350%2C200&ssl=1","width":350,"height":200,"srcset":"https:\/\/i0.wp.com\/lasprimeras.com.do\/wp-content\/uploads\/2025\/02\/Donald-Trump-1-1.jpg?resize=350%2C200&ssl=1 1x, https:\/\/i0.wp.com\/lasprimeras.com.do\/wp-content\/uploads\/2025\/02\/Donald-Trump-1-1.jpg?resize=525%2C300&ssl=1 1.5x, https:\/\/i0.wp.com\/lasprimeras.com.do\/wp-content\/uploads\/2025\/02\/Donald-Trump-1-1.jpg?resize=700%2C400&ssl=1 2x"},"classes":[]},{"id":89015,"url":"https:\/\/lasprimeras.com.do\/index.php\/2024\/09\/14\/petro-dice-que-fue-la-dea-quien-le-alerto-de-un-supuesto-plan-para-asesinarlo\/","url_meta":{"origin":106823,"position":3},"title":"Petro dice que fue la DEA quien le alert\u00f3 de un supuesto plan para asesinarlo","author":"Nelson Feliz","date":"14 de septiembre de 2024","format":false,"excerpt":"Bogot\u00e1, (EFE).- El presidente de Colombia, Gustavo Petro, asegur\u00f3 este s\u00e1bado que fue la Agencia Antidrogas de Estados Unidos (DEA), a trav\u00e9s del embajador de ese pa\u00eds en Bogot\u00e1, quien le alert\u00f3 de un supuesto plan para asesinarlo antes de que acabe este a\u00f1o en un atentado con un cami\u00f3n\u2026","rel":"","context":"En \u00abSin categor\u00eda\u00bb","block_context":{"text":"Sin categor\u00eda","link":"https:\/\/lasprimeras.com.do\/index.php\/category\/sin-categoria\/"},"img":{"alt_text":"Gustavo Petro","src":"https:\/\/i0.wp.com\/lasprimeras.com.do\/wp-content\/uploads\/2024\/09\/Gustavo-Petro.jpg?resize=350%2C200&ssl=1","width":350,"height":200,"srcset":"https:\/\/i0.wp.com\/lasprimeras.com.do\/wp-content\/uploads\/2024\/09\/Gustavo-Petro.jpg?resize=350%2C200&ssl=1 1x, https:\/\/i0.wp.com\/lasprimeras.com.do\/wp-content\/uploads\/2024\/09\/Gustavo-Petro.jpg?resize=525%2C300&ssl=1 1.5x, https:\/\/i0.wp.com\/lasprimeras.com.do\/wp-content\/uploads\/2024\/09\/Gustavo-Petro.jpg?resize=700%2C400&ssl=1 2x"},"classes":[]},{"id":114436,"url":"https:\/\/lasprimeras.com.do\/index.php\/2025\/11\/14\/dea-felicita-al-presidente-abinader-por-su-lucha-contra-el-narcotrafico\/","url_meta":{"origin":106823,"position":4},"title":"DEA felicita al presidente Abinader por su lucha contra el narcotr\u00e1fico","author":"Nelson Feliz","date":"14 de noviembre de 2025","format":false,"excerpt":"El Presidente de la Republica, Lu\u00eds Abinader, fue felicitado por la Agencia Antidrogas de Estados Unidos (DEA) por el apoyo brindado a la lucha contra el narcotr\u00e1fico tanto en el pa\u00eds como en la regi\u00f3n del Caribe. Para tal efecto, una misi\u00f3n de alto nivel de la DEA viaj\u00f3 a\u2026","rel":"","context":"En \u00abNACIONALES\u00bb","block_context":{"text":"NACIONALES","link":"https:\/\/lasprimeras.com.do\/index.php\/category\/nacionales\/"},"img":{"alt_text":"","src":"https:\/\/i0.wp.com\/lasprimeras.com.do\/wp-content\/uploads\/2025\/11\/DEA.jpg?resize=350%2C200&ssl=1","width":350,"height":200,"srcset":"https:\/\/i0.wp.com\/lasprimeras.com.do\/wp-content\/uploads\/2025\/11\/DEA.jpg?resize=350%2C200&ssl=1 1x, https:\/\/i0.wp.com\/lasprimeras.com.do\/wp-content\/uploads\/2025\/11\/DEA.jpg?resize=525%2C300&ssl=1 1.5x, https:\/\/i0.wp.com\/lasprimeras.com.do\/wp-content\/uploads\/2025\/11\/DEA.jpg?resize=700%2C400&ssl=1 2x"},"classes":[]},{"id":61259,"url":"https:\/\/lasprimeras.com.do\/index.php\/2023\/09\/24\/rd-participa-en-37a-conferencia-internacional-de-drogas-en-montego-bay-jamaica\/","url_meta":{"origin":106823,"position":5},"title":"RD participa en 37\u00aa Conferencia Internacional de drogas en Montego Bay, Jamaica","author":"Nelson Feliz","date":"24 de septiembre de 2023","format":false,"excerpt":"Por Martin Restituyo La Rep\u00fablica Dominicana fortalece sus lazos de cooperaci\u00f3n en la lucha y persecuci\u00f3n en contra del narcotr\u00e1fico y la criminalidad organizada, con su participaci\u00f3n en la Trig\u00e9sima S\u00e9ptima Conferencia Internacional para el Control de Drogas, (IDEC), que re\u00fane a jefes y jefas antinarc\u00f3ticos de 135 pa\u00edses. El\u2026","rel":"","context":"En \u00abMILITARES\u00bb","block_context":{"text":"MILITARES","link":"https:\/\/lasprimeras.com.do\/index.php\/category\/militares\/"},"img":{"alt_text":"DNCD","src":"https:\/\/i0.wp.com\/lasprimeras.com.do\/wp-content\/uploads\/2023\/09\/DNCD-3.jpg?resize=350%2C200&ssl=1","width":350,"height":200,"srcset":"https:\/\/i0.wp.com\/lasprimeras.com.do\/wp-content\/uploads\/2023\/09\/DNCD-3.jpg?resize=350%2C200&ssl=1 1x, https:\/\/i0.wp.com\/lasprimeras.com.do\/wp-content\/uploads\/2023\/09\/DNCD-3.jpg?resize=525%2C300&ssl=1 1.5x, https:\/\/i0.wp.com\/lasprimeras.com.do\/wp-content\/uploads\/2023\/09\/DNCD-3.jpg?resize=700%2C400&ssl=1 2x"},"classes":[]}],"jetpack_sharing_enabled":true,"_links":{"self":[{"href":"https:\/\/lasprimeras.com.do\/index.php\/wp-json\/wp\/v2\/posts\/106823","targetHints":{"allow":["GET"]}}],"collection":[{"href":"https:\/\/lasprimeras.com.do\/index.php\/wp-json\/wp\/v2\/posts"}],"about":[{"href":"https:\/\/lasprimeras.com.do\/index.php\/wp-json\/wp\/v2\/types\/post"}],"author":[{"embeddable":true,"href":"https:\/\/lasprimeras.com.do\/index.php\/wp-json\/wp\/v2\/users\/10"}],"replies":[{"embeddable":true,"href":"https:\/\/lasprimeras.com.do\/index.php\/wp-json\/wp\/v2\/comments?post=106823"}],"version-history":[{"count":1,"href":"https:\/\/lasprimeras.com.do\/index.php\/wp-json\/wp\/v2\/posts\/106823\/revisions"}],"predecessor-version":[{"id":106825,"href":"https:\/\/lasprimeras.com.do\/index.php\/wp-json\/wp\/v2\/posts\/106823\/revisions\/106825"}],"wp:featuredmedia":[{"embeddable":true,"href":"https:\/\/lasprimeras.com.do\/index.php\/wp-json\/wp\/v2\/media\/106824"}],"wp:attachment":[{"href":"https:\/\/lasprimeras.com.do\/index.php\/wp-json\/wp\/v2\/media?parent=106823"}],"wp:term":[{"taxonomy":"category","embeddable":true,"href":"https:\/\/lasprimeras.com.do\/index.php\/wp-json\/wp\/v2\/categories?post=106823"},{"taxonomy":"post_tag","embeddable":true,"href":"https:\/\/lasprimeras.com.do\/index.php\/wp-json\/wp\/v2\/tags?post=106823"}],"curies":[{"name":"wp","href":"https:\/\/api.w.org\/{rel}","templated":true}]}}