{"id":106826,"date":"2025-08-19T12:50:58","date_gmt":"2025-08-19T16:50:58","guid":{"rendered":"https:\/\/lasprimeras.com.do\/?p=106826"},"modified":"2025-08-19T12:51:00","modified_gmt":"2025-08-19T16:51:00","slug":"hermanos-menendez-seran-evaluados-por-la-junta-de-libertad-condicional-tras-30-anos-en-prision","status":"publish","type":"post","link":"https:\/\/lasprimeras.com.do\/index.php\/2025\/08\/19\/hermanos-menendez-seran-evaluados-por-la-junta-de-libertad-condicional-tras-30-anos-en-prision\/","title":{"rendered":"Hermanos Menendez ser\u00e1n evaluados por la junta de libertad condicional tras 30 a\u00f1os en prisi\u00f3n"},"content":{"rendered":"\n<p>POR JAIMIE DING<\/p>\n\n\n\n<p>LOS \u00c1NGELES (AP) \u2014 Los hermanos Menendez est\u00e1n listos para presentar sus casos de libertad condicional a partir del jueves, marcando el momento m\u00e1s cercano que han estado de obtener la libertad desde sus condenas hace casi 30 a\u00f1os por asesinar a sus padres.<\/p>\n\n\n\n<p>Erik y Lyle Menendez fueron sentenciados en 1996 a cadena perpetua por matar a su padre, Jos\u00e9 Menendez, y a su madre, Kitty Menendez, en su mansi\u00f3n de Beverly Hills en 1989. Ten\u00edan 18 y 21 a\u00f1os en ese momento.<\/p>\n\n\n\n<p>Mientras que los abogados defensores argumentaron que los hermanos actuaron en defensa propia tras a\u00f1os de abuso sexual por parte de su padre, los fiscales dijeron que los hermanos mataron a sus padres por una herencia multimillonaria.<\/p>\n\n\n\n<p>Los hermanos se volvieron elegibles para libertad condicional despu\u00e9s de que en mayo un juez de Los \u00c1ngeles en mayo redujo sus sentencias de cadena perpetua sin posibilidad de libertad condicional a 50 a\u00f1os a cadena perpetua, haci\u00e9ndolos inmediatamente elegibles para libertad condicional bajo la ley de California porque ten\u00edan menos de 26 a\u00f1os cuando cometieron sus cr\u00edmenes.<\/p>\n\n\n\n<p>Un panel de dos o tres funcionarios de audiencias de libertad condicional de una junta de comisionados designados por el gobernador evaluar\u00e1 a los hermanos individualmente.<\/p>\n\n\n\n<p>Erik Menendez tendr\u00e1 su audiencia el jueves por la ma\u00f1ana, seguido por Lyle Menendez el viernes, a trav\u00e9s de videoconferencia desde el Centro Correccional Richard J. Donovan en San Diego.<\/p>\n\n\n\n<p>La junta evaluar\u00e1 si los hermanos representan un \u201criesgo irrazonable de peligro para la sociedad\u201d si son liberados, considerando factores como el historial criminal, la motivaci\u00f3n para el crimen y signos de remordimiento, comportamiento mientras estaban en prisi\u00f3n y planes para el futuro, seg\u00fan el Departamento de Prisiones y Rehabilitaci\u00f3n de California.<\/p>\n\n\n\n<p>Incluso si la junta concede su libertad condicional, podr\u00edan pasar meses hasta que los hermanos salgan libres, si es que lo hacen. Si la junta concede la libertad condicional a cada hermano, el asesor legal principal tiene 120 d\u00edas para revisar el caso.<\/p>\n\n\n\n<p>Luego, el gobernador dem\u00f3crata Gavin Newsom tiene 30 d\u00edas para afirmar o negar la libertad condicional. S\u00f3lo entonces, si Newsom afirma la libertad condicional, los hermanos Menendez podr\u00edan salir de prisi\u00f3n.<\/p>\n\n\n\n<p>Newsom hab\u00eda ordenado previamente a la junta de libertad condicional del estado que realizara una evaluaci\u00f3n de riesgo de los hermanos en respuesta a una solicitud de clemencia.<\/p>\n\n\n\n<p>En ese momento, enfatiz\u00f3 que la pregunta clave era si los hermanos representaban un \u201criesgo irrazonable para la seguridad p\u00fablica\u201d.<\/p>\n\n\n\n<p>En una conferencia de prensa en mayo, se\u00f1al\u00f3 que ha aprobado y rechazado decisiones de la junta de libertad condicional antes y que \u00e9l era el \u201c\u00e1rbitro final\u201d.<\/p>\n\n\n\n<p>El abogado de los hermanos, Mark Geragos, busc\u00f3 la liberaci\u00f3n el mes pasado para Erik Men\u00e9ndez despu\u00e9s de que fue hospitalizado por una \u201ccondici\u00f3n m\u00e9dica grave\u201d. Desde entonces ha regresado a prisi\u00f3n.<\/p>\n\n\n\n<p>El caso ha capturado la atenci\u00f3n de los entusiastas del crimen real durante d\u00e9cadas y ha generado documentales, especiales de televisi\u00f3n y dramatizaciones.<\/p>\n\n\n\n<p>El drama de Netflix \u201cMonsters: The Lyle and Erik Menendez Story\u201d y el documental \u201cThe Menendez Brothers\u201d, ambos lanzados en 2024, han sido acreditados por traer nueva atenci\u00f3n a los hermanos.<\/p>\n\n\n\n<p>En el \u00faltimo a\u00f1o, la intervenci\u00f3n de celebridades como Kim Kardashian y un mayor reconocimiento de los hermanos como v\u00edctimas de abuso sexual ha ayudado a reunir una legi\u00f3n de seguidores que han pedido su liberaci\u00f3n.<\/p>\n\n\n\n<p>Algunos han volado a Los \u00c1ngeles en los \u00faltimos meses, realizando manifestaciones y asistiendo a audiencias judiciales mientras los abogados de los hermanos presionaban por una nueva sentencia.<\/p>\n\n\n\n<p>El anterior fiscal del distrito del condado de Los \u00c1ngeles, George Gascon, abri\u00f3 por primera vez la puerta a la posible libertad de los hermanos el oto\u00f1o pasado al pedir a un juez que redujera sus sentencias.<\/p>\n\n\n\n<p>Desde su condena, los hermanos han obtenido una educaci\u00f3n, participado en clases de autoayuda y comenzado varios grupos de apoyo para otras personas en prisi\u00f3n, dijo su oficina en una petici\u00f3n.<\/p>\n\n\n\n<p>La decisi\u00f3n del juez de finalmente dar una nueva sentencia a los hermanos se produjo luego de meses de resistencia de los fiscales actuales, quienes argumentaron que los hermanos no hab\u00edan asumido adecuadamente la responsabilidad por sus cr\u00edmenes.<\/p>\n\n\n\n<p>Los hermanos Menendez a\u00fan tienen pendiente una petici\u00f3n de habeas corpus presentada en mayo de 2023 que busca una revisi\u00f3n de sus condenas bas\u00e1ndose en nuevas pruebas que respaldan sus afirmaciones de abuso sexual por parte de su padre.<\/p>\n\n\n\n<p>El mes pasado, un juez diferente orden\u00f3 a los fiscales de Los \u00c1ngeles que explicaran por qu\u00e9 su caso no deber\u00eda ser reexaminado.<\/p>\n\n\n\n<p>El departamento de correcciones del estado ha seleccionado a un representante de los medios para ver los procedimientos virtualmente y compartir notas con el resto de la prensa a intervalos establecidos.<\/p>\n","protected":false},"excerpt":{"rendered":"<p>POR JAIMIE DING LOS \u00c1NGELES (AP) \u2014 Los hermanos Menendez est\u00e1n listos para presentar sus casos de libertad condicional a partir del jueves, marcando el momento m\u00e1s cercano que han&hellip;<\/p>\n","protected":false},"author":10,"featured_media":106827,"comment_status":"open","ping_status":"open","sticky":false,"template":"","format":"standard","meta":{"content-type":"","jetpack_post_was_ever_published":false,"_jetpack_newsletter_access":"","_jetpack_dont_email_post_to_subs":false,"_jetpack_newsletter_tier_id":0,"_jetpack_memberships_contains_paywalled_content":false,"_jetpack_memberships_contains_paid_content":false,"footnotes":""},"categories":[16289],"tags":[23388,23387,23386,282,10930],"class_list":["post-106826","post","type-post","status-publish","format-standard","has-post-thumbnail","hentry","category-internacionales","tag-30-anos-en-prision","tag-evaluados","tag-hermanos-menendez","tag-junta","tag-libertad-condicional"],"jetpack_featured_media_url":"https:\/\/lasprimeras.com.do\/wp-content\/uploads\/2025\/08\/Hermanos-Menendez.jpg","jetpack-related-posts":[{"id":90577,"url":"https:\/\/lasprimeras.com.do\/index.php\/2024\/10\/24\/fiscales-recomiendan-volver-a-condenar-a-erik-y-lyle-menendez-por-el-asesinato-de-sus-padres-en-1989\/","url_meta":{"origin":106826,"position":0},"title":"Fiscales recomiendan volver a condenar a Erik y Lyle Men\u00e9ndez por el asesinato de sus padres en 1989","author":"Nelson Feliz","date":"24 de octubre de 2024","format":false,"excerpt":"En 1996 fueron condenados a cadena perpetua sin posibilidad de libertad condicional Los \u00c1ngeles, AP-Los fiscales de Los \u00c1ngeles recomendaron que Erik y Lyle Men\u00e9ndez sean sentenciados nuevamente por los asesinatos de sus padres en 1989 en la casa de la familia en Beverly Hills, lo que brindar\u00eda a los\u2026","rel":"","context":"En \u00abSin categor\u00eda\u00bb","block_context":{"text":"Sin categor\u00eda","link":"https:\/\/lasprimeras.com.do\/index.php\/category\/sin-categoria\/"},"img":{"alt_text":"Los hermanos Men\u00e9ndez","src":"https:\/\/i0.wp.com\/lasprimeras.com.do\/wp-content\/uploads\/2024\/10\/Los-hermanos-Menendez.jpg?resize=350%2C200&ssl=1","width":350,"height":200,"srcset":"https:\/\/i0.wp.com\/lasprimeras.com.do\/wp-content\/uploads\/2024\/10\/Los-hermanos-Menendez.jpg?resize=350%2C200&ssl=1 1x, https:\/\/i0.wp.com\/lasprimeras.com.do\/wp-content\/uploads\/2024\/10\/Los-hermanos-Menendez.jpg?resize=525%2C300&ssl=1 1.5x, https:\/\/i0.wp.com\/lasprimeras.com.do\/wp-content\/uploads\/2024\/10\/Los-hermanos-Menendez.jpg?resize=700%2C400&ssl=1 2x"},"classes":[]},{"id":109360,"url":"https:\/\/lasprimeras.com.do\/index.php\/2025\/09\/16\/niegan-nuevo-juicio-a-los-hermanos-menendez-sentenciados-por-parricidio\/","url_meta":{"origin":106826,"position":1},"title":"Niegan nuevo juicio a los hermanos Men\u00e9ndez sentenciados por parricidio","author":"Nelson Feliz","date":"16 de septiembre de 2025","format":false,"excerpt":"Lyle y Erik afirman que cometieron el doble parricidio tras a\u00f1os de abuso sexual y psicol\u00f3gico de su padre, amparado por la negligencia de su madre Los Angeles, AFP -Lyle y Erik Men\u00e9ndez, quienes cumplen m\u00e1s de tres d\u00e9cadas de c\u00e1rcel por el asesinato de sus padres en una lujosa\u2026","rel":"","context":"En \u00abINTERNACIONALES\u00bb","block_context":{"text":"INTERNACIONALES","link":"https:\/\/lasprimeras.com.do\/index.php\/category\/sin-categoria\/internacionales\/"},"img":{"alt_text":"","src":"https:\/\/i0.wp.com\/lasprimeras.com.do\/wp-content\/uploads\/2025\/09\/juicio-2.jpg?resize=350%2C200&ssl=1","width":350,"height":200,"srcset":"https:\/\/i0.wp.com\/lasprimeras.com.do\/wp-content\/uploads\/2025\/09\/juicio-2.jpg?resize=350%2C200&ssl=1 1x, https:\/\/i0.wp.com\/lasprimeras.com.do\/wp-content\/uploads\/2025\/09\/juicio-2.jpg?resize=525%2C300&ssl=1 1.5x, https:\/\/i0.wp.com\/lasprimeras.com.do\/wp-content\/uploads\/2025\/09\/juicio-2.jpg?resize=700%2C400&ssl=1 2x"},"classes":[]},{"id":83149,"url":"https:\/\/lasprimeras.com.do\/index.php\/2024\/05\/12\/por-segunda-vez-el-senador-bob-menendez-enfrenta-un-juicio-por-corrupcion\/","url_meta":{"origin":106826,"position":2},"title":"Por segunda vez, el senador Bob Men\u00e9ndez enfrenta un juicio por corrupci\u00f3n","author":"Nelson Feliz","date":"12 de mayo de 2024","format":false,"excerpt":"Esta vez se trata de lingotes de oro. POR LARRY NEUMEISTER Y MIKE CATALINI NUEVA YORK (AP) \u2014 Por segunda vez en una d\u00e9cada, el senador estadounidense Bob Men\u00e9ndez enfrenta el lunes un juicio por corrupci\u00f3n con su carrera pol\u00edtica y su libertad en juego en un caso penal que\u2026","rel":"","context":"En \u00abSin categor\u00eda\u00bb","block_context":{"text":"Sin categor\u00eda","link":"https:\/\/lasprimeras.com.do\/index.php\/category\/sin-categoria\/"},"img":{"alt_text":"Bob Men\u00e9ndez","src":"https:\/\/i0.wp.com\/lasprimeras.com.do\/wp-content\/uploads\/2024\/05\/Bob-Menendez.jpg?resize=350%2C200&ssl=1","width":350,"height":200,"srcset":"https:\/\/i0.wp.com\/lasprimeras.com.do\/wp-content\/uploads\/2024\/05\/Bob-Menendez.jpg?resize=350%2C200&ssl=1 1x, https:\/\/i0.wp.com\/lasprimeras.com.do\/wp-content\/uploads\/2024\/05\/Bob-Menendez.jpg?resize=525%2C300&ssl=1 1.5x, https:\/\/i0.wp.com\/lasprimeras.com.do\/wp-content\/uploads\/2024\/05\/Bob-Menendez.jpg?resize=700%2C400&ssl=1 2x"},"classes":[]},{"id":86356,"url":"https:\/\/lasprimeras.com.do\/index.php\/2024\/07\/23\/el-senador-bob-menendez-condenado-por-sobornos-dejara-su-cargo\/","url_meta":{"origin":106826,"position":3},"title":"El senador Bob Menendez, condenado por sobornos, dejar\u00e1 su cargo","author":"Nelson Feliz","date":"23 de julio de 2024","format":false,"excerpt":"BY MIKE CATALINI TRENTON, Nueva Jersey, EE.UU. (AP) \u2014 El senador federal Bob Menendez dejar\u00e1 su cargo el 20 de agosto tras ser declarado culpable de aceptar sobornos por actos corruptos, entre ellos actuar como agente del gobierno egipcio, escribi\u00f3 \u00e9l en una carta enviada al gobernador de Nueva Jersey\u2026","rel":"","context":"En \u00abSin categor\u00eda\u00bb","block_context":{"text":"Sin categor\u00eda","link":"https:\/\/lasprimeras.com.do\/index.php\/category\/sin-categoria\/"},"img":{"alt_text":"Bob Menendez","src":"https:\/\/i0.wp.com\/lasprimeras.com.do\/wp-content\/uploads\/2024\/07\/Bob-Menendez.png?resize=350%2C200&ssl=1","width":350,"height":200,"srcset":"https:\/\/i0.wp.com\/lasprimeras.com.do\/wp-content\/uploads\/2024\/07\/Bob-Menendez.png?resize=350%2C200&ssl=1 1x, https:\/\/i0.wp.com\/lasprimeras.com.do\/wp-content\/uploads\/2024\/07\/Bob-Menendez.png?resize=525%2C300&ssl=1 1.5x, https:\/\/i0.wp.com\/lasprimeras.com.do\/wp-content\/uploads\/2024\/07\/Bob-Menendez.png?resize=700%2C400&ssl=1 2x"},"classes":[]},{"id":61146,"url":"https:\/\/lasprimeras.com.do\/index.php\/2023\/09\/22\/mas-de-100-mil-dolares-en-lingotes-de-oro-encontraron-en-casa-del-senador-bob-menendez-y-su-esposa\/","url_meta":{"origin":106826,"position":4},"title":"M\u00e1s de 100 mil d\u00f3lares en lingotes de oro encontraron en casa del senador Bob Men\u00e9ndez y su esposa","author":"Nelson Feliz","date":"22 de septiembre de 2023","format":false,"excerpt":"El soborno habr\u00eda sido en beneficio para que el senador realice una serie de actos corruptos. El senador estadounidense Bob Men\u00e9ndez, de Nueva Jersey, y su esposa fueron acusados el viernes de aceptar sobornos en efectivo, lingotes de oro y un coche de lujo por una serie de actos corruptos,\u2026","rel":"","context":"En \u00abSin categor\u00eda\u00bb","block_context":{"text":"Sin categor\u00eda","link":"https:\/\/lasprimeras.com.do\/index.php\/category\/sin-categoria\/"},"img":{"alt_text":"","src":"https:\/\/i0.wp.com\/lasprimeras.com.do\/wp-content\/uploads\/2023\/09\/ORO.png?resize=350%2C200&ssl=1","width":350,"height":200,"srcset":"https:\/\/i0.wp.com\/lasprimeras.com.do\/wp-content\/uploads\/2023\/09\/ORO.png?resize=350%2C200&ssl=1 1x, https:\/\/i0.wp.com\/lasprimeras.com.do\/wp-content\/uploads\/2023\/09\/ORO.png?resize=525%2C300&ssl=1 1.5x, https:\/\/i0.wp.com\/lasprimeras.com.do\/wp-content\/uploads\/2023\/09\/ORO.png?resize=700%2C400&ssl=1 2x"},"classes":[]},{"id":73049,"url":"https:\/\/lasprimeras.com.do\/index.php\/2024\/01\/05\/oscar-pistorius-queda-en-libertad-condicional-tras-cumplir-casi-nueve-anos-por-el-asesinato-de-su-novia\/","url_meta":{"origin":106826,"position":5},"title":"Oscar Pistorius queda en libertad condicional tras cumplir casi nueve a\u00f1os por el asesinato de su novia","author":"Nelson Feliz","date":"5 de enero de 2024","format":false,"excerpt":"POR GERALD IMRAY, NQOBILE NTSHANGASE Y MOGOMOTSI MAGOME PRETORIA, Sud\u00e1frica (AP) \u2014 El corredor ol\u00edmpico Oscar Pistorius sali\u00f3 de prisi\u00f3n en libertad condicional el viernes por la ma\u00f1ana temprano y se cre\u00eda que estaba en la mansi\u00f3n de su t\u00edo despu\u00e9s de que las autoridades trasladaron en secreto al mundialmente\u2026","rel":"","context":"En \u00abSin categor\u00eda\u00bb","block_context":{"text":"Sin categor\u00eda","link":"https:\/\/lasprimeras.com.do\/index.php\/category\/sin-categoria\/"},"img":{"alt_text":"Oscar Pistorius","src":"https:\/\/i0.wp.com\/lasprimeras.com.do\/wp-content\/uploads\/2024\/01\/Oscar-Pistorius.jpg?resize=350%2C200&ssl=1","width":350,"height":200,"srcset":"https:\/\/i0.wp.com\/lasprimeras.com.do\/wp-content\/uploads\/2024\/01\/Oscar-Pistorius.jpg?resize=350%2C200&ssl=1 1x, https:\/\/i0.wp.com\/lasprimeras.com.do\/wp-content\/uploads\/2024\/01\/Oscar-Pistorius.jpg?resize=525%2C300&ssl=1 1.5x, https:\/\/i0.wp.com\/lasprimeras.com.do\/wp-content\/uploads\/2024\/01\/Oscar-Pistorius.jpg?resize=700%2C400&ssl=1 2x"},"classes":[]}],"jetpack_sharing_enabled":true,"_links":{"self":[{"href":"https:\/\/lasprimeras.com.do\/index.php\/wp-json\/wp\/v2\/posts\/106826","targetHints":{"allow":["GET"]}}],"collection":[{"href":"https:\/\/lasprimeras.com.do\/index.php\/wp-json\/wp\/v2\/posts"}],"about":[{"href":"https:\/\/lasprimeras.com.do\/index.php\/wp-json\/wp\/v2\/types\/post"}],"author":[{"embeddable":true,"href":"https:\/\/lasprimeras.com.do\/index.php\/wp-json\/wp\/v2\/users\/10"}],"replies":[{"embeddable":true,"href":"https:\/\/lasprimeras.com.do\/index.php\/wp-json\/wp\/v2\/comments?post=106826"}],"version-history":[{"count":1,"href":"https:\/\/lasprimeras.com.do\/index.php\/wp-json\/wp\/v2\/posts\/106826\/revisions"}],"predecessor-version":[{"id":106828,"href":"https:\/\/lasprimeras.com.do\/index.php\/wp-json\/wp\/v2\/posts\/106826\/revisions\/106828"}],"wp:featuredmedia":[{"embeddable":true,"href":"https:\/\/lasprimeras.com.do\/index.php\/wp-json\/wp\/v2\/media\/106827"}],"wp:attachment":[{"href":"https:\/\/lasprimeras.com.do\/index.php\/wp-json\/wp\/v2\/media?parent=106826"}],"wp:term":[{"taxonomy":"category","embeddable":true,"href":"https:\/\/lasprimeras.com.do\/index.php\/wp-json\/wp\/v2\/categories?post=106826"},{"taxonomy":"post_tag","embeddable":true,"href":"https:\/\/lasprimeras.com.do\/index.php\/wp-json\/wp\/v2\/tags?post=106826"}],"curies":[{"name":"wp","href":"https:\/\/api.w.org\/{rel}","templated":true}]}}