{"id":106832,"date":"2025-08-19T13:01:56","date_gmt":"2025-08-19T17:01:56","guid":{"rendered":"https:\/\/lasprimeras.com.do\/?p=106832"},"modified":"2025-08-19T13:01:57","modified_gmt":"2025-08-19T17:01:57","slug":"juez-desestima-parte-de-la-demanda-sobre-centro-de-detencion-migratoria-alcatraz-de-los-caimanes","status":"publish","type":"post","link":"https:\/\/lasprimeras.com.do\/index.php\/2025\/08\/19\/juez-desestima-parte-de-la-demanda-sobre-centro-de-detencion-migratoria-alcatraz-de-los-caimanes\/","title":{"rendered":"Juez desestima parte de la demanda sobre centro de detenci\u00f3n migratoria \u201cAlcatraz de los caimanes\u201d"},"content":{"rendered":"\n<p>POR DAVID FISCHER, MIKE SCHNEIDER and FREIDA FRISARO<\/p>\n\n\n\n<p>MIAMI (AP) \u2014 Un juez federal de Miami emiti\u00f3 una decisi\u00f3n dividida en una demanda sobre los derechos legales de los detenidos en un centro para inmigrantes, conocido como el \u201cAlcatraz de los caimanes\u201d, en los Everglades de Florida, desestimando parte de la demanda y trasladando el caso a otra jurisdicci\u00f3n.<\/p>\n\n\n\n<p>El juez de distrito de Estados Unidos, Rodolfo Ruiz, emiti\u00f3 la decisi\u00f3n el lunes por la noche.<\/p>\n\n\n\n<p>En un fallo de 47 p\u00e1ginas, escribi\u00f3 que las afirmaciones de que los detenidos en el centro no tienen acceso confidencial a sus abogados o a audiencias en el tribunal de inmigraci\u00f3n quedaron sin efecto cuando el gobierno del presidente Donald Trump design\u00f3 recientemente el Centro de Procesamiento Krome North cerca de Miami como el lugar para que se tramiten sus casos.<\/p>\n\n\n\n<p>El magistrado escuch\u00f3 los argumentos de ambas partes en una vista celebrada antes el lunes en Miami. Los abogados de derechos civiles ped\u00edan una orden judicial preliminar para garantizar que los detenidos en el centro tengan acceso a sus abogados y puedan obtener una audiencia.<\/p>\n\n\n\n<p>El estado y el gobierno federal hab\u00edan argumentado que, aunque la pista de aterrizaje aislada donde se encuentra la instalaci\u00f3n es propiedad del condado de Miami-Dade, el distrito sur de Florida no era la jurisdicci\u00f3n adecuada ya que el centro de detenci\u00f3n est\u00e1 ubicado en el vecino condado de Collier, que pertenece al distrito central del estado.<\/p>\n\n\n\n<p>El juez Ruiz hab\u00eda insinuado durante una audiencia la semana pasada que ten\u00eda algunas dudas sobre cu\u00e1l era la jurisdicci\u00f3n adecuada.<\/p>\n\n\n\n<p>\u201cMucho ha cambiado desde la presentaci\u00f3n de la demanda\u201d, escribi\u00f3 Ruiz.<\/p>\n\n\n\n<p>Seis de los demandantes se han reunido con abogados a trav\u00e9s de videoconferencia, aunque afirmaron que estos contactos no son confidenciales porque no est\u00e1n en una sala cerrada y el personal est\u00e1 cerca y puede escuchar a los detenidos.<\/p>\n\n\n\n<p>Un grupo de detenidos aleg\u00f3 que tienen derecho a vistas de fianza y que sus abogados han sido \u201cincapaces de acceder, y mucho menos identificar, el tribunal adecuado para esas audiencias\u201d.<\/p>\n\n\n\n<p>Pero Ruiz se\u00f1al\u00f3 que los factores del caso cambiaron el s\u00e1bado, cuando la administraci\u00f3n design\u00f3 la instalaci\u00f3n de Krome como el tribunal de inmigraci\u00f3n con jurisdicci\u00f3n sobre todos los detenidos en el centro.<\/p>\n\n\n\n<p>Ruiz escribi\u00f3 que el caso tiene \u201cuna historia procesal tortuosa\u201d desde que se present\u00f3 el 16 de julio, semanas despu\u00e9s de que el primer grupo de detenidos llegara a la instalaci\u00f3n.<\/p>\n\n\n\n<p>\u201cCasi todos los aspectos de la acci\u00f3n civil de los demandantes \u2014sus causas de acci\u00f3n, sus hechos en apoyo, sus teor\u00edas de lugar, sus argumentos sobre el fondo y sus solicitudes de alivio\u2014 han cambiado con cada presentaci\u00f3n\u201d, escribi\u00f3 el juez.<\/p>\n\n\n\n<p>El juez concedi\u00f3 la moci\u00f3n de cambio de jurisdicci\u00f3n de los demandados estatales al Distrito Central de Florida, donde se abordar\u00e1n las reclamaciones restantes de violaciones de la Primera Enmienda.<\/p>\n\n\n\n<p>Los abogados estatales y del gobierno federal presentaron un argumento id\u00e9ntico la semana pasada sobre la jurisdicci\u00f3n en una segunda reclamaci\u00f3n en la que grupos ambientalistas y la comunidad miccosukee exigen detener la construcci\u00f3n y operaciones adicionales en el centro de los Everglades hasta que cumpla con las leyes ambientales federales.<\/p>\n\n\n\n<p>La jueza de distrito de Estados Unidos, Kathleen Williams, en Miami, orden\u00f3 el 7 de agosto una pausa de 14 d\u00edas en las obras adicionales en el sitio mientras los testigos declaraban en una audiencia que concluy\u00f3 la semana pasada.<\/p>\n\n\n\n<p>Dijo que planea emitir un fallo antes de que la orden expire m\u00e1s tarde esta semana. A\u00fan no se ha pronunciado sobre la cuesti\u00f3n de la jurisdicci\u00f3n.<\/p>\n","protected":false},"excerpt":{"rendered":"<p>POR DAVID FISCHER, MIKE SCHNEIDER and FREIDA FRISARO MIAMI (AP) \u2014 Un juez federal de Miami emiti\u00f3 una decisi\u00f3n dividida en una demanda sobre los derechos legales de los detenidos&hellip;<\/p>\n","protected":false},"author":10,"featured_media":106833,"comment_status":"open","ping_status":"open","sticky":false,"template":"","format":"standard","meta":{"content-type":"","jetpack_post_was_ever_published":false,"_jetpack_newsletter_access":"","_jetpack_dont_email_post_to_subs":false,"_jetpack_newsletter_tier_id":0,"_jetpack_memberships_contains_paywalled_content":false,"_jetpack_memberships_contains_paid_content":false,"footnotes":""},"categories":[16289],"tags":[21482,23391,1085,4793,1355],"class_list":["post-106832","post","type-post","status-publish","format-standard","has-post-thumbnail","hentry","category-internacionales","tag-alcatraz-de-los-caimanes","tag-centro-de-detencion-migratoria","tag-demanda","tag-desestima","tag-juez"],"jetpack_featured_media_url":"https:\/\/lasprimeras.com.do\/wp-content\/uploads\/2025\/08\/CARCEL-ALCATRAZ.jpg","jetpack-related-posts":[{"id":118128,"url":"https:\/\/lasprimeras.com.do\/index.php\/2025\/12\/22\/abogados-instan-a-jueza-a-visitar-centro-de-detencion-de-inmigrantes-en-florida\/","url_meta":{"origin":106832,"position":0},"title":"Abogados instan a jueza a visitar centro de detenci\u00f3n de inmigrantes en Florida","author":"Nelson Feliz","date":"22 de diciembre de 2025","format":false,"excerpt":"POR MIKE SCHNEIDER ORLANDO, Florida, EE.UU. (AP) \u2014 Abogados de los detenidos en un centro de detenci\u00f3n de inmigrantes en Florida conocido como \u201cAlcatraz con Caimanes\u201d pidieron a una jueza realizar una visita sorpresa a la instalaci\u00f3n para ver de primera mano si los reclusos est\u00e1n teniendo acceso a abogados.\u2026","rel":"","context":"En \u00abINTERNACIONALES\u00bb","block_context":{"text":"INTERNACIONALES","link":"https:\/\/lasprimeras.com.do\/index.php\/category\/sin-categoria\/internacionales\/"},"img":{"alt_text":"Camiones entran y salen del centro de detenci\u00f3n de inmigrantes \u201cAlcatraz de los Caimanes\u201d, el jueves 28 de agosto de 2025, en el condado de Collier, Florida. (AP Foto\/Rebecca Blackwell, Archivo)","src":"https:\/\/i0.wp.com\/lasprimeras.com.do\/wp-content\/uploads\/2025\/12\/carcel.jpg?resize=350%2C200&ssl=1","width":350,"height":200,"srcset":"https:\/\/i0.wp.com\/lasprimeras.com.do\/wp-content\/uploads\/2025\/12\/carcel.jpg?resize=350%2C200&ssl=1 1x, https:\/\/i0.wp.com\/lasprimeras.com.do\/wp-content\/uploads\/2025\/12\/carcel.jpg?resize=525%2C300&ssl=1 1.5x, https:\/\/i0.wp.com\/lasprimeras.com.do\/wp-content\/uploads\/2025\/12\/carcel.jpg?resize=700%2C400&ssl=1 2x"},"classes":[]},{"id":103018,"url":"https:\/\/lasprimeras.com.do\/index.php\/2025\/07\/10\/legisladores-de-florida-demandan-a-desantis-tras-negarles-acceso-al-alcatraz-de-los-caimanes\/","url_meta":{"origin":106832,"position":1},"title":"Legisladores de Florida demandan a DeSantis tras negarles acceso al \u201cAlcatraz de los Caimanes\u201d","author":"Nelson Feliz","date":"10 de julio de 2025","format":false,"excerpt":"POR KATE PAYNE TALLAHASSEE, Florida, EE.UU. (AP) \u2014 Cinco legisladores estatales a quienes se les neg\u00f3 el acceso a un nuevo centro de detenci\u00f3n de inmigrantes construido por la administraci\u00f3n del gobernador Ron DeSantis en los Everglades de Florida presentaron una demanda contra el gobernador, argumentando que excedi\u00f3 su autoridad\u2026","rel":"","context":"En \u00abINTERNACIONALES\u00bb","block_context":{"text":"INTERNACIONALES","link":"https:\/\/lasprimeras.com.do\/index.php\/category\/sin-categoria\/internacionales\/"},"img":{"alt_text":"","src":"https:\/\/i0.wp.com\/lasprimeras.com.do\/wp-content\/uploads\/2025\/07\/Alcatraz-de-los-Caimanes.jpg?resize=350%2C200&ssl=1","width":350,"height":200,"srcset":"https:\/\/i0.wp.com\/lasprimeras.com.do\/wp-content\/uploads\/2025\/07\/Alcatraz-de-los-Caimanes.jpg?resize=350%2C200&ssl=1 1x, https:\/\/i0.wp.com\/lasprimeras.com.do\/wp-content\/uploads\/2025\/07\/Alcatraz-de-los-Caimanes.jpg?resize=525%2C300&ssl=1 1.5x, https:\/\/i0.wp.com\/lasprimeras.com.do\/wp-content\/uploads\/2025\/07\/Alcatraz-de-los-Caimanes.jpg?resize=700%2C400&ssl=1 2x"},"classes":[]},{"id":102107,"url":"https:\/\/lasprimeras.com.do\/index.php\/2025\/07\/01\/trump-visitara-un-remoto-centro-de-detencion-de-inmigrantes-en-los-everglades-de-florida\/","url_meta":{"origin":106832,"position":2},"title":"Trump visitar\u00e1 un remoto centro de detenci\u00f3n de inmigrantes en los Everglades de Florida","author":"Nelson Feliz","date":"1 de julio de 2025","format":false,"excerpt":"Por WILL WEISSERT y ADRIANA GOMEZ LICON WASHINGTON (AP) \u2014 El presidente Donald Trump realizar\u00e1 un viaje de un d\u00eda a los Everglades de Florida el martes para ver de primera mano un nuevo centro de detenci\u00f3n de inmigrantes que, seg\u00fan la Casa Blanca, ser\u00e1 especialmente seguro dado que est\u00e1\u2026","rel":"","context":"En \u00abINTERNACIONALES\u00bb","block_context":{"text":"INTERNACIONALES","link":"https:\/\/lasprimeras.com.do\/index.php\/category\/sin-categoria\/internacionales\/"},"img":{"alt_text":"","src":"https:\/\/i0.wp.com\/lasprimeras.com.do\/wp-content\/uploads\/2025\/07\/Donald-Trump.jpg?resize=350%2C200&ssl=1","width":350,"height":200,"srcset":"https:\/\/i0.wp.com\/lasprimeras.com.do\/wp-content\/uploads\/2025\/07\/Donald-Trump.jpg?resize=350%2C200&ssl=1 1x, https:\/\/i0.wp.com\/lasprimeras.com.do\/wp-content\/uploads\/2025\/07\/Donald-Trump.jpg?resize=525%2C300&ssl=1 1.5x, https:\/\/i0.wp.com\/lasprimeras.com.do\/wp-content\/uploads\/2025\/07\/Donald-Trump.jpg?resize=700%2C400&ssl=1 2x"},"classes":[]},{"id":102393,"url":"https:\/\/lasprimeras.com.do\/index.php\/2025\/07\/04\/llega-el-primer-grupo-de-inmigrantes-a-centro-de-detencion-en-los-everglades-de-florida\/","url_meta":{"origin":106832,"position":3},"title":"Llega el primer grupo de inmigrantes a centro de detenci\u00f3n en los Everglades de Florida","author":"Nelson Feliz","date":"4 de julio de 2025","format":false,"excerpt":"POR CURT ANDERSON and KATE PAYNE Ha llegado el primer grupo de inmigrantes a un nuevo centro de detenci\u00f3n en los Everglades de Florida que los funcionarios han apodado \u201cAlcatraz con Caimanes\u201d, inform\u00f3 un portavoz del fiscal general republicano del estado. \u201cHay personas all\u00ed\", afirm\u00f3 Jae Williams, portavoz del fiscal\u2026","rel":"","context":"En \u00abINTERNACIONALES\u00bb","block_context":{"text":"INTERNACIONALES","link":"https:\/\/lasprimeras.com.do\/index.php\/category\/sin-categoria\/internacionales\/"},"img":{"alt_text":"","src":"https:\/\/i0.wp.com\/lasprimeras.com.do\/wp-content\/uploads\/2025\/07\/detencion.jpg?resize=350%2C200&ssl=1","width":350,"height":200,"srcset":"https:\/\/i0.wp.com\/lasprimeras.com.do\/wp-content\/uploads\/2025\/07\/detencion.jpg?resize=350%2C200&ssl=1 1x, https:\/\/i0.wp.com\/lasprimeras.com.do\/wp-content\/uploads\/2025\/07\/detencion.jpg?resize=525%2C300&ssl=1 1.5x, https:\/\/i0.wp.com\/lasprimeras.com.do\/wp-content\/uploads\/2025\/07\/detencion.jpg?resize=700%2C400&ssl=1 2x"},"classes":[]},{"id":98779,"url":"https:\/\/lasprimeras.com.do\/index.php\/2025\/05\/12\/encuentro-entre-trump-y-adams-en-la-casa-blanca-ambos-divulgan-lo-tratado\/","url_meta":{"origin":106832,"position":4},"title":"Encuentro entre Trump y Adams en la Casa Blanca; ambos divulgan lo tratado","author":"Nelson Feliz","date":"12 de mayo de 2025","format":false,"excerpt":"Por Ram\u00f3n Mercedes NUEVA YORK.- La prensa anglosajona public\u00f3 este fin de semana el encuentro en la Casa Blanca entre el presidente Donald Trump y el alcalde de esta ciudad, Eric Adams; dominicanos en la urbe han prestado sumo inter\u00e9s a la misma. El alcalde declar\u00f3 que visit\u00f3 al presidente\u2026","rel":"","context":"En \u00abINTERNACIONALES\u00bb","block_context":{"text":"INTERNACIONALES","link":"https:\/\/lasprimeras.com.do\/index.php\/category\/sin-categoria\/internacionales\/"},"img":{"alt_text":"","src":"https:\/\/i0.wp.com\/lasprimeras.com.do\/wp-content\/uploads\/2025\/05\/WhatsApp-Image-2025-05-12-at-6.33.00-AM-3.jpeg?resize=350%2C200&ssl=1","width":350,"height":200,"srcset":"https:\/\/i0.wp.com\/lasprimeras.com.do\/wp-content\/uploads\/2025\/05\/WhatsApp-Image-2025-05-12-at-6.33.00-AM-3.jpeg?resize=350%2C200&ssl=1 1x, https:\/\/i0.wp.com\/lasprimeras.com.do\/wp-content\/uploads\/2025\/05\/WhatsApp-Image-2025-05-12-at-6.33.00-AM-3.jpeg?resize=525%2C300&ssl=1 1.5x"},"classes":[]},{"id":102667,"url":"https:\/\/lasprimeras.com.do\/index.php\/2025\/07\/07\/sugerencia-de-trump-deportar-ciudadanos-usa-despierta-preocupacion-entre-dominicanos-alto-manhattan\/","url_meta":{"origin":106832,"position":5},"title":"Sugerencia de Trump deportar ciudadanos USA despierta preocupaci\u00f3n entre dominicanos Alto Manhattan","author":"Nelson Feliz","date":"7 de julio de 2025","format":false,"excerpt":"Por Ram\u00f3n Mercedes NUEVA YORK.- La sugerencia que hiciera la semana pasada el presidente de los Estados Unidos, Donald Trump, de deportar a ciudadanos estadounidenses ha despertado preocupaci\u00f3n entre muchos quisqueyanos en el Alto Manhattan. \u00abEsta fuerte eso de deportar a uno que es ciudadano\u00bb de USA, coinciden en comentar\u2026","rel":"","context":"En \u00abINTERNACIONALES\u00bb","block_context":{"text":"INTERNACIONALES","link":"https:\/\/lasprimeras.com.do\/index.php\/category\/sin-categoria\/internacionales\/"},"img":{"alt_text":"","src":"https:\/\/i0.wp.com\/lasprimeras.com.do\/wp-content\/uploads\/2025\/07\/WhatsApp-Image-2025-07-07-at-6.22.42-AM-3.jpeg?resize=350%2C200&ssl=1","width":350,"height":200,"srcset":"https:\/\/i0.wp.com\/lasprimeras.com.do\/wp-content\/uploads\/2025\/07\/WhatsApp-Image-2025-07-07-at-6.22.42-AM-3.jpeg?resize=350%2C200&ssl=1 1x, https:\/\/i0.wp.com\/lasprimeras.com.do\/wp-content\/uploads\/2025\/07\/WhatsApp-Image-2025-07-07-at-6.22.42-AM-3.jpeg?resize=525%2C300&ssl=1 1.5x, https:\/\/i0.wp.com\/lasprimeras.com.do\/wp-content\/uploads\/2025\/07\/WhatsApp-Image-2025-07-07-at-6.22.42-AM-3.jpeg?resize=700%2C400&ssl=1 2x"},"classes":[]}],"jetpack_sharing_enabled":true,"_links":{"self":[{"href":"https:\/\/lasprimeras.com.do\/index.php\/wp-json\/wp\/v2\/posts\/106832","targetHints":{"allow":["GET"]}}],"collection":[{"href":"https:\/\/lasprimeras.com.do\/index.php\/wp-json\/wp\/v2\/posts"}],"about":[{"href":"https:\/\/lasprimeras.com.do\/index.php\/wp-json\/wp\/v2\/types\/post"}],"author":[{"embeddable":true,"href":"https:\/\/lasprimeras.com.do\/index.php\/wp-json\/wp\/v2\/users\/10"}],"replies":[{"embeddable":true,"href":"https:\/\/lasprimeras.com.do\/index.php\/wp-json\/wp\/v2\/comments?post=106832"}],"version-history":[{"count":1,"href":"https:\/\/lasprimeras.com.do\/index.php\/wp-json\/wp\/v2\/posts\/106832\/revisions"}],"predecessor-version":[{"id":106834,"href":"https:\/\/lasprimeras.com.do\/index.php\/wp-json\/wp\/v2\/posts\/106832\/revisions\/106834"}],"wp:featuredmedia":[{"embeddable":true,"href":"https:\/\/lasprimeras.com.do\/index.php\/wp-json\/wp\/v2\/media\/106833"}],"wp:attachment":[{"href":"https:\/\/lasprimeras.com.do\/index.php\/wp-json\/wp\/v2\/media?parent=106832"}],"wp:term":[{"taxonomy":"category","embeddable":true,"href":"https:\/\/lasprimeras.com.do\/index.php\/wp-json\/wp\/v2\/categories?post=106832"},{"taxonomy":"post_tag","embeddable":true,"href":"https:\/\/lasprimeras.com.do\/index.php\/wp-json\/wp\/v2\/tags?post=106832"}],"curies":[{"name":"wp","href":"https:\/\/api.w.org\/{rel}","templated":true}]}}