{"id":106847,"date":"2025-08-20T08:28:47","date_gmt":"2025-08-20T12:28:47","guid":{"rendered":"https:\/\/lasprimeras.com.do\/?p=106847"},"modified":"2025-08-20T08:28:49","modified_gmt":"2025-08-20T12:28:49","slug":"el-magnate-cubano-que-encabeza-una-campana-proinmigrante-desde-miami-pese-a-las-amenazas","status":"publish","type":"post","link":"https:\/\/lasprimeras.com.do\/index.php\/2025\/08\/20\/el-magnate-cubano-que-encabeza-una-campana-proinmigrante-desde-miami-pese-a-las-amenazas\/","title":{"rendered":"El magnate cubano que encabeza una campa\u00f1a proinmigrante desde Miami pese a las amenazas"},"content":{"rendered":"\n<p>Pedro Pablo Cort\u00e9s<\/p>\n\n\n\n<p>Miami (EE.UU.) (EFE).- El magnate de la salud Michael Fern\u00e1ndez, estadounidense nacido en Cuba, encabeza una campa\u00f1a medi\u00e1tica en Miami para cuestionar la \u00ababusiva\u00bb pol\u00edtica migratoria del presidente Donald Trump y, en especial, el respaldo que recibe de tres congresistas de ascendencia cubana, pese a las amenazas que, dice, ha recibido.<\/p>\n\n\n\n<p>El multimillonario, veterano del Ej\u00e9rcito estadounidense y fil\u00e1ntropo conocido como \u2018Mike\u2019, cuenta en una entrevista a EFE que comenz\u00f3 este esfuerzo, que incluye grandes vallas publicitarias, tras observar el despliegue de agentes enmascarados del Servicio de Inmigraci\u00f3n y Control de Aduanas (ICE, en ingl\u00e9s) y el \u00abmaltrato\u00bb hacia los migrantes.<\/p>\n\n\n\n<p>\u00abNo somos un factor negativo para este pa\u00eds. S\u00ed hay excepciones, hay el que mata, el que roba y el que viola, pero eso no somos nosotros, nos quieren definir de esa manera y personalmente yo he llegado al punto de que no aguanto m\u00e1s sin hablar. He visto las consecuencias. Me han amenazado m\u00e1s de una vez\u00bb, dice.<\/p>\n\n\n\n<p>La campa\u00f1a del magnate cubano en Miami<\/p>\n\n\n\n<p>Fern\u00e1ndez est\u00e1 detr\u00e1s de la campa\u00f1a \u2018Keep Them Honest\u2019 (mantenlos honestos), que cuestiona a los tres congresistas federales cubanoestadounidenses de Miami, Mar\u00eda Elvira Salazar, Carlos Gim\u00e9nez y Mario D\u00edaz-Balart, y a Marco Rubio, exsenador de Florida y actual secretario de Estado.<\/p>\n\n\n\n<p>La campa\u00f1a de Fern\u00e1ndez, exmiembro del Partido Republicano, acusa a estos funcionarios, hijos de inmigrantes o que llegaron de ni\u00f1os a Estados Unidos, de \u00abtraicionar\u00bb a cubanos, venezolanos y nicarag\u00fcenses en territorio estadounidense que huyeron de dictaduras.<\/p>\n\n\n\n<p>Un anuncio reza: \u00abDeportar a los buenos inmigrantes a las dictaduras es cruel\u00bb con im\u00e1genes de los cuatro pol\u00edticos mencionados, y otro se\u00f1ala que \u00abel peque\u00f1o Marco vendi\u00f3 a los venezolanos\u00bb y lo acusa de \u00abtraidor de todos aquellos que huyen de las dictaduras\u00bb.<\/p>\n\n\n\n<p>\u00abNo est\u00e1n haciendo un buen trabajo de representarnos, de protegernos y de dar el servicio por el cual ellos fueron elegidos, est\u00e1n d\u00e1ndole el respaldo a una Administraci\u00f3n que es abusiva, que odia a los latinos y quiere mudarnos a todos de este pa\u00eds\u00bb, sostiene desde su oficina en Coral Gables.<\/p>\n\n\n\n<p>Un llamado a los cubanos<\/p>\n\n\n\n<p>Las posturas de Fern\u00e1ndez tambi\u00e9n resaltan por el apoyo a Trump de los cubanoestadounidenses en Florida, donde en noviembre fue el primer candidato republicano en ganar el condado de Miami-Dade con un apoyo de casi el 70 % de los votantes de dicho grupo demogr\u00e1fico.<\/p>\n\n\n\n<p>El hombre de negocios, presidente de la firma de inversiones MBF Healthcare Partners, agradece a Estados Unidos por \u00abrecibirlo con las manos abiertas\u00bb tras la Revoluci\u00f3n de Cuba de 1959, pero asegura que \u00abeso no existe hoy en d\u00eda\u00bb.<\/p>\n\n\n\n<p>Ahora, asevera que la Administraci\u00f3n de Trump y la del gobernador de Florida, el republicano Ron DeSantis, ven a los inmigrantes \u00absimplemente como unos abusadores\u00bb y \u00abmaltratan a una gran parte de la ciudadan\u00eda\u00bb.<\/p>\n\n\n\n<p>\u00abYo me opongo y voy a gastar lo que tenga que gastar\u00bb, expresa. \u00abNo quiero ser un l\u00edder, solamente quiero despertar a mi comunidad, que le debemos a este pa\u00eds mucho y le debemos a nuestros hermanos que llegaron despu\u00e9s de los 60 en este pa\u00eds que est\u00e1n siendo apuntados con rifles y con deportaci\u00f3n\u00bb, agrega.<\/p>\n\n\n\n<p>En medio de amenazas<\/p>\n\n\n\n<p>El magnate, quien tambi\u00e9n ha escrito cartas a los legisladores, publicado art\u00edculos de opini\u00f3n y retirado m\u00e1s de 10 millones de d\u00f3lares de donativos a la Universidad Internacional de Florida (FIU) y al Miami-Dade College por elevar sus tarifas para indocumentados, denuncia que esto le ha tra\u00eddo amenazas.<\/p>\n\n\n\n<p>Due\u00f1o de dos perros, cuenta que encontr\u00f3 una bolsa de carne molida en su casa con la leyenda \u00abSabemos que usted quiere mucho a sus animales\u00bb.<\/p>\n\n\n\n<p>Y en otra ocasi\u00f3n un conductor le cerr\u00f3 el paso, baj\u00f3 la ventana y le dijo: \u00abSe\u00f1or Fern\u00e1ndez, pare de hablar mierda\u00bb.<\/p>\n\n\n\n<p>Pero \u2018Mike\u2019 promete recolectar m\u00e1s fondos y financiar candidaturas contra los legisladores republicanos de Miami.<\/p>\n\n\n\n<p>\u00abNo me van a callar. Yo vi cuando ni\u00f1o el abuso, me acuerdo de cuando quitaron los libros del colegio en Cuba, me acuerdo cuando cambiaron las maestras en Cuba por otras maestras adoctrinadas por el Gobierno, me acuerdo cuando no se pod\u00eda hablar porque ten\u00eda miedo de hablar, y lo estoy viendo hoy en d\u00eda\u00bb, alerta.<\/p>\n","protected":false},"excerpt":{"rendered":"<p>Pedro Pablo Cort\u00e9s Miami (EE.UU.) (EFE).- El magnate de la salud Michael Fern\u00e1ndez, estadounidense nacido en Cuba, encabeza una campa\u00f1a medi\u00e1tica en Miami para cuestionar la \u00ababusiva\u00bb pol\u00edtica migratoria del&hellip;<\/p>\n","protected":false},"author":10,"featured_media":106848,"comment_status":"open","ping_status":"open","sticky":false,"template":"","format":"standard","meta":{"content-type":"","jetpack_post_was_ever_published":false,"_jetpack_newsletter_access":"","_jetpack_dont_email_post_to_subs":false,"_jetpack_newsletter_tier_id":0,"_jetpack_memberships_contains_paywalled_content":false,"_jetpack_memberships_contains_paid_content":false,"footnotes":""},"categories":[16289],"tags":[2553,147,23400,1152,23401],"class_list":["post-106847","post","type-post","status-publish","format-standard","has-post-thumbnail","hentry","category-internacionales","tag-amenazas","tag-campana","tag-magnate-cubano","tag-miami","tag-proinmigrante"],"jetpack_featured_media_url":"https:\/\/lasprimeras.com.do\/wp-content\/uploads\/2025\/08\/Michael-Fernandez.jpg","jetpack-related-posts":[{"id":69224,"url":"https:\/\/lasprimeras.com.do\/index.php\/2023\/11\/30\/estados-unidos-retorna-a-miles-de-migrantes-que-viajaban-en-balsas-desde-cuba\/","url_meta":{"origin":106847,"position":0},"title":"Estados Unidos retorna a miles de migrantes que viajaban en balsas desde Cuba","author":"Nelson Feliz","date":"30 de noviembre de 2023","format":false,"excerpt":"Tras el retorno de cuatro balseros esta semana, Estados Unidos confirma su pol\u00edtica para evitar el arribo de migrantes irregulares de Cuba. En lo que va de 2023, Estados Unidos ha retornado a m\u00e1s de 5,000 de migrantes de Cuba que intentaban arribar a territorio estadounidenses en balsas. As\u00ed lo\u2026","rel":"","context":"En \u00abSin categor\u00eda\u00bb","block_context":{"text":"Sin categor\u00eda","link":"https:\/\/lasprimeras.com.do\/index.php\/category\/sin-categoria\/"},"img":{"alt_text":"","src":"https:\/\/i0.wp.com\/lasprimeras.com.do\/wp-content\/uploads\/2023\/11\/MIGRANTES.jpg?resize=350%2C200&ssl=1","width":350,"height":200,"srcset":"https:\/\/i0.wp.com\/lasprimeras.com.do\/wp-content\/uploads\/2023\/11\/MIGRANTES.jpg?resize=350%2C200&ssl=1 1x, https:\/\/i0.wp.com\/lasprimeras.com.do\/wp-content\/uploads\/2023\/11\/MIGRANTES.jpg?resize=525%2C300&ssl=1 1.5x, https:\/\/i0.wp.com\/lasprimeras.com.do\/wp-content\/uploads\/2023\/11\/MIGRANTES.jpg?resize=700%2C400&ssl=1 2x"},"classes":[]},{"id":70478,"url":"https:\/\/lasprimeras.com.do\/index.php\/2023\/12\/11\/corte-aplaza-una-audiencia-del-exdiplomatico-de-eeuu-victor-manuel-rocha-por-espionaje-para-cuba\/","url_meta":{"origin":106847,"position":1},"title":"Corte aplaza una audiencia del exdiplom\u00e1tico de EEUU V\u00edctor Manuel Rocha por espionaje para Cuba","author":"Nelson Feliz","date":"11 de diciembre de 2023","format":false,"excerpt":"El exdiplom\u00e1tico ten\u00eda una audiencia este martes, la segunda en el proceso desde que fue arrestado MIAMI, Florida, EE.UU. -Una corte de Miami (EE.UU.) pospuso para el pr\u00f3ximo 12 de enero la audiencia del exdiplom\u00e1tico estadounidense V\u00edctor Manuel Rocha, quien est\u00e1 acusado de varios cargos relacionados con espionaje para Cuba\u2026","rel":"","context":"En \u00abSin categor\u00eda\u00bb","block_context":{"text":"Sin categor\u00eda","link":"https:\/\/lasprimeras.com.do\/index.php\/category\/sin-categoria\/"},"img":{"alt_text":"Manuel Rocha","src":"https:\/\/i0.wp.com\/lasprimeras.com.do\/wp-content\/uploads\/2023\/12\/Manuel-Rocha.jpg?resize=350%2C200&ssl=1","width":350,"height":200,"srcset":"https:\/\/i0.wp.com\/lasprimeras.com.do\/wp-content\/uploads\/2023\/12\/Manuel-Rocha.jpg?resize=350%2C200&ssl=1 1x, https:\/\/i0.wp.com\/lasprimeras.com.do\/wp-content\/uploads\/2023\/12\/Manuel-Rocha.jpg?resize=525%2C300&ssl=1 1.5x, https:\/\/i0.wp.com\/lasprimeras.com.do\/wp-content\/uploads\/2023\/12\/Manuel-Rocha.jpg?resize=700%2C400&ssl=1 2x"},"classes":[]},{"id":60601,"url":"https:\/\/lasprimeras.com.do\/index.php\/2023\/09\/16\/marlins-es-primer-equipo-del-este-que-gana-serie-a-atlanta-olson-da-hr-52-y-supera-a-jones\/","url_meta":{"origin":106847,"position":2},"title":"Marlins es primer equipo del Este que gana serie a Atlanta, Olson da Hr. 52 y supera a Jones","author":"Nelson Feliz","date":"16 de septiembre de 2023","format":false,"excerpt":"Jake Burger conect\u00f3 un jonr\u00f3n de dos carreras que signific\u00f3 la ventaja y Jazz Chisholm Jr. agreg\u00f3 un grand slam en la octava entrada por los Marlins de Miami, que se alejaron en la pizarra para arrollar el s\u00e1bado 11-5 a los Bravos de Atlanta. El venezolano Luis Arr\u00e1ez y\u2026","rel":"","context":"En \u00abSin categor\u00eda\u00bb","block_context":{"text":"Sin categor\u00eda","link":"https:\/\/lasprimeras.com.do\/index.php\/category\/sin-categoria\/"},"img":{"alt_text":"Jazz Chisholm Jr., de los Marlins de Miami, festeja tras conectar un grand slam ante los Bravos de AtlantaAP","src":"https:\/\/i0.wp.com\/lasprimeras.com.do\/wp-content\/uploads\/2023\/09\/Matt-Olson.jpeg?resize=350%2C200&ssl=1","width":350,"height":200,"srcset":"https:\/\/i0.wp.com\/lasprimeras.com.do\/wp-content\/uploads\/2023\/09\/Matt-Olson.jpeg?resize=350%2C200&ssl=1 1x, https:\/\/i0.wp.com\/lasprimeras.com.do\/wp-content\/uploads\/2023\/09\/Matt-Olson.jpeg?resize=525%2C300&ssl=1 1.5x, https:\/\/i0.wp.com\/lasprimeras.com.do\/wp-content\/uploads\/2023\/09\/Matt-Olson.jpeg?resize=700%2C400&ssl=1 2x"},"classes":[]},{"id":79323,"url":"https:\/\/lasprimeras.com.do\/index.php\/2024\/03\/26\/allanan-mansiones-del-rapero-sean-diddy-combs-en-los-angeles-y-miami\/","url_meta":{"origin":106847,"position":3},"title":"Allanan mansiones del rapero Sean &#8220;Diddy&#8221; Combs en Los \u00c1ngeles y Miami","author":"BIMARY DE JES\u00daS Matos","date":"26 de marzo de 2024","format":false,"excerpt":"Miami.-Agentes de Investigaciones de Seguridad Nacional (HSI) allanaron este lunes mansiones en Los \u00c1ngeles y Miami asociadas con el magnate del rap Sean \u2018Diddy\u2019 Combs y su productora, como parte de una investigaci\u00f3n federal al parecer vinculada al tr\u00e1fico de personas, seg\u00fan informaron medios estadounidenses. Una lujosa vivienda de Holmby\u2026","rel":"","context":"En \u00abENTRETENIMIENTO\u00bb","block_context":{"text":"ENTRETENIMIENTO","link":"https:\/\/lasprimeras.com.do\/index.php\/category\/entretenimiento\/"},"img":{"alt_text":"","src":"https:\/\/i0.wp.com\/lasprimeras.com.do\/wp-content\/uploads\/2024\/03\/1-millon-de-jovenes-votaran-en-las-elecciones-municipales-2-12.jpg?resize=350%2C200&ssl=1","width":350,"height":200,"srcset":"https:\/\/i0.wp.com\/lasprimeras.com.do\/wp-content\/uploads\/2024\/03\/1-millon-de-jovenes-votaran-en-las-elecciones-municipales-2-12.jpg?resize=350%2C200&ssl=1 1x, https:\/\/i0.wp.com\/lasprimeras.com.do\/wp-content\/uploads\/2024\/03\/1-millon-de-jovenes-votaran-en-las-elecciones-municipales-2-12.jpg?resize=525%2C300&ssl=1 1.5x, https:\/\/i0.wp.com\/lasprimeras.com.do\/wp-content\/uploads\/2024\/03\/1-millon-de-jovenes-votaran-en-las-elecciones-municipales-2-12.jpg?resize=700%2C400&ssl=1 2x"},"classes":[]},{"id":110724,"url":"https:\/\/lasprimeras.com.do\/index.php\/2025\/10\/01\/canciller-cubano-dice-que-agenda-personal-de-rubio-en-america-latina-pone-en-riesgo-perspectivas-de-paz-de-trump\/","url_meta":{"origin":106847,"position":4},"title":"Canciller cubano dice que agenda &#8220;personal&#8221; de Rubio en Am\u00e9rica Latina pone en riesgo perspectivas de paz de Trump","author":"Nelson Feliz","date":"1 de octubre de 2025","format":false,"excerpt":"Por FARNOUSH AMIRI NUEVA YORK (AP) \u2014 Las recientes escaladas de Estados Unidos en el Caribe son resultado de la agenda \u201cpersonal\u201d del secretario de Estado Marco Rubio contra la regi\u00f3n, dijo el jefe diplom\u00e1tico de Cuba, y agreg\u00f3 que su hom\u00f3logo estadounidense est\u00e1 impulsando cada vez m\u00e1s pol\u00edticas que\u2026","rel":"","context":"En \u00abINTERNACIONALES\u00bb","block_context":{"text":"INTERNACIONALES","link":"https:\/\/lasprimeras.com.do\/index.php\/category\/sin-categoria\/internacionales\/"},"img":{"alt_text":"","src":"https:\/\/i0.wp.com\/lasprimeras.com.do\/wp-content\/uploads\/2025\/10\/Bruno-Rodriguez-Parrilla.jpg?resize=350%2C200&ssl=1","width":350,"height":200,"srcset":"https:\/\/i0.wp.com\/lasprimeras.com.do\/wp-content\/uploads\/2025\/10\/Bruno-Rodriguez-Parrilla.jpg?resize=350%2C200&ssl=1 1x, https:\/\/i0.wp.com\/lasprimeras.com.do\/wp-content\/uploads\/2025\/10\/Bruno-Rodriguez-Parrilla.jpg?resize=525%2C300&ssl=1 1.5x, https:\/\/i0.wp.com\/lasprimeras.com.do\/wp-content\/uploads\/2025\/10\/Bruno-Rodriguez-Parrilla.jpg?resize=700%2C400&ssl=1 2x"},"classes":[]},{"id":50536,"url":"https:\/\/lasprimeras.com.do\/index.php\/2023\/05\/22\/prensa-independiente-cubana-inquieta-por-ley-regulara-medios\/","url_meta":{"origin":106847,"position":5},"title":"Prensa independiente cubana inquieta por ley regular\u00e1 medios","author":"prenxa100","date":"22 de mayo de 2023","format":false,"excerpt":"El peri\u00f3dico Juventud Rebelde \u2013que pertenece a la Uni\u00f3n de J\u00f3venes Comunistas\u2013 afirm\u00f3 esta semana que el proyecto \u201cse inspira en el legado\u201d de \u201cFidel Castro Ruz, el gran comunicador de la Revoluci\u00f3n\u201d. La Habana, Cuba, EFE.-.El Parlamento cubano tiene previsto aprobar en unos d\u00edas la ley de Comunicaci\u00f3n Social,\u2026","rel":"","context":"En \u00abSin categor\u00eda\u00bb","block_context":{"text":"Sin categor\u00eda","link":"https:\/\/lasprimeras.com.do\/index.php\/category\/sin-categoria\/"},"img":{"alt_text":"","src":"","width":0,"height":0},"classes":[]}],"jetpack_sharing_enabled":true,"_links":{"self":[{"href":"https:\/\/lasprimeras.com.do\/index.php\/wp-json\/wp\/v2\/posts\/106847","targetHints":{"allow":["GET"]}}],"collection":[{"href":"https:\/\/lasprimeras.com.do\/index.php\/wp-json\/wp\/v2\/posts"}],"about":[{"href":"https:\/\/lasprimeras.com.do\/index.php\/wp-json\/wp\/v2\/types\/post"}],"author":[{"embeddable":true,"href":"https:\/\/lasprimeras.com.do\/index.php\/wp-json\/wp\/v2\/users\/10"}],"replies":[{"embeddable":true,"href":"https:\/\/lasprimeras.com.do\/index.php\/wp-json\/wp\/v2\/comments?post=106847"}],"version-history":[{"count":1,"href":"https:\/\/lasprimeras.com.do\/index.php\/wp-json\/wp\/v2\/posts\/106847\/revisions"}],"predecessor-version":[{"id":106849,"href":"https:\/\/lasprimeras.com.do\/index.php\/wp-json\/wp\/v2\/posts\/106847\/revisions\/106849"}],"wp:featuredmedia":[{"embeddable":true,"href":"https:\/\/lasprimeras.com.do\/index.php\/wp-json\/wp\/v2\/media\/106848"}],"wp:attachment":[{"href":"https:\/\/lasprimeras.com.do\/index.php\/wp-json\/wp\/v2\/media?parent=106847"}],"wp:term":[{"taxonomy":"category","embeddable":true,"href":"https:\/\/lasprimeras.com.do\/index.php\/wp-json\/wp\/v2\/categories?post=106847"},{"taxonomy":"post_tag","embeddable":true,"href":"https:\/\/lasprimeras.com.do\/index.php\/wp-json\/wp\/v2\/tags?post=106847"}],"curies":[{"name":"wp","href":"https:\/\/api.w.org\/{rel}","templated":true}]}}