{"id":106873,"date":"2025-08-20T11:16:24","date_gmt":"2025-08-20T15:16:24","guid":{"rendered":"https:\/\/lasprimeras.com.do\/?p=106873"},"modified":"2025-08-20T11:16:26","modified_gmt":"2025-08-20T15:16:26","slug":"celebran-el-tercer-campamento-de-tenis-de-mesa-blanca-iris-alejo","status":"publish","type":"post","link":"https:\/\/lasprimeras.com.do\/index.php\/2025\/08\/20\/celebran-el-tercer-campamento-de-tenis-de-mesa-blanca-iris-alejo\/","title":{"rendered":"Celebran el tercer campamento de tenis de mesa \u201cBlanca Iris Alejo\u201d"},"content":{"rendered":"\n<p><strong>Ni\u00f1os de los barrios de Sim\u00f3n Bol\u00edvar, Capotillo, Las Ca\u00f1itas, Ensanche Luper\u00f3n y Ensanche Espaillat.<\/strong><\/p>\n\n\n\n<p>\u201cCada uno de estos ni\u00f1os representa una nueva esperanza para el pa\u00eds\u201d, coment\u00f3 Blancas Iris Alejo, Inmortal del Deporte Dominicano al permanecer por 24 a\u00f1os como miembro de la selecci\u00f3n nacional de tenis de mesa.<\/p>\n\n\n\n<p>Precis\u00f3 que para ella es un orgullo ver accionado tantos ni\u00f1os en la disciplina deportiva de tenis mesa, deporte el cual practico desde que era ni\u00f1a.<\/p>\n\n\n\n<p>\u201cEste deporte me ayud\u00f3 a formarme no solo como atleta, sino tambi\u00e9n me ayud\u00f3 para alcanzar mis prop\u00f3sitos, por lo que la persona que soy hoy se lo debo al deporte y a las hermanas del colegio Mar\u00eda Inmaculada, quienes sembraron en m\u00ed valores que hoy comparto con la nueva generaci\u00f3n \u201d, explic\u00f3.<\/p>\n\n\n\n<p>A\u00f1adi\u00f3 que para ella ese proyecto no es solo una actividad deportiva sino un compromiso con la comunidad, con los ni\u00f1os y el pa\u00eds.<\/p>\n\n\n\n<p>Blanca Iris aprovech\u00f3 para agradecer el gran respaldo brindado a su proyecto de parte de Alberto Rodr\u00edguez, director de Instituto Nacional de Educaci\u00f3n F\u00edsica; Evaristo P\u00e9rez, director del Programa Deportes para Todos; Ram\u00f3n Hip\u00f3lito Mej\u00eda, as\u00ed como a Daniel Landr\u00f3n y Magin D\u00edaz, ministro de Hacienda.<\/p>\n\n\n\n<p>\u201cSi hoy estamos celebrando esta actividad deportiva en parte se debe al respaldo que hemos tenidos de parte de esas personas se\u00f1aladas\u201d, indic\u00f3.<\/p>\n","protected":false},"excerpt":{"rendered":"<p>Ni\u00f1os de los barrios de Sim\u00f3n Bol\u00edvar, Capotillo, Las Ca\u00f1itas, Ensanche Luper\u00f3n y Ensanche Espaillat. \u201cCada uno de estos ni\u00f1os representa una nueva esperanza para el pa\u00eds\u201d, coment\u00f3 Blancas Iris&hellip;<\/p>\n","protected":false},"author":10,"featured_media":106874,"comment_status":"open","ping_status":"open","sticky":false,"template":"","format":"standard","meta":{"content-type":"","jetpack_post_was_ever_published":false,"_jetpack_newsletter_access":"","_jetpack_dont_email_post_to_subs":false,"_jetpack_newsletter_tier_id":0,"_jetpack_memberships_contains_paywalled_content":false,"_jetpack_memberships_contains_paid_content":false,"footnotes":""},"categories":[630],"tags":[23411,23410,6995,23414,23413,23412,58,5480],"class_list":["post-106873","post","type-post","status-publish","format-standard","has-post-thumbnail","hentry","category-deportes","tag-blanca-iris-alejo","tag-campamento-de-tenis-de-mesa","tag-capotillo","tag-ensanche-espaillat","tag-ensanche-luperon","tag-las-canitas","tag-ninos","tag-simon-bolivar"],"jetpack_featured_media_url":"https:\/\/lasprimeras.com.do\/wp-content\/uploads\/2025\/08\/Campamento-de-Tenis-de-Mesa-1.jpg","jetpack-related-posts":[{"id":78275,"url":"https:\/\/lasprimeras.com.do\/index.php\/2024\/02\/29\/tenis-de-mesa-recibe-la-visita-de-la-exmedallista-panamericana-monica-liyau\/","url_meta":{"origin":106873,"position":0},"title":"Tenis de Mesa recibe la visita de la exmedallista panamericana M\u00f3nica Liyau","author":"Nelson Feliz","date":"29 de febrero de 2024","format":false,"excerpt":"Programa Impactando Vidas llega a Rep\u00fablica Dominicana para trabajar y transformar la vida de los atletas a trav\u00e9s de esta disciplina. La extenimesista peruana, M\u00f3nica Liyau present\u00f3 en las instalaciones de la Asociaci\u00f3n de Tenis de Mesa del Distrito Nacional (ATM) el programa \u201cImpactando Vidas\u201d que busca impactar y transformar\u2026","rel":"","context":"En \u00abSin categor\u00eda\u00bb","block_context":{"text":"Sin categor\u00eda","link":"https:\/\/lasprimeras.com.do\/index.php\/category\/sin-categoria\/"},"img":{"alt_text":"M\u00f3nica Liyau","src":"https:\/\/i0.wp.com\/lasprimeras.com.do\/wp-content\/uploads\/2024\/02\/Monica-Liyau-1.jpg?resize=350%2C200&ssl=1","width":350,"height":200,"srcset":"https:\/\/i0.wp.com\/lasprimeras.com.do\/wp-content\/uploads\/2024\/02\/Monica-Liyau-1.jpg?resize=350%2C200&ssl=1 1x, https:\/\/i0.wp.com\/lasprimeras.com.do\/wp-content\/uploads\/2024\/02\/Monica-Liyau-1.jpg?resize=525%2C300&ssl=1 1.5x"},"classes":[]},{"id":52273,"url":"https:\/\/lasprimeras.com.do\/index.php\/2023\/06\/08\/inefi-lleva-programa-entrenando-con-las-estrellas\/","url_meta":{"origin":106873,"position":1},"title":"INEFI lleva programa \u201cEntrenando con las Estrellas&#8221;","author":"prenxa100","date":"8 de junio de 2023","format":false,"excerpt":"El Instituto Nacional Educaci\u00f3n F\u00edsica (INEFI) llev\u00f3 su programa \u201cEntrenando con las Estrellas\u201d al centro educativo Santo Cura de As\u00eds, en el sector Capotillo, Distrito Nacional donde tambi\u00e9n se entreg\u00f3 utiler\u00eda deportiva. La jornada estuvo dirigida por Alberto Rodr\u00edguez Mella, director ejecutivo del INEFI, en la que las deportistas Yamilet\u2026","rel":"","context":"En \u00abSin categor\u00eda\u00bb","block_context":{"text":"Sin categor\u00eda","link":"https:\/\/lasprimeras.com.do\/index.php\/category\/sin-categoria\/"},"img":{"alt_text":"","src":"","width":0,"height":0},"classes":[]},{"id":105528,"url":"https:\/\/lasprimeras.com.do\/index.php\/2025\/08\/04\/abinader-informa-500-mil-estudiantes-y-atletas-se-han-beneficiado-con-mas-de-900-intervenciones-de-instalaciones-deportivas-en-el-pais\/","url_meta":{"origin":106873,"position":2},"title":"Abinader informa 500 mil estudiantes y atletas se han beneficiado con m\u00e1s de 900 intervenciones de instalaciones deportivas en el pa\u00eds","author":"Nelson Feliz","date":"4 de agosto de 2025","format":false,"excerpt":"Asimismo, el mandatario anunci\u00f3 que el Gobierno a trav\u00e9s del INEFI ha beneficiado un mill\u00f3n 500 mil estudiantes y atletas con la entrega de 113 mil art\u00edculos deportivos y que en los Programas de Atletas de Alto Rendimiento se han beneficiado m\u00e1s de 60,000 mil personas y 150 centros educativos\u2026","rel":"","context":"En \u00abDEPORTES\u00bb","block_context":{"text":"DEPORTES","link":"https:\/\/lasprimeras.com.do\/index.php\/category\/deportes\/"},"img":{"alt_text":"","src":"https:\/\/i0.wp.com\/lasprimeras.com.do\/wp-content\/uploads\/2025\/08\/inefi.jpg?resize=350%2C200&ssl=1","width":350,"height":200,"srcset":"https:\/\/i0.wp.com\/lasprimeras.com.do\/wp-content\/uploads\/2025\/08\/inefi.jpg?resize=350%2C200&ssl=1 1x, https:\/\/i0.wp.com\/lasprimeras.com.do\/wp-content\/uploads\/2025\/08\/inefi.jpg?resize=525%2C300&ssl=1 1.5x, https:\/\/i0.wp.com\/lasprimeras.com.do\/wp-content\/uploads\/2025\/08\/inefi.jpg?resize=700%2C400&ssl=1 2x"},"classes":[]},{"id":122741,"url":"https:\/\/lasprimeras.com.do\/index.php\/2026\/02\/20\/edeeste-supera-los-35-mil-clientes-con-servicio-prepago\/","url_meta":{"origin":106873,"position":3},"title":"Edeeste supera los 35 mil clientes con servicio Prepago","author":"Nelson Feliz","date":"20 de febrero de 2026","format":false,"excerpt":"Edeeste proyecta incorporar 10 mil m\u00e1s en 2026. La Empresa Distribuidora de Electricidad del Este (Edeeste) inform\u00f3 que actualmente cuenta con 35,284 clientes contratados bajo la modalidad de servicio Prepago, consolidando esta alternativa como una herramienta clave para fomentar un consumo el\u00e9ctrico m\u00e1s eficiente dentro de su zona de concesi\u00f3n.\u2026","rel":"","context":"En \u00abECONOM\u00cdA\u00bb","block_context":{"text":"ECONOM\u00cdA","link":"https:\/\/lasprimeras.com.do\/index.php\/category\/economia\/"},"img":{"alt_text":"Edeeste","src":"https:\/\/i0.wp.com\/lasprimeras.com.do\/wp-content\/uploads\/2026\/02\/Edeeste-1.jpg?resize=350%2C200&ssl=1","width":350,"height":200,"srcset":"https:\/\/i0.wp.com\/lasprimeras.com.do\/wp-content\/uploads\/2026\/02\/Edeeste-1.jpg?resize=350%2C200&ssl=1 1x, https:\/\/i0.wp.com\/lasprimeras.com.do\/wp-content\/uploads\/2026\/02\/Edeeste-1.jpg?resize=525%2C300&ssl=1 1.5x, https:\/\/i0.wp.com\/lasprimeras.com.do\/wp-content\/uploads\/2026\/02\/Edeeste-1.jpg?resize=700%2C400&ssl=1 2x"},"classes":[]},{"id":92710,"url":"https:\/\/lasprimeras.com.do\/index.php\/2025\/01\/12\/gobierno-lanza-proyecto-de-titulacion-en-el-norte-del-distrito-nacional\/","url_meta":{"origin":106873,"position":4},"title":"Gobierno lanza proyecto de titulaci\u00f3n en el norte del Distrito Nacional","author":"Nelson Feliz","date":"12 de enero de 2025","format":false,"excerpt":"Impacto directo en 7,500 familias y 1,400,000 metros cuadrados de terreno urbano en el Distrito Nacional Norte. Continuaci\u00f3n del proyecto lanzado en junio en Domingo Savio, que beneficia a m\u00e1s de 8,000 familias y 32,000 personas. El presidente Luis Abinader encabez\u00f3 este domingo el lanzamiento del ambicioso proyecto de titulaci\u00f3n\u2026","rel":"","context":"En \u00abNACIONALES\u00bb","block_context":{"text":"NACIONALES","link":"https:\/\/lasprimeras.com.do\/index.php\/category\/nacionales\/"},"img":{"alt_text":"Luis Abinader","src":"https:\/\/i0.wp.com\/lasprimeras.com.do\/wp-content\/uploads\/2025\/01\/Luis-Abinader-1.jpg?resize=350%2C200&ssl=1","width":350,"height":200,"srcset":"https:\/\/i0.wp.com\/lasprimeras.com.do\/wp-content\/uploads\/2025\/01\/Luis-Abinader-1.jpg?resize=350%2C200&ssl=1 1x, https:\/\/i0.wp.com\/lasprimeras.com.do\/wp-content\/uploads\/2025\/01\/Luis-Abinader-1.jpg?resize=525%2C300&ssl=1 1.5x, https:\/\/i0.wp.com\/lasprimeras.com.do\/wp-content\/uploads\/2025\/01\/Luis-Abinader-1.jpg?resize=700%2C400&ssl=1 2x"},"classes":[]},{"id":58522,"url":"https:\/\/lasprimeras.com.do\/index.php\/2023\/08\/24\/pld-aplaza-sin-fecha-marcha-que-habia-convocado-para-este-sabado\/","url_meta":{"origin":106873,"position":5},"title":"PLD aplaza sin fecha marcha que hab\u00eda convocado para este s\u00e1bado","author":"Nelson Feliz","date":"24 de agosto de 2023","format":false,"excerpt":"El Partido de la Liberaci\u00f3n Dominicana (PLD) aplaz\u00f3 la denominada \u00abMarcha de la Esperanza\u00bb que estaba programada para este s\u00e1bado 26 agosto en el Distrito Nacional debido a los da\u00f1os causados por el paso de la tormenta tropical Franklin en algunos barrios. El presidente de la Circunscripci\u00f3n Electoral No. 3\u2026","rel":"","context":"En \u00abPORTADA\u00bb","block_context":{"text":"PORTADA","link":"https:\/\/lasprimeras.com.do\/index.php\/category\/portada\/"},"img":{"alt_text":"","src":"https:\/\/i0.wp.com\/lasprimeras.com.do\/wp-content\/uploads\/2023\/06\/Casa-Nacional-PLD.jpg?resize=350%2C200&ssl=1","width":350,"height":200,"srcset":"https:\/\/i0.wp.com\/lasprimeras.com.do\/wp-content\/uploads\/2023\/06\/Casa-Nacional-PLD.jpg?resize=350%2C200&ssl=1 1x, https:\/\/i0.wp.com\/lasprimeras.com.do\/wp-content\/uploads\/2023\/06\/Casa-Nacional-PLD.jpg?resize=525%2C300&ssl=1 1.5x, https:\/\/i0.wp.com\/lasprimeras.com.do\/wp-content\/uploads\/2023\/06\/Casa-Nacional-PLD.jpg?resize=700%2C400&ssl=1 2x"},"classes":[]}],"jetpack_sharing_enabled":true,"_links":{"self":[{"href":"https:\/\/lasprimeras.com.do\/index.php\/wp-json\/wp\/v2\/posts\/106873","targetHints":{"allow":["GET"]}}],"collection":[{"href":"https:\/\/lasprimeras.com.do\/index.php\/wp-json\/wp\/v2\/posts"}],"about":[{"href":"https:\/\/lasprimeras.com.do\/index.php\/wp-json\/wp\/v2\/types\/post"}],"author":[{"embeddable":true,"href":"https:\/\/lasprimeras.com.do\/index.php\/wp-json\/wp\/v2\/users\/10"}],"replies":[{"embeddable":true,"href":"https:\/\/lasprimeras.com.do\/index.php\/wp-json\/wp\/v2\/comments?post=106873"}],"version-history":[{"count":1,"href":"https:\/\/lasprimeras.com.do\/index.php\/wp-json\/wp\/v2\/posts\/106873\/revisions"}],"predecessor-version":[{"id":106875,"href":"https:\/\/lasprimeras.com.do\/index.php\/wp-json\/wp\/v2\/posts\/106873\/revisions\/106875"}],"wp:featuredmedia":[{"embeddable":true,"href":"https:\/\/lasprimeras.com.do\/index.php\/wp-json\/wp\/v2\/media\/106874"}],"wp:attachment":[{"href":"https:\/\/lasprimeras.com.do\/index.php\/wp-json\/wp\/v2\/media?parent=106873"}],"wp:term":[{"taxonomy":"category","embeddable":true,"href":"https:\/\/lasprimeras.com.do\/index.php\/wp-json\/wp\/v2\/categories?post=106873"},{"taxonomy":"post_tag","embeddable":true,"href":"https:\/\/lasprimeras.com.do\/index.php\/wp-json\/wp\/v2\/tags?post=106873"}],"curies":[{"name":"wp","href":"https:\/\/api.w.org\/{rel}","templated":true}]}}