{"id":106989,"date":"2025-08-21T11:59:27","date_gmt":"2025-08-21T15:59:27","guid":{"rendered":"https:\/\/lasprimeras.com.do\/?p=106989"},"modified":"2025-08-21T11:59:29","modified_gmt":"2025-08-21T15:59:29","slug":"el-pld-tiene-asamblea-provincial-este-domingo-en-moca","status":"publish","type":"post","link":"https:\/\/lasprimeras.com.do\/index.php\/2025\/08\/21\/el-pld-tiene-asamblea-provincial-este-domingo-en-moca\/","title":{"rendered":"El PLD tiene Asamblea Provincial este domingo en Moca"},"content":{"rendered":"\n<p><strong>Danilo Medina estar\u00e1 este domingo En Moca, Espaillat, junto al secretario general del PLD, Johnny Pujols encabezando la asamblea provincial de su Partido.<\/strong><\/p>\n\n\n\n<p>El Partido de la Liberaci\u00f3n Dominicana (PLD) tiene programado para este domingo la asamblea de sus dirigentes en la provincia Espaillat, la que ser\u00e1 encabezada por el ex presidente Danilo Medina, presidente del PLD y Johnny Pujols, su secretario general.<\/p>\n\n\n\n<p>El Comit\u00e9 Provincial del PLD lo adelant\u00f3 en la rueda de prensa realizada al inicio de la semana en curso y un despacho de su Secretar\u00eda de Comunicaciones lo ratific\u00f3.<\/p>\n\n\n\n<p>El encuentro al que asistir\u00e1n miembros y dirigentes de la organizaci\u00f3n pol\u00edtica est\u00e1 pautado para iniciar a las 9:30 de la ma\u00f1ana, en el Club Jos\u00e9 Horacio Rodr\u00edguez, ubicado en el barrio del mismo nombre, detr\u00e1s de la Escuela Andr\u00e9s Bello en Moca, municipio cabecero.<\/p>\n\n\n\n<p>Al encuentro de este domingo le han antecedido reuniones previas de motivaci\u00f3n y planificaci\u00f3n de la actividad, realizadas en los cinco municipios de la provincia y los diez distritos municipales, que componen la f\u00e9rtil y productiva provincia, que lleva el nombre del gran civilista, Ulises Francisco Espaillat, quien fuera presidente de la Rep\u00fablica.<\/p>\n\n\n\n<p>En la agenda que gu\u00eda la asamblea se confirman las intervenciones de la dirigencia local y nacional, incluyendo las palabras centrales a cargo del presidente del PLD, Danilo Medina.<\/p>\n\n\n\n<p>Junto a la representaci\u00f3n provincial, el equipo operativo del PLD iniciar\u00e1 los preparativos del escenario desde el s\u00e1bado anterior.<\/p>\n","protected":false},"excerpt":{"rendered":"<p>Danilo Medina estar\u00e1 este domingo En Moca, Espaillat, junto al secretario general del PLD, Johnny Pujols encabezando la asamblea provincial de su Partido. El Partido de la Liberaci\u00f3n Dominicana (PLD)&hellip;<\/p>\n","protected":false},"author":10,"featured_media":106990,"comment_status":"open","ping_status":"open","sticky":false,"template":"","format":"standard","meta":{"content-type":"","jetpack_post_was_ever_published":false,"_jetpack_newsletter_access":"","_jetpack_dont_email_post_to_subs":false,"_jetpack_newsletter_tier_id":0,"_jetpack_memberships_contains_paywalled_content":false,"_jetpack_memberships_contains_paid_content":false,"footnotes":""},"categories":[16559,25],"tags":[18201,8292,2030,269],"class_list":["post-106989","post","type-post","status-publish","format-standard","has-post-thumbnail","hentry","category-politica","category-portada","tag-asamblea-provincial","tag-espaillat","tag-moca","tag-pld"],"jetpack_featured_media_url":"https:\/\/lasprimeras.com.do\/wp-content\/uploads\/2025\/08\/DM-en-mao.jpg","jetpack-related-posts":[{"id":105311,"url":"https:\/\/lasprimeras.com.do\/index.php\/2025\/08\/01\/danilo-medina-y-johnny-pujols-encabezaran-asamblea-del-pld-en-la-vega-el-domingo\/","url_meta":{"origin":106989,"position":0},"title":"Danilo Medina y Johnny Pujols encabezar\u00e1n asamblea del PLD en La Vega el domingo","author":"Nelson Feliz","date":"1 de agosto de 2025","format":false,"excerpt":"El PLD en La Vega se prepara para la realizaci\u00f3n de la asamblea provincial programada para el pr\u00f3ximo domingo. El Partido de la Liberaci\u00f3n Dominicana (PLD) en La Vega afina los detalles para celebrar este domingo 3 de agosto la asamblea correspondiente a dicha provincia en la que participar\u00e1n miembros\u2026","rel":"","context":"En \u00abPOLITICA\u00bb","block_context":{"text":"POLITICA","link":"https:\/\/lasprimeras.com.do\/index.php\/category\/politica\/"},"img":{"alt_text":"Danilo Medina y Johnny Pujols","src":"https:\/\/i0.wp.com\/lasprimeras.com.do\/wp-content\/uploads\/2025\/08\/Danilo-Medina-y-Johnny-Pujols.jpg?resize=350%2C200&ssl=1","width":350,"height":200,"srcset":"https:\/\/i0.wp.com\/lasprimeras.com.do\/wp-content\/uploads\/2025\/08\/Danilo-Medina-y-Johnny-Pujols.jpg?resize=350%2C200&ssl=1 1x, https:\/\/i0.wp.com\/lasprimeras.com.do\/wp-content\/uploads\/2025\/08\/Danilo-Medina-y-Johnny-Pujols.jpg?resize=525%2C300&ssl=1 1.5x, https:\/\/i0.wp.com\/lasprimeras.com.do\/wp-content\/uploads\/2025\/08\/Danilo-Medina-y-Johnny-Pujols.jpg?resize=700%2C400&ssl=1 2x"},"classes":[]},{"id":105925,"url":"https:\/\/lasprimeras.com.do\/index.php\/2025\/08\/08\/pld-celebrara-asamblea-provincial-este-domingo-en-san-juan\/","url_meta":{"origin":106989,"position":1},"title":"PLD celebrar\u00e1 Asamblea Provincial este domingo en San Juan","author":"Nelson Feliz","date":"8 de agosto de 2025","format":false,"excerpt":"Direcci\u00f3n municipal del PLD en San Juan en los preparativos de la Asamblea Provincial que encabezar\u00e1n Danilo Medina y Johnny Pujols el pr\u00f3ximo domingo. El Partido de la Liberaci\u00f3n Dominicana (PLD) en la provincia San Juan afina los detalles para la celebraci\u00f3n de Asamblea Provincial convocada para el pr\u00f3ximo domingo\u2026","rel":"","context":"En \u00abPOLITICA\u00bb","block_context":{"text":"POLITICA","link":"https:\/\/lasprimeras.com.do\/index.php\/category\/politica\/"},"img":{"alt_text":"","src":"https:\/\/i0.wp.com\/lasprimeras.com.do\/wp-content\/uploads\/2025\/08\/Direccion-municipal-del-PLD-en-San-Juan-1.jpg?resize=350%2C200&ssl=1","width":350,"height":200,"srcset":"https:\/\/i0.wp.com\/lasprimeras.com.do\/wp-content\/uploads\/2025\/08\/Direccion-municipal-del-PLD-en-San-Juan-1.jpg?resize=350%2C200&ssl=1 1x, https:\/\/i0.wp.com\/lasprimeras.com.do\/wp-content\/uploads\/2025\/08\/Direccion-municipal-del-PLD-en-San-Juan-1.jpg?resize=525%2C300&ssl=1 1.5x, https:\/\/i0.wp.com\/lasprimeras.com.do\/wp-content\/uploads\/2025\/08\/Direccion-municipal-del-PLD-en-San-Juan-1.jpg?resize=700%2C400&ssl=1 2x"},"classes":[]},{"id":103671,"url":"https:\/\/lasprimeras.com.do\/index.php\/2025\/07\/17\/asamblea-provincial-del-pld-en-dajabon-el-domingo-20-julio\/","url_meta":{"origin":106989,"position":2},"title":"Asamblea provincial del PLD en Dajab\u00f3n el domingo 20 julio","author":"Nelson Feliz","date":"17 de julio de 2025","format":false,"excerpt":"El PLD en Dajab\u00f3n prepara asamblea de dirigentes pautada para el pr\u00f3ximo domingo, que encabezar\u00e1n, Danilo Medina, presidente del PLD y Johnny Pujols, secretario general El Partido de la Liberaci\u00f3n Dominicana (PLD) en Dajab\u00f3n se prepara para recibir el pr\u00f3ximo domingo al ex presidente de la Rep\u00fablica, Danilo Medina, presidente\u2026","rel":"","context":"En \u00abPOLITICA\u00bb","block_context":{"text":"POLITICA","link":"https:\/\/lasprimeras.com.do\/index.php\/category\/politica\/"},"img":{"alt_text":"","src":"https:\/\/i0.wp.com\/lasprimeras.com.do\/wp-content\/uploads\/2025\/07\/Asamblea-provincial-del-PLD-en-Dajabon.jpg?resize=350%2C200&ssl=1","width":350,"height":200,"srcset":"https:\/\/i0.wp.com\/lasprimeras.com.do\/wp-content\/uploads\/2025\/07\/Asamblea-provincial-del-PLD-en-Dajabon.jpg?resize=350%2C200&ssl=1 1x, https:\/\/i0.wp.com\/lasprimeras.com.do\/wp-content\/uploads\/2025\/07\/Asamblea-provincial-del-PLD-en-Dajabon.jpg?resize=525%2C300&ssl=1 1.5x, https:\/\/i0.wp.com\/lasprimeras.com.do\/wp-content\/uploads\/2025\/07\/Asamblea-provincial-del-PLD-en-Dajabon.jpg?resize=700%2C400&ssl=1 2x"},"classes":[]},{"id":122155,"url":"https:\/\/lasprimeras.com.do\/index.php\/2026\/02\/14\/barahona-preparada-para-gran-asamblea-del-pld-alli\/","url_meta":{"origin":106989,"position":3},"title":"Barahona preparada para Gran Asamblea del PLD all\u00ed","author":"Nelson Feliz","date":"14 de febrero de 2026","format":false,"excerpt":"Danilo Medina y Johnny Pujols","rel":"","context":"En \u00abPOLITICA\u00bb","block_context":{"text":"POLITICA","link":"https:\/\/lasprimeras.com.do\/index.php\/category\/politica\/"},"img":{"alt_text":"Danilo Medina y Johnny Pujols","src":"https:\/\/i0.wp.com\/lasprimeras.com.do\/wp-content\/uploads\/2026\/02\/Danilo-Medina-y-Johnny-Pujols.jpg?resize=350%2C200&ssl=1","width":350,"height":200,"srcset":"https:\/\/i0.wp.com\/lasprimeras.com.do\/wp-content\/uploads\/2026\/02\/Danilo-Medina-y-Johnny-Pujols.jpg?resize=350%2C200&ssl=1 1x, https:\/\/i0.wp.com\/lasprimeras.com.do\/wp-content\/uploads\/2026\/02\/Danilo-Medina-y-Johnny-Pujols.jpg?resize=525%2C300&ssl=1 1.5x, https:\/\/i0.wp.com\/lasprimeras.com.do\/wp-content\/uploads\/2026\/02\/Danilo-Medina-y-Johnny-Pujols.jpg?resize=700%2C400&ssl=1 2x"},"classes":[]},{"id":103859,"url":"https:\/\/lasprimeras.com.do\/index.php\/2025\/07\/19\/actividad-del-pld-este-domingo-en-dajabon\/","url_meta":{"origin":106989,"position":4},"title":"Actividad del PLD este domingo en Dajab\u00f3n","author":"Nelson Feliz","date":"19 de julio de 2025","format":false,"excerpt":"El PLD en Dajab\u00f3n se prepara para la asamblea provincial de este domingo encabezada por Danilo Medina, presidente y Johnny Pujols Secretario General. El ex presidente de la Rep\u00fablica, Danilo Medina, Presidente del Partido de la Liberaci\u00f3n Dominicana (PLD), tiene a su cargo las palabras centrales del acto programado para\u2026","rel":"","context":"En \u00abPOLITICA\u00bb","block_context":{"text":"POLITICA","link":"https:\/\/lasprimeras.com.do\/index.php\/category\/politica\/"},"img":{"alt_text":"","src":"https:\/\/i0.wp.com\/lasprimeras.com.do\/wp-content\/uploads\/2024\/02\/pld-inscribe-el-95-de-las-candidaturas-antes-del-plazo_2-focus-0-0-375-240.jpg?resize=350%2C200&ssl=1","width":350,"height":200},"classes":[]},{"id":111497,"url":"https:\/\/lasprimeras.com.do\/index.php\/2025\/10\/09\/asamblea-de-dirigentes-del-pld-este-domingo-en-santiago\/","url_meta":{"origin":106989,"position":5},"title":"Asamblea de dirigentes del PLD este domingo en Santiago","author":"Nelson Feliz","date":"9 de octubre de 2025","format":false,"excerpt":"El ex Presidente, Danilo Medina, presidente del PLD Y Johnny Pujols, secretario general, encabezan asamblea provincial en Santiago. El Partido de la Liberaci\u00f3n Dominicana (PLD) en Santiago avanza en los preparativos de la asamblea de sus dirigentes en la provincia, que ser\u00e1 encabezada por el presidente de la organizaci\u00f3n, el\u2026","rel":"","context":"En \u00abPOLITICA\u00bb","block_context":{"text":"POLITICA","link":"https:\/\/lasprimeras.com.do\/index.php\/category\/politica\/"},"img":{"alt_text":"","src":"https:\/\/i0.wp.com\/lasprimeras.com.do\/wp-content\/uploads\/2025\/10\/Danilo-Medina-y-Johnny-Pujols.jpeg?resize=350%2C200&ssl=1","width":350,"height":200,"srcset":"https:\/\/i0.wp.com\/lasprimeras.com.do\/wp-content\/uploads\/2025\/10\/Danilo-Medina-y-Johnny-Pujols.jpeg?resize=350%2C200&ssl=1 1x, https:\/\/i0.wp.com\/lasprimeras.com.do\/wp-content\/uploads\/2025\/10\/Danilo-Medina-y-Johnny-Pujols.jpeg?resize=525%2C300&ssl=1 1.5x, https:\/\/i0.wp.com\/lasprimeras.com.do\/wp-content\/uploads\/2025\/10\/Danilo-Medina-y-Johnny-Pujols.jpeg?resize=700%2C400&ssl=1 2x, https:\/\/i0.wp.com\/lasprimeras.com.do\/wp-content\/uploads\/2025\/10\/Danilo-Medina-y-Johnny-Pujols.jpeg?resize=1050%2C600&ssl=1 3x"},"classes":[]}],"jetpack_sharing_enabled":true,"_links":{"self":[{"href":"https:\/\/lasprimeras.com.do\/index.php\/wp-json\/wp\/v2\/posts\/106989","targetHints":{"allow":["GET"]}}],"collection":[{"href":"https:\/\/lasprimeras.com.do\/index.php\/wp-json\/wp\/v2\/posts"}],"about":[{"href":"https:\/\/lasprimeras.com.do\/index.php\/wp-json\/wp\/v2\/types\/post"}],"author":[{"embeddable":true,"href":"https:\/\/lasprimeras.com.do\/index.php\/wp-json\/wp\/v2\/users\/10"}],"replies":[{"embeddable":true,"href":"https:\/\/lasprimeras.com.do\/index.php\/wp-json\/wp\/v2\/comments?post=106989"}],"version-history":[{"count":1,"href":"https:\/\/lasprimeras.com.do\/index.php\/wp-json\/wp\/v2\/posts\/106989\/revisions"}],"predecessor-version":[{"id":106991,"href":"https:\/\/lasprimeras.com.do\/index.php\/wp-json\/wp\/v2\/posts\/106989\/revisions\/106991"}],"wp:featuredmedia":[{"embeddable":true,"href":"https:\/\/lasprimeras.com.do\/index.php\/wp-json\/wp\/v2\/media\/106990"}],"wp:attachment":[{"href":"https:\/\/lasprimeras.com.do\/index.php\/wp-json\/wp\/v2\/media?parent=106989"}],"wp:term":[{"taxonomy":"category","embeddable":true,"href":"https:\/\/lasprimeras.com.do\/index.php\/wp-json\/wp\/v2\/categories?post=106989"},{"taxonomy":"post_tag","embeddable":true,"href":"https:\/\/lasprimeras.com.do\/index.php\/wp-json\/wp\/v2\/tags?post=106989"}],"curies":[{"name":"wp","href":"https:\/\/api.w.org\/{rel}","templated":true}]}}