{"id":106998,"date":"2025-08-21T12:32:11","date_gmt":"2025-08-21T16:32:11","guid":{"rendered":"https:\/\/lasprimeras.com.do\/?p=106998"},"modified":"2025-08-21T12:32:13","modified_gmt":"2025-08-21T16:32:13","slug":"camara-de-comercio-dominico-belga-juramenta-su-junta-directiva-para-el-periodo-2025-2027","status":"publish","type":"post","link":"https:\/\/lasprimeras.com.do\/index.php\/2025\/08\/21\/camara-de-comercio-dominico-belga-juramenta-su-junta-directiva-para-el-periodo-2025-2027\/","title":{"rendered":"C\u00e1mara de Comercio Dom\u00ednico-Belga juramenta su Junta Directiva para el per\u00edodo 2025\u20132027"},"content":{"rendered":"\n<p>La C\u00e1mara de Comercio, Industria y Turismo Dom\u00ednico-Belga (BelCham-RD) jurament\u00f3 a su nueva Junta Directiva para el per\u00edodo 2025\u20132027, durante un encuentro que cont\u00f3 con la participaci\u00f3n de sus principales aliados.<\/p>\n\n\n\n<p>En la ocasi\u00f3n, la entidad reafirm\u00f3 su compromiso de continuar fortaleciendo los lazos comerciales, econ\u00f3micos y culturales entre la Rep\u00fablica Dominicana y B\u00e9lgica.<\/p>\n\n\n\n<p>La nueva directiva que estar\u00e1 liderada por su presidente Mauricio Bogaert Tavares, trabajar\u00e1 para afianzar los lazos de hermandad que une a los dos pa\u00edses y fortalecer el cumplimiento de los objetivos que presentaron, enfocados en promover y estimular la cooperaci\u00f3n, la integraci\u00f3n y los acuerdos estrat\u00e9gicos para incidir de manera constructiva en el desarrollo nacional.<\/p>\n\n\n\n<p>Mauricio Bogaert Tavares, al ofrecer las palabras centrales del acto destac\u00f3: \u201cMi objetivo durante los dos pr\u00f3ximos a\u00f1os ser\u00e1 el desarrollo de iniciativas que fortalezcan a nuestra membres\u00eda y la creaci\u00f3n de proyectos estrat\u00e9gicos orientados a impulsar el crecimiento bilateral y consolidar el posicionamiento de la C\u00e1mara como referente en el \u00e1mbito empresarial binacional\u201d.<\/p>\n\n\n\n<p>Adicionalmente, la Junta Directiva estar\u00e1 integrada por destacados empresarios, entre ellos Jean Marco Pou Fern\u00e1ndez como vicepresidente ejecutivo; Patrice Leonard (SEGEMA, S.R.L.) y UTP Dominican Republic (UPTDR) como vicepresidentes belgas; Luis Eduardo Aquino y Pablo Torres como vicepresidentes dominicanos; Carlos Tavares como secretario; Mois\u00e9s Rodr\u00edguez (La Realeza Dominican Tabaco) como tesorero; los vocales Danni A. Osoria, representando a Grupo Logitur, e Isabel Puig N\u00fa\u00f1ez representando a Laga Corporation, y la se\u00f1ora Sabrina Amparo Sosa, como Directora Ejecutiva.<\/p>\n\n\n\n<p>Este equipo trabajar\u00e1 de manera coordinada en una agenda ambiciosa para ampliar el comercio bilateral, atraer inversi\u00f3n extranjera y promover una integraci\u00f3n m\u00e1s profunda en los \u00e1mbitos empresarial, cultural, tur\u00edstico y acad\u00e9mico.<\/p>\n\n\n\n<p>De igual forma, la nueva Junta Directiva resalt\u00f3 la tendencia positiva en las relaciones comerciales entre ambos pa\u00edses, destacando que la Rep\u00fablica Dominicana es el principal socio comercial de B\u00e9lgica en el Caribe.<\/p>\n\n\n\n<p>En los \u00faltimos a\u00f1os, las relaciones comerciales entre la Rep\u00fablica Dominicana y B\u00e9lgica han experimentado un notable dinamismo. Solo en 2024, el intercambio bilateral super\u00f3 los USD 250 millones, consolidando un crecimiento sostenido del 15% anual durante el \u00faltimo trienio.<\/p>\n\n\n\n<p>B\u00e9lgica se posiciona como un socio estrat\u00e9gico para el pa\u00eds, especialmente en la exportaci\u00f3n de productos como cacao, tabaco, frutas tropicales y dispositivos m\u00e9dicos, mientras que mantiene una presencia destacada en sectores clave como log\u00edstica, tecnolog\u00eda e inversi\u00f3n industrial.<\/p>\n\n\n\n<p>Finalmente, durante el acto, BelCham-RD rindi\u00f3 un especial homenaje a Paulette Ricart, presidenta saliente, por su liderazgo visionario, que permiti\u00f3 fortalecer institucionalmente la C\u00e1mara y abrir nuevas oportunidades de comercio e inversi\u00f3n.<\/p>\n","protected":false},"excerpt":{"rendered":"<p>La C\u00e1mara de Comercio, Industria y Turismo Dom\u00ednico-Belga (BelCham-RD) jurament\u00f3 a su nueva Junta Directiva para el per\u00edodo 2025\u20132027, durante un encuentro que cont\u00f3 con la participaci\u00f3n de sus principales&hellip;<\/p>\n","protected":false},"author":10,"featured_media":106999,"comment_status":"open","ping_status":"open","sticky":false,"template":"","format":"standard","meta":{"content-type":"","jetpack_post_was_ever_published":false,"_jetpack_newsletter_access":"","_jetpack_dont_email_post_to_subs":false,"_jetpack_newsletter_tier_id":0,"_jetpack_memberships_contains_paywalled_content":false,"_jetpack_memberships_contains_paid_content":false,"footnotes":""},"categories":[84],"tags":[23472,11587,23471,8489,23473],"class_list":["post-106998","post","type-post","status-publish","format-standard","has-post-thumbnail","hentry","category-entretenimiento","tag-belcham-rd","tag-camara-de-comercio","tag-dominico-belga","tag-junta-directiva","tag-periodo-2025-2027"],"jetpack_featured_media_url":"https:\/\/lasprimeras.com.do\/wp-content\/uploads\/2025\/08\/Maurcio-Bogaert-junto-a-la-Junta-Directiva.jpg","jetpack-related-posts":[{"id":111436,"url":"https:\/\/lasprimeras.com.do\/index.php\/2025\/10\/08\/juramentan-nueva-directiva-filial-adompretur-en-ny\/","url_meta":{"origin":106998,"position":0},"title":"Juramentan nueva directiva filial Adompretur en NY","author":"Nelson Feliz","date":"8 de octubre de 2025","format":false,"excerpt":"Por Ram\u00f3n Mercedes NUEVA YORK.- Una nueva directiva de la filial de la Asociaci\u00f3n Dominicana de la Prensa Tur\u00edstica (Adompretur) para el per\u00edodo 2025-2027, fue juramentada el pasado fin de semana en esta ciudad por la presidenta nacional, Sarah Hern\u00e1ndez. Fue reelecto como presidente el comunicador C\u00e9sar Romero, adem\u00e1s, Rafael\u2026","rel":"","context":"En \u00abTURISMO\u00bb","block_context":{"text":"TURISMO","link":"https:\/\/lasprimeras.com.do\/index.php\/category\/turismo\/"},"img":{"alt_text":"","src":"https:\/\/i0.wp.com\/lasprimeras.com.do\/wp-content\/uploads\/2025\/10\/Juramentan-nueva-directiva-filial-Adompretur-en-NY.jpg?resize=350%2C200&ssl=1","width":350,"height":200,"srcset":"https:\/\/i0.wp.com\/lasprimeras.com.do\/wp-content\/uploads\/2025\/10\/Juramentan-nueva-directiva-filial-Adompretur-en-NY.jpg?resize=350%2C200&ssl=1 1x, https:\/\/i0.wp.com\/lasprimeras.com.do\/wp-content\/uploads\/2025\/10\/Juramentan-nueva-directiva-filial-Adompretur-en-NY.jpg?resize=525%2C300&ssl=1 1.5x, https:\/\/i0.wp.com\/lasprimeras.com.do\/wp-content\/uploads\/2025\/10\/Juramentan-nueva-directiva-filial-Adompretur-en-NY.jpg?resize=700%2C400&ssl=1 2x"},"classes":[]},{"id":108717,"url":"https:\/\/lasprimeras.com.do\/index.php\/2025\/09\/10\/codap-juramenta-su-nueva-directiva-en-santiago\/","url_meta":{"origin":106998,"position":1},"title":"CODAP juramenta su nueva directiva en Santiago","author":"Nelson Feliz","date":"10 de septiembre de 2025","format":false,"excerpt":"El Colegio Dominicano de Artistas Pl\u00e1sticos (CODAP) jurament\u00f3 su nueva directiva en la filial de Santiago, correspondiente al per\u00edodo 2025-2027, presidida por Zaida Mej\u00eda, quien fue electa a unanimidad. Como parte de la directiva del CODAP en Santiago, tambi\u00e9n fueron juramentados junto a Mej\u00eda, Jairo Ferreira, como vicepresidente; Jos\u00e9 Herrera,\u2026","rel":"","context":"En \u00abENTRETENIMIENTO\u00bb","block_context":{"text":"ENTRETENIMIENTO","link":"https:\/\/lasprimeras.com.do\/index.php\/category\/entretenimiento\/"},"img":{"alt_text":"Amaurys Reyes, Zaida Mej\u00eda, Francy Garc\u00eda y Joel Gonell","src":"https:\/\/i0.wp.com\/lasprimeras.com.do\/wp-content\/uploads\/2025\/09\/Amaurys-Reyes-Zaida-Mejia-Francy-Garcia-y-Joel-Gonell.jpg?resize=350%2C200&ssl=1","width":350,"height":200,"srcset":"https:\/\/i0.wp.com\/lasprimeras.com.do\/wp-content\/uploads\/2025\/09\/Amaurys-Reyes-Zaida-Mejia-Francy-Garcia-y-Joel-Gonell.jpg?resize=350%2C200&ssl=1 1x, https:\/\/i0.wp.com\/lasprimeras.com.do\/wp-content\/uploads\/2025\/09\/Amaurys-Reyes-Zaida-Mejia-Francy-Garcia-y-Joel-Gonell.jpg?resize=525%2C300&ssl=1 1.5x, https:\/\/i0.wp.com\/lasprimeras.com.do\/wp-content\/uploads\/2025\/09\/Amaurys-Reyes-Zaida-Mejia-Francy-Garcia-y-Joel-Gonell.jpg?resize=700%2C400&ssl=1 2x"},"classes":[]},{"id":100112,"url":"https:\/\/lasprimeras.com.do\/index.php\/2025\/05\/30\/ricardo-fondeur-gana-elecciones-del-cdes-de-santiago\/","url_meta":{"origin":106998,"position":2},"title":"Ricardo Fondeur gana elecciones del CDES de Santiago","author":"Nelson Feliz","date":"30 de mayo de 2025","format":false,"excerpt":"Nueva Junta Directiva promete ejecutar acciones en favor del desarrollo econ\u00f3mico y social de Santiago. El empresario Ricardo Fondeur gan\u00f3 las elecciones a la presidencia del Consejo para el Desarrollo Estrat\u00e9gico de Santiago (CDES) para el per\u00edodo 2025-2027 con un 51.3 % de los votos, seg\u00fan revel\u00f3 la Comisi\u00f3n Electoral\u2026","rel":"","context":"En \u00abECONOM\u00cdA\u00bb","block_context":{"text":"ECONOM\u00cdA","link":"https:\/\/lasprimeras.com.do\/index.php\/category\/economia\/"},"img":{"alt_text":"","src":"https:\/\/i0.wp.com\/lasprimeras.com.do\/wp-content\/uploads\/2025\/06\/Ricardo-Fondeur-1.jpg?resize=350%2C200&ssl=1","width":350,"height":200,"srcset":"https:\/\/i0.wp.com\/lasprimeras.com.do\/wp-content\/uploads\/2025\/06\/Ricardo-Fondeur-1.jpg?resize=350%2C200&ssl=1 1x, https:\/\/i0.wp.com\/lasprimeras.com.do\/wp-content\/uploads\/2025\/06\/Ricardo-Fondeur-1.jpg?resize=525%2C300&ssl=1 1.5x, https:\/\/i0.wp.com\/lasprimeras.com.do\/wp-content\/uploads\/2025\/06\/Ricardo-Fondeur-1.jpg?resize=700%2C400&ssl=1 2x"},"classes":[]},{"id":99873,"url":"https:\/\/lasprimeras.com.do\/index.php\/2025\/05\/28\/codopyme-designa-a-isabel-puig-como-su-nueva-directora-ejecutiva\/","url_meta":{"origin":106998,"position":3},"title":"CODOPYME designa a Isabel Puig como su nueva Directora Ejecutiva","author":"Nelson Feliz","date":"28 de mayo de 2025","format":false,"excerpt":"A lo largo de su trayectoria, ha asesorado a diversas c\u00e1maras binacionales en proyectos estrat\u00e9gicos, incluyendo misiones comerciales, y ha sido miembro de m\u00faltiples consejos y fundaciones. La Confederaci\u00f3n Dominicana de la Micro, Peque\u00f1a y Mediana Empresa, INC, (CODOPYME) anunci\u00f3 la designaci\u00f3n de Isabel Puig como su nueva directora ejecutiva.\u2026","rel":"","context":"En \u00abECONOM\u00cdA\u00bb","block_context":{"text":"ECONOM\u00cdA","link":"https:\/\/lasprimeras.com.do\/index.php\/category\/economia\/"},"img":{"alt_text":"Isabel Puig nueva directora ejecutiva de CODOPYME","src":"https:\/\/i0.wp.com\/lasprimeras.com.do\/wp-content\/uploads\/2025\/05\/Isabel-Puig-nueva-directora-ejecutiva-de-CODOPYME.jpg?resize=350%2C200&ssl=1","width":350,"height":200,"srcset":"https:\/\/i0.wp.com\/lasprimeras.com.do\/wp-content\/uploads\/2025\/05\/Isabel-Puig-nueva-directora-ejecutiva-de-CODOPYME.jpg?resize=350%2C200&ssl=1 1x, https:\/\/i0.wp.com\/lasprimeras.com.do\/wp-content\/uploads\/2025\/05\/Isabel-Puig-nueva-directora-ejecutiva-de-CODOPYME.jpg?resize=525%2C300&ssl=1 1.5x, https:\/\/i0.wp.com\/lasprimeras.com.do\/wp-content\/uploads\/2025\/05\/Isabel-Puig-nueva-directora-ejecutiva-de-CODOPYME.jpg?resize=700%2C400&ssl=1 2x"},"classes":[]},{"id":113759,"url":"https:\/\/lasprimeras.com.do\/index.php\/2025\/11\/05\/comercio-bilateral-entre-rd-y-paises-bajos-crece-30-en-2025-destaca-el-embajador-carlos-de-la-mota\/","url_meta":{"origin":106998,"position":4},"title":"Comercio bilateral entre RD y Pa\u00edses Bajos crece 30 % en 2025, destaca el embajador Carlos de la Mota","author":"Nelson Feliz","date":"5 de noviembre de 2025","format":false,"excerpt":"Los datos fueron ofrecidos durante la \u201cNoche Dominicana: Caf\u00e9, Cacao, Ron y Tabaco\u201d, actividad que celebr\u00f3 la identidad cultural y los lazos hist\u00f3ricos entre ambas naciones. La Haya, Pa\u00edses Bajos.- La Embajada de la Rep\u00fablica Dominicana en el Reino de los Pa\u00edses Bajos inform\u00f3 que el comercio bilateral entre ambos\u2026","rel":"","context":"En \u00abECONOM\u00cdA\u00bb","block_context":{"text":"ECONOM\u00cdA","link":"https:\/\/lasprimeras.com.do\/index.php\/category\/economia\/"},"img":{"alt_text":"","src":"https:\/\/i0.wp.com\/lasprimeras.com.do\/wp-content\/uploads\/2025\/11\/Republica-Dominicana-y-Paises-Bajos.jpg?resize=350%2C200&ssl=1","width":350,"height":200,"srcset":"https:\/\/i0.wp.com\/lasprimeras.com.do\/wp-content\/uploads\/2025\/11\/Republica-Dominicana-y-Paises-Bajos.jpg?resize=350%2C200&ssl=1 1x, https:\/\/i0.wp.com\/lasprimeras.com.do\/wp-content\/uploads\/2025\/11\/Republica-Dominicana-y-Paises-Bajos.jpg?resize=525%2C300&ssl=1 1.5x, https:\/\/i0.wp.com\/lasprimeras.com.do\/wp-content\/uploads\/2025\/11\/Republica-Dominicana-y-Paises-Bajos.jpg?resize=700%2C400&ssl=1 2x"},"classes":[]},{"id":111870,"url":"https:\/\/lasprimeras.com.do\/index.php\/2025\/10\/14\/con-homenaje-postumo-a-maria-cristina-camilo-adompretur-juramenta-nueva-directiva-en-nueva-york\/","url_meta":{"origin":106998,"position":5},"title":"Con homenaje p\u00f3stumo a Mar\u00eda Cristina Camilo, Adompretur juramenta nueva directiva en Nueva York","author":"Nelson Feliz","date":"14 de octubre de 2025","format":false,"excerpt":"Por Aquiles Rojas NUEVA YORK. \u2013 La Asociaci\u00f3n Dominicana de Prensa Tur\u00edstica (Adompretur) filial Nueva York celebr\u00f3 este domingo el acto de juramentaci\u00f3n de su directiva correspondiente al per\u00edodo 2025-2027, durante una emotiva ceremonia realizada en los salones de la Direcci\u00f3n Dominicana de Cultura, en el alto Manhattan. El evento\u2026","rel":"","context":"En \u00abTURISMO\u00bb","block_context":{"text":"TURISMO","link":"https:\/\/lasprimeras.com.do\/index.php\/category\/turismo\/"},"img":{"alt_text":"","src":"https:\/\/i0.wp.com\/lasprimeras.com.do\/wp-content\/uploads\/2025\/10\/Adompretur.jpg?resize=350%2C200&ssl=1","width":350,"height":200,"srcset":"https:\/\/i0.wp.com\/lasprimeras.com.do\/wp-content\/uploads\/2025\/10\/Adompretur.jpg?resize=350%2C200&ssl=1 1x, https:\/\/i0.wp.com\/lasprimeras.com.do\/wp-content\/uploads\/2025\/10\/Adompretur.jpg?resize=525%2C300&ssl=1 1.5x, https:\/\/i0.wp.com\/lasprimeras.com.do\/wp-content\/uploads\/2025\/10\/Adompretur.jpg?resize=700%2C400&ssl=1 2x"},"classes":[]}],"jetpack_sharing_enabled":true,"_links":{"self":[{"href":"https:\/\/lasprimeras.com.do\/index.php\/wp-json\/wp\/v2\/posts\/106998","targetHints":{"allow":["GET"]}}],"collection":[{"href":"https:\/\/lasprimeras.com.do\/index.php\/wp-json\/wp\/v2\/posts"}],"about":[{"href":"https:\/\/lasprimeras.com.do\/index.php\/wp-json\/wp\/v2\/types\/post"}],"author":[{"embeddable":true,"href":"https:\/\/lasprimeras.com.do\/index.php\/wp-json\/wp\/v2\/users\/10"}],"replies":[{"embeddable":true,"href":"https:\/\/lasprimeras.com.do\/index.php\/wp-json\/wp\/v2\/comments?post=106998"}],"version-history":[{"count":1,"href":"https:\/\/lasprimeras.com.do\/index.php\/wp-json\/wp\/v2\/posts\/106998\/revisions"}],"predecessor-version":[{"id":107000,"href":"https:\/\/lasprimeras.com.do\/index.php\/wp-json\/wp\/v2\/posts\/106998\/revisions\/107000"}],"wp:featuredmedia":[{"embeddable":true,"href":"https:\/\/lasprimeras.com.do\/index.php\/wp-json\/wp\/v2\/media\/106999"}],"wp:attachment":[{"href":"https:\/\/lasprimeras.com.do\/index.php\/wp-json\/wp\/v2\/media?parent=106998"}],"wp:term":[{"taxonomy":"category","embeddable":true,"href":"https:\/\/lasprimeras.com.do\/index.php\/wp-json\/wp\/v2\/categories?post=106998"},{"taxonomy":"post_tag","embeddable":true,"href":"https:\/\/lasprimeras.com.do\/index.php\/wp-json\/wp\/v2\/tags?post=106998"}],"curies":[{"name":"wp","href":"https:\/\/api.w.org\/{rel}","templated":true}]}}