{"id":107008,"date":"2025-08-21T12:55:52","date_gmt":"2025-08-21T16:55:52","guid":{"rendered":"https:\/\/lasprimeras.com.do\/?p=107008"},"modified":"2025-08-21T12:55:53","modified_gmt":"2025-08-21T16:55:53","slug":"declara-abinader-es-prolijo-en-palabras-y-escaso-en-realizaciones-para-la-diaspora","status":"publish","type":"post","link":"https:\/\/lasprimeras.com.do\/index.php\/2025\/08\/21\/declara-abinader-es-prolijo-en-palabras-y-escaso-en-realizaciones-para-la-diaspora\/","title":{"rendered":"Declara Abinader es prolijo en palabras y escaso en realizaciones para la di\u00e1spora"},"content":{"rendered":"\n<p>Por Ram\u00f3n Mercedes<\/p>\n\n\n\n<p>NUEVA YORK.- El dirigente comunitario y pol\u00edtico de izquierda en esta ciudad, Luis Mayobanex Rodr\u00edguez, declar\u00f3 que en los cinco a\u00f1os de gobierno del presidente Luis Abinader, el mandatario no ha cumplido con las comunidades dominicanas establecidas en el exterior.<\/p>\n\n\n\n<p>\u00abSu administraci\u00f3n ha sido prolija en palabras y escasa en realizaciones\u00bb, precisa Mayobanex Rodr\u00edguez.<\/p>\n\n\n\n<p>A\u00f1adi\u00f3 que \u00absu posici\u00f3n queda avalada por su incumplimiento al compromiso hecho por el propio presidente el 18 de septiembre de 2021 en el Teatro United Palace de cumplir en tres meses con m\u00faltiples demandas hechas desde la comunidad\u00bb.<\/p>\n\n\n\n<p>Asimismo, el incumplimiento contemplado en el documento \u00abAgenda Integral de Cooperaci\u00f3n y Desarrollo de las Di\u00e1spora Dominicana\u00bb, entregada al propio presidente por el congresista Adriano Espaillat, en presencia de miles de dominicanos como testigos.<\/p>\n\n\n\n<p>Han transcurrido 4 a\u00f1os y el presidente olvid\u00f3 promesas como \u00abapalancar\u00bb las millonarias remesas de nuestros migrantes, darle un car\u00e1cter m\u00e1s productivo, identificar mecanismos para abaratar su costo de env\u00edo, brindarle capacidad de cr\u00e9dito al receptor e incluso excepciones fiscales al remisor si hiciera inversiones en el pa\u00eds.<\/p>\n\n\n\n<p>Vale repetir lo dicho anteriormente y es que la inercia de los gobernantes hacia la di\u00e1spora les ha impedido buscar mecanismos para bajar el costo en las transacciones de las remesas, que de acuerdo a estudios oficiales pudieran bajar de un 6.79 % a un 3 %, lo que se traducir\u00eda en un ahorro de m\u00e1s de 380 millones de d\u00f3lares para los remesadores, especifica el l\u00edder comunitario.<\/p>\n\n\n\n<p>Duele que, repitiendo la conducta de gobiernos pasados, el actual mantenga en un estado de indefensi\u00f3n e incertidumbre a miles de dominicanos adquirientes de propiedades al no contar con un eficaz sistema de protecci\u00f3n y seguridad jur\u00eddicas, raz\u00f3n por la cual muchos resultan enga\u00f1ados por mafias que operan para tales fines en el pa\u00eds caribe\u00f1o.<\/p>\n\n\n\n<p>\u00abEl presidente Abinader tir\u00f3 en el saco del olvido su palabra de acabar con los m\u00faltiples impuestos conque el Estado penaliza la compra de tickets a\u00e9reos y el cobro de los 10 d\u00f3lares de turistas a nuestros connacionales, medidas que catalog\u00f3 como \u201ccontraproducentes\u201d delante de unas mil personas\u00bb, record\u00f3 el dirigente pol\u00edtico, en documento de prensa.<\/p>\n\n\n\n<p>\u00abIgual destino corri\u00f3 su oferta de revisar los precios consulares por emisi\u00f3n y renovaci\u00f3n de pasaporte; por actos notariales (poderes); obtenci\u00f3n de ciudadan\u00eda para el dominicano por descendencia, traducci\u00f3n y apostillamiento de documentos\u00bb.<\/p>\n\n\n\n<p>Precios, que, por elevados convierten los consulados en \u00abminitas de oro\u00bb para los representantes consulares y en \u00abun punto de atraco\u00bb para el ciudadano com\u00fan dominicano.<\/p>\n\n\n\n<p>Asimismo, \u00abAbinader proclam\u00f3 cuatro a\u00f1os atr\u00e1s su determinaci\u00f3n de \u00abhacer justicia con los quisqueyanos de la di\u00e1spora\u00bb, y ni siquiera ha cumplido con nuestros hijos menores de edad, que, adem\u00e1s de pagar los 10 d\u00f3lares como turistas al viajar a RD, si pasan m\u00e1s de 30 d\u00edas en el pa\u00eds, sus padres tienen que pagar US$50 d\u00f3lares (RD$3,100) y subir\u00eda procesualmente dependiendo del tiempo de estad\u00eda.<\/p>\n\n\n\n<p>As\u00ed trata la clase pol\u00edtica dominante a una comunidad que por sus aportes resulta fundamental para la estabilidad macroecon\u00f3mica del pa\u00eds y para satisfacer necesidades humanas b\u00e1sicas a millones de personas desatendidas por el Estado.<\/p>\n\n\n\n<p>Una comunidad que en los ultimos 5 a\u00f1os y 6 meses del presente 2025 ha remesados por canales formales a RD un poco m\u00e1s de 63 mil trescientos cincuenta y tres millones de d\u00f3lares.<\/p>\n\n\n\n<p>Bajo este gobierno se confirma lo que result\u00f3 conducta bajo los anteriores de que los migrantes dominicanos tenemos deberes para con nuestro pueblo y pa\u00eds, pero escasos derechos, puntualiz\u00f3<\/p>\n","protected":false},"excerpt":{"rendered":"<p>Por Ram\u00f3n Mercedes NUEVA YORK.- El dirigente comunitario y pol\u00edtico de izquierda en esta ciudad, Luis Mayobanex Rodr\u00edguez, declar\u00f3 que en los cinco a\u00f1os de gobierno del presidente Luis Abinader,&hellip;<\/p>\n","protected":false},"author":10,"featured_media":107009,"comment_status":"open","ping_status":"open","sticky":false,"template":"","format":"standard","meta":{"content-type":"","jetpack_post_was_ever_published":false,"_jetpack_newsletter_access":"","_jetpack_dont_email_post_to_subs":false,"_jetpack_newsletter_tier_id":0,"_jetpack_memberships_contains_paywalled_content":false,"_jetpack_memberships_contains_paid_content":false,"footnotes":""},"categories":[16559],"tags":[2329,16036,67,23477,23476],"class_list":["post-107008","post","type-post","status-publish","format-standard","has-post-thumbnail","hentry","category-politica","tag-diaspora","tag-escaso","tag-luis-abinader","tag-palabras","tag-prolijo"],"jetpack_featured_media_url":"https:\/\/lasprimeras.com.do\/wp-content\/uploads\/2025\/08\/WhatsApp-Image-2025-08-21-at-5.36.37-AM-1.jpeg","jetpack-related-posts":[{"id":107609,"url":"https:\/\/lasprimeras.com.do\/index.php\/2025\/08\/27\/sorprende-a-dominicanos-ny-envio-us63-millones-a-rd-y-gobierno-no-atienda-necesidades-comunidad\/","url_meta":{"origin":107008,"position":0},"title":"Sorprende a dominicanos NY env\u00edo US$63 millones a RD y gobierno no atienda necesidades comunidad","author":"Nelson Feliz","date":"27 de agosto de 2025","format":false,"excerpt":"Por Ram\u00f3n Mercedes NUEVA YORK.- Dominicanos pertenecientes a la \u00abCoalici\u00f3n por la Defensa de los Derechos de los Inmigrantes y la Comunidad\u00bb en esta ciudad, se muestran sorprendidos por los US$63,153.1 millones que sus connacionales han enviado en remesas a la RD, desde el 2019, y el gobierno del presidente\u2026","rel":"","context":"En \u00abECONOM\u00cdA\u00bb","block_context":{"text":"ECONOM\u00cdA","link":"https:\/\/lasprimeras.com.do\/index.php\/category\/economia\/"},"img":{"alt_text":"","src":"https:\/\/i0.wp.com\/lasprimeras.com.do\/wp-content\/uploads\/2025\/08\/WhatsApp-Image-2025-08-27-at-6.24.35-AM-1.jpeg?resize=350%2C200&ssl=1","width":350,"height":200},"classes":[]},{"id":127303,"url":"https:\/\/lasprimeras.com.do\/index.php\/2026\/04\/10\/ante-transferencia-ingresos-de-consulados-a-rd-el-gobierno-debe-adoptar-medidas-beneficien-la-diaspora\/","url_meta":{"origin":107008,"position":1},"title":"Ante transferencia ingresos de consulados a RD, el Gobierno debe adoptar medidas beneficien la di\u00e1spora","author":"Nelson Feliz","date":"10 de abril de 2026","format":false,"excerpt":"Por Ram\u00f3n Mercedes NUEVA YORK.- Luis Mayobanex Rodr\u00edguez, dirigente pol\u00edtico, activista social y miembro de la Coalici\u00f3n por la Defensa de los Inmigrantes en esta ciudad, expres\u00f3 que la decisi\u00f3n del Estado dominicano de transferir los ingresos de los consulados a la Cuenta \u00danica del Tesoro (CUT) en Rep\u00fablica Dominicana\u2026","rel":"","context":"En \u00abINTERNACIONALES\u00bb","block_context":{"text":"INTERNACIONALES","link":"https:\/\/lasprimeras.com.do\/index.php\/category\/sin-categoria\/internacionales\/"},"img":{"alt_text":"","src":"https:\/\/i0.wp.com\/lasprimeras.com.do\/wp-content\/uploads\/2026\/04\/IMG-20260410-WA0038.jpg?resize=350%2C200&ssl=1","width":350,"height":200,"srcset":"https:\/\/i0.wp.com\/lasprimeras.com.do\/wp-content\/uploads\/2026\/04\/IMG-20260410-WA0038.jpg?resize=350%2C200&ssl=1 1x, https:\/\/i0.wp.com\/lasprimeras.com.do\/wp-content\/uploads\/2026\/04\/IMG-20260410-WA0038.jpg?resize=525%2C300&ssl=1 1.5x"},"classes":[]},{"id":123529,"url":"https:\/\/lasprimeras.com.do\/index.php\/2026\/03\/02\/dominicanos-en-ny-valoran-de-manera-distinta-el-discurso-del-presidente-abinader\/","url_meta":{"origin":107008,"position":2},"title":"Dominicanos en NY valoran de manera distinta el discurso del presidente Abinader","author":"Nelson Feliz","date":"2 de marzo de 2026","format":false,"excerpt":"Por Ram\u00f3n Mercedes NUEVA YORK.- Los dominicanos residentes en esta ciudad valoran de manera diferente el discurso pronunciado el pasado viernes 27 por el presidente Luis Abinader, durante su rendici\u00f3n de cuentas 2026, en ocasi\u00f3n del 182.\u00ba aniversario de la Independencia de la Rep\u00fablica Dominicana. Quienes estuvieron en desacuerdo fueron:\u2026","rel":"","context":"En \u00abINTERNACIONALES\u00bb","block_context":{"text":"INTERNACIONALES","link":"https:\/\/lasprimeras.com.do\/index.php\/category\/sin-categoria\/internacionales\/"},"img":{"alt_text":"","src":"https:\/\/i0.wp.com\/lasprimeras.com.do\/wp-content\/uploads\/2026\/03\/IMG-20260302-WA0046.jpg?resize=350%2C200&ssl=1","width":350,"height":200},"classes":[]},{"id":118974,"url":"https:\/\/lasprimeras.com.do\/index.php\/2026\/01\/05\/afirma-gobierno-abinader-sigue-olvidando-dominicanos-en-el-exterior\/","url_meta":{"origin":107008,"position":3},"title":"Afirma gobierno Abinader sigue olvidando dominicanos en el exterior","author":"Nelson Feliz","date":"5 de enero de 2026","format":false,"excerpt":"Por Ram\u00f3n Mercedes NUEVA YORK.- Ante la proclama del gobierno dominicano de que durante el 2025 el pa\u00eds alcanz\u00f3 cifras hist\u00f3ricas en \u00e1reas clave de la vida nacional, el dirigente pol\u00edtico y comunitario en esta ciudad, Luis Mayobanex Rodr\u00edguez, asever\u00f3 que nada se hace ni dice sobre los dominicanos en\u2026","rel":"","context":"En \u00abINTERNACIONALES\u00bb","block_context":{"text":"INTERNACIONALES","link":"https:\/\/lasprimeras.com.do\/index.php\/category\/sin-categoria\/internacionales\/"},"img":{"alt_text":"Afirma gobierno Abinader sigue olvidando dominicanos en el exterior","src":"https:\/\/i0.wp.com\/lasprimeras.com.do\/wp-content\/uploads\/2026\/01\/WhatsApp-Image-2026-01-05-at-7.50.57-AM.jpeg?resize=350%2C200&ssl=1","width":350,"height":200,"srcset":"https:\/\/i0.wp.com\/lasprimeras.com.do\/wp-content\/uploads\/2026\/01\/WhatsApp-Image-2026-01-05-at-7.50.57-AM.jpeg?resize=350%2C200&ssl=1 1x, https:\/\/i0.wp.com\/lasprimeras.com.do\/wp-content\/uploads\/2026\/01\/WhatsApp-Image-2026-01-05-at-7.50.57-AM.jpeg?resize=525%2C300&ssl=1 1.5x"},"classes":[]},{"id":125578,"url":"https:\/\/lasprimeras.com.do\/index.php\/2026\/03\/24\/presidente-abinader-comparte-con-dominicanos-en-paris\/","url_meta":{"origin":107008,"position":4},"title":"Presidente Abinader comparte con dominicanos en Par\u00eds","author":"Nelson Feliz","date":"24 de marzo de 2026","format":false,"excerpt":"Asegura Gobierno continuar\u00e1 brindando ayuda y oportunidades a la di\u00e1spora. Canciller Roberto \u00c1lvarez reitera presidente Abinader ha transformado el servicio exterior dominicano. Par\u00eds, Francia.- Durante el ya acostumbrado encuentro entre el presidente Luis Abinader y dominicanos que viven en el extranjero, el jefe de Estado sostuvo un conversatorio en Par\u00eds\u2026","rel":"","context":"En \u00abNACIONALES\u00bb","block_context":{"text":"NACIONALES","link":"https:\/\/lasprimeras.com.do\/index.php\/category\/nacionales\/"},"img":{"alt_text":"Luis Abinader","src":"https:\/\/i0.wp.com\/lasprimeras.com.do\/wp-content\/uploads\/2026\/03\/Luis-Abinader-13.jpg?resize=350%2C200&ssl=1","width":350,"height":200,"srcset":"https:\/\/i0.wp.com\/lasprimeras.com.do\/wp-content\/uploads\/2026\/03\/Luis-Abinader-13.jpg?resize=350%2C200&ssl=1 1x, https:\/\/i0.wp.com\/lasprimeras.com.do\/wp-content\/uploads\/2026\/03\/Luis-Abinader-13.jpg?resize=525%2C300&ssl=1 1.5x, https:\/\/i0.wp.com\/lasprimeras.com.do\/wp-content\/uploads\/2026\/03\/Luis-Abinader-13.jpg?resize=700%2C400&ssl=1 2x"},"classes":[]},{"id":126826,"url":"https:\/\/lasprimeras.com.do\/index.php\/2026\/04\/06\/felicitan-por-el-dia-del-periodista-en\/","url_meta":{"origin":107008,"position":5},"title":"Felicitan por el D\u00eda del Periodista en","author":"Nelson Feliz","date":"6 de abril de 2026","format":false,"excerpt":"Por Ram\u00f3n Mercedes NUEVA YORK.- Personalidades del \u00e1mbito pol\u00edtico, profesional, empresarial, art\u00edstico y comunitario felicitaron este domingo a los periodistas dominicanos que ejercen en esta ciudad, en la Rep\u00fablica Dominicana y en el resto del mundo, al celebrarse el \"D\u00eda del Periodista Dominicano\". Es un deber felicitar a quienes ejercen\u2026","rel":"","context":"En \u00abINTERNACIONALES\u00bb","block_context":{"text":"INTERNACIONALES","link":"https:\/\/lasprimeras.com.do\/index.php\/category\/sin-categoria\/internacionales\/"},"img":{"alt_text":"","src":"https:\/\/i0.wp.com\/lasprimeras.com.do\/wp-content\/uploads\/2026\/04\/IMG-20260406-WA0030.jpg?resize=350%2C200&ssl=1","width":350,"height":200,"srcset":"https:\/\/i0.wp.com\/lasprimeras.com.do\/wp-content\/uploads\/2026\/04\/IMG-20260406-WA0030.jpg?resize=350%2C200&ssl=1 1x, https:\/\/i0.wp.com\/lasprimeras.com.do\/wp-content\/uploads\/2026\/04\/IMG-20260406-WA0030.jpg?resize=525%2C300&ssl=1 1.5x"},"classes":[]}],"jetpack_sharing_enabled":true,"_links":{"self":[{"href":"https:\/\/lasprimeras.com.do\/index.php\/wp-json\/wp\/v2\/posts\/107008","targetHints":{"allow":["GET"]}}],"collection":[{"href":"https:\/\/lasprimeras.com.do\/index.php\/wp-json\/wp\/v2\/posts"}],"about":[{"href":"https:\/\/lasprimeras.com.do\/index.php\/wp-json\/wp\/v2\/types\/post"}],"author":[{"embeddable":true,"href":"https:\/\/lasprimeras.com.do\/index.php\/wp-json\/wp\/v2\/users\/10"}],"replies":[{"embeddable":true,"href":"https:\/\/lasprimeras.com.do\/index.php\/wp-json\/wp\/v2\/comments?post=107008"}],"version-history":[{"count":1,"href":"https:\/\/lasprimeras.com.do\/index.php\/wp-json\/wp\/v2\/posts\/107008\/revisions"}],"predecessor-version":[{"id":107010,"href":"https:\/\/lasprimeras.com.do\/index.php\/wp-json\/wp\/v2\/posts\/107008\/revisions\/107010"}],"wp:featuredmedia":[{"embeddable":true,"href":"https:\/\/lasprimeras.com.do\/index.php\/wp-json\/wp\/v2\/media\/107009"}],"wp:attachment":[{"href":"https:\/\/lasprimeras.com.do\/index.php\/wp-json\/wp\/v2\/media?parent=107008"}],"wp:term":[{"taxonomy":"category","embeddable":true,"href":"https:\/\/lasprimeras.com.do\/index.php\/wp-json\/wp\/v2\/categories?post=107008"},{"taxonomy":"post_tag","embeddable":true,"href":"https:\/\/lasprimeras.com.do\/index.php\/wp-json\/wp\/v2\/tags?post=107008"}],"curies":[{"name":"wp","href":"https:\/\/api.w.org\/{rel}","templated":true}]}}