{"id":107039,"date":"2025-08-22T09:10:43","date_gmt":"2025-08-22T13:10:43","guid":{"rendered":"https:\/\/lasprimeras.com.do\/?p=107039"},"modified":"2025-08-22T09:10:44","modified_gmt":"2025-08-22T13:10:44","slug":"cmd-exalta-a-juan-fco-batlle-miguel-a-montalvo-y-violeta-nunez-como-maestros-de-la-medicina-dominicana","status":"publish","type":"post","link":"https:\/\/lasprimeras.com.do\/index.php\/2025\/08\/22\/cmd-exalta-a-juan-fco-batlle-miguel-a-montalvo-y-violeta-nunez-como-maestros-de-la-medicina-dominicana\/","title":{"rendered":"CMD exalta a Juan Fco. Batlle, Miguel A. Montalvo y Violeta N\u00fa\u00f1ez como \u201cMaestros de la Medicina Dominicana\u201d"},"content":{"rendered":"\n<p>En una solemne ceremonia celebrada en el marco de su 134 aniversario, el Colegio M\u00e9dico Dominicano (CMD) otorg\u00f3 su m\u00e1ximo galard\u00f3n, \u201cMaestro de la Medicina Dominicana\u201d, a tres insignes profesionales por sus extraordinarias trayectorias y aportes a la ciencia y la salud del pa\u00eds.<\/p>\n\n\n\n<p>Los doctores Juan Francisco Batlle Pichardo, Miguel A. Montalvo y Violeta N\u00fa\u00f1ez Castillo fueron exaltados durante un emotivo acto en el Sal\u00f3n Dr. Manuel Dur\u00e1n Bracho de la sede del CMD.<\/p>\n\n\n\n<p>Los galardonados recibieron sus certificados de acreditaci\u00f3n de manos del Dr. Waldo Ariel Suero, presidente de la entidad; el Dr. Luis Pe\u00f1a N\u00fa\u00f1ez, secretario general; y la Dra. Luz Ynmaculada Herrera, secretaria de Educaci\u00f3n M\u00e9dica.<\/p>\n\n\n\n<p>El reconocimiento distingue la vasta trayectoria y los acreditados conocimientos cient\u00edficos de los homenajeados, quienes han dedicado su vida a favor de la ciencia y el bienestar de la humanidad.<\/p>\n\n\n\n<figure class=\"wp-block-image size-full\"><img decoding=\"async\" width=\"900\" height=\"599\" src=\"https:\/\/lasprimeras.com.do\/wp-content\/uploads\/2025\/08\/CMD-2.jpg\" alt=\"\" class=\"wp-image-107041\" srcset=\"https:\/\/lasprimeras.com.do\/wp-content\/uploads\/2025\/08\/CMD-2.jpg 900w, https:\/\/lasprimeras.com.do\/wp-content\/uploads\/2025\/08\/CMD-2-300x200.jpg 300w, https:\/\/lasprimeras.com.do\/wp-content\/uploads\/2025\/08\/CMD-2-768x511.jpg 768w\" sizes=\"(max-width: 900px) 100vw, 900px\" \/><\/figure>\n\n\n\n<p>Perfiles de los Galardonados:<\/p>\n\n\n\n<p>\u2022 Dr. Juan Francisco Batlle Pichardo: Reconocido por sus valiosos y significativos aportes a la oftalmolog\u00eda nacional e internacional. Su vida dedicada a la investigaci\u00f3n cient\u00edfica ha resultado en nuevos tratamientos y t\u00e9cnicas intervencionistas que han mejorado la calidad de vida de la poblaci\u00f3n. Su ejercicio profesional se ha caracterizado por una \u00e9tica inquebrantable y una alta calidad acad\u00e9mica y metodol\u00f3gica.<\/p>\n\n\n\n<p>\u2022 Dr. Miguel Antonio Montalvo Batista: Su investidura prestigia la ciencia m\u00e9dica en el \u00e1rea de la ginecolog\u00eda, tanto en el \u00e1mbito nacional como internacional. Su incansable inquietud por la investigaci\u00f3n cient\u00edfica ha llevado a la construcci\u00f3n de nuevas herramientas y avances tecnol\u00f3gicos, permitiendo ofrecer una atenci\u00f3n de mayor calidad y calidez a sus pacientes.<\/p>\n\n\n\n<p>\u2022 Dra. Cecilia Violeta N\u00fa\u00f1ez Castillo: Exaltada por sus merecidos y valiosos aportes a la neumolog\u00eda. Posee una s\u00f3lida y bien acrisolada hoja de vida acad\u00e9mica y de investigaci\u00f3n cient\u00edfica en salud. Ha brindado servicios con \u00e9tica, calidad y calidez, priorizando siempre la educaci\u00f3n m\u00e9dica y la formaci\u00f3n de nuevas generaciones, consolid\u00e1ndose como un paradigma en las ciencias de la salud en la Rep\u00fablica Dominicana.<\/p>\n\n\n\n<p>Durante su discurso, el Dr. Waldo Ariel Suero, presidente del CMD, hizo una s\u00edntesis sobre la evoluci\u00f3n de las ciencias de la salud, destacando los logros que han permitido la preservaci\u00f3n y el aumento del nivel de vida de los seres humanos.<\/p>\n\n\n\n<p>La ceremonia, realizada tras un riguroso proceso de evaluaci\u00f3n conforme a los reglamentos vigentes del gremio, reafirma el compromiso del Colegio M\u00e9dico Dominicano con el reconocimiento a la excelencia, la \u00e9tica y la dedicaci\u00f3n en el ejercicio de la medicina en el pa\u00eds.<\/p>\n\n\n\n<p>Sobre el Colegio M\u00e9dico Dominicano: El Colegio M\u00e9dico Dominicano (CMD) es la instituci\u00f3n que agrupa y regula a los profesionales de la medicina en la Rep\u00fablica Dominicana.<\/p>\n\n\n\n<p>Fundado hace 134 a\u00f1os, tiene como misi\u00f3n velar por el ejercicio \u00e9tico de la profesi\u00f3n, promover la educaci\u00f3n m\u00e9dica continua y defender los derechos del gremio m\u00e9dico, contribuyendo al desarrollo y bienestar de la salud del pueblo dominicano.<\/p>\n","protected":false},"excerpt":{"rendered":"<p>En una solemne ceremonia celebrada en el marco de su 134 aniversario, el Colegio M\u00e9dico Dominicano (CMD) otorg\u00f3 su m\u00e1ximo galard\u00f3n, \u201cMaestro de la Medicina Dominicana\u201d, a tres insignes profesionales&hellip;<\/p>\n","protected":false},"author":10,"featured_media":107040,"comment_status":"open","ping_status":"open","sticky":false,"template":"","format":"standard","meta":{"content-type":"","jetpack_post_was_ever_published":false,"_jetpack_newsletter_access":"","_jetpack_dont_email_post_to_subs":false,"_jetpack_newsletter_tier_id":0,"_jetpack_memberships_contains_paywalled_content":false,"_jetpack_memberships_contains_paid_content":false,"footnotes":""},"categories":[25,16558],"tags":[1057,23492,23493,23496,23494,23495],"class_list":["post-107039","post","type-post","status-publish","format-standard","has-post-thumbnail","hentry","category-portada","category-salud","tag-cmd","tag-exalta","tag-juan-francisco-batlle-pichardo","tag-maestros-de-la-medicina-dominicana","tag-miguel-a-montalvo","tag-violeta-nunez-castillo"],"jetpack_featured_media_url":"https:\/\/lasprimeras.com.do\/wp-content\/uploads\/2025\/08\/CMD-1.jpg","jetpack-related-posts":[{"id":120170,"url":"https:\/\/lasprimeras.com.do\/index.php\/2026\/01\/21\/cmd-exige-revision-de-hospitales-al-sns-tras-colapso-de-techos-en-sc-y-sfm\/","url_meta":{"origin":107039,"position":0},"title":"CMD exige revisi\u00f3n de hospitales al SNS tras colapso de techos en SC y SFM","author":"Nelson Feliz","date":"21 de enero de 2026","format":false,"excerpt":"El presidente del Colegio M\u00e9dico Dominicano (CMD), el Dr. Luis A. Pe\u00f1a Nu\u00f1ez, hizo un llamado urgente al Servicio Nacional de Salud (SNS) para que inicie de inmediato un proceso riguroso de revisi\u00f3n y supervisi\u00f3n de la planta f\u00edsica de los hospitales de la red p\u00fablica, tras los recientes incidentes\u2026","rel":"","context":"En \u00abPORTADA\u00bb","block_context":{"text":"PORTADA","link":"https:\/\/lasprimeras.com.do\/index.php\/category\/portada\/"},"img":{"alt_text":"Luis A. Pe\u00f1a Nu\u00f1ez","src":"https:\/\/i0.wp.com\/lasprimeras.com.do\/wp-content\/uploads\/2026\/01\/Luis-A.-Pena-Nunez.jpg?resize=350%2C200&ssl=1","width":350,"height":200,"srcset":"https:\/\/i0.wp.com\/lasprimeras.com.do\/wp-content\/uploads\/2026\/01\/Luis-A.-Pena-Nunez.jpg?resize=350%2C200&ssl=1 1x, https:\/\/i0.wp.com\/lasprimeras.com.do\/wp-content\/uploads\/2026\/01\/Luis-A.-Pena-Nunez.jpg?resize=525%2C300&ssl=1 1.5x, https:\/\/i0.wp.com\/lasprimeras.com.do\/wp-content\/uploads\/2026\/01\/Luis-A.-Pena-Nunez.jpg?resize=700%2C400&ssl=1 2x"},"classes":[]},{"id":107986,"url":"https:\/\/lasprimeras.com.do\/index.php\/2025\/09\/02\/cmd-denuncia-salarios-de-los-medicos-del-semma-son-vergonzosos\/","url_meta":{"origin":107039,"position":1},"title":"CMD denuncia salarios de los m\u00e9dicos del SEMMA son vergonzosos","author":"Nelson Feliz","date":"2 de septiembre de 2025","format":false,"excerpt":"El presidente del Colegio M\u00e9dico Dominicano Dr. Waldo Ariel Suero, expres\u00f3 que es una verdadera verg\u00fcenza el salario que devengan los m\u00e9dicos especialistas que laboran en el Seguro M\u00e9dico de los Maestros (ARS SEMMA). En el d\u00eda de ayer, el gremio m\u00e9dico encabezado por su presidente Dr. Waldo Ariel Suero\u2026","rel":"","context":"En \u00abPORTADA\u00bb","block_context":{"text":"PORTADA","link":"https:\/\/lasprimeras.com.do\/index.php\/category\/portada\/"},"img":{"alt_text":"Waldo Ariel Suero","src":"https:\/\/i0.wp.com\/lasprimeras.com.do\/wp-content\/uploads\/2025\/09\/Waldo-Ariel-Suero.jpg?resize=350%2C200&ssl=1","width":350,"height":200,"srcset":"https:\/\/i0.wp.com\/lasprimeras.com.do\/wp-content\/uploads\/2025\/09\/Waldo-Ariel-Suero.jpg?resize=350%2C200&ssl=1 1x, https:\/\/i0.wp.com\/lasprimeras.com.do\/wp-content\/uploads\/2025\/09\/Waldo-Ariel-Suero.jpg?resize=525%2C300&ssl=1 1.5x, https:\/\/i0.wp.com\/lasprimeras.com.do\/wp-content\/uploads\/2025\/09\/Waldo-Ariel-Suero.jpg?resize=700%2C400&ssl=1 2x"},"classes":[]},{"id":120427,"url":"https:\/\/lasprimeras.com.do\/index.php\/2026\/01\/23\/tsa-ratifica-legitimidad-de-la-presidencia-del-dr-luis-pena-nunez-en-el-cmd\/","url_meta":{"origin":107039,"position":2},"title":"TSA ratifica legitimidad de la presidencia del Dr. Luis Pe\u00f1a N\u00fa\u00f1ez en el CMD","author":"Nelson Feliz","date":"23 de enero de 2026","format":false,"excerpt":"Luis Pe\u00f1a N\u00fa\u00f1ez","rel":"","context":"En \u00abJUSTICIA\u00bb","block_context":{"text":"JUSTICIA","link":"https:\/\/lasprimeras.com.do\/index.php\/category\/justicia\/"},"img":{"alt_text":"Luis Pe\u00f1a N\u00fa\u00f1ez","src":"https:\/\/i0.wp.com\/lasprimeras.com.do\/wp-content\/uploads\/2026\/01\/Luis-Pena-Nunez.jpg?resize=350%2C200&ssl=1","width":350,"height":200,"srcset":"https:\/\/i0.wp.com\/lasprimeras.com.do\/wp-content\/uploads\/2026\/01\/Luis-Pena-Nunez.jpg?resize=350%2C200&ssl=1 1x, https:\/\/i0.wp.com\/lasprimeras.com.do\/wp-content\/uploads\/2026\/01\/Luis-Pena-Nunez.jpg?resize=525%2C300&ssl=1 1.5x, https:\/\/i0.wp.com\/lasprimeras.com.do\/wp-content\/uploads\/2026\/01\/Luis-Pena-Nunez.jpg?resize=700%2C400&ssl=1 2x"},"classes":[]},{"id":117391,"url":"https:\/\/lasprimeras.com.do\/index.php\/2025\/12\/10\/cmd-realiza-primera-jornada-nacional-de-medicina-legal-2025\/","url_meta":{"origin":107039,"position":3},"title":"CMD realiza Primera Jornada Nacional de Medicina Legal 2025","author":"Nelson Feliz","date":"10 de diciembre de 2025","format":false,"excerpt":"El evento promovi\u00f3 el fortalecimiento de la educaci\u00f3n m\u00e9dica continua y el apego a los protocolos en el ejercicio profesional. El pasado s\u00e1bado 6 de diciembre se llev\u00f3 a cabo con gran \u00e9xito la Primera Jornada Nacional de Medicina Legal 2025 en el Sal\u00f3n Dr. Duran Bracho del Colegio M\u00e9dico\u2026","rel":"","context":"En \u00abSALUD\u00bb","block_context":{"text":"SALUD","link":"https:\/\/lasprimeras.com.do\/index.php\/category\/salud\/"},"img":{"alt_text":"","src":"https:\/\/i0.wp.com\/lasprimeras.com.do\/wp-content\/uploads\/2025\/12\/cmd.jpg?resize=350%2C200&ssl=1","width":350,"height":200,"srcset":"https:\/\/i0.wp.com\/lasprimeras.com.do\/wp-content\/uploads\/2025\/12\/cmd.jpg?resize=350%2C200&ssl=1 1x, https:\/\/i0.wp.com\/lasprimeras.com.do\/wp-content\/uploads\/2025\/12\/cmd.jpg?resize=525%2C300&ssl=1 1.5x, https:\/\/i0.wp.com\/lasprimeras.com.do\/wp-content\/uploads\/2025\/12\/cmd.jpg?resize=700%2C400&ssl=1 2x"},"classes":[]},{"id":118162,"url":"https:\/\/lasprimeras.com.do\/index.php\/2025\/12\/22\/ministro-de-salud-felicita-al-dr-luis-pena-nunez-tras-asumir-la-presidencia-del-cmd\/","url_meta":{"origin":107039,"position":4},"title":"Ministro de Salud felicita al Dr. Luis Pe\u00f1a N\u00fa\u00f1ez tras asumir la presidencia del CMD","author":"Nelson Feliz","date":"22 de diciembre de 2025","format":false,"excerpt":"El ministro de Salud P\u00fablica, doctor V\u00edctor Atallah, extendi\u00f3 sus felicitaciones al doctor Luis Pe\u00f1a N\u00fa\u00f1ez por su reciente elecci\u00f3n y toma de posesi\u00f3n como presidente del Colegio M\u00e9dico Dominicano (CMD), destacando su trayectoria y compromiso con la clase m\u00e9dica nacional. A trav\u00e9s de una misiva oficial, el ministro Atallah\u2026","rel":"","context":"En \u00abSALUD\u00bb","block_context":{"text":"SALUD","link":"https:\/\/lasprimeras.com.do\/index.php\/category\/salud\/"},"img":{"alt_text":"Dr. Luis Pe\u00f1a N\u00fa\u00f1ez","src":"https:\/\/i0.wp.com\/lasprimeras.com.do\/wp-content\/uploads\/2025\/12\/Dr.-Luis-Pena-Nunez.jpg?resize=350%2C200&ssl=1","width":350,"height":200,"srcset":"https:\/\/i0.wp.com\/lasprimeras.com.do\/wp-content\/uploads\/2025\/12\/Dr.-Luis-Pena-Nunez.jpg?resize=350%2C200&ssl=1 1x, https:\/\/i0.wp.com\/lasprimeras.com.do\/wp-content\/uploads\/2025\/12\/Dr.-Luis-Pena-Nunez.jpg?resize=525%2C300&ssl=1 1.5x, https:\/\/i0.wp.com\/lasprimeras.com.do\/wp-content\/uploads\/2025\/12\/Dr.-Luis-Pena-Nunez.jpg?resize=700%2C400&ssl=1 2x"},"classes":[]},{"id":118180,"url":"https:\/\/lasprimeras.com.do\/index.php\/2025\/12\/23\/presidente-del-cmd-juramentada-a-la-doctora-mir-a-font-frias-como-directora-de-ars-cmd\/","url_meta":{"origin":107039,"position":5},"title":"Presidente del CMD juramentada a la doctora Mir a Font Frias como directora de ARS-CMD","author":"Nelson Feliz","date":"23 de diciembre de 2025","format":false,"excerpt":"La Junta Directiva Nacional del CMD y del Consejo de Administraci\u00f3n de la ARS CMD, el Dr. Luis Pe\u00f1a Nu\u00f1ez presidente del Colegio M\u00e9dico Dominicano (CMD), juramento a la Dra Mirna Esther Fonfrias como la nueva directora ejecutiva de la ARS CMD. Mirna Fonfrias es una reconocida m\u00e9dico con una\u2026","rel":"","context":"En \u00abPORTADA\u00bb","block_context":{"text":"PORTADA","link":"https:\/\/lasprimeras.com.do\/index.php\/category\/portada\/"},"img":{"alt_text":"","src":"https:\/\/i0.wp.com\/lasprimeras.com.do\/wp-content\/uploads\/2025\/12\/IMG-20251223-WA0163.jpg?resize=350%2C200&ssl=1","width":350,"height":200,"srcset":"https:\/\/i0.wp.com\/lasprimeras.com.do\/wp-content\/uploads\/2025\/12\/IMG-20251223-WA0163.jpg?resize=350%2C200&ssl=1 1x, https:\/\/i0.wp.com\/lasprimeras.com.do\/wp-content\/uploads\/2025\/12\/IMG-20251223-WA0163.jpg?resize=525%2C300&ssl=1 1.5x, https:\/\/i0.wp.com\/lasprimeras.com.do\/wp-content\/uploads\/2025\/12\/IMG-20251223-WA0163.jpg?resize=700%2C400&ssl=1 2x, https:\/\/i0.wp.com\/lasprimeras.com.do\/wp-content\/uploads\/2025\/12\/IMG-20251223-WA0163.jpg?resize=1050%2C600&ssl=1 3x"},"classes":[]}],"jetpack_sharing_enabled":true,"_links":{"self":[{"href":"https:\/\/lasprimeras.com.do\/index.php\/wp-json\/wp\/v2\/posts\/107039","targetHints":{"allow":["GET"]}}],"collection":[{"href":"https:\/\/lasprimeras.com.do\/index.php\/wp-json\/wp\/v2\/posts"}],"about":[{"href":"https:\/\/lasprimeras.com.do\/index.php\/wp-json\/wp\/v2\/types\/post"}],"author":[{"embeddable":true,"href":"https:\/\/lasprimeras.com.do\/index.php\/wp-json\/wp\/v2\/users\/10"}],"replies":[{"embeddable":true,"href":"https:\/\/lasprimeras.com.do\/index.php\/wp-json\/wp\/v2\/comments?post=107039"}],"version-history":[{"count":1,"href":"https:\/\/lasprimeras.com.do\/index.php\/wp-json\/wp\/v2\/posts\/107039\/revisions"}],"predecessor-version":[{"id":107042,"href":"https:\/\/lasprimeras.com.do\/index.php\/wp-json\/wp\/v2\/posts\/107039\/revisions\/107042"}],"wp:featuredmedia":[{"embeddable":true,"href":"https:\/\/lasprimeras.com.do\/index.php\/wp-json\/wp\/v2\/media\/107040"}],"wp:attachment":[{"href":"https:\/\/lasprimeras.com.do\/index.php\/wp-json\/wp\/v2\/media?parent=107039"}],"wp:term":[{"taxonomy":"category","embeddable":true,"href":"https:\/\/lasprimeras.com.do\/index.php\/wp-json\/wp\/v2\/categories?post=107039"},{"taxonomy":"post_tag","embeddable":true,"href":"https:\/\/lasprimeras.com.do\/index.php\/wp-json\/wp\/v2\/tags?post=107039"}],"curies":[{"name":"wp","href":"https:\/\/api.w.org\/{rel}","templated":true}]}}