{"id":107079,"date":"2025-08-22T12:02:33","date_gmt":"2025-08-22T16:02:33","guid":{"rendered":"https:\/\/lasprimeras.com.do\/?p=107079"},"modified":"2025-08-22T12:02:34","modified_gmt":"2025-08-22T16:02:34","slug":"gabinete-de-transporte-implementara-cuarta-fase-de-restriccion-de-giros-a-la-izquierda-en-la-john-f-kennedy-y-la-27-de-febrero","status":"publish","type":"post","link":"https:\/\/lasprimeras.com.do\/index.php\/2025\/08\/22\/gabinete-de-transporte-implementara-cuarta-fase-de-restriccion-de-giros-a-la-izquierda-en-la-john-f-kennedy-y-la-27-de-febrero\/","title":{"rendered":"Gabinete de Transporte implementar\u00e1 cuarta fase de restricci\u00f3n de giros a la izquierda en la John F. Kennedy y la 27 de Febrero"},"content":{"rendered":"\n<p><strong>La medida forma parte de la estrategia RD Se Mueve y ya ha reducido m\u00e1s de un 30% los tiempos de recorrido en 13 intersecciones intervenidas<\/strong><\/p>\n\n\n\n<p>El Gabinete de Transporte inform\u00f3 que este domingo dar\u00e1 inicio a la Fase IV del programa de restricci\u00f3n de giros a la izquierda, como parte de la Estrategia Integral de Gesti\u00f3n del Tr\u00e1nsito \u201cRD Se Mueve\u201d, orientada a optimizar la circulaci\u00f3n, reducir la congesti\u00f3n vehicular y mejorar la seguridad vial en los principales corredores del Distrito Nacional.<\/p>\n\n\n\n<p>Durante las tres primeras fases ya se ha reorganizado el flujo vehicular en 13 intersecciones en avenidas estrat\u00e9gicas como Lope de Vega, Tiradentes, Abraham Lincoln, Winston Churchill y M\u00e1ximo G\u00f3mez, donde se han registrado mejoras de m\u00e1s de un 30% en los tiempos de recorrido, evidenciando el impacto positivo de estas medidas.<\/p>\n\n\n\n<p>La nueva etapa impactar\u00e1 directamente los corredores de la avenida John F. Kennedy y la avenida 27 de Febrero, iniciando con la optimizaci\u00f3n de la intersecci\u00f3n semaf\u00f3rica M\u00e1ximo G\u00f3mez \u2013 John F. Kennedy, que pasar\u00e1 de cuatro a tres fases de operaci\u00f3n.<\/p>\n\n\n\n<p>Este ajuste implica la restricci\u00f3n de los giros a la izquierda en la avenida John F. Kennedy hacia el sur por la M\u00e1ximo G\u00f3mez (Este\u2013Sur) y en la avenida John F. Kennedy hacia el norte por la M\u00e1ximo G\u00f3mez (Oeste\u2013Norte), lo que permitir\u00e1 una mayor fluidez en la circulaci\u00f3n.<\/p>\n\n\n\n<p>Para el giro restringido en la John F. Kennedy hacia el sur por la M\u00e1ximo G\u00f3mez, los conductores podr\u00e1n tomar la avenida San Mart\u00edn y girar a la izquierda en la avenida M\u00e1ximo G\u00f3mez, o bien utilizar la calle Paseo de los Aviadores para incorporarse a San Mart\u00edn y desde all\u00ed conectar con M\u00e1ximo G\u00f3mez hacia el sur.<\/p>\n\n\n\n<p>En cuanto a la restricci\u00f3n en la John F. Kennedy hacia el norte por la M\u00e1ximo G\u00f3mez, la ruta alterna consiste en continuar hacia el este, girar a la derecha en la calle Paseo de los Ferreteros, luego en la calle Mayor Valverde y, finalmente, acceder a la avenida M\u00e1ximo G\u00f3mez en direcci\u00f3n norte.<\/p>\n\n\n\n<p>Tras un per\u00edodo de dos semanas de sensibilizaci\u00f3n y orientaci\u00f3n a los conductores, ya se est\u00e1 fiscalizando en las intersecciones de las avenidas Lope de Vega, Tiradentes, Winston Churchill, Abraham Lincoln y M\u00e1ximo G\u00f3mez reforzando as\u00ed el cumplimiento de la medida y garantizando su efectividad en la reducci\u00f3n de la congesti\u00f3n.<\/p>\n\n\n\n<p>Asimismo, se destac\u00f3 que las rutas estar\u00e1n disponibles en plataformas de tr\u00e1fico como WAZE, y se reiter\u00f3 que estas medidas se implementan de manera gradual y planificada, con el compromiso de mejorar la movilidad, garantizar la seguridad vial y facilitar la adaptaci\u00f3n de los ciudadanos.<\/p>\n\n\n\n<div data-wp-interactive=\"core\/file\" class=\"wp-block-file\"><object data-wp-bind--hidden=\"!state.hasPdfPreview\" hidden class=\"wp-block-file__embed\" data=\"https:\/\/lasprimeras.com.do\/wp-content\/uploads\/2025\/08\/Rutas-Alternas-Gomez-Kennedy-E-S-y-O-N-ok.pdf\" type=\"application\/pdf\" style=\"width:100%;height:600px\" aria-label=\"Incrustado de Rutas Alternas Gomez-Kennedy E-S y O-N ok.\"><\/object><a id=\"wp-block-file--media-9cfb51ce-1d1f-4603-b834-db64d7f5a010\" href=\"https:\/\/lasprimeras.com.do\/wp-content\/uploads\/2025\/08\/Rutas-Alternas-Gomez-Kennedy-E-S-y-O-N-ok.pdf\">Rutas Alternas Gomez-Kennedy E-S y O-N ok<\/a><a href=\"https:\/\/lasprimeras.com.do\/wp-content\/uploads\/2025\/08\/Rutas-Alternas-Gomez-Kennedy-E-S-y-O-N-ok.pdf\" class=\"wp-block-file__button wp-element-button\" download aria-describedby=\"wp-block-file--media-9cfb51ce-1d1f-4603-b834-db64d7f5a010\">Descarga<\/a><\/div>\n","protected":false},"excerpt":{"rendered":"<p>La medida forma parte de la estrategia RD Se Mueve y ya ha reducido m\u00e1s de un 30% los tiempos de recorrido en 13 intersecciones intervenidas El Gabinete de Transporte&hellip;<\/p>\n","protected":false},"author":10,"featured_media":107081,"comment_status":"open","ping_status":"open","sticky":false,"template":"","format":"standard","meta":{"content-type":"","jetpack_post_was_ever_published":false,"_jetpack_newsletter_access":"","_jetpack_dont_email_post_to_subs":false,"_jetpack_newsletter_tier_id":0,"_jetpack_memberships_contains_paywalled_content":false,"_jetpack_memberships_contains_paid_content":false,"footnotes":""},"categories":[35,25],"tags":[9727,23516,23517,22722,13678,9655],"class_list":["post-107079","post","type-post","status-publish","format-standard","has-post-thumbnail","hentry","category-nacionales","category-portada","tag-27-de-febrero","tag-cuarta-fase","tag-gabinete-de-transporte","tag-giros-a-la-izquierda","tag-john-f-kennedy","tag-restriccion"],"jetpack_featured_media_url":"https:\/\/lasprimeras.com.do\/wp-content\/uploads\/2025\/08\/giros.jpg","jetpack-related-posts":[{"id":107189,"url":"https:\/\/lasprimeras.com.do\/index.php\/2025\/08\/24\/digesett-prohibe-girar-a-la-izquierda-en-la-kennedy-con-gomez-y-la-27-de-febrero\/","url_meta":{"origin":107079,"position":0},"title":"Digesett prohibe girar a la izquierda en la Kennedy con G\u00f3mez y la 27 de Febrero","author":"Nelson Feliz","date":"24 de agosto de 2025","format":false,"excerpt":"En los pr\u00f3ximos d\u00edas los sem\u00e1foros tendr\u00e1n un cambio de direcci\u00f3n importante. Este domingo entr\u00f3 en vigencia la fase IV del programa de restricci\u00f3n de giros a la izquierda en los corredores de las avenidas John F. Kennedy y la 27 de Febrero. El primer punto intervenido fue la intersecci\u00f3n\u2026","rel":"","context":"En \u00abNACIONALES\u00bb","block_context":{"text":"NACIONALES","link":"https:\/\/lasprimeras.com.do\/index.php\/category\/nacionales\/"},"img":{"alt_text":"","src":"https:\/\/i0.wp.com\/lasprimeras.com.do\/wp-content\/uploads\/2025\/08\/dige-1.jpeg?resize=350%2C200&ssl=1","width":350,"height":200,"srcset":"https:\/\/i0.wp.com\/lasprimeras.com.do\/wp-content\/uploads\/2025\/08\/dige-1.jpeg?resize=350%2C200&ssl=1 1x, https:\/\/i0.wp.com\/lasprimeras.com.do\/wp-content\/uploads\/2025\/08\/dige-1.jpeg?resize=525%2C300&ssl=1 1.5x, https:\/\/i0.wp.com\/lasprimeras.com.do\/wp-content\/uploads\/2025\/08\/dige-1.jpeg?resize=700%2C400&ssl=1 2x, https:\/\/i0.wp.com\/lasprimeras.com.do\/wp-content\/uploads\/2025\/08\/dige-1.jpeg?resize=1050%2C600&ssl=1 3x"},"classes":[]},{"id":105558,"url":"https:\/\/lasprimeras.com.do\/index.php\/2025\/08\/04\/digesett-refuerza-orientacion-ciudadana-en-tercera-fase-de-eliminacion-de-giros-a-la-izquierda\/","url_meta":{"origin":107079,"position":1},"title":"DIGESETT refuerza orientaci\u00f3n ciudadana en tercera fase de eliminaci\u00f3n de giros a la izquierda","author":"Nelson Feliz","date":"4 de agosto de 2025","format":false,"excerpt":"Agentes de tr\u00e1nsito est\u00e1n desplegados en puntos estrat\u00e9gicos del Gran Santo Domingo para asistir a los conductores durante esta nueva etapa del plan \u201cRD Se Mueve\u201d La Direcci\u00f3n General de Seguridad de Tr\u00e1nsito y Transporte Terrestre (DIGESETT) inform\u00f3 que desde ayer domingo 3 de agosto, mantiene desplegados a sus agentes\u2026","rel":"","context":"En \u00abNACIONALES\u00bb","block_context":{"text":"NACIONALES","link":"https:\/\/lasprimeras.com.do\/index.php\/category\/nacionales\/"},"img":{"alt_text":"","src":"https:\/\/i0.wp.com\/lasprimeras.com.do\/wp-content\/uploads\/2025\/08\/2.jpg?resize=350%2C200&ssl=1","width":350,"height":200,"srcset":"https:\/\/i0.wp.com\/lasprimeras.com.do\/wp-content\/uploads\/2025\/08\/2.jpg?resize=350%2C200&ssl=1 1x, https:\/\/i0.wp.com\/lasprimeras.com.do\/wp-content\/uploads\/2025\/08\/2.jpg?resize=525%2C300&ssl=1 1.5x, https:\/\/i0.wp.com\/lasprimeras.com.do\/wp-content\/uploads\/2025\/08\/2.jpg?resize=700%2C400&ssl=1 2x"},"classes":[]},{"id":97247,"url":"https:\/\/lasprimeras.com.do\/index.php\/2025\/04\/17\/intrant-desmiente-se-vaya-a-prohibir-el-giro-a-la-izquierda-en-importantes-intersecciones-del-dn\/","url_meta":{"origin":107079,"position":2},"title":"Intrant desmiente se vaya a prohibir el giro a la izquierda en importantes intersecciones del DN","author":"Nelson Feliz","date":"17 de abril de 2025","format":false,"excerpt":"El director del Instituto Nacional de Tr\u00e1nsito y Transporte Terrestre (Intrant), Milton Morrison, desminti\u00f3 que a partir del pr\u00f3ximo lunes 21, se vaya a prohibir el giro a la izquierda en importantes intersecciones de la capital, como se ha estado informando. Morrison, dijo que desde hace meses las diferentes entidades\u2026","rel":"","context":"En \u00abNACIONALES\u00bb","block_context":{"text":"NACIONALES","link":"https:\/\/lasprimeras.com.do\/index.php\/category\/nacionales\/"},"img":{"alt_text":"Milton Morrison","src":"https:\/\/i0.wp.com\/lasprimeras.com.do\/wp-content\/uploads\/2025\/04\/Milton-Morrison.jpg?resize=350%2C200&ssl=1","width":350,"height":200,"srcset":"https:\/\/i0.wp.com\/lasprimeras.com.do\/wp-content\/uploads\/2025\/04\/Milton-Morrison.jpg?resize=350%2C200&ssl=1 1x, https:\/\/i0.wp.com\/lasprimeras.com.do\/wp-content\/uploads\/2025\/04\/Milton-Morrison.jpg?resize=525%2C300&ssl=1 1.5x"},"classes":[]},{"id":113767,"url":"https:\/\/lasprimeras.com.do\/index.php\/2025\/11\/05\/rd-se-mueve-mejora-velocidades-hasta-un-30-en-areas-de-santo-domingo\/","url_meta":{"origin":107079,"position":3},"title":"&#8220;RD Se Mueve&#8221; mejora velocidades hasta un 30 % en \u00e1reas de Santo Domingo","author":"Nelson Feliz","date":"5 de noviembre de 2025","format":false,"excerpt":"Primera fase ejecut\u00f3 medidas de gesti\u00f3n horaria, optimizaci\u00f3n semaf\u00f3rica y regulaci\u00f3n del estacionamiento. El Gabinete de Transporte del Gobierno dominicano inform\u00f3 que el plan \u201cRD se Mueve\u201d ha completado m\u00e1s del 70 % de sus acciones previstas en su primera etapa, logrando mejoras de hasta un 30 % en las\u2026","rel":"","context":"En \u00abNACIONALES\u00bb","block_context":{"text":"NACIONALES","link":"https:\/\/lasprimeras.com.do\/index.php\/category\/nacionales\/"},"img":{"alt_text":"","src":"https:\/\/i0.wp.com\/lasprimeras.com.do\/wp-content\/uploads\/2025\/11\/Milton-Morrison.jpg?resize=350%2C200&ssl=1","width":350,"height":200,"srcset":"https:\/\/i0.wp.com\/lasprimeras.com.do\/wp-content\/uploads\/2025\/11\/Milton-Morrison.jpg?resize=350%2C200&ssl=1 1x, https:\/\/i0.wp.com\/lasprimeras.com.do\/wp-content\/uploads\/2025\/11\/Milton-Morrison.jpg?resize=525%2C300&ssl=1 1.5x, https:\/\/i0.wp.com\/lasprimeras.com.do\/wp-content\/uploads\/2025\/11\/Milton-Morrison.jpg?resize=700%2C400&ssl=1 2x"},"classes":[]},{"id":105503,"url":"https:\/\/lasprimeras.com.do\/index.php\/2025\/08\/04\/comienza-hoy-cobro-de-rd5000-por-mal-estacionamiento-en-el-distrito-nacional\/","url_meta":{"origin":107079,"position":4},"title":"Comienza hoy, cobro de RD$5,000 por mal estacionamiento en el Distrito Nacional","author":"Nelson Feliz","date":"4 de agosto de 2025","format":false,"excerpt":"Parqu\u00e9at-RD dispone de 11 gr\u00faas para remolcar a los veh\u00edculos. Esta semana comienza con m\u00e1s cambios en el modo de movilidad vehicular en el Distrito Nacional al ponerse en marcha la tercera fase de las prohibiciones de los giros a la izquierda y el cobro de hasta 5,000 pesos a\u2026","rel":"","context":"En \u00abECONOM\u00cdA\u00bb","block_context":{"text":"ECONOM\u00cdA","link":"https:\/\/lasprimeras.com.do\/index.php\/category\/economia\/"},"img":{"alt_text":"","src":"https:\/\/i0.wp.com\/lasprimeras.com.do\/wp-content\/uploads\/2025\/08\/Parqueat-RD.jpg?resize=350%2C200&ssl=1","width":350,"height":200,"srcset":"https:\/\/i0.wp.com\/lasprimeras.com.do\/wp-content\/uploads\/2025\/08\/Parqueat-RD.jpg?resize=350%2C200&ssl=1 1x, https:\/\/i0.wp.com\/lasprimeras.com.do\/wp-content\/uploads\/2025\/08\/Parqueat-RD.jpg?resize=525%2C300&ssl=1 1.5x, https:\/\/i0.wp.com\/lasprimeras.com.do\/wp-content\/uploads\/2025\/08\/Parqueat-RD.jpg?resize=700%2C400&ssl=1 2x"},"classes":[]},{"id":103608,"url":"https:\/\/lasprimeras.com.do\/index.php\/2025\/07\/17\/intrant-advierte-que-aun-no-es-momento-de-medir-avances-aunque-se-observa-mejoras-en-transito\/","url_meta":{"origin":107079,"position":5},"title":"Intrant advierte que a\u00fan no es momento de medir avances, aunque se observa mejoras en tr\u00e1nsito","author":"Nelson Feliz","date":"17 de julio de 2025","format":false,"excerpt":"A pocas semanas de la implementaci\u00f3n de las medidas del plan nacional \u201cRD se mueve\u201d para reducir el congestionamiento vehicular en el Gran Santo Domingo. El encargado de Planes de Seguridad del Instituto Nacional de Tr\u00e1nsito y Transporte Terrestre (Intrant), Edgar Santana, asegur\u00f3 que ya han observado cambios significativos, aunque\u2026","rel":"","context":"En \u00abNACIONALES\u00bb","block_context":{"text":"NACIONALES","link":"https:\/\/lasprimeras.com.do\/index.php\/category\/nacionales\/"},"img":{"alt_text":"","src":"https:\/\/i0.wp.com\/lasprimeras.com.do\/wp-content\/uploads\/2025\/07\/digesset.jpeg?resize=350%2C200&ssl=1","width":350,"height":200,"srcset":"https:\/\/i0.wp.com\/lasprimeras.com.do\/wp-content\/uploads\/2025\/07\/digesset.jpeg?resize=350%2C200&ssl=1 1x, https:\/\/i0.wp.com\/lasprimeras.com.do\/wp-content\/uploads\/2025\/07\/digesset.jpeg?resize=525%2C300&ssl=1 1.5x, https:\/\/i0.wp.com\/lasprimeras.com.do\/wp-content\/uploads\/2025\/07\/digesset.jpeg?resize=700%2C400&ssl=1 2x"},"classes":[]}],"jetpack_sharing_enabled":true,"_links":{"self":[{"href":"https:\/\/lasprimeras.com.do\/index.php\/wp-json\/wp\/v2\/posts\/107079","targetHints":{"allow":["GET"]}}],"collection":[{"href":"https:\/\/lasprimeras.com.do\/index.php\/wp-json\/wp\/v2\/posts"}],"about":[{"href":"https:\/\/lasprimeras.com.do\/index.php\/wp-json\/wp\/v2\/types\/post"}],"author":[{"embeddable":true,"href":"https:\/\/lasprimeras.com.do\/index.php\/wp-json\/wp\/v2\/users\/10"}],"replies":[{"embeddable":true,"href":"https:\/\/lasprimeras.com.do\/index.php\/wp-json\/wp\/v2\/comments?post=107079"}],"version-history":[{"count":1,"href":"https:\/\/lasprimeras.com.do\/index.php\/wp-json\/wp\/v2\/posts\/107079\/revisions"}],"predecessor-version":[{"id":107082,"href":"https:\/\/lasprimeras.com.do\/index.php\/wp-json\/wp\/v2\/posts\/107079\/revisions\/107082"}],"wp:featuredmedia":[{"embeddable":true,"href":"https:\/\/lasprimeras.com.do\/index.php\/wp-json\/wp\/v2\/media\/107081"}],"wp:attachment":[{"href":"https:\/\/lasprimeras.com.do\/index.php\/wp-json\/wp\/v2\/media?parent=107079"}],"wp:term":[{"taxonomy":"category","embeddable":true,"href":"https:\/\/lasprimeras.com.do\/index.php\/wp-json\/wp\/v2\/categories?post=107079"},{"taxonomy":"post_tag","embeddable":true,"href":"https:\/\/lasprimeras.com.do\/index.php\/wp-json\/wp\/v2\/tags?post=107079"}],"curies":[{"name":"wp","href":"https:\/\/api.w.org\/{rel}","templated":true}]}}