{"id":107083,"date":"2025-08-22T12:08:45","date_gmt":"2025-08-22T16:08:45","guid":{"rendered":"https:\/\/lasprimeras.com.do\/?p=107083"},"modified":"2025-08-22T12:08:47","modified_gmt":"2025-08-22T16:08:47","slug":"pld-resta-validez-a-las-excusas-del-presidente-abinader-sobre-apagones","status":"publish","type":"post","link":"https:\/\/lasprimeras.com.do\/index.php\/2025\/08\/22\/pld-resta-validez-a-las-excusas-del-presidente-abinader-sobre-apagones\/","title":{"rendered":"PLD resta validez a las excusas del presidente Abinader sobre apagones"},"content":{"rendered":"\n<p><strong>Sobre los apagones el pueblo lo que necesita son respuestas, no justificaciones, explica Martin Matos, de Energ\u00eda y Minas del PLD<\/strong><\/p>\n\n\n\n<p>El titular de la Secretar\u00eda de Energ\u00eda y Minas del Partido de la Liberaci\u00f3n Dominicana (PLD), Martin Matos, les rest\u00f3 validez a los argumentos del presidente Luis Abinader, quien atribuy\u00f3 los apagones que mortifican a la poblaci\u00f3n a la tardanza en la entrada de 600 nuevos megavatios al sistema, al incremento de la demanda provocado por las altas temperaturas y a la presencia del sargazo.<\/p>\n\n\n\n<p>\u201cParece que el sargazo, el calor y las plantas en construcci\u00f3n gobiernan el pa\u00eds; y mientras tanto el pueblo sigue a oscuras\u201d, reaccion\u00f3 Matos a las excusas del mandatario sobre los inconvenientes que genera la suspensi\u00f3n del servicio el\u00e9ctrico.<\/p>\n\n\n\n<p>En el caso de la tardanza de 600 nuevos megavatios al sistema dijo que eso no se resuelve con excusas en raz\u00f3n de que se conoc\u00eda que se trata de plantas en construcci\u00f3n para lo cual debi\u00f3 pensarse en un plan de contingencia.<\/p>\n\n\n\n<p>Matos, experto en Eficiencia Energ\u00e9tica, neg\u00f3 que el aporte de los 600 nuevos megavatios no entrar\u00e1 en seis meses, como le pusieron a decir al mandatario.<\/p>\n\n\n\n<p>Considera que el aumento de la demanda por elevarse la temperatura sucede todos los a\u00f1os y es un detalle que la planificaci\u00f3n debe tomar en cuenta.<\/p>\n\n\n\n<p>\u201cUna gesti\u00f3n responsable prev\u00e9 la demanda estacional y ajusta su calificaci\u00f3n. Culpar al calor de los apagones es confirmar la inexistencia de una fase de planificaci\u00f3n\u201d, explica el titular de la Secretar\u00eda de Energ\u00eda y Minas del PLD.<\/p>\n\n\n\n<p>Sobre el sargazo Matos dijo que es un fen\u00f3meno propio del cambio clim\u00e1tico, que se conoce en la regi\u00f3n del caribe y que no debe ser excusa para justificar los apagones.<\/p>\n\n\n\n<p>\u201cCada apag\u00f3n apaga tambi\u00e9n los sue\u00f1os de miles de dominicanos. El pueblo necesita respuestas, no justificaciones. Basta de vivir a oscuras\u201d, reafirm\u00f3.<\/p>\n","protected":false},"excerpt":{"rendered":"<p>Sobre los apagones el pueblo lo que necesita son respuestas, no justificaciones, explica Martin Matos, de Energ\u00eda y Minas del PLD El titular de la Secretar\u00eda de Energ\u00eda y Minas&hellip;<\/p>\n","protected":false},"author":10,"featured_media":107084,"comment_status":"open","ping_status":"open","sticky":false,"template":"","format":"standard","meta":{"content-type":"","jetpack_post_was_ever_published":false,"_jetpack_newsletter_access":"","_jetpack_dont_email_post_to_subs":false,"_jetpack_newsletter_tier_id":0,"_jetpack_memberships_contains_paywalled_content":false,"_jetpack_memberships_contains_paid_content":false,"footnotes":""},"categories":[16559,25],"tags":[629,4031,67,269,23518],"class_list":["post-107083","post","type-post","status-publish","format-standard","has-post-thumbnail","hentry","category-politica","category-portada","tag-apagones","tag-excusas","tag-luis-abinader","tag-pld","tag-resta-validez"],"jetpack_featured_media_url":"https:\/\/lasprimeras.com.do\/wp-content\/uploads\/2025\/08\/Martin-Matos-1.jpg","jetpack-related-posts":[{"id":122975,"url":"https:\/\/lasprimeras.com.do\/index.php\/2026\/02\/24\/martin-matos-otro-apagon-general-en-menos-de-tres-meses\/","url_meta":{"origin":107083,"position":0},"title":"Mart\u00edn Matos: Otro apag\u00f3n general en menos de tres meses","author":"Nelson Feliz","date":"24 de febrero de 2026","format":false,"excerpt":"El pa\u00eds necesita explicaciones t\u00e9cnicas claras, no excusas, afirm\u00f3 el titular de Energ\u00eda y Minas del PLD al referirse al apag\u00f3n general del lunes. El titular de la Secretar\u00eda de Energ\u00eda y Minas del Partido de la Liberaci\u00f3n Dominicana (PLD) Martin Matos, atribuy\u00f3 a incoordinaciones del sector el\u00e9ctrico, fallas en\u2026","rel":"","context":"En \u00abPOLITICA\u00bb","block_context":{"text":"POLITICA","link":"https:\/\/lasprimeras.com.do\/index.php\/category\/politica\/"},"img":{"alt_text":"","src":"https:\/\/i0.wp.com\/lasprimeras.com.do\/wp-content\/uploads\/2026\/02\/712efbf3-ae30-4c53-909a-0a839c3594b1.jpg?resize=350%2C200&ssl=1","width":350,"height":200,"srcset":"https:\/\/i0.wp.com\/lasprimeras.com.do\/wp-content\/uploads\/2026\/02\/712efbf3-ae30-4c53-909a-0a839c3594b1.jpg?resize=350%2C200&ssl=1 1x, https:\/\/i0.wp.com\/lasprimeras.com.do\/wp-content\/uploads\/2026\/02\/712efbf3-ae30-4c53-909a-0a839c3594b1.jpg?resize=525%2C300&ssl=1 1.5x, https:\/\/i0.wp.com\/lasprimeras.com.do\/wp-content\/uploads\/2026\/02\/712efbf3-ae30-4c53-909a-0a839c3594b1.jpg?resize=700%2C400&ssl=1 2x, https:\/\/i0.wp.com\/lasprimeras.com.do\/wp-content\/uploads\/2026\/02\/712efbf3-ae30-4c53-909a-0a839c3594b1.jpg?resize=1050%2C600&ssl=1 3x, https:\/\/i0.wp.com\/lasprimeras.com.do\/wp-content\/uploads\/2026\/02\/712efbf3-ae30-4c53-909a-0a839c3594b1.jpg?resize=1400%2C800&ssl=1 4x"},"classes":[]},{"id":106498,"url":"https:\/\/lasprimeras.com.do\/index.php\/2025\/08\/15\/martin-matos-es-critica-la-situacion-electrica-nacional\/","url_meta":{"origin":107083,"position":1},"title":"Martin Matos: Es cr\u00edtica la situaci\u00f3n el\u00e9ctrica nacional","author":"Nelson Feliz","date":"15 de agosto de 2025","format":false,"excerpt":"Martin Matos, Secretario de Energ\u00eda del PLD, atribuye los apagones al deterioro del sistema el\u00e9ctrico y al fracaso de la gesti\u00f3n del PRM. El titular de la Secretar\u00eda de Energ\u00eda y Minas del Partido de la Liberaci\u00f3n Dominicana (PLD), tras lamentar las penurias de la poblaci\u00f3n con los prolongados y\u2026","rel":"","context":"En \u00abPOLITICA\u00bb","block_context":{"text":"POLITICA","link":"https:\/\/lasprimeras.com.do\/index.php\/category\/politica\/"},"img":{"alt_text":"","src":"https:\/\/i0.wp.com\/lasprimeras.com.do\/wp-content\/uploads\/2025\/08\/Martin-Matos.jpg?resize=350%2C200&ssl=1","width":350,"height":200,"srcset":"https:\/\/i0.wp.com\/lasprimeras.com.do\/wp-content\/uploads\/2025\/08\/Martin-Matos.jpg?resize=350%2C200&ssl=1 1x, https:\/\/i0.wp.com\/lasprimeras.com.do\/wp-content\/uploads\/2025\/08\/Martin-Matos.jpg?resize=525%2C300&ssl=1 1.5x, https:\/\/i0.wp.com\/lasprimeras.com.do\/wp-content\/uploads\/2025\/08\/Martin-Matos.jpg?resize=700%2C400&ssl=1 2x"},"classes":[]},{"id":106738,"url":"https:\/\/lasprimeras.com.do\/index.php\/2025\/08\/18\/martin-matos-el-cambio-apago-el-paisesta-es-una-expresion-del-fracaso-del-gobierno-del-prm\/","url_meta":{"origin":107083,"position":2},"title":"Martin Matos: El Cambio apag\u00f3 el pa\u00eds,esta es una expresi\u00f3n del fracaso del Gobierno del PRM","author":"Nelson Feliz","date":"18 de agosto de 2025","format":false,"excerpt":"PLD propone medidas urgentes ante crisis el\u00e9ctrica que sufre el pa\u00eds. El Partido de la Liberaci\u00f3n Dominicana (PLD) proclam\u00f3 que, aunque se quiera ocultar con propaganda y mensajes vac\u00edos, la realidad es clara: \u00a1Han vuelto los apagones! Lo que el pueblo dominicano daba como un problema resuelto en el 2020,\u2026","rel":"","context":"En \u00abPOLITICA\u00bb","block_context":{"text":"POLITICA","link":"https:\/\/lasprimeras.com.do\/index.php\/category\/politica\/"},"img":{"alt_text":"","src":"https:\/\/i0.wp.com\/lasprimeras.com.do\/wp-content\/uploads\/2025\/08\/pld.jpg?resize=350%2C200&ssl=1","width":350,"height":200,"srcset":"https:\/\/i0.wp.com\/lasprimeras.com.do\/wp-content\/uploads\/2025\/08\/pld.jpg?resize=350%2C200&ssl=1 1x, https:\/\/i0.wp.com\/lasprimeras.com.do\/wp-content\/uploads\/2025\/08\/pld.jpg?resize=525%2C300&ssl=1 1.5x, https:\/\/i0.wp.com\/lasprimeras.com.do\/wp-content\/uploads\/2025\/08\/pld.jpg?resize=700%2C400&ssl=1 2x"},"classes":[]},{"id":92697,"url":"https:\/\/lasprimeras.com.do\/index.php\/2025\/01\/12\/martin-matos-denuncia-apagones-financieros-crea-intranquilidad-en-barrios-y-sectores-productivos-nacionales\/","url_meta":{"origin":107083,"position":3},"title":"Martin Matos denuncia \u201capagones financieros\u201d crea intranquilidad en barrios y sectores productivos nacionales","author":"Nelson Feliz","date":"12 de enero de 2025","format":false,"excerpt":"Energ\u00eda y Minas del Partido de la Liberaci\u00f3n Dominicana denuncia: Crisis en el Sector El\u00e9ctrico, P\u00e9rdidas millonarias y Apagones Financieros. El titular de la Secretar\u00eda de Energ\u00eda y Minas del Partido de la Liberaci\u00f3n Dominicana (PLD), Martin Matos, considera como bastante cr\u00edtica la situaci\u00f3n del sistema el\u00e9ctrico de Rep\u00fablica Dominicana,\u2026","rel":"","context":"En \u00abECONOM\u00cdA\u00bb","block_context":{"text":"ECONOM\u00cdA","link":"https:\/\/lasprimeras.com.do\/index.php\/category\/economia\/"},"img":{"alt_text":"MARTIN MATOS","src":"https:\/\/i0.wp.com\/lasprimeras.com.do\/wp-content\/uploads\/2025\/01\/MARTIN-MATOS-1.jpg?resize=350%2C200&ssl=1","width":350,"height":200,"srcset":"https:\/\/i0.wp.com\/lasprimeras.com.do\/wp-content\/uploads\/2025\/01\/MARTIN-MATOS-1.jpg?resize=350%2C200&ssl=1 1x, https:\/\/i0.wp.com\/lasprimeras.com.do\/wp-content\/uploads\/2025\/01\/MARTIN-MATOS-1.jpg?resize=525%2C300&ssl=1 1.5x, https:\/\/i0.wp.com\/lasprimeras.com.do\/wp-content\/uploads\/2025\/01\/MARTIN-MATOS-1.jpg?resize=700%2C400&ssl=1 2x"},"classes":[]},{"id":114270,"url":"https:\/\/lasprimeras.com.do\/index.php\/2025\/11\/12\/pld-denuncia-el-caos-energetico-es-por-improvisacion-del-gobierno\/","url_meta":{"origin":107083,"position":4},"title":"PLD denuncia el caos energ\u00e9tico es por improvisaci\u00f3n del Gobierno","author":"Nelson Feliz","date":"12 de noviembre de 2025","format":false,"excerpt":"\u201cOjal\u00e1 que el gobierno comprenda que tiene que ir delante a los problemas y ojal\u00e1 que le d\u00e9 una respuesta al pa\u00eds y le diga qu\u00e9 es lo que est\u00e1 pasando\u201d El Partido de la Liberaci\u00f3n Dominicana (PLD), a trav\u00e9s de sus dirigentes Francisco Javier Garc\u00eda, Charles Mariotti y Mart\u00edn\u2026","rel":"","context":"En \u00abPOLITICA\u00bb","block_context":{"text":"POLITICA","link":"https:\/\/lasprimeras.com.do\/index.php\/category\/politica\/"},"img":{"alt_text":"","src":"https:\/\/i0.wp.com\/lasprimeras.com.do\/wp-content\/uploads\/2025\/11\/Apagon-2.jpg?resize=350%2C200&ssl=1","width":350,"height":200,"srcset":"https:\/\/i0.wp.com\/lasprimeras.com.do\/wp-content\/uploads\/2025\/11\/Apagon-2.jpg?resize=350%2C200&ssl=1 1x, https:\/\/i0.wp.com\/lasprimeras.com.do\/wp-content\/uploads\/2025\/11\/Apagon-2.jpg?resize=525%2C300&ssl=1 1.5x, https:\/\/i0.wp.com\/lasprimeras.com.do\/wp-content\/uploads\/2025\/11\/Apagon-2.jpg?resize=700%2C400&ssl=1 2x"},"classes":[]},{"id":106648,"url":"https:\/\/lasprimeras.com.do\/index.php\/2025\/08\/17\/danilo-medina-no-hay-punto-de-comparacion-entre-la-gestion-de-abinader-y-la-del-pld\/","url_meta":{"origin":107083,"position":5},"title":"Danilo Medina: \u201cNo hay punto de comparaci\u00f3n entre la gesti\u00f3n de Abinader y la del PLD\u201d","author":"Nelson Feliz","date":"17 de agosto de 2025","format":false,"excerpt":"Los apagones se deben al descuido del gobierno, porque no siguieron el plan indicador que dej\u00f3 el PLD para seguir construyendo plantas para suplir la demanda adicional que surge cada a\u00f1o, afirm\u00f3 Danilo Medina. El expresidente de la Rep\u00fablica y actual presidente del Partido de la Liberaci\u00f3n Dominicana (PLD), Danilo\u2026","rel":"","context":"En \u00abPOLITICA\u00bb","block_context":{"text":"POLITICA","link":"https:\/\/lasprimeras.com.do\/index.php\/category\/politica\/"},"img":{"alt_text":"","src":"https:\/\/i0.wp.com\/lasprimeras.com.do\/wp-content\/uploads\/2025\/08\/Danilo-V.1.jpg?resize=350%2C200&ssl=1","width":350,"height":200,"srcset":"https:\/\/i0.wp.com\/lasprimeras.com.do\/wp-content\/uploads\/2025\/08\/Danilo-V.1.jpg?resize=350%2C200&ssl=1 1x, https:\/\/i0.wp.com\/lasprimeras.com.do\/wp-content\/uploads\/2025\/08\/Danilo-V.1.jpg?resize=525%2C300&ssl=1 1.5x, https:\/\/i0.wp.com\/lasprimeras.com.do\/wp-content\/uploads\/2025\/08\/Danilo-V.1.jpg?resize=700%2C400&ssl=1 2x"},"classes":[]}],"jetpack_sharing_enabled":true,"_links":{"self":[{"href":"https:\/\/lasprimeras.com.do\/index.php\/wp-json\/wp\/v2\/posts\/107083","targetHints":{"allow":["GET"]}}],"collection":[{"href":"https:\/\/lasprimeras.com.do\/index.php\/wp-json\/wp\/v2\/posts"}],"about":[{"href":"https:\/\/lasprimeras.com.do\/index.php\/wp-json\/wp\/v2\/types\/post"}],"author":[{"embeddable":true,"href":"https:\/\/lasprimeras.com.do\/index.php\/wp-json\/wp\/v2\/users\/10"}],"replies":[{"embeddable":true,"href":"https:\/\/lasprimeras.com.do\/index.php\/wp-json\/wp\/v2\/comments?post=107083"}],"version-history":[{"count":1,"href":"https:\/\/lasprimeras.com.do\/index.php\/wp-json\/wp\/v2\/posts\/107083\/revisions"}],"predecessor-version":[{"id":107085,"href":"https:\/\/lasprimeras.com.do\/index.php\/wp-json\/wp\/v2\/posts\/107083\/revisions\/107085"}],"wp:featuredmedia":[{"embeddable":true,"href":"https:\/\/lasprimeras.com.do\/index.php\/wp-json\/wp\/v2\/media\/107084"}],"wp:attachment":[{"href":"https:\/\/lasprimeras.com.do\/index.php\/wp-json\/wp\/v2\/media?parent=107083"}],"wp:term":[{"taxonomy":"category","embeddable":true,"href":"https:\/\/lasprimeras.com.do\/index.php\/wp-json\/wp\/v2\/categories?post=107083"},{"taxonomy":"post_tag","embeddable":true,"href":"https:\/\/lasprimeras.com.do\/index.php\/wp-json\/wp\/v2\/tags?post=107083"}],"curies":[{"name":"wp","href":"https:\/\/api.w.org\/{rel}","templated":true}]}}